{"id":247229,"date":"2017-04-25T09:12:00","date_gmt":"2017-04-25T07:12:00","guid":{"rendered":"http:\/\/hudo.com\/si\/2017\/04\/25\/nahujskani-klosar-tone-naj-bi-bil-sel-nad-mirnega-vztrajnika-ibra\/"},"modified":"2017-04-25T15:22:26","modified_gmt":"2017-04-25T13:22:26","slug":"nahujskani-klosar-tone-naj-bi-bil-sel-nad-mirnega-vztrajnika-ibra","status":"publish","type":"post","link":"https:\/\/hudo.com\/si\/aktualno\/nahujskani-klosar-tone-naj-bi-bil-sel-nad-mirnega-vztrajnika-ibra\/","title":{"rendered":"&#8220;Nahujskani klo\u0161ar Tone&#8221; naj bi bil \u0161el nad &#8220;mirnega vztrajnika Ibra&#8221;"},"content":{"rendered":"<p>V Odboru 2014 imajo druga\u010dno razlago \u010detrtkovega pretepa v Miklo\u0161i\u010devem parku v Ljubljani, pred sodno pala\u010do, po katerem je brezdomec moral na urgenco. \u010ce\u0161, ni \u0161lo za napad vztrajnika Ibra na brezdomca Toneta, pa\u010d pa je Tone napadel Ibra, ta pa se je potem branil. Brezdom\u010dev napad ob\u017ealujejo, tudi Ibro ob\u017ealuje, da je v samoobrambi z berglo udaril Toneta\u00a0&#8230; Kot je predsednik odbora Ale\u0161 Primc zapisal v sporo\u010dilu za javnost, je v \u010detrtek \u0161lo &#8220;za zlorabo nahujskanega 60-letnega klo\u0161arja Toneta, ki je napadel mirnega 76-letnega vztrajnika Ibra, ki je celo \u017eivljenje do upokojitve trdo garal kot zidarski delavec&#8221;. Po njihovih pojasnilih je Ibro kot obi\u010dajno pri\u0161el na shod Odbora 2014 pol ure pred za\u010detkom ter na klopci v parku mirno \u010dakal na za\u010detek. Najprej naj bi bil do njega pri\u0161el mo\u0161ki srednjih let in ga za\u010del \u0161ikanirati, ker je na shod prinesel slovensko zastavo. Ibro mu je &#8220;mirno, kulturno in dostojanstveno&#8221; razlo\u017eil, da spo\u0161tuje slovensko zastavo in jo je zato prinesel na shod, navaja Primc. Nato je do Ibra z enakimi o\u010ditki, zakaj ima slovensko zastavo, pri\u0161el \u0161e 60-letni Tone in ga za\u010del zmerjati. &#8220;Poleg tega je z vpitjem in \u017ealitvami izra\u017eal nestrijanje z Janezom Jan\u0161o. Tudi njemu je Ibro povedal, da spo\u0161tuje slovensko zastavo, in prosil, naj ga pusti pri miru,&#8221; pojasnjuje Primc. Nato je Tone od\u0161el do &#8220;svoje&#8221; klopce, vzel berglo in pri\u0161el nazaj k vztrajniku ter ga napadel in udaril z berglo tako, da sta oba padla po tleh, navaja Primc. &#8220;76-letni vztrajnik Ibro je nato v samoobrambi, da bi se za\u0161\u010ditil, 60-letnemu klo\u0161arju Tonetu iztrgal berglo in ga udaril z njo,&#8221; \u0161e pojasnjuje in dodaja, da &#8220;Ibro ob\u017ealuje, da je v samoobrambi z berglo, s katero je bil napaden, udaril nahujskanega 60-letnega klo\u0161arja Toneta&#8221;. Ob tem v odboru poudarjajo, da se incident ni zgodil pred sodi\u0161\u010dem na shodu Odbora 2014, ampak v Miklo\u0161i\u010devem parku okoli pol ure pred shodom. &#8220;Ob\u017ealujemo, da prista\u0161i nepo\u0161tenih sodnikov zlorabljajo klo\u0161arja Toneta, da bi o\u010drnili borce za \u010dlovekove pravic<\/p>\n","protected":false},"excerpt":{"rendered":"<p>V Odboru 2014 imajo druga\u010dno razlago \u010detrtkovega pretepa v Miklo\u0161i\u010devem parku v Ljubljani, pred sodno pala\u010do, po katerem je brezdomec moral na urgenco. \u010ce\u0161, ni \u0161lo za napad vztrajnika Ibra na brezdomca Toneta, pa\u010d pa je Tone napadel Ibra, ta pa se je potem branil. Brezdom\u010dev napad ob\u017ealujejo, tudi Ibro ob\u017ealuje, da je v samoobrambi z berglo udaril Toneta\u00a0&#8230; Kot je predsednik odbora Ale\u0161 Primc zapisal v sporo\u010dilu za javnost, je v \u010detrtek \u0161lo &#8220;za zlorabo nahujskanega 60-letnega klo\u0161arja Toneta, ki je napadel mirnega 76-letnega vztrajnika Ibra, ki je celo \u017eivljenje do upokojitve trdo garal kot zidarski delavec&#8221;. Po njihovih pojasnilih je Ibro kot obi\u010dajno pri\u0161el na shod Odbora 2014 pol ure pred za\u010detkom ter na klopci v parku mirno \u010dakal na za\u010detek. Najprej naj bi bil do njega pri\u0161el mo\u0161ki srednjih let in ga za\u010del \u0161ikanirati, ker je na shod prinesel slovensko zastavo. Ibro mu je &#8220;mirno, kulturno in dostojanstveno&#8221; razlo\u017eil, da spo\u0161tuje slovensko zastavo in jo je zato prinesel na shod, navaja Primc. Nato je do Ibra z enakimi o\u010ditki, zakaj ima slovensko zastavo, pri\u0161el \u0161e 60-letni Tone in ga za\u010del zmerjati. &#8220;Poleg tega je z vpitjem in \u017ealitvami izra\u017eal nestrijanje z Janezom Jan\u0161o. Tudi njemu je Ibro povedal, da spo\u0161tuje slovensko zastavo, in prosil, naj ga pusti pri miru,&#8221; pojasnjuje Primc. Nato je Tone od\u0161el do &#8220;svoje&#8221; klopce, vzel berglo in pri\u0161el nazaj k vztrajniku ter ga napadel in udaril z berglo tako, da sta oba padla po tleh, navaja Primc. &#8220;76-letni vztrajnik Ibro je nato v samoobrambi, da bi se za\u0161\u010ditil, 60-letnemu klo\u0161arju Tonetu iztrgal berglo in ga udaril z njo,&#8221; \u0161e pojasnjuje in dodaja, da &#8220;Ibro ob\u017ealuje, da je v samoobrambi z berglo, s katero je bil napaden, udaril nahujskanega 60-letnega klo\u0161arja Toneta&#8221;. Ob tem v odboru poudarjajo, da se incident ni zgodil pred sodi\u0161\u010dem na shodu Odbora 2014, ampak v Miklo\u0161i\u010devem parku okoli pol ure pred shodom. &#8220;Ob\u017ealujemo, da prista\u0161i nepo\u0161tenih sodnikov zlorabljajo klo\u0161arja Toneta, da bi o\u010drnili borce za \u010dlovekove pravic<\/p>\n","protected":false},"author":1,"featured_media":0,"comment_status":"closed","ping_status":"closed","sticky":false,"template":"","format":"standard","meta":{"footnotes":""},"categories":[1179],"tags":[],"source":[1711],"supertag":[],"acf":[],"yoast_head":"<!-- This site is optimized with the Yoast SEO plugin v21.3 - https:\/\/yoast.com\/wordpress\/plugins\/seo\/ -->\n<title>&quot;Nahujskani klo\u0161ar Tone&quot; naj bi bil \u0161el nad &quot;mirnega vztrajnika Ibra&quot; - Hudo Slovenija<\/title>\n<meta name=\"robots\" content=\"index, follow, max-snippet:-1, max-image-preview:large, max-video-preview:-1\" \/>\n<link rel=\"canonical\" href=\"https:\/\/hudo.com\/si\/aktualno\/nahujskani-klosar-tone-naj-bi-bil-sel-nad-mirnega-vztrajnika-ibra\/\" \/>\n<meta property=\"og:locale\" content=\"sl_SI\" \/>\n<meta property=\"og:type\" content=\"article\" \/>\n<meta property=\"og:title\" content=\"&quot;Nahujskani klo\u0161ar Tone&quot; naj bi bil \u0161el nad &quot;mirnega vztrajnika Ibra&quot; - Hudo Slovenija\" \/>\n<meta property=\"og:description\" content=\"V Odboru 2014 imajo druga\u010dno razlago \u010detrtkovega pretepa v Miklo\u0161i\u010devem parku v Ljubljani, pred sodno pala\u010do, po katerem je brezdomec moral na urgenco. \u010ce\u0161, ni \u0161lo za napad vztrajnika Ibra na brezdomca Toneta, pa\u010d pa je Tone napadel Ibra, ta pa se je potem branil. Brezdom\u010dev napad ob\u017ealujejo, tudi Ibro ob\u017ealuje, da je v samoobrambi z berglo udaril Toneta\u00a0... Kot je predsednik odbora Ale\u0161 Primc zapisal v sporo\u010dilu za javnost, je v \u010detrtek \u0161lo &quot;za zlorabo nahujskanega 60-letnega klo\u0161arja Toneta, ki je napadel mirnega 76-letnega vztrajnika Ibra, ki je celo \u017eivljenje do upokojitve trdo garal kot zidarski delavec&quot;. Po njihovih pojasnilih je Ibro kot obi\u010dajno pri\u0161el na shod Odbora 2014 pol ure pred za\u010detkom ter na klopci v parku mirno \u010dakal na za\u010detek. Najprej naj bi bil do njega pri\u0161el mo\u0161ki srednjih let in ga za\u010del \u0161ikanirati, ker je na shod prinesel slovensko zastavo. Ibro mu je &quot;mirno, kulturno in dostojanstveno&quot; razlo\u017eil, da spo\u0161tuje slovensko zastavo in jo je zato prinesel na shod, navaja Primc. Nato je do Ibra z enakimi o\u010ditki, zakaj ima slovensko zastavo, pri\u0161el \u0161e 60-letni Tone in ga za\u010del zmerjati. &quot;Poleg tega je z vpitjem in \u017ealitvami izra\u017eal nestrijanje z Janezom Jan\u0161o. Tudi njemu je Ibro povedal, da spo\u0161tuje slovensko zastavo, in prosil, naj ga pusti pri miru,&quot; pojasnjuje Primc. Nato je Tone od\u0161el do &quot;svoje&quot; klopce, vzel berglo in pri\u0161el nazaj k vztrajniku ter ga napadel in udaril z berglo tako, da sta oba padla po tleh, navaja Primc. &quot;76-letni vztrajnik Ibro je nato v samoobrambi, da bi se za\u0161\u010ditil, 60-letnemu klo\u0161arju Tonetu iztrgal berglo in ga udaril z njo,&quot; \u0161e pojasnjuje in dodaja, da &quot;Ibro ob\u017ealuje, da je v samoobrambi z berglo, s katero je bil napaden, udaril nahujskanega 60-letnega klo\u0161arja Toneta&quot;. Ob tem v odboru poudarjajo, da se incident ni zgodil pred sodi\u0161\u010dem na shodu Odbora 2014, ampak v Miklo\u0161i\u010devem parku okoli pol ure pred shodom. &quot;Ob\u017ealujemo, da prista\u0161i nepo\u0161tenih sodnikov zlorabljajo klo\u0161arja Toneta, da bi o\u010drnili borce za \u010dlovekove pravic\" \/>\n<meta property=\"og:url\" content=\"https:\/\/hudo.com\/si\/aktualno\/nahujskani-klosar-tone-naj-bi-bil-sel-nad-mirnega-vztrajnika-ibra\/\" \/>\n<meta property=\"og:site_name\" content=\"Hudo Slovenija\" \/>\n<meta property=\"article:publisher\" content=\"https:\/\/www.facebook.com\/hudo.si\" \/>\n<meta property=\"article:published_time\" content=\"2017-04-25T07:12:00+00:00\" \/>\n<meta property=\"article:modified_time\" content=\"2017-04-25T13:22:26+00:00\" \/>\n<meta property=\"og:image\" content=\"https:\/\/hudo.com\/si\/wp-content\/uploads\/sites\/2\/2017\/04\/brezdomec-300-1.jpg\" \/>\n\t<meta property=\"og:image:width\" content=\"450\" \/>\n\t<meta property=\"og:image:height\" content=\"303\" \/>\n\t<meta property=\"og:image:type\" content=\"image\/jpeg\" \/>\n<meta name=\"author\" content=\"hudo\" \/>\n<meta name=\"twitter:card\" content=\"summary_large_image\" \/>\n<meta name=\"twitter:creator\" content=\"@hudo_si\" \/>\n<meta name=\"twitter:site\" content=\"@hudo_si\" \/>\n<meta name=\"twitter:label1\" content=\"Written by\" \/>\n\t<meta name=\"twitter:data1\" content=\"hudo\" \/>\n\t<meta name=\"twitter:label2\" content=\"Est. reading time\" \/>\n\t<meta name=\"twitter:data2\" content=\"2 minuti\" \/>\n<script type=\"application\/ld+json\" class=\"yoast-schema-graph\">{\"@context\":\"https:\/\/schema.org\",\"@graph\":[{\"@type\":\"Article\",\"@id\":\"https:\/\/hudo.com\/si\/aktualno\/nahujskani-klosar-tone-naj-bi-bil-sel-nad-mirnega-vztrajnika-ibra\/#article\",\"isPartOf\":{\"@id\":\"https:\/\/hudo.com\/si\/aktualno\/nahujskani-klosar-tone-naj-bi-bil-sel-nad-mirnega-vztrajnika-ibra\/\"},\"author\":{\"name\":\"hudo\",\"@id\":\"https:\/\/hudo.com\/si\/#\/schema\/person\/601cf3379633985b20f7e50f2bb47707\"},\"headline\":\"&#8220;Nahujskani klo\u0161ar Tone&#8221; naj bi bil \u0161el nad &#8220;mirnega vztrajnika Ibra&#8221;\",\"datePublished\":\"2017-04-25T07:12:00+00:00\",\"dateModified\":\"2017-04-25T13:22:26+00:00\",\"mainEntityOfPage\":{\"@id\":\"https:\/\/hudo.com\/si\/aktualno\/nahujskani-klosar-tone-naj-bi-bil-sel-nad-mirnega-vztrajnika-ibra\/\"},\"wordCount\":375,\"publisher\":{\"@id\":\"https:\/\/hudo.com\/si\/#organization\"},\"articleSection\":[\"Aktualno\"],\"inLanguage\":\"sl-SI\"},{\"@type\":\"WebPage\",\"@id\":\"https:\/\/hudo.com\/si\/aktualno\/nahujskani-klosar-tone-naj-bi-bil-sel-nad-mirnega-vztrajnika-ibra\/\",\"url\":\"https:\/\/hudo.com\/si\/aktualno\/nahujskani-klosar-tone-naj-bi-bil-sel-nad-mirnega-vztrajnika-ibra\/\",\"name\":\"\\\"Nahujskani klo\u0161ar Tone\\\" naj bi bil \u0161el nad \\\"mirnega vztrajnika Ibra\\\" - Hudo Slovenija\",\"isPartOf\":{\"@id\":\"https:\/\/hudo.com\/si\/#website\"},\"datePublished\":\"2017-04-25T07:12:00+00:00\",\"dateModified\":\"2017-04-25T13:22:26+00:00\",\"breadcrumb\":{\"@id\":\"https:\/\/hudo.com\/si\/aktualno\/nahujskani-klosar-tone-naj-bi-bil-sel-nad-mirnega-vztrajnika-ibra\/#breadcrumb\"},\"inLanguage\":\"sl-SI\",\"potentialAction\":[{\"@type\":\"ReadAction\",\"target\":[\"https:\/\/hudo.com\/si\/aktualno\/nahujskani-klosar-tone-naj-bi-bil-sel-nad-mirnega-vztrajnika-ibra\/\"]}]},{\"@type\":\"BreadcrumbList\",\"@id\":\"https:\/\/hudo.com\/si\/aktualno\/nahujskani-klosar-tone-naj-bi-bil-sel-nad-mirnega-vztrajnika-ibra\/#breadcrumb\",\"itemListElement\":[{\"@type\":\"ListItem\",\"position\":1,\"name\":\"Home\",\"item\":\"https:\/\/hudo.com\/si\/\"},{\"@type\":\"ListItem\",\"position\":2,\"name\":\"&#8220;Nahujskani klo\u0161ar Tone&#8221; naj bi bil \u0161el nad &#8220;mirnega vztrajnika Ibra&#8221;\"}]},{\"@type\":\"WebSite\",\"@id\":\"https:\/\/hudo.com\/si\/#website\",\"url\":\"https:\/\/hudo.com\/si\/\",\"name\":\"Hudo Slovenija\",\"description\":\"Vse novice iz Slovenije in sveta\",\"publisher\":{\"@id\":\"https:\/\/hudo.com\/si\/#organization\"},\"potentialAction\":[{\"@type\":\"SearchAction\",\"target\":{\"@type\":\"EntryPoint\",\"urlTemplate\":\"https:\/\/hudo.com\/si\/?s={search_term_string}\"},\"query-input\":\"required name=search_term_string\"}],\"inLanguage\":\"sl-SI\"},{\"@type\":\"Organization\",\"@id\":\"https:\/\/hudo.com\/si\/#organization\",\"name\":\"VSN Media\",\"url\":\"https:\/\/hudo.com\/si\/\",\"logo\":{\"@type\":\"ImageObject\",\"inLanguage\":\"sl-SI\",\"@id\":\"https:\/\/hudo.com\/si\/#\/schema\/logo\/image\/\",\"url\":\"https:\/\/hudo.com\/si\/wp-content\/uploads\/sites\/2\/2021\/03\/hudo-app-2.png\",\"contentUrl\":\"https:\/\/hudo.com\/si\/wp-content\/uploads\/sites\/2\/2021\/03\/hudo-app-2.png\",\"width\":2185,\"height\":2167,\"caption\":\"VSN Media\"},\"image\":{\"@id\":\"https:\/\/hudo.com\/si\/#\/schema\/logo\/image\/\"},\"sameAs\":[\"https:\/\/www.facebook.com\/hudo.si\",\"https:\/\/twitter.com\/hudo_si\"]},{\"@type\":\"Person\",\"@id\":\"https:\/\/hudo.com\/si\/#\/schema\/person\/601cf3379633985b20f7e50f2bb47707\",\"name\":\"hudo\",\"image\":{\"@type\":\"ImageObject\",\"inLanguage\":\"sl-SI\",\"@id\":\"https:\/\/hudo.com\/si\/#\/schema\/person\/image\/\",\"url\":\"https:\/\/secure.gravatar.com\/avatar\/c4ca25fa72cace7a696b52ff5db9e095?s=96&d=mm&r=g\",\"contentUrl\":\"https:\/\/secure.gravatar.com\/avatar\/c4ca25fa72cace7a696b52ff5db9e095?s=96&d=mm&r=g\",\"caption\":\"hudo\"},\"url\":\"https:\/\/hudo.com\/si\/author\/hudo\/\"}]}<\/script>\n<!-- \/ Yoast SEO plugin. -->","yoast_head_json":{"title":"\"Nahujskani klo\u0161ar Tone\" naj bi bil \u0161el nad \"mirnega vztrajnika Ibra\" - Hudo Slovenija","robots":{"index":"index","follow":"follow","max-snippet":"max-snippet:-1","max-image-preview":"max-image-preview:large","max-video-preview":"max-video-preview:-1"},"canonical":"https:\/\/hudo.com\/si\/aktualno\/nahujskani-klosar-tone-naj-bi-bil-sel-nad-mirnega-vztrajnika-ibra\/","og_locale":"sl_SI","og_type":"article","og_title":"\"Nahujskani klo\u0161ar Tone\" naj bi bil \u0161el nad \"mirnega vztrajnika Ibra\" - Hudo Slovenija","og_description":"V Odboru 2014 imajo druga\u010dno razlago \u010detrtkovega pretepa v Miklo\u0161i\u010devem parku v Ljubljani, pred sodno pala\u010do, po katerem je brezdomec moral na urgenco. \u010ce\u0161, ni \u0161lo za napad vztrajnika Ibra na brezdomca Toneta, pa\u010d pa je Tone napadel Ibra, ta pa se je potem branil. Brezdom\u010dev napad ob\u017ealujejo, tudi Ibro ob\u017ealuje, da je v samoobrambi z berglo udaril Toneta\u00a0... Kot je predsednik odbora Ale\u0161 Primc zapisal v sporo\u010dilu za javnost, je v \u010detrtek \u0161lo \"za zlorabo nahujskanega 60-letnega klo\u0161arja Toneta, ki je napadel mirnega 76-letnega vztrajnika Ibra, ki je celo \u017eivljenje do upokojitve trdo garal kot zidarski delavec\". Po njihovih pojasnilih je Ibro kot obi\u010dajno pri\u0161el na shod Odbora 2014 pol ure pred za\u010detkom ter na klopci v parku mirno \u010dakal na za\u010detek. Najprej naj bi bil do njega pri\u0161el mo\u0161ki srednjih let in ga za\u010del \u0161ikanirati, ker je na shod prinesel slovensko zastavo. Ibro mu je \"mirno, kulturno in dostojanstveno\" razlo\u017eil, da spo\u0161tuje slovensko zastavo in jo je zato prinesel na shod, navaja Primc. Nato je do Ibra z enakimi o\u010ditki, zakaj ima slovensko zastavo, pri\u0161el \u0161e 60-letni Tone in ga za\u010del zmerjati. \"Poleg tega je z vpitjem in \u017ealitvami izra\u017eal nestrijanje z Janezom Jan\u0161o. Tudi njemu je Ibro povedal, da spo\u0161tuje slovensko zastavo, in prosil, naj ga pusti pri miru,\" pojasnjuje Primc. Nato je Tone od\u0161el do \"svoje\" klopce, vzel berglo in pri\u0161el nazaj k vztrajniku ter ga napadel in udaril z berglo tako, da sta oba padla po tleh, navaja Primc. \"76-letni vztrajnik Ibro je nato v samoobrambi, da bi se za\u0161\u010ditil, 60-letnemu klo\u0161arju Tonetu iztrgal berglo in ga udaril z njo,\" \u0161e pojasnjuje in dodaja, da \"Ibro ob\u017ealuje, da je v samoobrambi z berglo, s katero je bil napaden, udaril nahujskanega 60-letnega klo\u0161arja Toneta\". Ob tem v odboru poudarjajo, da se incident ni zgodil pred sodi\u0161\u010dem na shodu Odbora 2014, ampak v Miklo\u0161i\u010devem parku okoli pol ure pred shodom. \"Ob\u017ealujemo, da prista\u0161i nepo\u0161tenih sodnikov zlorabljajo klo\u0161arja Toneta, da bi o\u010drnili borce za \u010dlovekove pravic","og_url":"https:\/\/hudo.com\/si\/aktualno\/nahujskani-klosar-tone-naj-bi-bil-sel-nad-mirnega-vztrajnika-ibra\/","og_site_name":"Hudo Slovenija","article_publisher":"https:\/\/www.facebook.com\/hudo.si","article_published_time":"2017-04-25T07:12:00+00:00","article_modified_time":"2017-04-25T13:22:26+00:00","og_image":[{"width":450,"height":303,"url":"https:\/\/hudo.com\/si\/wp-content\/uploads\/sites\/2\/2017\/04\/brezdomec-300-1.jpg","type":"image\/jpeg"}],"author":"hudo","twitter_card":"summary_large_image","twitter_creator":"@hudo_si","twitter_site":"@hudo_si","twitter_misc":{"Written by":"hudo","Est. reading time":"2 minuti"},"schema":{"@context":"https:\/\/schema.org","@graph":[{"@type":"Article","@id":"https:\/\/hudo.com\/si\/aktualno\/nahujskani-klosar-tone-naj-bi-bil-sel-nad-mirnega-vztrajnika-ibra\/#article","isPartOf":{"@id":"https:\/\/hudo.com\/si\/aktualno\/nahujskani-klosar-tone-naj-bi-bil-sel-nad-mirnega-vztrajnika-ibra\/"},"author":{"name":"hudo","@id":"https:\/\/hudo.com\/si\/#\/schema\/person\/601cf3379633985b20f7e50f2bb47707"},"headline":"&#8220;Nahujskani klo\u0161ar Tone&#8221; naj bi bil \u0161el nad &#8220;mirnega vztrajnika Ibra&#8221;","datePublished":"2017-04-25T07:12:00+00:00","dateModified":"2017-04-25T13:22:26+00:00","mainEntityOfPage":{"@id":"https:\/\/hudo.com\/si\/aktualno\/nahujskani-klosar-tone-naj-bi-bil-sel-nad-mirnega-vztrajnika-ibra\/"},"wordCount":375,"publisher":{"@id":"https:\/\/hudo.com\/si\/#organization"},"articleSection":["Aktualno"],"inLanguage":"sl-SI"},{"@type":"WebPage","@id":"https:\/\/hudo.com\/si\/aktualno\/nahujskani-klosar-tone-naj-bi-bil-sel-nad-mirnega-vztrajnika-ibra\/","url":"https:\/\/hudo.com\/si\/aktualno\/nahujskani-klosar-tone-naj-bi-bil-sel-nad-mirnega-vztrajnika-ibra\/","name":"\"Nahujskani klo\u0161ar Tone\" naj bi bil \u0161el nad \"mirnega vztrajnika Ibra\" - Hudo Slovenija","isPartOf":{"@id":"https:\/\/hudo.com\/si\/#website"},"datePublished":"2017-04-25T07:12:00+00:00","dateModified":"2017-04-25T13:22:26+00:00","breadcrumb":{"@id":"https:\/\/hudo.com\/si\/aktualno\/nahujskani-klosar-tone-naj-bi-bil-sel-nad-mirnega-vztrajnika-ibra\/#breadcrumb"},"inLanguage":"sl-SI","potentialAction":[{"@type":"ReadAction","target":["https:\/\/hudo.com\/si\/aktualno\/nahujskani-klosar-tone-naj-bi-bil-sel-nad-mirnega-vztrajnika-ibra\/"]}]},{"@type":"BreadcrumbList","@id":"https:\/\/hudo.com\/si\/aktualno\/nahujskani-klosar-tone-naj-bi-bil-sel-nad-mirnega-vztrajnika-ibra\/#breadcrumb","itemListElement":[{"@type":"ListItem","position":1,"name":"Home","item":"https:\/\/hudo.com\/si\/"},{"@type":"ListItem","position":2,"name":"&#8220;Nahujskani klo\u0161ar Tone&#8221; naj bi bil \u0161el nad &#8220;mirnega vztrajnika Ibra&#8221;"}]},{"@type":"WebSite","@id":"https:\/\/hudo.com\/si\/#website","url":"https:\/\/hudo.com\/si\/","name":"Hudo Slovenija","description":"Vse novice iz Slovenije in sveta","publisher":{"@id":"https:\/\/hudo.com\/si\/#organization"},"potentialAction":[{"@type":"SearchAction","target":{"@type":"EntryPoint","urlTemplate":"https:\/\/hudo.com\/si\/?s={search_term_string}"},"query-input":"required name=search_term_string"}],"inLanguage":"sl-SI"},{"@type":"Organization","@id":"https:\/\/hudo.com\/si\/#organization","name":"VSN Media","url":"https:\/\/hudo.com\/si\/","logo":{"@type":"ImageObject","inLanguage":"sl-SI","@id":"https:\/\/hudo.com\/si\/#\/schema\/logo\/image\/","url":"https:\/\/hudo.com\/si\/wp-content\/uploads\/sites\/2\/2021\/03\/hudo-app-2.png","contentUrl":"https:\/\/hudo.com\/si\/wp-content\/uploads\/sites\/2\/2021\/03\/hudo-app-2.png","width":2185,"height":2167,"caption":"VSN Media"},"image":{"@id":"https:\/\/hudo.com\/si\/#\/schema\/logo\/image\/"},"sameAs":["https:\/\/www.facebook.com\/hudo.si","https:\/\/twitter.com\/hudo_si"]},{"@type":"Person","@id":"https:\/\/hudo.com\/si\/#\/schema\/person\/601cf3379633985b20f7e50f2bb47707","name":"hudo","image":{"@type":"ImageObject","inLanguage":"sl-SI","@id":"https:\/\/hudo.com\/si\/#\/schema\/person\/image\/","url":"https:\/\/secure.gravatar.com\/avatar\/c4ca25fa72cace7a696b52ff5db9e095?s=96&d=mm&r=g","contentUrl":"https:\/\/secure.gravatar.com\/avatar\/c4ca25fa72cace7a696b52ff5db9e095?s=96&d=mm&r=g","caption":"hudo"},"url":"https:\/\/hudo.com\/si\/author\/hudo\/"}]}},"amp_enabled":true,"_links":{"self":[{"href":"https:\/\/hudo.com\/si\/wp-json\/wp\/v2\/posts\/247229"}],"collection":[{"href":"https:\/\/hudo.com\/si\/wp-json\/wp\/v2\/posts"}],"about":[{"href":"https:\/\/hudo.com\/si\/wp-json\/wp\/v2\/types\/post"}],"author":[{"embeddable":true,"href":"https:\/\/hudo.com\/si\/wp-json\/wp\/v2\/users\/1"}],"replies":[{"embeddable":true,"href":"https:\/\/hudo.com\/si\/wp-json\/wp\/v2\/comments?post=247229"}],"version-history":[{"count":1,"href":"https:\/\/hudo.com\/si\/wp-json\/wp\/v2\/posts\/247229\/revisions"}],"predecessor-version":[{"id":247313,"href":"https:\/\/hudo.com\/si\/wp-json\/wp\/v2\/posts\/247229\/revisions\/247313"}],"wp:attachment":[{"href":"https:\/\/hudo.com\/si\/wp-json\/wp\/v2\/media?parent=247229"}],"wp:term":[{"taxonomy":"category","embeddable":true,"href":"https:\/\/hudo.com\/si\/wp-json\/wp\/v2\/categories?post=247229"},{"taxonomy":"post_tag","embeddable":true,"href":"https:\/\/hudo.com\/si\/wp-json\/wp\/v2\/tags?post=247229"},{"taxonomy":"source","embeddable":true,"href":"https:\/\/hudo.com\/si\/wp-json\/wp\/v2\/source?post=247229"},{"taxonomy":"supertag","embeddable":true,"href":"https:\/\/hudo.com\/si\/wp-json\/wp\/v2\/supertag?post=247229"}],"curies":[{"name":"wp","href":"https:\/\/api.w.org\/{rel}","templated":true}]}}