{"id":247288,"date":"2017-04-25T11:13:00","date_gmt":"2017-04-25T09:13:00","guid":{"rendered":"http:\/\/hudo.com\/si\/2017\/04\/25\/turska-vojaska-letala-znova-nad-kurdske-sile-v-siriji\/"},"modified":"2017-04-25T11:13:00","modified_gmt":"2017-04-25T09:13:00","slug":"turska-vojaska-letala-znova-nad-kurdske-sile-v-siriji","status":"publish","type":"post","link":"https:\/\/hudo.com\/si\/aktualno\/turska-vojaska-letala-znova-nad-kurdske-sile-v-siriji\/","title":{"rendered":"Tur\u0161ka voja\u0161ka letala znova nad kurdske sile v Siriji"},"content":{"rendered":"<p>Kategorija: Krize Tue, 25 Apr 2017 13:13:00 +0200  Tur\u0161ka voja\u0161ka letala so danes izvedla ve\u010d bombnih napadov na polo\u017eaje kurdskih borcev na severovzhodu Sirije. \u0160tevilni kurdski borci so bili ubiti, poro\u010dajo sile sirskih Kurdov in Sirski observatorij za \u010dlovekove pravice. Letala so sile Kurdskih ljudskih za\u0161\u010ditnih enot (YPG) napadla okoli 2. ure pono\u010di po lokalnem \u010dasu v bli\u017eini mesta al Malikija, ki le\u017ei blizu tromeje med Tur\u010dijo, Sirijo in Irakom, pi\u0161e STA. Po navedbah sil YPG so tur\u0161ka letala izvedla \u00bbzahrbten napad\u00ab na njihovo voja\u0161ko opori\u0161\u010de, ki je slu\u017eilo predvsem kot komunikacijski center. Tam naj bi bilo tudi ve\u010d medijev. Dodali so \u0161e, da je bilo ubitih ve\u010d njihovih borcev, \u0161tevilk pa niso navedli. Sirski observatorij za \u010dlovekove pravice, ki ima sede\u017e v Londonu, je za AFP pojasnil, da je v\u00a0&#8230;<\/p>\n","protected":false},"excerpt":{"rendered":"<p>Kategorija: Krize Tue, 25 Apr 2017 13:13:00 +0200  Tur\u0161ka voja\u0161ka letala so danes izvedla ve\u010d bombnih napadov na polo\u017eaje kurdskih borcev na severovzhodu Sirije. \u0160tevilni kurdski borci so bili ubiti, poro\u010dajo sile sirskih Kurdov in Sirski observatorij za \u010dlovekove pravice. Letala so sile Kurdskih ljudskih za\u0161\u010ditnih enot (YPG) napadla okoli 2. ure pono\u010di po lokalnem \u010dasu v bli\u017eini mesta al Malikija, ki le\u017ei blizu tromeje med Tur\u010dijo, Sirijo in Irakom, pi\u0161e STA. Po navedbah sil YPG so tur\u0161ka letala izvedla \u00bbzahrbten napad\u00ab na njihovo voja\u0161ko opori\u0161\u010de, ki je slu\u017eilo predvsem kot komunikacijski center. Tam naj bi bilo tudi ve\u010d medijev. Dodali so \u0161e, da je bilo ubitih ve\u010d njihovih borcev, \u0161tevilk pa niso navedli. Sirski observatorij za \u010dlovekove pravice, ki ima sede\u017e v Londonu, je za AFP pojasnil, da je v\u00a0&#8230;<\/p>\n","protected":false},"author":1,"featured_media":0,"comment_status":"closed","ping_status":"closed","sticky":false,"template":"","format":"standard","meta":{"footnotes":""},"categories":[1179],"tags":[],"source":[1703],"supertag":[],"acf":[],"yoast_head":"<!-- This site is optimized with the Yoast SEO plugin v21.3 - https:\/\/yoast.com\/wordpress\/plugins\/seo\/ -->\n<title>Tur\u0161ka voja\u0161ka letala znova nad kurdske sile v Siriji - Hudo Slovenija<\/title>\n<meta name=\"robots\" content=\"index, follow, max-snippet:-1, max-image-preview:large, max-video-preview:-1\" \/>\n<link rel=\"canonical\" href=\"https:\/\/hudo.com\/si\/aktualno\/turska-vojaska-letala-znova-nad-kurdske-sile-v-siriji\/\" \/>\n<meta property=\"og:locale\" content=\"sl_SI\" \/>\n<meta property=\"og:type\" content=\"article\" \/>\n<meta property=\"og:title\" content=\"Tur\u0161ka voja\u0161ka letala znova nad kurdske sile v Siriji - Hudo Slovenija\" \/>\n<meta property=\"og:description\" content=\"Kategorija: Krize Tue, 25 Apr 2017 13:13:00 +0200 Tur\u0161ka voja\u0161ka letala so danes izvedla ve\u010d bombnih napadov na polo\u017eaje kurdskih borcev na severovzhodu Sirije. \u0160tevilni kurdski borci so bili ubiti, poro\u010dajo sile sirskih Kurdov in Sirski observatorij za \u010dlovekove pravice. Letala so sile Kurdskih ljudskih za\u0161\u010ditnih enot (YPG) napadla okoli 2. ure pono\u010di po lokalnem \u010dasu v bli\u017eini mesta al Malikija, ki le\u017ei blizu tromeje med Tur\u010dijo, Sirijo in Irakom, pi\u0161e STA. Po navedbah sil YPG so tur\u0161ka letala izvedla \u00bbzahrbten napad\u00ab na njihovo voja\u0161ko opori\u0161\u010de, ki je slu\u017eilo predvsem kot komunikacijski center. Tam naj bi bilo tudi ve\u010d medijev. Dodali so \u0161e, da je bilo ubitih ve\u010d njihovih borcev, \u0161tevilk pa niso navedli. Sirski observatorij za \u010dlovekove pravice, ki ima sede\u017e v Londonu, je za AFP pojasnil, da je v\u00a0...\" \/>\n<meta property=\"og:url\" content=\"https:\/\/hudo.com\/si\/aktualno\/turska-vojaska-letala-znova-nad-kurdske-sile-v-siriji\/\" \/>\n<meta property=\"og:site_name\" content=\"Hudo Slovenija\" \/>\n<meta property=\"article:publisher\" content=\"https:\/\/www.facebook.com\/hudo.si\" \/>\n<meta property=\"article:published_time\" content=\"2017-04-25T09:13:00+00:00\" \/>\n<meta property=\"og:image\" content=\"https:\/\/hudo.com\/si\/wp-content\/uploads\/sites\/2\/2017\/04\/480x290_AP_Pictures-20170425120651-73383600.jpeg\" \/>\n\t<meta property=\"og:image:width\" content=\"480\" \/>\n\t<meta property=\"og:image:height\" content=\"290\" \/>\n\t<meta property=\"og:image:type\" content=\"image\/jpeg\" \/>\n<meta name=\"author\" content=\"hudo\" \/>\n<meta name=\"twitter:card\" content=\"summary_large_image\" \/>\n<meta name=\"twitter:creator\" content=\"@hudo_si\" \/>\n<meta name=\"twitter:site\" content=\"@hudo_si\" \/>\n<meta name=\"twitter:label1\" content=\"Written by\" \/>\n\t<meta name=\"twitter:data1\" content=\"hudo\" \/>\n\t<meta name=\"twitter:label2\" content=\"Est. reading time\" \/>\n\t<meta name=\"twitter:data2\" content=\"1 minuta\" \/>\n<script type=\"application\/ld+json\" class=\"yoast-schema-graph\">{\"@context\":\"https:\/\/schema.org\",\"@graph\":[{\"@type\":\"Article\",\"@id\":\"https:\/\/hudo.com\/si\/aktualno\/turska-vojaska-letala-znova-nad-kurdske-sile-v-siriji\/#article\",\"isPartOf\":{\"@id\":\"https:\/\/hudo.com\/si\/aktualno\/turska-vojaska-letala-znova-nad-kurdske-sile-v-siriji\/\"},\"author\":{\"name\":\"hudo\",\"@id\":\"https:\/\/hudo.com\/si\/#\/schema\/person\/601cf3379633985b20f7e50f2bb47707\"},\"headline\":\"Tur\u0161ka voja\u0161ka letala znova nad kurdske sile v Siriji\",\"datePublished\":\"2017-04-25T09:13:00+00:00\",\"dateModified\":\"2017-04-25T09:13:00+00:00\",\"mainEntityOfPage\":{\"@id\":\"https:\/\/hudo.com\/si\/aktualno\/turska-vojaska-letala-znova-nad-kurdske-sile-v-siriji\/\"},\"wordCount\":151,\"publisher\":{\"@id\":\"https:\/\/hudo.com\/si\/#organization\"},\"articleSection\":[\"Aktualno\"],\"inLanguage\":\"sl-SI\"},{\"@type\":\"WebPage\",\"@id\":\"https:\/\/hudo.com\/si\/aktualno\/turska-vojaska-letala-znova-nad-kurdske-sile-v-siriji\/\",\"url\":\"https:\/\/hudo.com\/si\/aktualno\/turska-vojaska-letala-znova-nad-kurdske-sile-v-siriji\/\",\"name\":\"Tur\u0161ka voja\u0161ka letala znova nad kurdske sile v Siriji - Hudo Slovenija\",\"isPartOf\":{\"@id\":\"https:\/\/hudo.com\/si\/#website\"},\"datePublished\":\"2017-04-25T09:13:00+00:00\",\"dateModified\":\"2017-04-25T09:13:00+00:00\",\"breadcrumb\":{\"@id\":\"https:\/\/hudo.com\/si\/aktualno\/turska-vojaska-letala-znova-nad-kurdske-sile-v-siriji\/#breadcrumb\"},\"inLanguage\":\"sl-SI\",\"potentialAction\":[{\"@type\":\"ReadAction\",\"target\":[\"https:\/\/hudo.com\/si\/aktualno\/turska-vojaska-letala-znova-nad-kurdske-sile-v-siriji\/\"]}]},{\"@type\":\"BreadcrumbList\",\"@id\":\"https:\/\/hudo.com\/si\/aktualno\/turska-vojaska-letala-znova-nad-kurdske-sile-v-siriji\/#breadcrumb\",\"itemListElement\":[{\"@type\":\"ListItem\",\"position\":1,\"name\":\"Home\",\"item\":\"https:\/\/hudo.com\/si\/\"},{\"@type\":\"ListItem\",\"position\":2,\"name\":\"Tur\u0161ka voja\u0161ka letala znova nad kurdske sile v Siriji\"}]},{\"@type\":\"WebSite\",\"@id\":\"https:\/\/hudo.com\/si\/#website\",\"url\":\"https:\/\/hudo.com\/si\/\",\"name\":\"Hudo Slovenija\",\"description\":\"Vse novice iz Slovenije in sveta\",\"publisher\":{\"@id\":\"https:\/\/hudo.com\/si\/#organization\"},\"potentialAction\":[{\"@type\":\"SearchAction\",\"target\":{\"@type\":\"EntryPoint\",\"urlTemplate\":\"https:\/\/hudo.com\/si\/?s={search_term_string}\"},\"query-input\":\"required name=search_term_string\"}],\"inLanguage\":\"sl-SI\"},{\"@type\":\"Organization\",\"@id\":\"https:\/\/hudo.com\/si\/#organization\",\"name\":\"VSN Media\",\"url\":\"https:\/\/hudo.com\/si\/\",\"logo\":{\"@type\":\"ImageObject\",\"inLanguage\":\"sl-SI\",\"@id\":\"https:\/\/hudo.com\/si\/#\/schema\/logo\/image\/\",\"url\":\"https:\/\/hudo.com\/si\/wp-content\/uploads\/sites\/2\/2021\/03\/hudo-app-2.png\",\"contentUrl\":\"https:\/\/hudo.com\/si\/wp-content\/uploads\/sites\/2\/2021\/03\/hudo-app-2.png\",\"width\":2185,\"height\":2167,\"caption\":\"VSN Media\"},\"image\":{\"@id\":\"https:\/\/hudo.com\/si\/#\/schema\/logo\/image\/\"},\"sameAs\":[\"https:\/\/www.facebook.com\/hudo.si\",\"https:\/\/twitter.com\/hudo_si\"]},{\"@type\":\"Person\",\"@id\":\"https:\/\/hudo.com\/si\/#\/schema\/person\/601cf3379633985b20f7e50f2bb47707\",\"name\":\"hudo\",\"image\":{\"@type\":\"ImageObject\",\"inLanguage\":\"sl-SI\",\"@id\":\"https:\/\/hudo.com\/si\/#\/schema\/person\/image\/\",\"url\":\"https:\/\/secure.gravatar.com\/avatar\/c4ca25fa72cace7a696b52ff5db9e095?s=96&d=mm&r=g\",\"contentUrl\":\"https:\/\/secure.gravatar.com\/avatar\/c4ca25fa72cace7a696b52ff5db9e095?s=96&d=mm&r=g\",\"caption\":\"hudo\"},\"url\":\"https:\/\/hudo.com\/si\/author\/hudo\/\"}]}<\/script>\n<!-- \/ Yoast SEO plugin. -->","yoast_head_json":{"title":"Tur\u0161ka voja\u0161ka letala znova nad kurdske sile v Siriji - Hudo Slovenija","robots":{"index":"index","follow":"follow","max-snippet":"max-snippet:-1","max-image-preview":"max-image-preview:large","max-video-preview":"max-video-preview:-1"},"canonical":"https:\/\/hudo.com\/si\/aktualno\/turska-vojaska-letala-znova-nad-kurdske-sile-v-siriji\/","og_locale":"sl_SI","og_type":"article","og_title":"Tur\u0161ka voja\u0161ka letala znova nad kurdske sile v Siriji - Hudo Slovenija","og_description":"Kategorija: Krize Tue, 25 Apr 2017 13:13:00 +0200 Tur\u0161ka voja\u0161ka letala so danes izvedla ve\u010d bombnih napadov na polo\u017eaje kurdskih borcev na severovzhodu Sirije. \u0160tevilni kurdski borci so bili ubiti, poro\u010dajo sile sirskih Kurdov in Sirski observatorij za \u010dlovekove pravice. Letala so sile Kurdskih ljudskih za\u0161\u010ditnih enot (YPG) napadla okoli 2. ure pono\u010di po lokalnem \u010dasu v bli\u017eini mesta al Malikija, ki le\u017ei blizu tromeje med Tur\u010dijo, Sirijo in Irakom, pi\u0161e STA. Po navedbah sil YPG so tur\u0161ka letala izvedla \u00bbzahrbten napad\u00ab na njihovo voja\u0161ko opori\u0161\u010de, ki je slu\u017eilo predvsem kot komunikacijski center. Tam naj bi bilo tudi ve\u010d medijev. Dodali so \u0161e, da je bilo ubitih ve\u010d njihovih borcev, \u0161tevilk pa niso navedli. Sirski observatorij za \u010dlovekove pravice, ki ima sede\u017e v Londonu, je za AFP pojasnil, da je v\u00a0...","og_url":"https:\/\/hudo.com\/si\/aktualno\/turska-vojaska-letala-znova-nad-kurdske-sile-v-siriji\/","og_site_name":"Hudo Slovenija","article_publisher":"https:\/\/www.facebook.com\/hudo.si","article_published_time":"2017-04-25T09:13:00+00:00","og_image":[{"width":480,"height":290,"url":"https:\/\/hudo.com\/si\/wp-content\/uploads\/sites\/2\/2017\/04\/480x290_AP_Pictures-20170425120651-73383600.jpeg","type":"image\/jpeg"}],"author":"hudo","twitter_card":"summary_large_image","twitter_creator":"@hudo_si","twitter_site":"@hudo_si","twitter_misc":{"Written by":"hudo","Est. reading time":"1 minuta"},"schema":{"@context":"https:\/\/schema.org","@graph":[{"@type":"Article","@id":"https:\/\/hudo.com\/si\/aktualno\/turska-vojaska-letala-znova-nad-kurdske-sile-v-siriji\/#article","isPartOf":{"@id":"https:\/\/hudo.com\/si\/aktualno\/turska-vojaska-letala-znova-nad-kurdske-sile-v-siriji\/"},"author":{"name":"hudo","@id":"https:\/\/hudo.com\/si\/#\/schema\/person\/601cf3379633985b20f7e50f2bb47707"},"headline":"Tur\u0161ka voja\u0161ka letala znova nad kurdske sile v Siriji","datePublished":"2017-04-25T09:13:00+00:00","dateModified":"2017-04-25T09:13:00+00:00","mainEntityOfPage":{"@id":"https:\/\/hudo.com\/si\/aktualno\/turska-vojaska-letala-znova-nad-kurdske-sile-v-siriji\/"},"wordCount":151,"publisher":{"@id":"https:\/\/hudo.com\/si\/#organization"},"articleSection":["Aktualno"],"inLanguage":"sl-SI"},{"@type":"WebPage","@id":"https:\/\/hudo.com\/si\/aktualno\/turska-vojaska-letala-znova-nad-kurdske-sile-v-siriji\/","url":"https:\/\/hudo.com\/si\/aktualno\/turska-vojaska-letala-znova-nad-kurdske-sile-v-siriji\/","name":"Tur\u0161ka voja\u0161ka letala znova nad kurdske sile v Siriji - Hudo Slovenija","isPartOf":{"@id":"https:\/\/hudo.com\/si\/#website"},"datePublished":"2017-04-25T09:13:00+00:00","dateModified":"2017-04-25T09:13:00+00:00","breadcrumb":{"@id":"https:\/\/hudo.com\/si\/aktualno\/turska-vojaska-letala-znova-nad-kurdske-sile-v-siriji\/#breadcrumb"},"inLanguage":"sl-SI","potentialAction":[{"@type":"ReadAction","target":["https:\/\/hudo.com\/si\/aktualno\/turska-vojaska-letala-znova-nad-kurdske-sile-v-siriji\/"]}]},{"@type":"BreadcrumbList","@id":"https:\/\/hudo.com\/si\/aktualno\/turska-vojaska-letala-znova-nad-kurdske-sile-v-siriji\/#breadcrumb","itemListElement":[{"@type":"ListItem","position":1,"name":"Home","item":"https:\/\/hudo.com\/si\/"},{"@type":"ListItem","position":2,"name":"Tur\u0161ka voja\u0161ka letala znova nad kurdske sile v Siriji"}]},{"@type":"WebSite","@id":"https:\/\/hudo.com\/si\/#website","url":"https:\/\/hudo.com\/si\/","name":"Hudo Slovenija","description":"Vse novice iz Slovenije in sveta","publisher":{"@id":"https:\/\/hudo.com\/si\/#organization"},"potentialAction":[{"@type":"SearchAction","target":{"@type":"EntryPoint","urlTemplate":"https:\/\/hudo.com\/si\/?s={search_term_string}"},"query-input":"required name=search_term_string"}],"inLanguage":"sl-SI"},{"@type":"Organization","@id":"https:\/\/hudo.com\/si\/#organization","name":"VSN Media","url":"https:\/\/hudo.com\/si\/","logo":{"@type":"ImageObject","inLanguage":"sl-SI","@id":"https:\/\/hudo.com\/si\/#\/schema\/logo\/image\/","url":"https:\/\/hudo.com\/si\/wp-content\/uploads\/sites\/2\/2021\/03\/hudo-app-2.png","contentUrl":"https:\/\/hudo.com\/si\/wp-content\/uploads\/sites\/2\/2021\/03\/hudo-app-2.png","width":2185,"height":2167,"caption":"VSN Media"},"image":{"@id":"https:\/\/hudo.com\/si\/#\/schema\/logo\/image\/"},"sameAs":["https:\/\/www.facebook.com\/hudo.si","https:\/\/twitter.com\/hudo_si"]},{"@type":"Person","@id":"https:\/\/hudo.com\/si\/#\/schema\/person\/601cf3379633985b20f7e50f2bb47707","name":"hudo","image":{"@type":"ImageObject","inLanguage":"sl-SI","@id":"https:\/\/hudo.com\/si\/#\/schema\/person\/image\/","url":"https:\/\/secure.gravatar.com\/avatar\/c4ca25fa72cace7a696b52ff5db9e095?s=96&d=mm&r=g","contentUrl":"https:\/\/secure.gravatar.com\/avatar\/c4ca25fa72cace7a696b52ff5db9e095?s=96&d=mm&r=g","caption":"hudo"},"url":"https:\/\/hudo.com\/si\/author\/hudo\/"}]}},"amp_enabled":true,"_links":{"self":[{"href":"https:\/\/hudo.com\/si\/wp-json\/wp\/v2\/posts\/247288"}],"collection":[{"href":"https:\/\/hudo.com\/si\/wp-json\/wp\/v2\/posts"}],"about":[{"href":"https:\/\/hudo.com\/si\/wp-json\/wp\/v2\/types\/post"}],"author":[{"embeddable":true,"href":"https:\/\/hudo.com\/si\/wp-json\/wp\/v2\/users\/1"}],"replies":[{"embeddable":true,"href":"https:\/\/hudo.com\/si\/wp-json\/wp\/v2\/comments?post=247288"}],"version-history":[{"count":0,"href":"https:\/\/hudo.com\/si\/wp-json\/wp\/v2\/posts\/247288\/revisions"}],"wp:attachment":[{"href":"https:\/\/hudo.com\/si\/wp-json\/wp\/v2\/media?parent=247288"}],"wp:term":[{"taxonomy":"category","embeddable":true,"href":"https:\/\/hudo.com\/si\/wp-json\/wp\/v2\/categories?post=247288"},{"taxonomy":"post_tag","embeddable":true,"href":"https:\/\/hudo.com\/si\/wp-json\/wp\/v2\/tags?post=247288"},{"taxonomy":"source","embeddable":true,"href":"https:\/\/hudo.com\/si\/wp-json\/wp\/v2\/source?post=247288"},{"taxonomy":"supertag","embeddable":true,"href":"https:\/\/hudo.com\/si\/wp-json\/wp\/v2\/supertag?post=247288"}],"curies":[{"name":"wp","href":"https:\/\/api.w.org\/{rel}","templated":true}]}}