{"id":247290,"date":"2017-04-25T10:54:00","date_gmt":"2017-04-25T08:54:00","guid":{"rendered":"http:\/\/hudo.com\/si\/2017\/04\/25\/foto-v-barceloni-prijeli-osumljence-povezane-s-smrtonosnimi-napadi-lani-v-bruslju\/"},"modified":"2017-04-25T16:22:09","modified_gmt":"2017-04-25T14:22:09","slug":"foto-v-barceloni-prijeli-osumljence-povezane-s-smrtonosnimi-napadi-lani-v-bruslju","status":"publish","type":"post","link":"https:\/\/hudo.com\/si\/aktualno\/foto-v-barceloni-prijeli-osumljence-povezane-s-smrtonosnimi-napadi-lani-v-bruslju\/","title":{"rendered":"(FOTO) V Barceloni prijeli osumljence, povezane s smrtonosnimi napadi lani v Bruslju"},"content":{"rendered":"<p>Na \u0161ir\u0161em obmo\u010dju Barcelone policija danes izvaja obse\u017eno protiteroristi\u010dno operacijo. Doslej so prijeli osem \u010dlanov domnevne d\u017eihadisti\u010dne skupine. \u0160tiri sumijo povezav z osumljenci, prijetimi v okviru preiskave teroristi\u010dnih napadov v Bruslju marca lani, v katerih je bilo ubitih 32 ljudi. Predstavnik regionalnih oblasti Jordi Jane je za radio Rac1 povedal, da bi lahko prijeli \u0161e ve\u010d ljudi. Operacija, v kateri sodelujejo katalonska ter \u0161panska nacionalna in zvezna policija, je uperjena proti &#8220;domnevni d\u017eihadisti\u010dni skupini z mednarodnimi povezavami&#8221;. Glede \u0161tirih aretiranih, ki so imeli stike z osebami, prijetimi zaradi lanskih napadov na bruseljskem letali\u0161\u010du in podzemni \u017eeleznici, je Jane dejal, da bi nekateri med njimi &#8220;lahko sodelovali v preteklih akcijah&#8221; in da so bili v Belgiji. Ni pa \u0161e jasno, ali so bili neposredno vpleteni v napade, je za AFP povedal tiskovni predstavnik policije. V prijeti osmerici so mo\u0161ki, stari med 31 in 39 let, ki so bili udele\u017eeni \u017ee v vrsti kaznivih dejanj. Nekatera so bila povezana z organiziranim kriminalom, ve\u010d pa s trgovino z mamili, je povedal \u0161ef katalonske policije Josep Lluis Trapero za katalonsko televizijo TV3. Od za\u010detka dopoldneva je policija izvedla ve\u010d kot deset hi\u0161nih preiskav v ve\u010d mestih na obmo\u010dju province Barcelona. Preiskavo izvajajo na podlagi naloga \u0161panskega preiskovalnega sodnika, pristojnega za terorizem.<\/p>\n","protected":false},"excerpt":{"rendered":"<p>Na \u0161ir\u0161em obmo\u010dju Barcelone policija danes izvaja obse\u017eno protiteroristi\u010dno operacijo. Doslej so prijeli osem \u010dlanov domnevne d\u017eihadisti\u010dne skupine. \u0160tiri sumijo povezav z osumljenci, prijetimi v okviru preiskave teroristi\u010dnih napadov v Bruslju marca lani, v katerih je bilo ubitih 32 ljudi. Predstavnik regionalnih oblasti Jordi Jane je za radio Rac1 povedal, da bi lahko prijeli \u0161e ve\u010d ljudi. Operacija, v kateri sodelujejo katalonska ter \u0161panska nacionalna in zvezna policija, je uperjena proti &#8220;domnevni d\u017eihadisti\u010dni skupini z mednarodnimi povezavami&#8221;. Glede \u0161tirih aretiranih, ki so imeli stike z osebami, prijetimi zaradi lanskih napadov na bruseljskem letali\u0161\u010du in podzemni \u017eeleznici, je Jane dejal, da bi nekateri med njimi &#8220;lahko sodelovali v preteklih akcijah&#8221; in da so bili v Belgiji. Ni pa \u0161e jasno, ali so bili neposredno vpleteni v napade, je za AFP povedal tiskovni predstavnik policije. V prijeti osmerici so mo\u0161ki, stari med 31 in 39 let, ki so bili udele\u017eeni \u017ee v vrsti kaznivih dejanj. Nekatera so bila povezana z organiziranim kriminalom, ve\u010d pa s trgovino z mamili, je povedal \u0161ef katalonske policije Josep Lluis Trapero za katalonsko televizijo TV3. Od za\u010detka dopoldneva je policija izvedla ve\u010d kot deset hi\u0161nih preiskav v ve\u010d mestih na obmo\u010dju province Barcelona. Preiskavo izvajajo na podlagi naloga \u0161panskega preiskovalnega sodnika, pristojnega za terorizem.<\/p>\n","protected":false},"author":1,"featured_media":0,"comment_status":"closed","ping_status":"closed","sticky":false,"template":"","format":"standard","meta":{"footnotes":""},"categories":[1179],"tags":[],"source":[1711],"supertag":[],"acf":[],"yoast_head":"<!-- This site is optimized with the Yoast SEO plugin v21.3 - https:\/\/yoast.com\/wordpress\/plugins\/seo\/ -->\n<title>(FOTO) V Barceloni prijeli osumljence, povezane s smrtonosnimi napadi lani v Bruslju - Hudo Slovenija<\/title>\n<meta name=\"robots\" content=\"index, follow, max-snippet:-1, max-image-preview:large, max-video-preview:-1\" \/>\n<link rel=\"canonical\" href=\"https:\/\/hudo.com\/si\/aktualno\/foto-v-barceloni-prijeli-osumljence-povezane-s-smrtonosnimi-napadi-lani-v-bruslju\/\" \/>\n<meta property=\"og:locale\" content=\"sl_SI\" \/>\n<meta property=\"og:type\" content=\"article\" \/>\n<meta property=\"og:title\" content=\"(FOTO) V Barceloni prijeli osumljence, povezane s smrtonosnimi napadi lani v Bruslju - Hudo Slovenija\" \/>\n<meta property=\"og:description\" content=\"Na \u0161ir\u0161em obmo\u010dju Barcelone policija danes izvaja obse\u017eno protiteroristi\u010dno operacijo. Doslej so prijeli osem \u010dlanov domnevne d\u017eihadisti\u010dne skupine. \u0160tiri sumijo povezav z osumljenci, prijetimi v okviru preiskave teroristi\u010dnih napadov v Bruslju marca lani, v katerih je bilo ubitih 32 ljudi. Predstavnik regionalnih oblasti Jordi Jane je za radio Rac1 povedal, da bi lahko prijeli \u0161e ve\u010d ljudi. Operacija, v kateri sodelujejo katalonska ter \u0161panska nacionalna in zvezna policija, je uperjena proti &quot;domnevni d\u017eihadisti\u010dni skupini z mednarodnimi povezavami&quot;. Glede \u0161tirih aretiranih, ki so imeli stike z osebami, prijetimi zaradi lanskih napadov na bruseljskem letali\u0161\u010du in podzemni \u017eeleznici, je Jane dejal, da bi nekateri med njimi &quot;lahko sodelovali v preteklih akcijah&quot; in da so bili v Belgiji. Ni pa \u0161e jasno, ali so bili neposredno vpleteni v napade, je za AFP povedal tiskovni predstavnik policije. V prijeti osmerici so mo\u0161ki, stari med 31 in 39 let, ki so bili udele\u017eeni \u017ee v vrsti kaznivih dejanj. Nekatera so bila povezana z organiziranim kriminalom, ve\u010d pa s trgovino z mamili, je povedal \u0161ef katalonske policije Josep Lluis Trapero za katalonsko televizijo TV3. Od za\u010detka dopoldneva je policija izvedla ve\u010d kot deset hi\u0161nih preiskav v ve\u010d mestih na obmo\u010dju province Barcelona. Preiskavo izvajajo na podlagi naloga \u0161panskega preiskovalnega sodnika, pristojnega za terorizem.\" \/>\n<meta property=\"og:url\" content=\"https:\/\/hudo.com\/si\/aktualno\/foto-v-barceloni-prijeli-osumljence-povezane-s-smrtonosnimi-napadi-lani-v-bruslju\/\" \/>\n<meta property=\"og:site_name\" content=\"Hudo Slovenija\" \/>\n<meta property=\"article:publisher\" content=\"https:\/\/www.facebook.com\/hudo.si\" \/>\n<meta property=\"article:published_time\" content=\"2017-04-25T08:54:00+00:00\" \/>\n<meta property=\"article:modified_time\" content=\"2017-04-25T14:22:09+00:00\" \/>\n<meta property=\"og:image\" content=\"https:\/\/hudo.com\/si\/wp-content\/uploads\/sites\/2\/2017\/04\/MDF10885-300.jpg\" \/>\n\t<meta property=\"og:image:width\" content=\"450\" \/>\n\t<meta property=\"og:image:height\" content=\"318\" \/>\n\t<meta property=\"og:image:type\" content=\"image\/jpeg\" \/>\n<meta name=\"author\" content=\"hudo\" \/>\n<meta name=\"twitter:card\" content=\"summary_large_image\" \/>\n<meta name=\"twitter:creator\" content=\"@hudo_si\" \/>\n<meta name=\"twitter:site\" content=\"@hudo_si\" \/>\n<meta name=\"twitter:label1\" content=\"Written by\" \/>\n\t<meta name=\"twitter:data1\" content=\"hudo\" \/>\n\t<meta name=\"twitter:label2\" content=\"Est. reading time\" \/>\n\t<meta name=\"twitter:data2\" content=\"1 minuta\" \/>\n<script type=\"application\/ld+json\" class=\"yoast-schema-graph\">{\"@context\":\"https:\/\/schema.org\",\"@graph\":[{\"@type\":\"Article\",\"@id\":\"https:\/\/hudo.com\/si\/aktualno\/foto-v-barceloni-prijeli-osumljence-povezane-s-smrtonosnimi-napadi-lani-v-bruslju\/#article\",\"isPartOf\":{\"@id\":\"https:\/\/hudo.com\/si\/aktualno\/foto-v-barceloni-prijeli-osumljence-povezane-s-smrtonosnimi-napadi-lani-v-bruslju\/\"},\"author\":{\"name\":\"hudo\",\"@id\":\"https:\/\/hudo.com\/si\/#\/schema\/person\/601cf3379633985b20f7e50f2bb47707\"},\"headline\":\"(FOTO) V Barceloni prijeli osumljence, povezane s smrtonosnimi napadi lani v Bruslju\",\"datePublished\":\"2017-04-25T08:54:00+00:00\",\"dateModified\":\"2017-04-25T14:22:09+00:00\",\"mainEntityOfPage\":{\"@id\":\"https:\/\/hudo.com\/si\/aktualno\/foto-v-barceloni-prijeli-osumljence-povezane-s-smrtonosnimi-napadi-lani-v-bruslju\/\"},\"wordCount\":231,\"publisher\":{\"@id\":\"https:\/\/hudo.com\/si\/#organization\"},\"articleSection\":[\"Aktualno\"],\"inLanguage\":\"sl-SI\"},{\"@type\":\"WebPage\",\"@id\":\"https:\/\/hudo.com\/si\/aktualno\/foto-v-barceloni-prijeli-osumljence-povezane-s-smrtonosnimi-napadi-lani-v-bruslju\/\",\"url\":\"https:\/\/hudo.com\/si\/aktualno\/foto-v-barceloni-prijeli-osumljence-povezane-s-smrtonosnimi-napadi-lani-v-bruslju\/\",\"name\":\"(FOTO) V Barceloni prijeli osumljence, povezane s smrtonosnimi napadi lani v Bruslju - Hudo Slovenija\",\"isPartOf\":{\"@id\":\"https:\/\/hudo.com\/si\/#website\"},\"datePublished\":\"2017-04-25T08:54:00+00:00\",\"dateModified\":\"2017-04-25T14:22:09+00:00\",\"breadcrumb\":{\"@id\":\"https:\/\/hudo.com\/si\/aktualno\/foto-v-barceloni-prijeli-osumljence-povezane-s-smrtonosnimi-napadi-lani-v-bruslju\/#breadcrumb\"},\"inLanguage\":\"sl-SI\",\"potentialAction\":[{\"@type\":\"ReadAction\",\"target\":[\"https:\/\/hudo.com\/si\/aktualno\/foto-v-barceloni-prijeli-osumljence-povezane-s-smrtonosnimi-napadi-lani-v-bruslju\/\"]}]},{\"@type\":\"BreadcrumbList\",\"@id\":\"https:\/\/hudo.com\/si\/aktualno\/foto-v-barceloni-prijeli-osumljence-povezane-s-smrtonosnimi-napadi-lani-v-bruslju\/#breadcrumb\",\"itemListElement\":[{\"@type\":\"ListItem\",\"position\":1,\"name\":\"Home\",\"item\":\"https:\/\/hudo.com\/si\/\"},{\"@type\":\"ListItem\",\"position\":2,\"name\":\"(FOTO) V Barceloni prijeli osumljence, povezane s smrtonosnimi napadi lani v Bruslju\"}]},{\"@type\":\"WebSite\",\"@id\":\"https:\/\/hudo.com\/si\/#website\",\"url\":\"https:\/\/hudo.com\/si\/\",\"name\":\"Hudo Slovenija\",\"description\":\"Vse novice iz Slovenije in sveta\",\"publisher\":{\"@id\":\"https:\/\/hudo.com\/si\/#organization\"},\"potentialAction\":[{\"@type\":\"SearchAction\",\"target\":{\"@type\":\"EntryPoint\",\"urlTemplate\":\"https:\/\/hudo.com\/si\/?s={search_term_string}\"},\"query-input\":\"required name=search_term_string\"}],\"inLanguage\":\"sl-SI\"},{\"@type\":\"Organization\",\"@id\":\"https:\/\/hudo.com\/si\/#organization\",\"name\":\"VSN Media\",\"url\":\"https:\/\/hudo.com\/si\/\",\"logo\":{\"@type\":\"ImageObject\",\"inLanguage\":\"sl-SI\",\"@id\":\"https:\/\/hudo.com\/si\/#\/schema\/logo\/image\/\",\"url\":\"https:\/\/hudo.com\/si\/wp-content\/uploads\/sites\/2\/2021\/03\/hudo-app-2.png\",\"contentUrl\":\"https:\/\/hudo.com\/si\/wp-content\/uploads\/sites\/2\/2021\/03\/hudo-app-2.png\",\"width\":2185,\"height\":2167,\"caption\":\"VSN Media\"},\"image\":{\"@id\":\"https:\/\/hudo.com\/si\/#\/schema\/logo\/image\/\"},\"sameAs\":[\"https:\/\/www.facebook.com\/hudo.si\",\"https:\/\/twitter.com\/hudo_si\"]},{\"@type\":\"Person\",\"@id\":\"https:\/\/hudo.com\/si\/#\/schema\/person\/601cf3379633985b20f7e50f2bb47707\",\"name\":\"hudo\",\"image\":{\"@type\":\"ImageObject\",\"inLanguage\":\"sl-SI\",\"@id\":\"https:\/\/hudo.com\/si\/#\/schema\/person\/image\/\",\"url\":\"https:\/\/secure.gravatar.com\/avatar\/c4ca25fa72cace7a696b52ff5db9e095?s=96&d=mm&r=g\",\"contentUrl\":\"https:\/\/secure.gravatar.com\/avatar\/c4ca25fa72cace7a696b52ff5db9e095?s=96&d=mm&r=g\",\"caption\":\"hudo\"},\"url\":\"https:\/\/hudo.com\/si\/author\/hudo\/\"}]}<\/script>\n<!-- \/ Yoast SEO plugin. -->","yoast_head_json":{"title":"(FOTO) V Barceloni prijeli osumljence, povezane s smrtonosnimi napadi lani v Bruslju - Hudo Slovenija","robots":{"index":"index","follow":"follow","max-snippet":"max-snippet:-1","max-image-preview":"max-image-preview:large","max-video-preview":"max-video-preview:-1"},"canonical":"https:\/\/hudo.com\/si\/aktualno\/foto-v-barceloni-prijeli-osumljence-povezane-s-smrtonosnimi-napadi-lani-v-bruslju\/","og_locale":"sl_SI","og_type":"article","og_title":"(FOTO) V Barceloni prijeli osumljence, povezane s smrtonosnimi napadi lani v Bruslju - Hudo Slovenija","og_description":"Na \u0161ir\u0161em obmo\u010dju Barcelone policija danes izvaja obse\u017eno protiteroristi\u010dno operacijo. Doslej so prijeli osem \u010dlanov domnevne d\u017eihadisti\u010dne skupine. \u0160tiri sumijo povezav z osumljenci, prijetimi v okviru preiskave teroristi\u010dnih napadov v Bruslju marca lani, v katerih je bilo ubitih 32 ljudi. Predstavnik regionalnih oblasti Jordi Jane je za radio Rac1 povedal, da bi lahko prijeli \u0161e ve\u010d ljudi. Operacija, v kateri sodelujejo katalonska ter \u0161panska nacionalna in zvezna policija, je uperjena proti \"domnevni d\u017eihadisti\u010dni skupini z mednarodnimi povezavami\". Glede \u0161tirih aretiranih, ki so imeli stike z osebami, prijetimi zaradi lanskih napadov na bruseljskem letali\u0161\u010du in podzemni \u017eeleznici, je Jane dejal, da bi nekateri med njimi \"lahko sodelovali v preteklih akcijah\" in da so bili v Belgiji. Ni pa \u0161e jasno, ali so bili neposredno vpleteni v napade, je za AFP povedal tiskovni predstavnik policije. V prijeti osmerici so mo\u0161ki, stari med 31 in 39 let, ki so bili udele\u017eeni \u017ee v vrsti kaznivih dejanj. Nekatera so bila povezana z organiziranim kriminalom, ve\u010d pa s trgovino z mamili, je povedal \u0161ef katalonske policije Josep Lluis Trapero za katalonsko televizijo TV3. Od za\u010detka dopoldneva je policija izvedla ve\u010d kot deset hi\u0161nih preiskav v ve\u010d mestih na obmo\u010dju province Barcelona. Preiskavo izvajajo na podlagi naloga \u0161panskega preiskovalnega sodnika, pristojnega za terorizem.","og_url":"https:\/\/hudo.com\/si\/aktualno\/foto-v-barceloni-prijeli-osumljence-povezane-s-smrtonosnimi-napadi-lani-v-bruslju\/","og_site_name":"Hudo Slovenija","article_publisher":"https:\/\/www.facebook.com\/hudo.si","article_published_time":"2017-04-25T08:54:00+00:00","article_modified_time":"2017-04-25T14:22:09+00:00","og_image":[{"width":450,"height":318,"url":"https:\/\/hudo.com\/si\/wp-content\/uploads\/sites\/2\/2017\/04\/MDF10885-300.jpg","type":"image\/jpeg"}],"author":"hudo","twitter_card":"summary_large_image","twitter_creator":"@hudo_si","twitter_site":"@hudo_si","twitter_misc":{"Written by":"hudo","Est. reading time":"1 minuta"},"schema":{"@context":"https:\/\/schema.org","@graph":[{"@type":"Article","@id":"https:\/\/hudo.com\/si\/aktualno\/foto-v-barceloni-prijeli-osumljence-povezane-s-smrtonosnimi-napadi-lani-v-bruslju\/#article","isPartOf":{"@id":"https:\/\/hudo.com\/si\/aktualno\/foto-v-barceloni-prijeli-osumljence-povezane-s-smrtonosnimi-napadi-lani-v-bruslju\/"},"author":{"name":"hudo","@id":"https:\/\/hudo.com\/si\/#\/schema\/person\/601cf3379633985b20f7e50f2bb47707"},"headline":"(FOTO) V Barceloni prijeli osumljence, povezane s smrtonosnimi napadi lani v Bruslju","datePublished":"2017-04-25T08:54:00+00:00","dateModified":"2017-04-25T14:22:09+00:00","mainEntityOfPage":{"@id":"https:\/\/hudo.com\/si\/aktualno\/foto-v-barceloni-prijeli-osumljence-povezane-s-smrtonosnimi-napadi-lani-v-bruslju\/"},"wordCount":231,"publisher":{"@id":"https:\/\/hudo.com\/si\/#organization"},"articleSection":["Aktualno"],"inLanguage":"sl-SI"},{"@type":"WebPage","@id":"https:\/\/hudo.com\/si\/aktualno\/foto-v-barceloni-prijeli-osumljence-povezane-s-smrtonosnimi-napadi-lani-v-bruslju\/","url":"https:\/\/hudo.com\/si\/aktualno\/foto-v-barceloni-prijeli-osumljence-povezane-s-smrtonosnimi-napadi-lani-v-bruslju\/","name":"(FOTO) V Barceloni prijeli osumljence, povezane s smrtonosnimi napadi lani v Bruslju - Hudo Slovenija","isPartOf":{"@id":"https:\/\/hudo.com\/si\/#website"},"datePublished":"2017-04-25T08:54:00+00:00","dateModified":"2017-04-25T14:22:09+00:00","breadcrumb":{"@id":"https:\/\/hudo.com\/si\/aktualno\/foto-v-barceloni-prijeli-osumljence-povezane-s-smrtonosnimi-napadi-lani-v-bruslju\/#breadcrumb"},"inLanguage":"sl-SI","potentialAction":[{"@type":"ReadAction","target":["https:\/\/hudo.com\/si\/aktualno\/foto-v-barceloni-prijeli-osumljence-povezane-s-smrtonosnimi-napadi-lani-v-bruslju\/"]}]},{"@type":"BreadcrumbList","@id":"https:\/\/hudo.com\/si\/aktualno\/foto-v-barceloni-prijeli-osumljence-povezane-s-smrtonosnimi-napadi-lani-v-bruslju\/#breadcrumb","itemListElement":[{"@type":"ListItem","position":1,"name":"Home","item":"https:\/\/hudo.com\/si\/"},{"@type":"ListItem","position":2,"name":"(FOTO) V Barceloni prijeli osumljence, povezane s smrtonosnimi napadi lani v Bruslju"}]},{"@type":"WebSite","@id":"https:\/\/hudo.com\/si\/#website","url":"https:\/\/hudo.com\/si\/","name":"Hudo Slovenija","description":"Vse novice iz Slovenije in sveta","publisher":{"@id":"https:\/\/hudo.com\/si\/#organization"},"potentialAction":[{"@type":"SearchAction","target":{"@type":"EntryPoint","urlTemplate":"https:\/\/hudo.com\/si\/?s={search_term_string}"},"query-input":"required name=search_term_string"}],"inLanguage":"sl-SI"},{"@type":"Organization","@id":"https:\/\/hudo.com\/si\/#organization","name":"VSN Media","url":"https:\/\/hudo.com\/si\/","logo":{"@type":"ImageObject","inLanguage":"sl-SI","@id":"https:\/\/hudo.com\/si\/#\/schema\/logo\/image\/","url":"https:\/\/hudo.com\/si\/wp-content\/uploads\/sites\/2\/2021\/03\/hudo-app-2.png","contentUrl":"https:\/\/hudo.com\/si\/wp-content\/uploads\/sites\/2\/2021\/03\/hudo-app-2.png","width":2185,"height":2167,"caption":"VSN Media"},"image":{"@id":"https:\/\/hudo.com\/si\/#\/schema\/logo\/image\/"},"sameAs":["https:\/\/www.facebook.com\/hudo.si","https:\/\/twitter.com\/hudo_si"]},{"@type":"Person","@id":"https:\/\/hudo.com\/si\/#\/schema\/person\/601cf3379633985b20f7e50f2bb47707","name":"hudo","image":{"@type":"ImageObject","inLanguage":"sl-SI","@id":"https:\/\/hudo.com\/si\/#\/schema\/person\/image\/","url":"https:\/\/secure.gravatar.com\/avatar\/c4ca25fa72cace7a696b52ff5db9e095?s=96&d=mm&r=g","contentUrl":"https:\/\/secure.gravatar.com\/avatar\/c4ca25fa72cace7a696b52ff5db9e095?s=96&d=mm&r=g","caption":"hudo"},"url":"https:\/\/hudo.com\/si\/author\/hudo\/"}]}},"amp_enabled":true,"_links":{"self":[{"href":"https:\/\/hudo.com\/si\/wp-json\/wp\/v2\/posts\/247290"}],"collection":[{"href":"https:\/\/hudo.com\/si\/wp-json\/wp\/v2\/posts"}],"about":[{"href":"https:\/\/hudo.com\/si\/wp-json\/wp\/v2\/types\/post"}],"author":[{"embeddable":true,"href":"https:\/\/hudo.com\/si\/wp-json\/wp\/v2\/users\/1"}],"replies":[{"embeddable":true,"href":"https:\/\/hudo.com\/si\/wp-json\/wp\/v2\/comments?post=247290"}],"version-history":[{"count":1,"href":"https:\/\/hudo.com\/si\/wp-json\/wp\/v2\/posts\/247290\/revisions"}],"predecessor-version":[{"id":247365,"href":"https:\/\/hudo.com\/si\/wp-json\/wp\/v2\/posts\/247290\/revisions\/247365"}],"wp:attachment":[{"href":"https:\/\/hudo.com\/si\/wp-json\/wp\/v2\/media?parent=247290"}],"wp:term":[{"taxonomy":"category","embeddable":true,"href":"https:\/\/hudo.com\/si\/wp-json\/wp\/v2\/categories?post=247290"},{"taxonomy":"post_tag","embeddable":true,"href":"https:\/\/hudo.com\/si\/wp-json\/wp\/v2\/tags?post=247290"},{"taxonomy":"source","embeddable":true,"href":"https:\/\/hudo.com\/si\/wp-json\/wp\/v2\/source?post=247290"},{"taxonomy":"supertag","embeddable":true,"href":"https:\/\/hudo.com\/si\/wp-json\/wp\/v2\/supertag?post=247290"}],"curies":[{"name":"wp","href":"https:\/\/api.w.org\/{rel}","templated":true}]}}