{"id":247363,"date":"2017-04-25T11:01:00","date_gmt":"2017-04-25T09:01:00","guid":{"rendered":"http:\/\/hudo.com\/si\/2017\/04\/25\/tone-partljic-maribor-se-mora-zaceti-drugace-boriti-za-svoje-pravice\/"},"modified":"2017-04-25T16:22:08","modified_gmt":"2017-04-25T14:22:08","slug":"tone-partljic-maribor-se-mora-zaceti-drugace-boriti-za-svoje-pravice","status":"publish","type":"post","link":"https:\/\/hudo.com\/si\/aktualno\/tone-partljic-maribor-se-mora-zaceti-drugace-boriti-za-svoje-pravice\/","title":{"rendered":"Tone Partlji\u010d: Maribor se mora za\u010deti druga\u010de boriti za svoje pravice"},"content":{"rendered":"<p>&#8220;To, da sem \u010dlan komisije, ki naj bi potrdila novo umetni\u0161ko direktorico ali direktorja Bor\u0161tnikovega sre\u010danja, sem izvedel iz medijev in uradno \u0161e vedno nisem bil obve\u0161\u010den o tem. Bom na naslednji seji, prve se nisem mogel udele\u017eiti, gotovo kaj rekel o tem, kako sem lahko \u010dlan, celo predsednik komisije, ne da bi me bil kdo vpra\u0161al,&#8221; se je na na\u0161 klic odzval Tone Partlji\u010d, ko smo ga vpra\u0161ali, ali bo Vesna Jurca Tadel, trenutno zaposlena v ministrstvu za kulturo, tista, ki bo nasledila Aljo Predan. Na razpis je prispelo pet pro\u0161enj, zgolj prijava Jurce Tadlove pa je bila popolna. Na prvi seji je niso potrdili, ker \u010dlani niso bilo sklep\u010dni, iz komisije je takrat izstopil \u0161e Ivo Svetina, ki zaradi na\u010delnih razlogov in drugih problemov v kulturi (tudi samozaposlenih) ne \u017eeli sodelovati v nobeni komisiji ministrstva za kulturo. &#8220;Napisal sem, da se ustanovitvene seje ne morem udele\u017eiti, sem pa o kandidatki dal pozitivno mnenje; nekaj \u010dasa je bila dramaturginja v teatru, ki sem ga vodil kot umetni\u0161ki direktor. Je tudi odli\u010dna publicistka, kvalificirana za to mesto, in ima izjemne zna\u010dajske poteze. Sem pa, zaradi mnogih pozivov, potem ko je odstopila Predanova, postavil dodatno vpra\u0161anje, kaj namerava storiti, da bi Maribor to sre\u010danje v nekem emocionalnem smislu spet za\u010dutil,&#8221; pravi Partlji\u010d. Namre\u010d, po odstopu Alje Predan, ki so ji mnogi o\u010ditali, da je bila v osmih letih direktorovanja premalo v Mariboru, sama pa je odstopila, ker podpore v SNG Maribor ni ve\u010d imela, se je v tem mestu spet razvnela debata (za mnoge seveda popolnoma nepotrebna) o &#8220;ljubljanskih&#8221; in &#8220;mariborskih&#8221; direktorjih. Tudi iz ob\u010dine naj bi po na\u0161ih podatkih na ministrstvo \u017ee romala \u017eupanova zahteva, da bi spremenili dolo\u010dene akte, ki bi mestu dali ve\u010d pravice pri odlo\u010danju o tem, kdo bo direktor Bor\u0161tnikovega. \u010ce Maribor sre\u010danju omogo\u010da vso infrastrukturo in daje denar, mu pripada tudi ve\u010d pravic, so prepri\u010dani v ob\u010dini in mnogi drugi v mestu. &#8220;Vsega tega sedaj ni mogo\u010de spremeniti, in \u010de bi mi \u017eeleli<\/p>\n","protected":false},"excerpt":{"rendered":"<p>&#8220;To, da sem \u010dlan komisije, ki naj bi potrdila novo umetni\u0161ko direktorico ali direktorja Bor\u0161tnikovega sre\u010danja, sem izvedel iz medijev in uradno \u0161e vedno nisem bil obve\u0161\u010den o tem. Bom na naslednji seji, prve se nisem mogel udele\u017eiti, gotovo kaj rekel o tem, kako sem lahko \u010dlan, celo predsednik komisije, ne da bi me bil kdo vpra\u0161al,&#8221; se je na na\u0161 klic odzval Tone Partlji\u010d, ko smo ga vpra\u0161ali, ali bo Vesna Jurca Tadel, trenutno zaposlena v ministrstvu za kulturo, tista, ki bo nasledila Aljo Predan. Na razpis je prispelo pet pro\u0161enj, zgolj prijava Jurce Tadlove pa je bila popolna. Na prvi seji je niso potrdili, ker \u010dlani niso bilo sklep\u010dni, iz komisije je takrat izstopil \u0161e Ivo Svetina, ki zaradi na\u010delnih razlogov in drugih problemov v kulturi (tudi samozaposlenih) ne \u017eeli sodelovati v nobeni komisiji ministrstva za kulturo. &#8220;Napisal sem, da se ustanovitvene seje ne morem udele\u017eiti, sem pa o kandidatki dal pozitivno mnenje; nekaj \u010dasa je bila dramaturginja v teatru, ki sem ga vodil kot umetni\u0161ki direktor. Je tudi odli\u010dna publicistka, kvalificirana za to mesto, in ima izjemne zna\u010dajske poteze. Sem pa, zaradi mnogih pozivov, potem ko je odstopila Predanova, postavil dodatno vpra\u0161anje, kaj namerava storiti, da bi Maribor to sre\u010danje v nekem emocionalnem smislu spet za\u010dutil,&#8221; pravi Partlji\u010d. Namre\u010d, po odstopu Alje Predan, ki so ji mnogi o\u010ditali, da je bila v osmih letih direktorovanja premalo v Mariboru, sama pa je odstopila, ker podpore v SNG Maribor ni ve\u010d imela, se je v tem mestu spet razvnela debata (za mnoge seveda popolnoma nepotrebna) o &#8220;ljubljanskih&#8221; in &#8220;mariborskih&#8221; direktorjih. Tudi iz ob\u010dine naj bi po na\u0161ih podatkih na ministrstvo \u017ee romala \u017eupanova zahteva, da bi spremenili dolo\u010dene akte, ki bi mestu dali ve\u010d pravice pri odlo\u010danju o tem, kdo bo direktor Bor\u0161tnikovega. \u010ce Maribor sre\u010danju omogo\u010da vso infrastrukturo in daje denar, mu pripada tudi ve\u010d pravic, so prepri\u010dani v ob\u010dini in mnogi drugi v mestu. &#8220;Vsega tega sedaj ni mogo\u010de spremeniti, in \u010de bi mi \u017eeleli<\/p>\n","protected":false},"author":1,"featured_media":0,"comment_status":"closed","ping_status":"closed","sticky":false,"template":"","format":"standard","meta":{"footnotes":""},"categories":[1179],"tags":[],"source":[1711],"supertag":[],"acf":[],"yoast_head":"<!-- This site is optimized with the Yoast SEO plugin v21.3 - https:\/\/yoast.com\/wordpress\/plugins\/seo\/ -->\n<title>Tone Partlji\u010d: Maribor se mora za\u010deti druga\u010de boriti za svoje pravice - Hudo Slovenija<\/title>\n<meta name=\"robots\" content=\"index, follow, max-snippet:-1, max-image-preview:large, max-video-preview:-1\" \/>\n<link rel=\"canonical\" href=\"https:\/\/hudo.com\/si\/aktualno\/tone-partljic-maribor-se-mora-zaceti-drugace-boriti-za-svoje-pravice\/\" \/>\n<meta property=\"og:locale\" content=\"sl_SI\" \/>\n<meta property=\"og:type\" content=\"article\" \/>\n<meta property=\"og:title\" content=\"Tone Partlji\u010d: Maribor se mora za\u010deti druga\u010de boriti za svoje pravice - Hudo Slovenija\" \/>\n<meta property=\"og:description\" content=\"&quot;To, da sem \u010dlan komisije, ki naj bi potrdila novo umetni\u0161ko direktorico ali direktorja Bor\u0161tnikovega sre\u010danja, sem izvedel iz medijev in uradno \u0161e vedno nisem bil obve\u0161\u010den o tem. Bom na naslednji seji, prve se nisem mogel udele\u017eiti, gotovo kaj rekel o tem, kako sem lahko \u010dlan, celo predsednik komisije, ne da bi me bil kdo vpra\u0161al,&quot; se je na na\u0161 klic odzval Tone Partlji\u010d, ko smo ga vpra\u0161ali, ali bo Vesna Jurca Tadel, trenutno zaposlena v ministrstvu za kulturo, tista, ki bo nasledila Aljo Predan. Na razpis je prispelo pet pro\u0161enj, zgolj prijava Jurce Tadlove pa je bila popolna. Na prvi seji je niso potrdili, ker \u010dlani niso bilo sklep\u010dni, iz komisije je takrat izstopil \u0161e Ivo Svetina, ki zaradi na\u010delnih razlogov in drugih problemov v kulturi (tudi samozaposlenih) ne \u017eeli sodelovati v nobeni komisiji ministrstva za kulturo. &quot;Napisal sem, da se ustanovitvene seje ne morem udele\u017eiti, sem pa o kandidatki dal pozitivno mnenje; nekaj \u010dasa je bila dramaturginja v teatru, ki sem ga vodil kot umetni\u0161ki direktor. Je tudi odli\u010dna publicistka, kvalificirana za to mesto, in ima izjemne zna\u010dajske poteze. Sem pa, zaradi mnogih pozivov, potem ko je odstopila Predanova, postavil dodatno vpra\u0161anje, kaj namerava storiti, da bi Maribor to sre\u010danje v nekem emocionalnem smislu spet za\u010dutil,&quot; pravi Partlji\u010d. Namre\u010d, po odstopu Alje Predan, ki so ji mnogi o\u010ditali, da je bila v osmih letih direktorovanja premalo v Mariboru, sama pa je odstopila, ker podpore v SNG Maribor ni ve\u010d imela, se je v tem mestu spet razvnela debata (za mnoge seveda popolnoma nepotrebna) o &quot;ljubljanskih&quot; in &quot;mariborskih&quot; direktorjih. Tudi iz ob\u010dine naj bi po na\u0161ih podatkih na ministrstvo \u017ee romala \u017eupanova zahteva, da bi spremenili dolo\u010dene akte, ki bi mestu dali ve\u010d pravice pri odlo\u010danju o tem, kdo bo direktor Bor\u0161tnikovega. \u010ce Maribor sre\u010danju omogo\u010da vso infrastrukturo in daje denar, mu pripada tudi ve\u010d pravic, so prepri\u010dani v ob\u010dini in mnogi drugi v mestu. &quot;Vsega tega sedaj ni mogo\u010de spremeniti, in \u010de bi mi \u017eeleli\" \/>\n<meta property=\"og:url\" content=\"https:\/\/hudo.com\/si\/aktualno\/tone-partljic-maribor-se-mora-zaceti-drugace-boriti-za-svoje-pravice\/\" \/>\n<meta property=\"og:site_name\" content=\"Hudo Slovenija\" \/>\n<meta property=\"article:publisher\" content=\"https:\/\/www.facebook.com\/hudo.si\" \/>\n<meta property=\"article:published_time\" content=\"2017-04-25T09:01:00+00:00\" \/>\n<meta property=\"article:modified_time\" content=\"2017-04-25T14:22:08+00:00\" \/>\n<meta property=\"og:image\" content=\"https:\/\/hudo.com\/si\/wp-content\/uploads\/sites\/2\/2017\/04\/Tone_Partlji_Z-300.jpg\" \/>\n\t<meta property=\"og:image:width\" content=\"450\" \/>\n\t<meta property=\"og:image:height\" content=\"300\" \/>\n\t<meta property=\"og:image:type\" content=\"image\/jpeg\" \/>\n<meta name=\"author\" content=\"hudo\" \/>\n<meta name=\"twitter:card\" content=\"summary_large_image\" \/>\n<meta name=\"twitter:creator\" content=\"@hudo_si\" \/>\n<meta name=\"twitter:site\" content=\"@hudo_si\" \/>\n<meta name=\"twitter:label1\" content=\"Written by\" \/>\n\t<meta name=\"twitter:data1\" content=\"hudo\" \/>\n\t<meta name=\"twitter:label2\" content=\"Est. reading time\" \/>\n\t<meta name=\"twitter:data2\" content=\"2 minuti\" \/>\n<script type=\"application\/ld+json\" class=\"yoast-schema-graph\">{\"@context\":\"https:\/\/schema.org\",\"@graph\":[{\"@type\":\"Article\",\"@id\":\"https:\/\/hudo.com\/si\/aktualno\/tone-partljic-maribor-se-mora-zaceti-drugace-boriti-za-svoje-pravice\/#article\",\"isPartOf\":{\"@id\":\"https:\/\/hudo.com\/si\/aktualno\/tone-partljic-maribor-se-mora-zaceti-drugace-boriti-za-svoje-pravice\/\"},\"author\":{\"name\":\"hudo\",\"@id\":\"https:\/\/hudo.com\/si\/#\/schema\/person\/601cf3379633985b20f7e50f2bb47707\"},\"headline\":\"Tone Partlji\u010d: Maribor se mora za\u010deti druga\u010de boriti za svoje pravice\",\"datePublished\":\"2017-04-25T09:01:00+00:00\",\"dateModified\":\"2017-04-25T14:22:08+00:00\",\"mainEntityOfPage\":{\"@id\":\"https:\/\/hudo.com\/si\/aktualno\/tone-partljic-maribor-se-mora-zaceti-drugace-boriti-za-svoje-pravice\/\"},\"wordCount\":369,\"publisher\":{\"@id\":\"https:\/\/hudo.com\/si\/#organization\"},\"articleSection\":[\"Aktualno\"],\"inLanguage\":\"sl-SI\"},{\"@type\":\"WebPage\",\"@id\":\"https:\/\/hudo.com\/si\/aktualno\/tone-partljic-maribor-se-mora-zaceti-drugace-boriti-za-svoje-pravice\/\",\"url\":\"https:\/\/hudo.com\/si\/aktualno\/tone-partljic-maribor-se-mora-zaceti-drugace-boriti-za-svoje-pravice\/\",\"name\":\"Tone Partlji\u010d: Maribor se mora za\u010deti druga\u010de boriti za svoje pravice - Hudo Slovenija\",\"isPartOf\":{\"@id\":\"https:\/\/hudo.com\/si\/#website\"},\"datePublished\":\"2017-04-25T09:01:00+00:00\",\"dateModified\":\"2017-04-25T14:22:08+00:00\",\"breadcrumb\":{\"@id\":\"https:\/\/hudo.com\/si\/aktualno\/tone-partljic-maribor-se-mora-zaceti-drugace-boriti-za-svoje-pravice\/#breadcrumb\"},\"inLanguage\":\"sl-SI\",\"potentialAction\":[{\"@type\":\"ReadAction\",\"target\":[\"https:\/\/hudo.com\/si\/aktualno\/tone-partljic-maribor-se-mora-zaceti-drugace-boriti-za-svoje-pravice\/\"]}]},{\"@type\":\"BreadcrumbList\",\"@id\":\"https:\/\/hudo.com\/si\/aktualno\/tone-partljic-maribor-se-mora-zaceti-drugace-boriti-za-svoje-pravice\/#breadcrumb\",\"itemListElement\":[{\"@type\":\"ListItem\",\"position\":1,\"name\":\"Home\",\"item\":\"https:\/\/hudo.com\/si\/\"},{\"@type\":\"ListItem\",\"position\":2,\"name\":\"Tone Partlji\u010d: Maribor se mora za\u010deti druga\u010de boriti za svoje pravice\"}]},{\"@type\":\"WebSite\",\"@id\":\"https:\/\/hudo.com\/si\/#website\",\"url\":\"https:\/\/hudo.com\/si\/\",\"name\":\"Hudo Slovenija\",\"description\":\"Vse novice iz Slovenije in sveta\",\"publisher\":{\"@id\":\"https:\/\/hudo.com\/si\/#organization\"},\"potentialAction\":[{\"@type\":\"SearchAction\",\"target\":{\"@type\":\"EntryPoint\",\"urlTemplate\":\"https:\/\/hudo.com\/si\/?s={search_term_string}\"},\"query-input\":\"required name=search_term_string\"}],\"inLanguage\":\"sl-SI\"},{\"@type\":\"Organization\",\"@id\":\"https:\/\/hudo.com\/si\/#organization\",\"name\":\"VSN Media\",\"url\":\"https:\/\/hudo.com\/si\/\",\"logo\":{\"@type\":\"ImageObject\",\"inLanguage\":\"sl-SI\",\"@id\":\"https:\/\/hudo.com\/si\/#\/schema\/logo\/image\/\",\"url\":\"https:\/\/hudo.com\/si\/wp-content\/uploads\/sites\/2\/2021\/03\/hudo-app-2.png\",\"contentUrl\":\"https:\/\/hudo.com\/si\/wp-content\/uploads\/sites\/2\/2021\/03\/hudo-app-2.png\",\"width\":2185,\"height\":2167,\"caption\":\"VSN Media\"},\"image\":{\"@id\":\"https:\/\/hudo.com\/si\/#\/schema\/logo\/image\/\"},\"sameAs\":[\"https:\/\/www.facebook.com\/hudo.si\",\"https:\/\/twitter.com\/hudo_si\"]},{\"@type\":\"Person\",\"@id\":\"https:\/\/hudo.com\/si\/#\/schema\/person\/601cf3379633985b20f7e50f2bb47707\",\"name\":\"hudo\",\"image\":{\"@type\":\"ImageObject\",\"inLanguage\":\"sl-SI\",\"@id\":\"https:\/\/hudo.com\/si\/#\/schema\/person\/image\/\",\"url\":\"https:\/\/secure.gravatar.com\/avatar\/c4ca25fa72cace7a696b52ff5db9e095?s=96&d=mm&r=g\",\"contentUrl\":\"https:\/\/secure.gravatar.com\/avatar\/c4ca25fa72cace7a696b52ff5db9e095?s=96&d=mm&r=g\",\"caption\":\"hudo\"},\"url\":\"https:\/\/hudo.com\/si\/author\/hudo\/\"}]}<\/script>\n<!-- \/ Yoast SEO plugin. -->","yoast_head_json":{"title":"Tone Partlji\u010d: Maribor se mora za\u010deti druga\u010de boriti za svoje pravice - Hudo Slovenija","robots":{"index":"index","follow":"follow","max-snippet":"max-snippet:-1","max-image-preview":"max-image-preview:large","max-video-preview":"max-video-preview:-1"},"canonical":"https:\/\/hudo.com\/si\/aktualno\/tone-partljic-maribor-se-mora-zaceti-drugace-boriti-za-svoje-pravice\/","og_locale":"sl_SI","og_type":"article","og_title":"Tone Partlji\u010d: Maribor se mora za\u010deti druga\u010de boriti za svoje pravice - Hudo Slovenija","og_description":"\"To, da sem \u010dlan komisije, ki naj bi potrdila novo umetni\u0161ko direktorico ali direktorja Bor\u0161tnikovega sre\u010danja, sem izvedel iz medijev in uradno \u0161e vedno nisem bil obve\u0161\u010den o tem. Bom na naslednji seji, prve se nisem mogel udele\u017eiti, gotovo kaj rekel o tem, kako sem lahko \u010dlan, celo predsednik komisije, ne da bi me bil kdo vpra\u0161al,\" se je na na\u0161 klic odzval Tone Partlji\u010d, ko smo ga vpra\u0161ali, ali bo Vesna Jurca Tadel, trenutno zaposlena v ministrstvu za kulturo, tista, ki bo nasledila Aljo Predan. Na razpis je prispelo pet pro\u0161enj, zgolj prijava Jurce Tadlove pa je bila popolna. Na prvi seji je niso potrdili, ker \u010dlani niso bilo sklep\u010dni, iz komisije je takrat izstopil \u0161e Ivo Svetina, ki zaradi na\u010delnih razlogov in drugih problemov v kulturi (tudi samozaposlenih) ne \u017eeli sodelovati v nobeni komisiji ministrstva za kulturo. \"Napisal sem, da se ustanovitvene seje ne morem udele\u017eiti, sem pa o kandidatki dal pozitivno mnenje; nekaj \u010dasa je bila dramaturginja v teatru, ki sem ga vodil kot umetni\u0161ki direktor. Je tudi odli\u010dna publicistka, kvalificirana za to mesto, in ima izjemne zna\u010dajske poteze. Sem pa, zaradi mnogih pozivov, potem ko je odstopila Predanova, postavil dodatno vpra\u0161anje, kaj namerava storiti, da bi Maribor to sre\u010danje v nekem emocionalnem smislu spet za\u010dutil,\" pravi Partlji\u010d. Namre\u010d, po odstopu Alje Predan, ki so ji mnogi o\u010ditali, da je bila v osmih letih direktorovanja premalo v Mariboru, sama pa je odstopila, ker podpore v SNG Maribor ni ve\u010d imela, se je v tem mestu spet razvnela debata (za mnoge seveda popolnoma nepotrebna) o \"ljubljanskih\" in \"mariborskih\" direktorjih. Tudi iz ob\u010dine naj bi po na\u0161ih podatkih na ministrstvo \u017ee romala \u017eupanova zahteva, da bi spremenili dolo\u010dene akte, ki bi mestu dali ve\u010d pravice pri odlo\u010danju o tem, kdo bo direktor Bor\u0161tnikovega. \u010ce Maribor sre\u010danju omogo\u010da vso infrastrukturo in daje denar, mu pripada tudi ve\u010d pravic, so prepri\u010dani v ob\u010dini in mnogi drugi v mestu. \"Vsega tega sedaj ni mogo\u010de spremeniti, in \u010de bi mi \u017eeleli","og_url":"https:\/\/hudo.com\/si\/aktualno\/tone-partljic-maribor-se-mora-zaceti-drugace-boriti-za-svoje-pravice\/","og_site_name":"Hudo Slovenija","article_publisher":"https:\/\/www.facebook.com\/hudo.si","article_published_time":"2017-04-25T09:01:00+00:00","article_modified_time":"2017-04-25T14:22:08+00:00","og_image":[{"width":450,"height":300,"url":"https:\/\/hudo.com\/si\/wp-content\/uploads\/sites\/2\/2017\/04\/Tone_Partlji_Z-300.jpg","type":"image\/jpeg"}],"author":"hudo","twitter_card":"summary_large_image","twitter_creator":"@hudo_si","twitter_site":"@hudo_si","twitter_misc":{"Written by":"hudo","Est. reading time":"2 minuti"},"schema":{"@context":"https:\/\/schema.org","@graph":[{"@type":"Article","@id":"https:\/\/hudo.com\/si\/aktualno\/tone-partljic-maribor-se-mora-zaceti-drugace-boriti-za-svoje-pravice\/#article","isPartOf":{"@id":"https:\/\/hudo.com\/si\/aktualno\/tone-partljic-maribor-se-mora-zaceti-drugace-boriti-za-svoje-pravice\/"},"author":{"name":"hudo","@id":"https:\/\/hudo.com\/si\/#\/schema\/person\/601cf3379633985b20f7e50f2bb47707"},"headline":"Tone Partlji\u010d: Maribor se mora za\u010deti druga\u010de boriti za svoje pravice","datePublished":"2017-04-25T09:01:00+00:00","dateModified":"2017-04-25T14:22:08+00:00","mainEntityOfPage":{"@id":"https:\/\/hudo.com\/si\/aktualno\/tone-partljic-maribor-se-mora-zaceti-drugace-boriti-za-svoje-pravice\/"},"wordCount":369,"publisher":{"@id":"https:\/\/hudo.com\/si\/#organization"},"articleSection":["Aktualno"],"inLanguage":"sl-SI"},{"@type":"WebPage","@id":"https:\/\/hudo.com\/si\/aktualno\/tone-partljic-maribor-se-mora-zaceti-drugace-boriti-za-svoje-pravice\/","url":"https:\/\/hudo.com\/si\/aktualno\/tone-partljic-maribor-se-mora-zaceti-drugace-boriti-za-svoje-pravice\/","name":"Tone Partlji\u010d: Maribor se mora za\u010deti druga\u010de boriti za svoje pravice - Hudo Slovenija","isPartOf":{"@id":"https:\/\/hudo.com\/si\/#website"},"datePublished":"2017-04-25T09:01:00+00:00","dateModified":"2017-04-25T14:22:08+00:00","breadcrumb":{"@id":"https:\/\/hudo.com\/si\/aktualno\/tone-partljic-maribor-se-mora-zaceti-drugace-boriti-za-svoje-pravice\/#breadcrumb"},"inLanguage":"sl-SI","potentialAction":[{"@type":"ReadAction","target":["https:\/\/hudo.com\/si\/aktualno\/tone-partljic-maribor-se-mora-zaceti-drugace-boriti-za-svoje-pravice\/"]}]},{"@type":"BreadcrumbList","@id":"https:\/\/hudo.com\/si\/aktualno\/tone-partljic-maribor-se-mora-zaceti-drugace-boriti-za-svoje-pravice\/#breadcrumb","itemListElement":[{"@type":"ListItem","position":1,"name":"Home","item":"https:\/\/hudo.com\/si\/"},{"@type":"ListItem","position":2,"name":"Tone Partlji\u010d: Maribor se mora za\u010deti druga\u010de boriti za svoje pravice"}]},{"@type":"WebSite","@id":"https:\/\/hudo.com\/si\/#website","url":"https:\/\/hudo.com\/si\/","name":"Hudo Slovenija","description":"Vse novice iz Slovenije in sveta","publisher":{"@id":"https:\/\/hudo.com\/si\/#organization"},"potentialAction":[{"@type":"SearchAction","target":{"@type":"EntryPoint","urlTemplate":"https:\/\/hudo.com\/si\/?s={search_term_string}"},"query-input":"required name=search_term_string"}],"inLanguage":"sl-SI"},{"@type":"Organization","@id":"https:\/\/hudo.com\/si\/#organization","name":"VSN Media","url":"https:\/\/hudo.com\/si\/","logo":{"@type":"ImageObject","inLanguage":"sl-SI","@id":"https:\/\/hudo.com\/si\/#\/schema\/logo\/image\/","url":"https:\/\/hudo.com\/si\/wp-content\/uploads\/sites\/2\/2021\/03\/hudo-app-2.png","contentUrl":"https:\/\/hudo.com\/si\/wp-content\/uploads\/sites\/2\/2021\/03\/hudo-app-2.png","width":2185,"height":2167,"caption":"VSN Media"},"image":{"@id":"https:\/\/hudo.com\/si\/#\/schema\/logo\/image\/"},"sameAs":["https:\/\/www.facebook.com\/hudo.si","https:\/\/twitter.com\/hudo_si"]},{"@type":"Person","@id":"https:\/\/hudo.com\/si\/#\/schema\/person\/601cf3379633985b20f7e50f2bb47707","name":"hudo","image":{"@type":"ImageObject","inLanguage":"sl-SI","@id":"https:\/\/hudo.com\/si\/#\/schema\/person\/image\/","url":"https:\/\/secure.gravatar.com\/avatar\/c4ca25fa72cace7a696b52ff5db9e095?s=96&d=mm&r=g","contentUrl":"https:\/\/secure.gravatar.com\/avatar\/c4ca25fa72cace7a696b52ff5db9e095?s=96&d=mm&r=g","caption":"hudo"},"url":"https:\/\/hudo.com\/si\/author\/hudo\/"}]}},"amp_enabled":true,"_links":{"self":[{"href":"https:\/\/hudo.com\/si\/wp-json\/wp\/v2\/posts\/247363"}],"collection":[{"href":"https:\/\/hudo.com\/si\/wp-json\/wp\/v2\/posts"}],"about":[{"href":"https:\/\/hudo.com\/si\/wp-json\/wp\/v2\/types\/post"}],"author":[{"embeddable":true,"href":"https:\/\/hudo.com\/si\/wp-json\/wp\/v2\/users\/1"}],"replies":[{"embeddable":true,"href":"https:\/\/hudo.com\/si\/wp-json\/wp\/v2\/comments?post=247363"}],"version-history":[{"count":1,"href":"https:\/\/hudo.com\/si\/wp-json\/wp\/v2\/posts\/247363\/revisions"}],"predecessor-version":[{"id":247410,"href":"https:\/\/hudo.com\/si\/wp-json\/wp\/v2\/posts\/247363\/revisions\/247410"}],"wp:attachment":[{"href":"https:\/\/hudo.com\/si\/wp-json\/wp\/v2\/media?parent=247363"}],"wp:term":[{"taxonomy":"category","embeddable":true,"href":"https:\/\/hudo.com\/si\/wp-json\/wp\/v2\/categories?post=247363"},{"taxonomy":"post_tag","embeddable":true,"href":"https:\/\/hudo.com\/si\/wp-json\/wp\/v2\/tags?post=247363"},{"taxonomy":"source","embeddable":true,"href":"https:\/\/hudo.com\/si\/wp-json\/wp\/v2\/source?post=247363"},{"taxonomy":"supertag","embeddable":true,"href":"https:\/\/hudo.com\/si\/wp-json\/wp\/v2\/supertag?post=247363"}],"curies":[{"name":"wp","href":"https:\/\/api.w.org\/{rel}","templated":true}]}}