{"id":24760,"date":"2016-04-08T16:45:00","date_gmt":"2016-04-08T14:45:00","guid":{"rendered":"http:\/\/hudo.com\/si\/2016\/04\/08\/nigrad-se-je-poravnal\/"},"modified":"2016-04-08T21:11:45","modified_gmt":"2016-04-08T19:11:45","slug":"nigrad-se-je-poravnal","status":"publish","type":"post","link":"https:\/\/hudo.com\/si\/aktualno\/nigrad-se-je-poravnal\/","title":{"rendered":"Nigrad se je poravnal"},"content":{"rendered":"<p>Pravdanje med komunalnim podjetjem Nigrad in znanim mariborskim odvetnikom Zvonkom Kol\u0161kom, ki je od podjetja terjal skupaj okoli 600 tiso\u010d evrov, se je zaklju\u010dilo s poravnavo. Nigrad je svojega nekdanjega odvetnika, ki je v podjetju opravljal tudi posle kadrovika, popla\u010dal s prodajo lastni\u0161kega dele\u017ea v Tovarni asfalta v Kidri\u010devem, ki naj bil vreden okoli pol milijona evrov. V odvetni\u0161ki dru\u017ebi Ze\u010devi\u0107, ki je zastopala Nigrad, so sicer v\u010deraj dejali, da je vsebina poravnave zaupna. Kakor smo poro\u010dali, se je med Nigradom in Kol\u0161kom zapletlo v za\u010detku leta 2012, ko je bila odvetniku odpovedana pogodba o izvajanju kadrovsko-pravne in splo\u0161ne funkcije v dru\u017ebi. Kol\u0161ek se je med drugim skliceval na aneks k pogodbi, ki naj bi ga sklenil \u017ee januarja 2004 in s katerim naj bi dobil mo\u017enost zastopanja Nigrada do vklju\u010dno leta 2014. Toda za Nigrad je bil aneks sporen, ker ga niso imeli zavedenega, ob tem pa so s Kol\u0161kom junija 2013 sklenili dogovor, iz katerega naj bi izhajalo, da so vsa razmerja med strankama razre\u0161ena. Kol\u0161ek, ki je sicer vlo\u017eil dve to\u017ebi, skupaj vredni zgoraj omenjeni visok znesek, je prvo to\u017ebo v vi\u0161ini 100 tiso\u010d evrov lani na prvostopenjskem sodi\u0161\u010du \u017ee dobil. Sodba sicer \u0161e ni bila pravnomo\u010dna, ker se je Nigrad zoper odlo\u010ditev prito\u017eil. Konec lanskega leta pa je bil na mariborskem okro\u017enem sodi\u0161\u010du razpisan \u0161e narok v drugi to\u017ebi, vredni 480 tiso\u010d evrov. \u010ce so v Nigradu sprva dejali, da jih to\u017ebe ne skrbijo, saj da ocenjujejo, da je bila pogodba podalj\u0161ana na sporen na\u010din, ka\u017ee, da so nato vendarle ugotovili, da jim slabo ka\u017ee ter zato privolili v poravnavo. &#8220;Za nas nikoli ni bilo sporno, da smo gospodu Kol\u0161ku nekaj dol\u017eni, zato smo \u017ee v lanskih bilancah oblikovali rezervacije. Seveda pa se ne moremo strinjati z vsemi njegovimi zahtevami, ker so dolo\u010dene zadeve zastarale, pri nekaterih pa enostavno ni upravi\u010den do pla\u010dila,&#8221; je \u0161e decembra lani dejal direktor Nigrada Marko \u017dula. Za komentar o poravnavi v\u010deraj ni bil dosegljiv, so pa v Nigradu odgovore obl<\/p>\n","protected":false},"excerpt":{"rendered":"<p>Pravdanje med komunalnim podjetjem Nigrad in znanim mariborskim odvetnikom Zvonkom Kol\u0161kom, ki je od podjetja terjal skupaj okoli 600 tiso\u010d evrov, se je zaklju\u010dilo s poravnavo. Nigrad je svojega nekdanjega odvetnika, ki je v podjetju opravljal tudi posle kadrovika, popla\u010dal s prodajo lastni\u0161kega dele\u017ea v Tovarni asfalta v Kidri\u010devem, ki naj bil vreden okoli pol milijona evrov. V odvetni\u0161ki dru\u017ebi Ze\u010devi\u0107, ki je zastopala Nigrad, so sicer v\u010deraj dejali, da je vsebina poravnave zaupna. Kakor smo poro\u010dali, se je med Nigradom in Kol\u0161kom zapletlo v za\u010detku leta 2012, ko je bila odvetniku odpovedana pogodba o izvajanju kadrovsko-pravne in splo\u0161ne funkcije v dru\u017ebi. Kol\u0161ek se je med drugim skliceval na aneks k pogodbi, ki naj bi ga sklenil \u017ee januarja 2004 in s katerim naj bi dobil mo\u017enost zastopanja Nigrada do vklju\u010dno leta 2014. Toda za Nigrad je bil aneks sporen, ker ga niso imeli zavedenega, ob tem pa so s Kol\u0161kom junija 2013 sklenili dogovor, iz katerega naj bi izhajalo, da so vsa razmerja med strankama razre\u0161ena. Kol\u0161ek, ki je sicer vlo\u017eil dve to\u017ebi, skupaj vredni zgoraj omenjeni visok znesek, je prvo to\u017ebo v vi\u0161ini 100 tiso\u010d evrov lani na prvostopenjskem sodi\u0161\u010du \u017ee dobil. Sodba sicer \u0161e ni bila pravnomo\u010dna, ker se je Nigrad zoper odlo\u010ditev prito\u017eil. Konec lanskega leta pa je bil na mariborskem okro\u017enem sodi\u0161\u010du razpisan \u0161e narok v drugi to\u017ebi, vredni 480 tiso\u010d evrov. \u010ce so v Nigradu sprva dejali, da jih to\u017ebe ne skrbijo, saj da ocenjujejo, da je bila pogodba podalj\u0161ana na sporen na\u010din, ka\u017ee, da so nato vendarle ugotovili, da jim slabo ka\u017ee ter zato privolili v poravnavo. &#8220;Za nas nikoli ni bilo sporno, da smo gospodu Kol\u0161ku nekaj dol\u017eni, zato smo \u017ee v lanskih bilancah oblikovali rezervacije. Seveda pa se ne moremo strinjati z vsemi njegovimi zahtevami, ker so dolo\u010dene zadeve zastarale, pri nekaterih pa enostavno ni upravi\u010den do pla\u010dila,&#8221; je \u0161e decembra lani dejal direktor Nigrada Marko \u017dula. Za komentar o poravnavi v\u010deraj ni bil dosegljiv, so pa v Nigradu odgovore obl<\/p>\n","protected":false},"author":1,"featured_media":0,"comment_status":"closed","ping_status":"closed","sticky":false,"template":"","format":"standard","meta":{"footnotes":""},"categories":[1179],"tags":[],"source":[1711],"supertag":[],"acf":[],"yoast_head":"<!-- This site is optimized with the Yoast SEO plugin v21.3 - https:\/\/yoast.com\/wordpress\/plugins\/seo\/ -->\n<title>Nigrad se je poravnal - Hudo Slovenija<\/title>\n<meta name=\"robots\" content=\"index, follow, max-snippet:-1, max-image-preview:large, max-video-preview:-1\" \/>\n<link rel=\"canonical\" href=\"https:\/\/hudo.com\/si\/aktualno\/nigrad-se-je-poravnal\/\" \/>\n<meta property=\"og:locale\" content=\"sl_SI\" \/>\n<meta property=\"og:type\" content=\"article\" \/>\n<meta property=\"og:title\" content=\"Nigrad se je poravnal - Hudo Slovenija\" \/>\n<meta property=\"og:description\" content=\"Pravdanje med komunalnim podjetjem Nigrad in znanim mariborskim odvetnikom Zvonkom Kol\u0161kom, ki je od podjetja terjal skupaj okoli 600 tiso\u010d evrov, se je zaklju\u010dilo s poravnavo. Nigrad je svojega nekdanjega odvetnika, ki je v podjetju opravljal tudi posle kadrovika, popla\u010dal s prodajo lastni\u0161kega dele\u017ea v Tovarni asfalta v Kidri\u010devem, ki naj bil vreden okoli pol milijona evrov. V odvetni\u0161ki dru\u017ebi Ze\u010devi\u0107, ki je zastopala Nigrad, so sicer v\u010deraj dejali, da je vsebina poravnave zaupna. Kakor smo poro\u010dali, se je med Nigradom in Kol\u0161kom zapletlo v za\u010detku leta 2012, ko je bila odvetniku odpovedana pogodba o izvajanju kadrovsko-pravne in splo\u0161ne funkcije v dru\u017ebi. Kol\u0161ek se je med drugim skliceval na aneks k pogodbi, ki naj bi ga sklenil \u017ee januarja 2004 in s katerim naj bi dobil mo\u017enost zastopanja Nigrada do vklju\u010dno leta 2014. Toda za Nigrad je bil aneks sporen, ker ga niso imeli zavedenega, ob tem pa so s Kol\u0161kom junija 2013 sklenili dogovor, iz katerega naj bi izhajalo, da so vsa razmerja med strankama razre\u0161ena. Kol\u0161ek, ki je sicer vlo\u017eil dve to\u017ebi, skupaj vredni zgoraj omenjeni visok znesek, je prvo to\u017ebo v vi\u0161ini 100 tiso\u010d evrov lani na prvostopenjskem sodi\u0161\u010du \u017ee dobil. Sodba sicer \u0161e ni bila pravnomo\u010dna, ker se je Nigrad zoper odlo\u010ditev prito\u017eil. Konec lanskega leta pa je bil na mariborskem okro\u017enem sodi\u0161\u010du razpisan \u0161e narok v drugi to\u017ebi, vredni 480 tiso\u010d evrov. \u010ce so v Nigradu sprva dejali, da jih to\u017ebe ne skrbijo, saj da ocenjujejo, da je bila pogodba podalj\u0161ana na sporen na\u010din, ka\u017ee, da so nato vendarle ugotovili, da jim slabo ka\u017ee ter zato privolili v poravnavo. &quot;Za nas nikoli ni bilo sporno, da smo gospodu Kol\u0161ku nekaj dol\u017eni, zato smo \u017ee v lanskih bilancah oblikovali rezervacije. Seveda pa se ne moremo strinjati z vsemi njegovimi zahtevami, ker so dolo\u010dene zadeve zastarale, pri nekaterih pa enostavno ni upravi\u010den do pla\u010dila,&quot; je \u0161e decembra lani dejal direktor Nigrada Marko \u017dula. Za komentar o poravnavi v\u010deraj ni bil dosegljiv, so pa v Nigradu odgovore obl\" \/>\n<meta property=\"og:url\" content=\"https:\/\/hudo.com\/si\/aktualno\/nigrad-se-je-poravnal\/\" \/>\n<meta property=\"og:site_name\" content=\"Hudo Slovenija\" \/>\n<meta property=\"article:publisher\" content=\"https:\/\/www.facebook.com\/hudo.si\" \/>\n<meta property=\"article:published_time\" content=\"2016-04-08T14:45:00+00:00\" \/>\n<meta property=\"article:modified_time\" content=\"2016-04-08T19:11:45+00:00\" \/>\n<meta property=\"og:image\" content=\"https:\/\/hudo.com\/si\/wp-content\/uploads\/sites\/2\/2016\/04\/0308M4-300.jpg\" \/>\n\t<meta property=\"og:image:width\" content=\"450\" \/>\n\t<meta property=\"og:image:height\" content=\"271\" \/>\n\t<meta property=\"og:image:type\" content=\"image\/jpeg\" \/>\n<meta name=\"author\" content=\"hudo\" \/>\n<meta name=\"twitter:card\" content=\"summary_large_image\" \/>\n<meta name=\"twitter:creator\" content=\"@hudo_si\" \/>\n<meta name=\"twitter:site\" content=\"@hudo_si\" \/>\n<meta name=\"twitter:label1\" content=\"Written by\" \/>\n\t<meta name=\"twitter:data1\" content=\"hudo\" \/>\n\t<meta name=\"twitter:label2\" content=\"Est. reading time\" \/>\n\t<meta name=\"twitter:data2\" content=\"2 minuti\" \/>\n<script type=\"application\/ld+json\" class=\"yoast-schema-graph\">{\"@context\":\"https:\/\/schema.org\",\"@graph\":[{\"@type\":\"Article\",\"@id\":\"https:\/\/hudo.com\/si\/aktualno\/nigrad-se-je-poravnal\/#article\",\"isPartOf\":{\"@id\":\"https:\/\/hudo.com\/si\/aktualno\/nigrad-se-je-poravnal\/\"},\"author\":{\"name\":\"hudo\",\"@id\":\"https:\/\/hudo.com\/si\/#\/schema\/person\/601cf3379633985b20f7e50f2bb47707\"},\"headline\":\"Nigrad se je poravnal\",\"datePublished\":\"2016-04-08T14:45:00+00:00\",\"dateModified\":\"2016-04-08T19:11:45+00:00\",\"mainEntityOfPage\":{\"@id\":\"https:\/\/hudo.com\/si\/aktualno\/nigrad-se-je-poravnal\/\"},\"wordCount\":370,\"publisher\":{\"@id\":\"https:\/\/hudo.com\/si\/#organization\"},\"articleSection\":[\"Aktualno\"],\"inLanguage\":\"sl-SI\"},{\"@type\":\"WebPage\",\"@id\":\"https:\/\/hudo.com\/si\/aktualno\/nigrad-se-je-poravnal\/\",\"url\":\"https:\/\/hudo.com\/si\/aktualno\/nigrad-se-je-poravnal\/\",\"name\":\"Nigrad se je poravnal - Hudo Slovenija\",\"isPartOf\":{\"@id\":\"https:\/\/hudo.com\/si\/#website\"},\"datePublished\":\"2016-04-08T14:45:00+00:00\",\"dateModified\":\"2016-04-08T19:11:45+00:00\",\"breadcrumb\":{\"@id\":\"https:\/\/hudo.com\/si\/aktualno\/nigrad-se-je-poravnal\/#breadcrumb\"},\"inLanguage\":\"sl-SI\",\"potentialAction\":[{\"@type\":\"ReadAction\",\"target\":[\"https:\/\/hudo.com\/si\/aktualno\/nigrad-se-je-poravnal\/\"]}]},{\"@type\":\"BreadcrumbList\",\"@id\":\"https:\/\/hudo.com\/si\/aktualno\/nigrad-se-je-poravnal\/#breadcrumb\",\"itemListElement\":[{\"@type\":\"ListItem\",\"position\":1,\"name\":\"Home\",\"item\":\"https:\/\/hudo.com\/si\/\"},{\"@type\":\"ListItem\",\"position\":2,\"name\":\"Nigrad se je poravnal\"}]},{\"@type\":\"WebSite\",\"@id\":\"https:\/\/hudo.com\/si\/#website\",\"url\":\"https:\/\/hudo.com\/si\/\",\"name\":\"Hudo Slovenija\",\"description\":\"Vse novice iz Slovenije in sveta\",\"publisher\":{\"@id\":\"https:\/\/hudo.com\/si\/#organization\"},\"potentialAction\":[{\"@type\":\"SearchAction\",\"target\":{\"@type\":\"EntryPoint\",\"urlTemplate\":\"https:\/\/hudo.com\/si\/?s={search_term_string}\"},\"query-input\":\"required name=search_term_string\"}],\"inLanguage\":\"sl-SI\"},{\"@type\":\"Organization\",\"@id\":\"https:\/\/hudo.com\/si\/#organization\",\"name\":\"VSN Media\",\"url\":\"https:\/\/hudo.com\/si\/\",\"logo\":{\"@type\":\"ImageObject\",\"inLanguage\":\"sl-SI\",\"@id\":\"https:\/\/hudo.com\/si\/#\/schema\/logo\/image\/\",\"url\":\"https:\/\/hudo.com\/si\/wp-content\/uploads\/sites\/2\/2021\/03\/hudo-app-2.png\",\"contentUrl\":\"https:\/\/hudo.com\/si\/wp-content\/uploads\/sites\/2\/2021\/03\/hudo-app-2.png\",\"width\":2185,\"height\":2167,\"caption\":\"VSN Media\"},\"image\":{\"@id\":\"https:\/\/hudo.com\/si\/#\/schema\/logo\/image\/\"},\"sameAs\":[\"https:\/\/www.facebook.com\/hudo.si\",\"https:\/\/twitter.com\/hudo_si\"]},{\"@type\":\"Person\",\"@id\":\"https:\/\/hudo.com\/si\/#\/schema\/person\/601cf3379633985b20f7e50f2bb47707\",\"name\":\"hudo\",\"image\":{\"@type\":\"ImageObject\",\"inLanguage\":\"sl-SI\",\"@id\":\"https:\/\/hudo.com\/si\/#\/schema\/person\/image\/\",\"url\":\"https:\/\/secure.gravatar.com\/avatar\/c4ca25fa72cace7a696b52ff5db9e095?s=96&d=mm&r=g\",\"contentUrl\":\"https:\/\/secure.gravatar.com\/avatar\/c4ca25fa72cace7a696b52ff5db9e095?s=96&d=mm&r=g\",\"caption\":\"hudo\"},\"url\":\"https:\/\/hudo.com\/si\/author\/hudo\/\"}]}<\/script>\n<!-- \/ Yoast SEO plugin. -->","yoast_head_json":{"title":"Nigrad se je poravnal - Hudo Slovenija","robots":{"index":"index","follow":"follow","max-snippet":"max-snippet:-1","max-image-preview":"max-image-preview:large","max-video-preview":"max-video-preview:-1"},"canonical":"https:\/\/hudo.com\/si\/aktualno\/nigrad-se-je-poravnal\/","og_locale":"sl_SI","og_type":"article","og_title":"Nigrad se je poravnal - Hudo Slovenija","og_description":"Pravdanje med komunalnim podjetjem Nigrad in znanim mariborskim odvetnikom Zvonkom Kol\u0161kom, ki je od podjetja terjal skupaj okoli 600 tiso\u010d evrov, se je zaklju\u010dilo s poravnavo. Nigrad je svojega nekdanjega odvetnika, ki je v podjetju opravljal tudi posle kadrovika, popla\u010dal s prodajo lastni\u0161kega dele\u017ea v Tovarni asfalta v Kidri\u010devem, ki naj bil vreden okoli pol milijona evrov. V odvetni\u0161ki dru\u017ebi Ze\u010devi\u0107, ki je zastopala Nigrad, so sicer v\u010deraj dejali, da je vsebina poravnave zaupna. Kakor smo poro\u010dali, se je med Nigradom in Kol\u0161kom zapletlo v za\u010detku leta 2012, ko je bila odvetniku odpovedana pogodba o izvajanju kadrovsko-pravne in splo\u0161ne funkcije v dru\u017ebi. Kol\u0161ek se je med drugim skliceval na aneks k pogodbi, ki naj bi ga sklenil \u017ee januarja 2004 in s katerim naj bi dobil mo\u017enost zastopanja Nigrada do vklju\u010dno leta 2014. Toda za Nigrad je bil aneks sporen, ker ga niso imeli zavedenega, ob tem pa so s Kol\u0161kom junija 2013 sklenili dogovor, iz katerega naj bi izhajalo, da so vsa razmerja med strankama razre\u0161ena. Kol\u0161ek, ki je sicer vlo\u017eil dve to\u017ebi, skupaj vredni zgoraj omenjeni visok znesek, je prvo to\u017ebo v vi\u0161ini 100 tiso\u010d evrov lani na prvostopenjskem sodi\u0161\u010du \u017ee dobil. Sodba sicer \u0161e ni bila pravnomo\u010dna, ker se je Nigrad zoper odlo\u010ditev prito\u017eil. Konec lanskega leta pa je bil na mariborskem okro\u017enem sodi\u0161\u010du razpisan \u0161e narok v drugi to\u017ebi, vredni 480 tiso\u010d evrov. \u010ce so v Nigradu sprva dejali, da jih to\u017ebe ne skrbijo, saj da ocenjujejo, da je bila pogodba podalj\u0161ana na sporen na\u010din, ka\u017ee, da so nato vendarle ugotovili, da jim slabo ka\u017ee ter zato privolili v poravnavo. \"Za nas nikoli ni bilo sporno, da smo gospodu Kol\u0161ku nekaj dol\u017eni, zato smo \u017ee v lanskih bilancah oblikovali rezervacije. Seveda pa se ne moremo strinjati z vsemi njegovimi zahtevami, ker so dolo\u010dene zadeve zastarale, pri nekaterih pa enostavno ni upravi\u010den do pla\u010dila,\" je \u0161e decembra lani dejal direktor Nigrada Marko \u017dula. Za komentar o poravnavi v\u010deraj ni bil dosegljiv, so pa v Nigradu odgovore obl","og_url":"https:\/\/hudo.com\/si\/aktualno\/nigrad-se-je-poravnal\/","og_site_name":"Hudo Slovenija","article_publisher":"https:\/\/www.facebook.com\/hudo.si","article_published_time":"2016-04-08T14:45:00+00:00","article_modified_time":"2016-04-08T19:11:45+00:00","og_image":[{"width":450,"height":271,"url":"https:\/\/hudo.com\/si\/wp-content\/uploads\/sites\/2\/2016\/04\/0308M4-300.jpg","type":"image\/jpeg"}],"author":"hudo","twitter_card":"summary_large_image","twitter_creator":"@hudo_si","twitter_site":"@hudo_si","twitter_misc":{"Written by":"hudo","Est. reading time":"2 minuti"},"schema":{"@context":"https:\/\/schema.org","@graph":[{"@type":"Article","@id":"https:\/\/hudo.com\/si\/aktualno\/nigrad-se-je-poravnal\/#article","isPartOf":{"@id":"https:\/\/hudo.com\/si\/aktualno\/nigrad-se-je-poravnal\/"},"author":{"name":"hudo","@id":"https:\/\/hudo.com\/si\/#\/schema\/person\/601cf3379633985b20f7e50f2bb47707"},"headline":"Nigrad se je poravnal","datePublished":"2016-04-08T14:45:00+00:00","dateModified":"2016-04-08T19:11:45+00:00","mainEntityOfPage":{"@id":"https:\/\/hudo.com\/si\/aktualno\/nigrad-se-je-poravnal\/"},"wordCount":370,"publisher":{"@id":"https:\/\/hudo.com\/si\/#organization"},"articleSection":["Aktualno"],"inLanguage":"sl-SI"},{"@type":"WebPage","@id":"https:\/\/hudo.com\/si\/aktualno\/nigrad-se-je-poravnal\/","url":"https:\/\/hudo.com\/si\/aktualno\/nigrad-se-je-poravnal\/","name":"Nigrad se je poravnal - Hudo Slovenija","isPartOf":{"@id":"https:\/\/hudo.com\/si\/#website"},"datePublished":"2016-04-08T14:45:00+00:00","dateModified":"2016-04-08T19:11:45+00:00","breadcrumb":{"@id":"https:\/\/hudo.com\/si\/aktualno\/nigrad-se-je-poravnal\/#breadcrumb"},"inLanguage":"sl-SI","potentialAction":[{"@type":"ReadAction","target":["https:\/\/hudo.com\/si\/aktualno\/nigrad-se-je-poravnal\/"]}]},{"@type":"BreadcrumbList","@id":"https:\/\/hudo.com\/si\/aktualno\/nigrad-se-je-poravnal\/#breadcrumb","itemListElement":[{"@type":"ListItem","position":1,"name":"Home","item":"https:\/\/hudo.com\/si\/"},{"@type":"ListItem","position":2,"name":"Nigrad se je poravnal"}]},{"@type":"WebSite","@id":"https:\/\/hudo.com\/si\/#website","url":"https:\/\/hudo.com\/si\/","name":"Hudo Slovenija","description":"Vse novice iz Slovenije in sveta","publisher":{"@id":"https:\/\/hudo.com\/si\/#organization"},"potentialAction":[{"@type":"SearchAction","target":{"@type":"EntryPoint","urlTemplate":"https:\/\/hudo.com\/si\/?s={search_term_string}"},"query-input":"required name=search_term_string"}],"inLanguage":"sl-SI"},{"@type":"Organization","@id":"https:\/\/hudo.com\/si\/#organization","name":"VSN Media","url":"https:\/\/hudo.com\/si\/","logo":{"@type":"ImageObject","inLanguage":"sl-SI","@id":"https:\/\/hudo.com\/si\/#\/schema\/logo\/image\/","url":"https:\/\/hudo.com\/si\/wp-content\/uploads\/sites\/2\/2021\/03\/hudo-app-2.png","contentUrl":"https:\/\/hudo.com\/si\/wp-content\/uploads\/sites\/2\/2021\/03\/hudo-app-2.png","width":2185,"height":2167,"caption":"VSN Media"},"image":{"@id":"https:\/\/hudo.com\/si\/#\/schema\/logo\/image\/"},"sameAs":["https:\/\/www.facebook.com\/hudo.si","https:\/\/twitter.com\/hudo_si"]},{"@type":"Person","@id":"https:\/\/hudo.com\/si\/#\/schema\/person\/601cf3379633985b20f7e50f2bb47707","name":"hudo","image":{"@type":"ImageObject","inLanguage":"sl-SI","@id":"https:\/\/hudo.com\/si\/#\/schema\/person\/image\/","url":"https:\/\/secure.gravatar.com\/avatar\/c4ca25fa72cace7a696b52ff5db9e095?s=96&d=mm&r=g","contentUrl":"https:\/\/secure.gravatar.com\/avatar\/c4ca25fa72cace7a696b52ff5db9e095?s=96&d=mm&r=g","caption":"hudo"},"url":"https:\/\/hudo.com\/si\/author\/hudo\/"}]}},"amp_enabled":true,"_links":{"self":[{"href":"https:\/\/hudo.com\/si\/wp-json\/wp\/v2\/posts\/24760"}],"collection":[{"href":"https:\/\/hudo.com\/si\/wp-json\/wp\/v2\/posts"}],"about":[{"href":"https:\/\/hudo.com\/si\/wp-json\/wp\/v2\/types\/post"}],"author":[{"embeddable":true,"href":"https:\/\/hudo.com\/si\/wp-json\/wp\/v2\/users\/1"}],"replies":[{"embeddable":true,"href":"https:\/\/hudo.com\/si\/wp-json\/wp\/v2\/comments?post=24760"}],"version-history":[{"count":1,"href":"https:\/\/hudo.com\/si\/wp-json\/wp\/v2\/posts\/24760\/revisions"}],"predecessor-version":[{"id":24817,"href":"https:\/\/hudo.com\/si\/wp-json\/wp\/v2\/posts\/24760\/revisions\/24817"}],"wp:attachment":[{"href":"https:\/\/hudo.com\/si\/wp-json\/wp\/v2\/media?parent=24760"}],"wp:term":[{"taxonomy":"category","embeddable":true,"href":"https:\/\/hudo.com\/si\/wp-json\/wp\/v2\/categories?post=24760"},{"taxonomy":"post_tag","embeddable":true,"href":"https:\/\/hudo.com\/si\/wp-json\/wp\/v2\/tags?post=24760"},{"taxonomy":"source","embeddable":true,"href":"https:\/\/hudo.com\/si\/wp-json\/wp\/v2\/source?post=24760"},{"taxonomy":"supertag","embeddable":true,"href":"https:\/\/hudo.com\/si\/wp-json\/wp\/v2\/supertag?post=24760"}],"curies":[{"name":"wp","href":"https:\/\/api.w.org\/{rel}","templated":true}]}}