{"id":24802,"date":"2016-04-08T17:26:24","date_gmt":"2016-04-08T15:26:24","guid":{"rendered":"http:\/\/hudo.com\/si\/2016\/04\/08\/skandal-na-balkanu-poglejte-kaj-so-hrvati-uspicili-srbom\/"},"modified":"2016-04-09T19:16:53","modified_gmt":"2016-04-09T17:16:53","slug":"skandal-na-balkanu-poglejte-kaj-so-hrvati-uspicili-srbom","status":"publish","type":"post","link":"https:\/\/hudo.com\/si\/aktualno\/skandal-na-balkanu-poglejte-kaj-so-hrvati-uspicili-srbom\/","title":{"rendered":"\u0160kandal na Balkanu: Poglejte, kaj so Hrvati u\u0161pi\u010dili Srbom"},"content":{"rendered":"<p>Delovna skupina za \u0161iritev EU je dana\u0161nja pogajanja s Srbijo zaklju\u010dila brez soglasja Hrva\u0161ke. Slednja je onemogo\u010dila razpravo o\u00a023. poglavju pogajanj, je potrdila vodja srbske pogajalske skupine Tanja Mi\u0161\u010devi\u010d. Hrvati med drugim od Srbije pri\u010dakujejo, da bo razre\u0161ila vojne zlo\u010dine in uredila pravice hrva\u0161ke manj\u0161ine v Srbiji.\u00a0 Hrva\u0161ka predstavnica ni imela ustreznih navodil, zato so<\/p>\n","protected":false},"excerpt":{"rendered":"<p>Delovna skupina za \u0161iritev EU je dana\u0161nja pogajanja s Srbijo zaklju\u010dila brez soglasja Hrva\u0161ke. Slednja je onemogo\u010dila razpravo o\u00a023. poglavju pogajanj, je potrdila vodja srbske pogajalske skupine Tanja Mi\u0161\u010devi\u010d. Hrvati med drugim od Srbije pri\u010dakujejo, da bo razre\u0161ila vojne zlo\u010dine in uredila pravice hrva\u0161ke manj\u0161ine v Srbiji.\u00a0 Hrva\u0161ka predstavnica ni imela ustreznih navodil, zato so<\/p>\n","protected":false},"author":1,"featured_media":0,"comment_status":"closed","ping_status":"closed","sticky":false,"template":"","format":"standard","meta":{"footnotes":""},"categories":[1179],"tags":[],"source":[1710],"supertag":[],"acf":[],"yoast_head":"<!-- This site is optimized with the Yoast SEO plugin v21.3 - https:\/\/yoast.com\/wordpress\/plugins\/seo\/ -->\n<title>\u0160kandal na Balkanu: Poglejte, kaj so Hrvati u\u0161pi\u010dili Srbom - Hudo Slovenija<\/title>\n<meta name=\"robots\" content=\"index, follow, max-snippet:-1, max-image-preview:large, max-video-preview:-1\" \/>\n<link rel=\"canonical\" href=\"https:\/\/hudo.com\/si\/aktualno\/skandal-na-balkanu-poglejte-kaj-so-hrvati-uspicili-srbom\/\" \/>\n<meta property=\"og:locale\" content=\"sl_SI\" \/>\n<meta property=\"og:type\" content=\"article\" \/>\n<meta property=\"og:title\" content=\"\u0160kandal na Balkanu: Poglejte, kaj so Hrvati u\u0161pi\u010dili Srbom - Hudo Slovenija\" \/>\n<meta property=\"og:description\" content=\"Delovna skupina za \u0161iritev EU je dana\u0161nja pogajanja s Srbijo zaklju\u010dila brez soglasja Hrva\u0161ke. Slednja je onemogo\u010dila razpravo o\u00a023. poglavju pogajanj, je potrdila vodja srbske pogajalske skupine Tanja Mi\u0161\u010devi\u010d. Hrvati med drugim od Srbije pri\u010dakujejo, da bo razre\u0161ila vojne zlo\u010dine in uredila pravice hrva\u0161ke manj\u0161ine v Srbiji.\u00a0 Hrva\u0161ka predstavnica ni imela ustreznih navodil, zato so\" \/>\n<meta property=\"og:url\" content=\"https:\/\/hudo.com\/si\/aktualno\/skandal-na-balkanu-poglejte-kaj-so-hrvati-uspicili-srbom\/\" \/>\n<meta property=\"og:site_name\" content=\"Hudo Slovenija\" \/>\n<meta property=\"article:publisher\" content=\"https:\/\/www.facebook.com\/hudo.si\" \/>\n<meta property=\"article:published_time\" content=\"2016-04-08T15:26:24+00:00\" \/>\n<meta property=\"article:modified_time\" content=\"2016-04-09T17:16:53+00:00\" \/>\n<meta property=\"og:image\" content=\"https:\/\/hudo.com\/si\/wp-content\/uploads\/sites\/2\/2016\/04\/skandal-na-balkanu-poglejte-kaj-so-hrvati-uspicili-srbom-01-1024x652.jpg\" \/>\n\t<meta property=\"og:image:width\" content=\"1024\" \/>\n\t<meta property=\"og:image:height\" content=\"652\" \/>\n\t<meta property=\"og:image:type\" content=\"image\/jpeg\" \/>\n<meta name=\"author\" content=\"hudo\" \/>\n<meta name=\"twitter:card\" content=\"summary_large_image\" \/>\n<meta name=\"twitter:creator\" content=\"@hudo_si\" \/>\n<meta name=\"twitter:site\" content=\"@hudo_si\" \/>\n<meta name=\"twitter:label1\" content=\"Written by\" \/>\n\t<meta name=\"twitter:data1\" content=\"hudo\" \/>\n<script type=\"application\/ld+json\" class=\"yoast-schema-graph\">{\"@context\":\"https:\/\/schema.org\",\"@graph\":[{\"@type\":\"Article\",\"@id\":\"https:\/\/hudo.com\/si\/aktualno\/skandal-na-balkanu-poglejte-kaj-so-hrvati-uspicili-srbom\/#article\",\"isPartOf\":{\"@id\":\"https:\/\/hudo.com\/si\/aktualno\/skandal-na-balkanu-poglejte-kaj-so-hrvati-uspicili-srbom\/\"},\"author\":{\"name\":\"hudo\",\"@id\":\"https:\/\/hudo.com\/si\/#\/schema\/person\/601cf3379633985b20f7e50f2bb47707\"},\"headline\":\"\u0160kandal na Balkanu: Poglejte, kaj so Hrvati u\u0161pi\u010dili Srbom\",\"datePublished\":\"2016-04-08T15:26:24+00:00\",\"dateModified\":\"2016-04-09T17:16:53+00:00\",\"mainEntityOfPage\":{\"@id\":\"https:\/\/hudo.com\/si\/aktualno\/skandal-na-balkanu-poglejte-kaj-so-hrvati-uspicili-srbom\/\"},\"wordCount\":77,\"publisher\":{\"@id\":\"https:\/\/hudo.com\/si\/#organization\"},\"articleSection\":[\"Aktualno\"],\"inLanguage\":\"sl-SI\"},{\"@type\":\"WebPage\",\"@id\":\"https:\/\/hudo.com\/si\/aktualno\/skandal-na-balkanu-poglejte-kaj-so-hrvati-uspicili-srbom\/\",\"url\":\"https:\/\/hudo.com\/si\/aktualno\/skandal-na-balkanu-poglejte-kaj-so-hrvati-uspicili-srbom\/\",\"name\":\"\u0160kandal na Balkanu: Poglejte, kaj so Hrvati u\u0161pi\u010dili Srbom - Hudo Slovenija\",\"isPartOf\":{\"@id\":\"https:\/\/hudo.com\/si\/#website\"},\"datePublished\":\"2016-04-08T15:26:24+00:00\",\"dateModified\":\"2016-04-09T17:16:53+00:00\",\"breadcrumb\":{\"@id\":\"https:\/\/hudo.com\/si\/aktualno\/skandal-na-balkanu-poglejte-kaj-so-hrvati-uspicili-srbom\/#breadcrumb\"},\"inLanguage\":\"sl-SI\",\"potentialAction\":[{\"@type\":\"ReadAction\",\"target\":[\"https:\/\/hudo.com\/si\/aktualno\/skandal-na-balkanu-poglejte-kaj-so-hrvati-uspicili-srbom\/\"]}]},{\"@type\":\"BreadcrumbList\",\"@id\":\"https:\/\/hudo.com\/si\/aktualno\/skandal-na-balkanu-poglejte-kaj-so-hrvati-uspicili-srbom\/#breadcrumb\",\"itemListElement\":[{\"@type\":\"ListItem\",\"position\":1,\"name\":\"Home\",\"item\":\"https:\/\/hudo.com\/si\/\"},{\"@type\":\"ListItem\",\"position\":2,\"name\":\"\u0160kandal na Balkanu: Poglejte, kaj so Hrvati u\u0161pi\u010dili Srbom\"}]},{\"@type\":\"WebSite\",\"@id\":\"https:\/\/hudo.com\/si\/#website\",\"url\":\"https:\/\/hudo.com\/si\/\",\"name\":\"Hudo Slovenija\",\"description\":\"Vse novice iz Slovenije in sveta\",\"publisher\":{\"@id\":\"https:\/\/hudo.com\/si\/#organization\"},\"potentialAction\":[{\"@type\":\"SearchAction\",\"target\":{\"@type\":\"EntryPoint\",\"urlTemplate\":\"https:\/\/hudo.com\/si\/?s={search_term_string}\"},\"query-input\":\"required name=search_term_string\"}],\"inLanguage\":\"sl-SI\"},{\"@type\":\"Organization\",\"@id\":\"https:\/\/hudo.com\/si\/#organization\",\"name\":\"VSN Media\",\"url\":\"https:\/\/hudo.com\/si\/\",\"logo\":{\"@type\":\"ImageObject\",\"inLanguage\":\"sl-SI\",\"@id\":\"https:\/\/hudo.com\/si\/#\/schema\/logo\/image\/\",\"url\":\"https:\/\/hudo.com\/si\/wp-content\/uploads\/sites\/2\/2021\/03\/hudo-app-2.png\",\"contentUrl\":\"https:\/\/hudo.com\/si\/wp-content\/uploads\/sites\/2\/2021\/03\/hudo-app-2.png\",\"width\":2185,\"height\":2167,\"caption\":\"VSN Media\"},\"image\":{\"@id\":\"https:\/\/hudo.com\/si\/#\/schema\/logo\/image\/\"},\"sameAs\":[\"https:\/\/www.facebook.com\/hudo.si\",\"https:\/\/twitter.com\/hudo_si\"]},{\"@type\":\"Person\",\"@id\":\"https:\/\/hudo.com\/si\/#\/schema\/person\/601cf3379633985b20f7e50f2bb47707\",\"name\":\"hudo\",\"image\":{\"@type\":\"ImageObject\",\"inLanguage\":\"sl-SI\",\"@id\":\"https:\/\/hudo.com\/si\/#\/schema\/person\/image\/\",\"url\":\"https:\/\/secure.gravatar.com\/avatar\/c4ca25fa72cace7a696b52ff5db9e095?s=96&d=mm&r=g\",\"contentUrl\":\"https:\/\/secure.gravatar.com\/avatar\/c4ca25fa72cace7a696b52ff5db9e095?s=96&d=mm&r=g\",\"caption\":\"hudo\"},\"url\":\"https:\/\/hudo.com\/si\/author\/hudo\/\"}]}<\/script>\n<!-- \/ Yoast SEO plugin. -->","yoast_head_json":{"title":"\u0160kandal na Balkanu: Poglejte, kaj so Hrvati u\u0161pi\u010dili Srbom - Hudo Slovenija","robots":{"index":"index","follow":"follow","max-snippet":"max-snippet:-1","max-image-preview":"max-image-preview:large","max-video-preview":"max-video-preview:-1"},"canonical":"https:\/\/hudo.com\/si\/aktualno\/skandal-na-balkanu-poglejte-kaj-so-hrvati-uspicili-srbom\/","og_locale":"sl_SI","og_type":"article","og_title":"\u0160kandal na Balkanu: Poglejte, kaj so Hrvati u\u0161pi\u010dili Srbom - Hudo Slovenija","og_description":"Delovna skupina za \u0161iritev EU je dana\u0161nja pogajanja s Srbijo zaklju\u010dila brez soglasja Hrva\u0161ke. Slednja je onemogo\u010dila razpravo o\u00a023. poglavju pogajanj, je potrdila vodja srbske pogajalske skupine Tanja Mi\u0161\u010devi\u010d. Hrvati med drugim od Srbije pri\u010dakujejo, da bo razre\u0161ila vojne zlo\u010dine in uredila pravice hrva\u0161ke manj\u0161ine v Srbiji.\u00a0 Hrva\u0161ka predstavnica ni imela ustreznih navodil, zato so","og_url":"https:\/\/hudo.com\/si\/aktualno\/skandal-na-balkanu-poglejte-kaj-so-hrvati-uspicili-srbom\/","og_site_name":"Hudo Slovenija","article_publisher":"https:\/\/www.facebook.com\/hudo.si","article_published_time":"2016-04-08T15:26:24+00:00","article_modified_time":"2016-04-09T17:16:53+00:00","og_image":[{"width":1024,"height":652,"url":"https:\/\/hudo.com\/si\/wp-content\/uploads\/sites\/2\/2016\/04\/skandal-na-balkanu-poglejte-kaj-so-hrvati-uspicili-srbom-01-1024x652.jpg","type":"image\/jpeg"}],"author":"hudo","twitter_card":"summary_large_image","twitter_creator":"@hudo_si","twitter_site":"@hudo_si","twitter_misc":{"Written by":"hudo"},"schema":{"@context":"https:\/\/schema.org","@graph":[{"@type":"Article","@id":"https:\/\/hudo.com\/si\/aktualno\/skandal-na-balkanu-poglejte-kaj-so-hrvati-uspicili-srbom\/#article","isPartOf":{"@id":"https:\/\/hudo.com\/si\/aktualno\/skandal-na-balkanu-poglejte-kaj-so-hrvati-uspicili-srbom\/"},"author":{"name":"hudo","@id":"https:\/\/hudo.com\/si\/#\/schema\/person\/601cf3379633985b20f7e50f2bb47707"},"headline":"\u0160kandal na Balkanu: Poglejte, kaj so Hrvati u\u0161pi\u010dili Srbom","datePublished":"2016-04-08T15:26:24+00:00","dateModified":"2016-04-09T17:16:53+00:00","mainEntityOfPage":{"@id":"https:\/\/hudo.com\/si\/aktualno\/skandal-na-balkanu-poglejte-kaj-so-hrvati-uspicili-srbom\/"},"wordCount":77,"publisher":{"@id":"https:\/\/hudo.com\/si\/#organization"},"articleSection":["Aktualno"],"inLanguage":"sl-SI"},{"@type":"WebPage","@id":"https:\/\/hudo.com\/si\/aktualno\/skandal-na-balkanu-poglejte-kaj-so-hrvati-uspicili-srbom\/","url":"https:\/\/hudo.com\/si\/aktualno\/skandal-na-balkanu-poglejte-kaj-so-hrvati-uspicili-srbom\/","name":"\u0160kandal na Balkanu: Poglejte, kaj so Hrvati u\u0161pi\u010dili Srbom - Hudo Slovenija","isPartOf":{"@id":"https:\/\/hudo.com\/si\/#website"},"datePublished":"2016-04-08T15:26:24+00:00","dateModified":"2016-04-09T17:16:53+00:00","breadcrumb":{"@id":"https:\/\/hudo.com\/si\/aktualno\/skandal-na-balkanu-poglejte-kaj-so-hrvati-uspicili-srbom\/#breadcrumb"},"inLanguage":"sl-SI","potentialAction":[{"@type":"ReadAction","target":["https:\/\/hudo.com\/si\/aktualno\/skandal-na-balkanu-poglejte-kaj-so-hrvati-uspicili-srbom\/"]}]},{"@type":"BreadcrumbList","@id":"https:\/\/hudo.com\/si\/aktualno\/skandal-na-balkanu-poglejte-kaj-so-hrvati-uspicili-srbom\/#breadcrumb","itemListElement":[{"@type":"ListItem","position":1,"name":"Home","item":"https:\/\/hudo.com\/si\/"},{"@type":"ListItem","position":2,"name":"\u0160kandal na Balkanu: Poglejte, kaj so Hrvati u\u0161pi\u010dili Srbom"}]},{"@type":"WebSite","@id":"https:\/\/hudo.com\/si\/#website","url":"https:\/\/hudo.com\/si\/","name":"Hudo Slovenija","description":"Vse novice iz Slovenije in sveta","publisher":{"@id":"https:\/\/hudo.com\/si\/#organization"},"potentialAction":[{"@type":"SearchAction","target":{"@type":"EntryPoint","urlTemplate":"https:\/\/hudo.com\/si\/?s={search_term_string}"},"query-input":"required name=search_term_string"}],"inLanguage":"sl-SI"},{"@type":"Organization","@id":"https:\/\/hudo.com\/si\/#organization","name":"VSN Media","url":"https:\/\/hudo.com\/si\/","logo":{"@type":"ImageObject","inLanguage":"sl-SI","@id":"https:\/\/hudo.com\/si\/#\/schema\/logo\/image\/","url":"https:\/\/hudo.com\/si\/wp-content\/uploads\/sites\/2\/2021\/03\/hudo-app-2.png","contentUrl":"https:\/\/hudo.com\/si\/wp-content\/uploads\/sites\/2\/2021\/03\/hudo-app-2.png","width":2185,"height":2167,"caption":"VSN Media"},"image":{"@id":"https:\/\/hudo.com\/si\/#\/schema\/logo\/image\/"},"sameAs":["https:\/\/www.facebook.com\/hudo.si","https:\/\/twitter.com\/hudo_si"]},{"@type":"Person","@id":"https:\/\/hudo.com\/si\/#\/schema\/person\/601cf3379633985b20f7e50f2bb47707","name":"hudo","image":{"@type":"ImageObject","inLanguage":"sl-SI","@id":"https:\/\/hudo.com\/si\/#\/schema\/person\/image\/","url":"https:\/\/secure.gravatar.com\/avatar\/c4ca25fa72cace7a696b52ff5db9e095?s=96&d=mm&r=g","contentUrl":"https:\/\/secure.gravatar.com\/avatar\/c4ca25fa72cace7a696b52ff5db9e095?s=96&d=mm&r=g","caption":"hudo"},"url":"https:\/\/hudo.com\/si\/author\/hudo\/"}]}},"amp_enabled":true,"_links":{"self":[{"href":"https:\/\/hudo.com\/si\/wp-json\/wp\/v2\/posts\/24802"}],"collection":[{"href":"https:\/\/hudo.com\/si\/wp-json\/wp\/v2\/posts"}],"about":[{"href":"https:\/\/hudo.com\/si\/wp-json\/wp\/v2\/types\/post"}],"author":[{"embeddable":true,"href":"https:\/\/hudo.com\/si\/wp-json\/wp\/v2\/users\/1"}],"replies":[{"embeddable":true,"href":"https:\/\/hudo.com\/si\/wp-json\/wp\/v2\/comments?post=24802"}],"version-history":[{"count":1,"href":"https:\/\/hudo.com\/si\/wp-json\/wp\/v2\/posts\/24802\/revisions"}],"predecessor-version":[{"id":24850,"href":"https:\/\/hudo.com\/si\/wp-json\/wp\/v2\/posts\/24802\/revisions\/24850"}],"wp:attachment":[{"href":"https:\/\/hudo.com\/si\/wp-json\/wp\/v2\/media?parent=24802"}],"wp:term":[{"taxonomy":"category","embeddable":true,"href":"https:\/\/hudo.com\/si\/wp-json\/wp\/v2\/categories?post=24802"},{"taxonomy":"post_tag","embeddable":true,"href":"https:\/\/hudo.com\/si\/wp-json\/wp\/v2\/tags?post=24802"},{"taxonomy":"source","embeddable":true,"href":"https:\/\/hudo.com\/si\/wp-json\/wp\/v2\/source?post=24802"},{"taxonomy":"supertag","embeddable":true,"href":"https:\/\/hudo.com\/si\/wp-json\/wp\/v2\/supertag?post=24802"}],"curies":[{"name":"wp","href":"https:\/\/api.w.org\/{rel}","templated":true}]}}