{"id":248053,"date":"2017-04-26T16:53:47","date_gmt":"2017-04-26T14:53:47","guid":{"rendered":"http:\/\/hudo.com\/si\/?p=248053"},"modified":"2017-04-26T16:53:47","modified_gmt":"2017-04-26T14:53:47","slug":"poljska-bi-v-osnovnih-solah-uvedla-vojasko-usposabljanje-odprla-vsaj-300-vojaskih-sol","status":"publish","type":"post","link":"https:\/\/hudo.com\/si\/aktualno\/poljska-bi-v-osnovnih-solah-uvedla-vojasko-usposabljanje-odprla-vsaj-300-vojaskih-sol\/","title":{"rendered":"Poljska bi v osnovnih \u0161olah uvedla voja\u0161ko usposabljanje in odprla vsaj 300 voja\u0161kih \u0161ol"},"content":{"rendered":"<p>Glede na napovedi Dworczyka v poljskem \u010dasniku Rzeczpospolita bi \u0161olarji dobili na teden od ene do dveh ur teoreti\u010dnega pouka o voja\u0161kih zadevah, vmes pa tudi opravili urjenje na voja\u0161kem vadi\u0161\u010du.<\/p>\n<p>Namestnik obrambnega ministra je napovedal \u0161e, da namerava Poljska dolgoro\u010dno okrepiti \u0161tevilo svojih vojakov na 200.000. Trenutno poljska vojska \u0161teje okoli 125.000 pripadnikov in pripadnic. Nove vojake pa naj bi rekrutirali prav na teh voja\u0161kih \u0161olah.<\/p>\n<p>Poljska tudi sicer krepi svoje obrambne zmogljivosti, zlasti zaradi varnostne gro\u017enje, ki jo zaradi ukrajinske krize \u010duti iz Rusije. Poljski obrambni minister Antoni Macierewicz je prej\u0161nji petek tudi napovedal, da bo Poljska okrepila obrambni prora\u010dun s sedanjih dveh odstotkov bruto doma\u010dega proizvoda na 2,5 odstotka do leta 2030, \u0161e navaja dpa.<\/p>\n","protected":false},"excerpt":{"rendered":"<p>Na Poljskem razmi\u0161ljajo, da bi v \u0161ole uvedli voja\u0161ko izobra\u017eevanje in usposabljanje. Kot je napovedal namestnik obrambnega ministra Michal Dworczyk, bodo \u017ee septembra zagnali pilotski projekt v 50 \u0161olah. Sicer pa \u017eelijo v vsakem od 300 okro\u017eij v dr\u017eavi vzpostaviti najmanj eno voja\u0161ko \u0161olo, poro\u010da nem\u0161ka tiskovna agencija dpa.<\/p>\n","protected":false},"author":7,"featured_media":248054,"comment_status":"closed","ping_status":"closed","sticky":false,"template":"","format":"standard","meta":{"footnotes":""},"categories":[1179],"tags":[4271,5014,2353],"source":[4511],"supertag":[],"acf":[],"yoast_head":"<!-- This site is optimized with the Yoast SEO plugin v21.3 - https:\/\/yoast.com\/wordpress\/plugins\/seo\/ -->\n<title>Poljska bi v osnovnih \u0161olah uvedla voja\u0161ko usposabljanje in odprla vsaj 300 voja\u0161kih \u0161ol - Hudo Slovenija<\/title>\n<meta name=\"robots\" content=\"index, follow, max-snippet:-1, max-image-preview:large, max-video-preview:-1\" \/>\n<link rel=\"canonical\" href=\"https:\/\/hudo.com\/si\/aktualno\/poljska-bi-v-osnovnih-solah-uvedla-vojasko-usposabljanje-odprla-vsaj-300-vojaskih-sol\/\" \/>\n<meta property=\"og:locale\" content=\"sl_SI\" \/>\n<meta property=\"og:type\" content=\"article\" \/>\n<meta property=\"og:title\" content=\"Poljska bi v osnovnih \u0161olah uvedla voja\u0161ko usposabljanje in odprla vsaj 300 voja\u0161kih \u0161ol - Hudo Slovenija\" \/>\n<meta property=\"og:description\" content=\"Na Poljskem razmi\u0161ljajo, da bi v \u0161ole uvedli voja\u0161ko izobra\u017eevanje in usposabljanje. Kot je napovedal namestnik obrambnega ministra Michal Dworczyk, bodo \u017ee septembra zagnali pilotski projekt v 50 \u0161olah. Sicer pa \u017eelijo v vsakem od 300 okro\u017eij v dr\u017eavi vzpostaviti najmanj eno voja\u0161ko \u0161olo, poro\u010da nem\u0161ka tiskovna agencija dpa.\" \/>\n<meta property=\"og:url\" content=\"https:\/\/hudo.com\/si\/aktualno\/poljska-bi-v-osnovnih-solah-uvedla-vojasko-usposabljanje-odprla-vsaj-300-vojaskih-sol\/\" \/>\n<meta property=\"og:site_name\" content=\"Hudo Slovenija\" \/>\n<meta property=\"article:publisher\" content=\"https:\/\/www.facebook.com\/hudo.si\" \/>\n<meta property=\"article:published_time\" content=\"2017-04-26T14:53:47+00:00\" \/>\n<meta property=\"og:image\" content=\"https:\/\/hudo.com\/si\/wp-content\/uploads\/sites\/2\/2017\/04\/profimedia-0257613084.jpg\" \/>\n\t<meta property=\"og:image:width\" content=\"1250\" \/>\n\t<meta property=\"og:image:height\" content=\"834\" \/>\n\t<meta property=\"og:image:type\" content=\"image\/jpeg\" \/>\n<meta name=\"author\" content=\"A. P., STA\" \/>\n<meta name=\"twitter:card\" content=\"summary_large_image\" \/>\n<meta name=\"twitter:creator\" content=\"@hudo_si\" \/>\n<meta name=\"twitter:site\" content=\"@hudo_si\" \/>\n<meta name=\"twitter:label1\" content=\"Written by\" \/>\n\t<meta name=\"twitter:data1\" content=\"A. P., STA\" \/>\n\t<meta name=\"twitter:label2\" content=\"Est. reading time\" \/>\n\t<meta name=\"twitter:data2\" content=\"1 minuta\" \/>\n<script type=\"application\/ld+json\" class=\"yoast-schema-graph\">{\"@context\":\"https:\/\/schema.org\",\"@graph\":[{\"@type\":\"Article\",\"@id\":\"https:\/\/hudo.com\/si\/aktualno\/poljska-bi-v-osnovnih-solah-uvedla-vojasko-usposabljanje-odprla-vsaj-300-vojaskih-sol\/#article\",\"isPartOf\":{\"@id\":\"https:\/\/hudo.com\/si\/aktualno\/poljska-bi-v-osnovnih-solah-uvedla-vojasko-usposabljanje-odprla-vsaj-300-vojaskih-sol\/\"},\"author\":{\"name\":\"A. P., STA\",\"@id\":\"https:\/\/hudo.com\/si\/#\/schema\/person\/18f09c02475ba9e606e941a565b80cff\"},\"headline\":\"Poljska bi v osnovnih \u0161olah uvedla voja\u0161ko usposabljanje in odprla vsaj 300 voja\u0161kih \u0161ol\",\"datePublished\":\"2017-04-26T14:53:47+00:00\",\"dateModified\":\"2017-04-26T14:53:47+00:00\",\"mainEntityOfPage\":{\"@id\":\"https:\/\/hudo.com\/si\/aktualno\/poljska-bi-v-osnovnih-solah-uvedla-vojasko-usposabljanje-odprla-vsaj-300-vojaskih-sol\/\"},\"wordCount\":139,\"publisher\":{\"@id\":\"https:\/\/hudo.com\/si\/#organization\"},\"keywords\":[\"Poljska\",\"\u0161olstvo\",\"vojska\"],\"articleSection\":[\"Aktualno\"],\"inLanguage\":\"sl-SI\"},{\"@type\":\"WebPage\",\"@id\":\"https:\/\/hudo.com\/si\/aktualno\/poljska-bi-v-osnovnih-solah-uvedla-vojasko-usposabljanje-odprla-vsaj-300-vojaskih-sol\/\",\"url\":\"https:\/\/hudo.com\/si\/aktualno\/poljska-bi-v-osnovnih-solah-uvedla-vojasko-usposabljanje-odprla-vsaj-300-vojaskih-sol\/\",\"name\":\"Poljska bi v osnovnih \u0161olah uvedla voja\u0161ko usposabljanje in odprla vsaj 300 voja\u0161kih \u0161ol - Hudo Slovenija\",\"isPartOf\":{\"@id\":\"https:\/\/hudo.com\/si\/#website\"},\"datePublished\":\"2017-04-26T14:53:47+00:00\",\"dateModified\":\"2017-04-26T14:53:47+00:00\",\"breadcrumb\":{\"@id\":\"https:\/\/hudo.com\/si\/aktualno\/poljska-bi-v-osnovnih-solah-uvedla-vojasko-usposabljanje-odprla-vsaj-300-vojaskih-sol\/#breadcrumb\"},\"inLanguage\":\"sl-SI\",\"potentialAction\":[{\"@type\":\"ReadAction\",\"target\":[\"https:\/\/hudo.com\/si\/aktualno\/poljska-bi-v-osnovnih-solah-uvedla-vojasko-usposabljanje-odprla-vsaj-300-vojaskih-sol\/\"]}]},{\"@type\":\"BreadcrumbList\",\"@id\":\"https:\/\/hudo.com\/si\/aktualno\/poljska-bi-v-osnovnih-solah-uvedla-vojasko-usposabljanje-odprla-vsaj-300-vojaskih-sol\/#breadcrumb\",\"itemListElement\":[{\"@type\":\"ListItem\",\"position\":1,\"name\":\"Home\",\"item\":\"https:\/\/hudo.com\/si\/\"},{\"@type\":\"ListItem\",\"position\":2,\"name\":\"Poljska bi v osnovnih \u0161olah uvedla voja\u0161ko usposabljanje in odprla vsaj 300 voja\u0161kih \u0161ol\"}]},{\"@type\":\"WebSite\",\"@id\":\"https:\/\/hudo.com\/si\/#website\",\"url\":\"https:\/\/hudo.com\/si\/\",\"name\":\"Hudo Slovenija\",\"description\":\"Vse novice iz Slovenije in sveta\",\"publisher\":{\"@id\":\"https:\/\/hudo.com\/si\/#organization\"},\"potentialAction\":[{\"@type\":\"SearchAction\",\"target\":{\"@type\":\"EntryPoint\",\"urlTemplate\":\"https:\/\/hudo.com\/si\/?s={search_term_string}\"},\"query-input\":\"required name=search_term_string\"}],\"inLanguage\":\"sl-SI\"},{\"@type\":\"Organization\",\"@id\":\"https:\/\/hudo.com\/si\/#organization\",\"name\":\"VSN Media\",\"url\":\"https:\/\/hudo.com\/si\/\",\"logo\":{\"@type\":\"ImageObject\",\"inLanguage\":\"sl-SI\",\"@id\":\"https:\/\/hudo.com\/si\/#\/schema\/logo\/image\/\",\"url\":\"https:\/\/hudo.com\/si\/wp-content\/uploads\/sites\/2\/2021\/03\/hudo-app-2.png\",\"contentUrl\":\"https:\/\/hudo.com\/si\/wp-content\/uploads\/sites\/2\/2021\/03\/hudo-app-2.png\",\"width\":2185,\"height\":2167,\"caption\":\"VSN Media\"},\"image\":{\"@id\":\"https:\/\/hudo.com\/si\/#\/schema\/logo\/image\/\"},\"sameAs\":[\"https:\/\/www.facebook.com\/hudo.si\",\"https:\/\/twitter.com\/hudo_si\"]},{\"@type\":\"Person\",\"@id\":\"https:\/\/hudo.com\/si\/#\/schema\/person\/18f09c02475ba9e606e941a565b80cff\",\"name\":\"A. P., STA\",\"image\":{\"@type\":\"ImageObject\",\"inLanguage\":\"sl-SI\",\"@id\":\"https:\/\/hudo.com\/si\/#\/schema\/person\/image\/\",\"url\":\"https:\/\/secure.gravatar.com\/avatar\/03eac8e609f5f04383125d80eaeaaf3e?s=96&d=mm&r=g\",\"contentUrl\":\"https:\/\/secure.gravatar.com\/avatar\/03eac8e609f5f04383125d80eaeaaf3e?s=96&d=mm&r=g\",\"caption\":\"A. P., STA\"},\"url\":\"https:\/\/hudo.com\/si\/author\/lubu\/\"}]}<\/script>\n<!-- \/ Yoast SEO plugin. -->","yoast_head_json":{"title":"Poljska bi v osnovnih \u0161olah uvedla voja\u0161ko usposabljanje in odprla vsaj 300 voja\u0161kih \u0161ol - Hudo Slovenija","robots":{"index":"index","follow":"follow","max-snippet":"max-snippet:-1","max-image-preview":"max-image-preview:large","max-video-preview":"max-video-preview:-1"},"canonical":"https:\/\/hudo.com\/si\/aktualno\/poljska-bi-v-osnovnih-solah-uvedla-vojasko-usposabljanje-odprla-vsaj-300-vojaskih-sol\/","og_locale":"sl_SI","og_type":"article","og_title":"Poljska bi v osnovnih \u0161olah uvedla voja\u0161ko usposabljanje in odprla vsaj 300 voja\u0161kih \u0161ol - Hudo Slovenija","og_description":"Na Poljskem razmi\u0161ljajo, da bi v \u0161ole uvedli voja\u0161ko izobra\u017eevanje in usposabljanje. Kot je napovedal namestnik obrambnega ministra Michal Dworczyk, bodo \u017ee septembra zagnali pilotski projekt v 50 \u0161olah. Sicer pa \u017eelijo v vsakem od 300 okro\u017eij v dr\u017eavi vzpostaviti najmanj eno voja\u0161ko \u0161olo, poro\u010da nem\u0161ka tiskovna agencija dpa.","og_url":"https:\/\/hudo.com\/si\/aktualno\/poljska-bi-v-osnovnih-solah-uvedla-vojasko-usposabljanje-odprla-vsaj-300-vojaskih-sol\/","og_site_name":"Hudo Slovenija","article_publisher":"https:\/\/www.facebook.com\/hudo.si","article_published_time":"2017-04-26T14:53:47+00:00","og_image":[{"width":1250,"height":834,"url":"https:\/\/hudo.com\/si\/wp-content\/uploads\/sites\/2\/2017\/04\/profimedia-0257613084.jpg","type":"image\/jpeg"}],"author":"A. P., STA","twitter_card":"summary_large_image","twitter_creator":"@hudo_si","twitter_site":"@hudo_si","twitter_misc":{"Written by":"A. P., STA","Est. reading time":"1 minuta"},"schema":{"@context":"https:\/\/schema.org","@graph":[{"@type":"Article","@id":"https:\/\/hudo.com\/si\/aktualno\/poljska-bi-v-osnovnih-solah-uvedla-vojasko-usposabljanje-odprla-vsaj-300-vojaskih-sol\/#article","isPartOf":{"@id":"https:\/\/hudo.com\/si\/aktualno\/poljska-bi-v-osnovnih-solah-uvedla-vojasko-usposabljanje-odprla-vsaj-300-vojaskih-sol\/"},"author":{"name":"A. P., STA","@id":"https:\/\/hudo.com\/si\/#\/schema\/person\/18f09c02475ba9e606e941a565b80cff"},"headline":"Poljska bi v osnovnih \u0161olah uvedla voja\u0161ko usposabljanje in odprla vsaj 300 voja\u0161kih \u0161ol","datePublished":"2017-04-26T14:53:47+00:00","dateModified":"2017-04-26T14:53:47+00:00","mainEntityOfPage":{"@id":"https:\/\/hudo.com\/si\/aktualno\/poljska-bi-v-osnovnih-solah-uvedla-vojasko-usposabljanje-odprla-vsaj-300-vojaskih-sol\/"},"wordCount":139,"publisher":{"@id":"https:\/\/hudo.com\/si\/#organization"},"keywords":["Poljska","\u0161olstvo","vojska"],"articleSection":["Aktualno"],"inLanguage":"sl-SI"},{"@type":"WebPage","@id":"https:\/\/hudo.com\/si\/aktualno\/poljska-bi-v-osnovnih-solah-uvedla-vojasko-usposabljanje-odprla-vsaj-300-vojaskih-sol\/","url":"https:\/\/hudo.com\/si\/aktualno\/poljska-bi-v-osnovnih-solah-uvedla-vojasko-usposabljanje-odprla-vsaj-300-vojaskih-sol\/","name":"Poljska bi v osnovnih \u0161olah uvedla voja\u0161ko usposabljanje in odprla vsaj 300 voja\u0161kih \u0161ol - Hudo Slovenija","isPartOf":{"@id":"https:\/\/hudo.com\/si\/#website"},"datePublished":"2017-04-26T14:53:47+00:00","dateModified":"2017-04-26T14:53:47+00:00","breadcrumb":{"@id":"https:\/\/hudo.com\/si\/aktualno\/poljska-bi-v-osnovnih-solah-uvedla-vojasko-usposabljanje-odprla-vsaj-300-vojaskih-sol\/#breadcrumb"},"inLanguage":"sl-SI","potentialAction":[{"@type":"ReadAction","target":["https:\/\/hudo.com\/si\/aktualno\/poljska-bi-v-osnovnih-solah-uvedla-vojasko-usposabljanje-odprla-vsaj-300-vojaskih-sol\/"]}]},{"@type":"BreadcrumbList","@id":"https:\/\/hudo.com\/si\/aktualno\/poljska-bi-v-osnovnih-solah-uvedla-vojasko-usposabljanje-odprla-vsaj-300-vojaskih-sol\/#breadcrumb","itemListElement":[{"@type":"ListItem","position":1,"name":"Home","item":"https:\/\/hudo.com\/si\/"},{"@type":"ListItem","position":2,"name":"Poljska bi v osnovnih \u0161olah uvedla voja\u0161ko usposabljanje in odprla vsaj 300 voja\u0161kih \u0161ol"}]},{"@type":"WebSite","@id":"https:\/\/hudo.com\/si\/#website","url":"https:\/\/hudo.com\/si\/","name":"Hudo Slovenija","description":"Vse novice iz Slovenije in sveta","publisher":{"@id":"https:\/\/hudo.com\/si\/#organization"},"potentialAction":[{"@type":"SearchAction","target":{"@type":"EntryPoint","urlTemplate":"https:\/\/hudo.com\/si\/?s={search_term_string}"},"query-input":"required name=search_term_string"}],"inLanguage":"sl-SI"},{"@type":"Organization","@id":"https:\/\/hudo.com\/si\/#organization","name":"VSN Media","url":"https:\/\/hudo.com\/si\/","logo":{"@type":"ImageObject","inLanguage":"sl-SI","@id":"https:\/\/hudo.com\/si\/#\/schema\/logo\/image\/","url":"https:\/\/hudo.com\/si\/wp-content\/uploads\/sites\/2\/2021\/03\/hudo-app-2.png","contentUrl":"https:\/\/hudo.com\/si\/wp-content\/uploads\/sites\/2\/2021\/03\/hudo-app-2.png","width":2185,"height":2167,"caption":"VSN Media"},"image":{"@id":"https:\/\/hudo.com\/si\/#\/schema\/logo\/image\/"},"sameAs":["https:\/\/www.facebook.com\/hudo.si","https:\/\/twitter.com\/hudo_si"]},{"@type":"Person","@id":"https:\/\/hudo.com\/si\/#\/schema\/person\/18f09c02475ba9e606e941a565b80cff","name":"A. P., STA","image":{"@type":"ImageObject","inLanguage":"sl-SI","@id":"https:\/\/hudo.com\/si\/#\/schema\/person\/image\/","url":"https:\/\/secure.gravatar.com\/avatar\/03eac8e609f5f04383125d80eaeaaf3e?s=96&d=mm&r=g","contentUrl":"https:\/\/secure.gravatar.com\/avatar\/03eac8e609f5f04383125d80eaeaaf3e?s=96&d=mm&r=g","caption":"A. P., STA"},"url":"https:\/\/hudo.com\/si\/author\/lubu\/"}]}},"amp_enabled":true,"_links":{"self":[{"href":"https:\/\/hudo.com\/si\/wp-json\/wp\/v2\/posts\/248053"}],"collection":[{"href":"https:\/\/hudo.com\/si\/wp-json\/wp\/v2\/posts"}],"about":[{"href":"https:\/\/hudo.com\/si\/wp-json\/wp\/v2\/types\/post"}],"author":[{"embeddable":true,"href":"https:\/\/hudo.com\/si\/wp-json\/wp\/v2\/users\/7"}],"replies":[{"embeddable":true,"href":"https:\/\/hudo.com\/si\/wp-json\/wp\/v2\/comments?post=248053"}],"version-history":[{"count":1,"href":"https:\/\/hudo.com\/si\/wp-json\/wp\/v2\/posts\/248053\/revisions"}],"predecessor-version":[{"id":248055,"href":"https:\/\/hudo.com\/si\/wp-json\/wp\/v2\/posts\/248053\/revisions\/248055"}],"wp:featuredmedia":[{"embeddable":true,"href":"https:\/\/hudo.com\/si\/wp-json\/wp\/v2\/media\/248054"}],"wp:attachment":[{"href":"https:\/\/hudo.com\/si\/wp-json\/wp\/v2\/media?parent=248053"}],"wp:term":[{"taxonomy":"category","embeddable":true,"href":"https:\/\/hudo.com\/si\/wp-json\/wp\/v2\/categories?post=248053"},{"taxonomy":"post_tag","embeddable":true,"href":"https:\/\/hudo.com\/si\/wp-json\/wp\/v2\/tags?post=248053"},{"taxonomy":"source","embeddable":true,"href":"https:\/\/hudo.com\/si\/wp-json\/wp\/v2\/source?post=248053"},{"taxonomy":"supertag","embeddable":true,"href":"https:\/\/hudo.com\/si\/wp-json\/wp\/v2\/supertag?post=248053"}],"curies":[{"name":"wp","href":"https:\/\/api.w.org\/{rel}","templated":true}]}}