{"id":24810,"date":"2016-04-08T17:04:00","date_gmt":"2016-04-08T15:04:00","guid":{"rendered":"http:\/\/hudo.com\/si\/2016\/04\/08\/novi-obremenilni-dokumenti-o-poslih-castnega-konzula\/"},"modified":"2016-04-08T21:11:44","modified_gmt":"2016-04-08T19:11:44","slug":"novi-obremenilni-dokumenti-o-poslih-castnega-konzula","status":"publish","type":"post","link":"https:\/\/hudo.com\/si\/aktualno\/novi-obremenilni-dokumenti-o-poslih-castnega-konzula\/","title":{"rendered":"Novi obremenilni dokumenti o poslih \u010dastnega konzula"},"content":{"rendered":"<p>Kategorija: Slovenija Fri, 08 Apr 2016 19:04:00 +0200  Slovenski \u010dastni konzul v Luksemburgu Franc Zlatko Dreu, ki smo ga Delovi novinarji v sodelovanju z mednarodnimi partnerji na\u0161li med panamskimi dokumenti, je imel po poro\u010danju POP TV novembra 2013 tudi hi\u0161no preiskavo. Kot poro\u010da televizija, so \u00bbkriminalisti Nacionalnega priskovalnega urada pri njem iskali obremenilne dokaze zoper Bo\u0161ka \u0160rota in Andrijano Starina Kosem o poslu z v resnici ni\u010dvrednimi delnicami velenjskega premogovnika.\u00ab Poleg \u0160rota naj bi Drev in njegov sin v Luksemburgu in na Devi\u0161kih otokih zastopala tudi dru\u017ebe borznega posrednika Bogdana Pu\u0161nika. Kot navaja POP TV je bila glavna luksembur\u0161ka dru\u017eba pri poslih z delnicami Peria, njen ekonomski upravi\u010denec pa naj bi bil Bo\u0161ko \u0160rot. Peria se je preimenovala iz dru\u017ebe Jobelux, skup\u0161\u010dini pa naj bi predsedoval prav Dreu. Iz dokumentov televizije je \u0161e razvidno, da je Peria za\u010dela s trgovanjem\u00a0&#8230;<\/p>\n","protected":false},"excerpt":{"rendered":"<p>Kategorija: Slovenija Fri, 08 Apr 2016 19:04:00 +0200  Slovenski \u010dastni konzul v Luksemburgu Franc Zlatko Dreu, ki smo ga Delovi novinarji v sodelovanju z mednarodnimi partnerji na\u0161li med panamskimi dokumenti, je imel po poro\u010danju POP TV novembra 2013 tudi hi\u0161no preiskavo. Kot poro\u010da televizija, so \u00bbkriminalisti Nacionalnega priskovalnega urada pri njem iskali obremenilne dokaze zoper Bo\u0161ka \u0160rota in Andrijano Starina Kosem o poslu z v resnici ni\u010dvrednimi delnicami velenjskega premogovnika.\u00ab Poleg \u0160rota naj bi Drev in njegov sin v Luksemburgu in na Devi\u0161kih otokih zastopala tudi dru\u017ebe borznega posrednika Bogdana Pu\u0161nika. Kot navaja POP TV je bila glavna luksembur\u0161ka dru\u017eba pri poslih z delnicami Peria, njen ekonomski upravi\u010denec pa naj bi bil Bo\u0161ko \u0160rot. Peria se je preimenovala iz dru\u017ebe Jobelux, skup\u0161\u010dini pa naj bi predsedoval prav Dreu. Iz dokumentov televizije je \u0161e razvidno, da je Peria za\u010dela s trgovanjem\u00a0&#8230;<\/p>\n","protected":false},"author":1,"featured_media":0,"comment_status":"closed","ping_status":"closed","sticky":false,"template":"","format":"standard","meta":{"footnotes":""},"categories":[1179],"tags":[],"source":[4511],"supertag":[],"acf":[],"yoast_head":"<!-- This site is optimized with the Yoast SEO plugin v21.3 - https:\/\/yoast.com\/wordpress\/plugins\/seo\/ -->\n<title>Novi obremenilni dokumenti o poslih \u010dastnega konzula - Hudo Slovenija<\/title>\n<meta name=\"robots\" content=\"index, follow, max-snippet:-1, max-image-preview:large, max-video-preview:-1\" \/>\n<link rel=\"canonical\" href=\"https:\/\/hudo.com\/si\/aktualno\/novi-obremenilni-dokumenti-o-poslih-castnega-konzula\/\" \/>\n<meta property=\"og:locale\" content=\"sl_SI\" \/>\n<meta property=\"og:type\" content=\"article\" \/>\n<meta property=\"og:title\" content=\"Novi obremenilni dokumenti o poslih \u010dastnega konzula - Hudo Slovenija\" \/>\n<meta property=\"og:description\" content=\"Kategorija: Slovenija Fri, 08 Apr 2016 19:04:00 +0200 Slovenski \u010dastni konzul v Luksemburgu Franc Zlatko Dreu, ki smo ga Delovi novinarji v sodelovanju z mednarodnimi partnerji na\u0161li med panamskimi dokumenti, je imel po poro\u010danju POP TV novembra 2013 tudi hi\u0161no preiskavo. Kot poro\u010da televizija, so \u00bbkriminalisti Nacionalnega priskovalnega urada pri njem iskali obremenilne dokaze zoper Bo\u0161ka \u0160rota in Andrijano Starina Kosem o poslu z v resnici ni\u010dvrednimi delnicami velenjskega premogovnika.\u00ab Poleg \u0160rota naj bi Drev in njegov sin v Luksemburgu in na Devi\u0161kih otokih zastopala tudi dru\u017ebe borznega posrednika Bogdana Pu\u0161nika. Kot navaja POP TV je bila glavna luksembur\u0161ka dru\u017eba pri poslih z delnicami Peria, njen ekonomski upravi\u010denec pa naj bi bil Bo\u0161ko \u0160rot. Peria se je preimenovala iz dru\u017ebe Jobelux, skup\u0161\u010dini pa naj bi predsedoval prav Dreu. Iz dokumentov televizije je \u0161e razvidno, da je Peria za\u010dela s trgovanjem\u00a0...\" \/>\n<meta property=\"og:url\" content=\"https:\/\/hudo.com\/si\/aktualno\/novi-obremenilni-dokumenti-o-poslih-castnega-konzula\/\" \/>\n<meta property=\"og:site_name\" content=\"Hudo Slovenija\" \/>\n<meta property=\"article:publisher\" content=\"https:\/\/www.facebook.com\/hudo.si\" \/>\n<meta property=\"article:published_time\" content=\"2016-04-08T15:04:00+00:00\" \/>\n<meta property=\"article:modified_time\" content=\"2016-04-08T19:11:44+00:00\" \/>\n<meta property=\"og:image\" content=\"https:\/\/hudo.com\/si\/wp-content\/uploads\/sites\/2\/2016\/04\/480x290_Ozadja__konzul1.jpeg\" \/>\n\t<meta property=\"og:image:width\" content=\"480\" \/>\n\t<meta property=\"og:image:height\" content=\"290\" \/>\n\t<meta property=\"og:image:type\" content=\"image\/jpeg\" \/>\n<meta name=\"author\" content=\"hudo\" \/>\n<meta name=\"twitter:card\" content=\"summary_large_image\" \/>\n<meta name=\"twitter:creator\" content=\"@hudo_si\" \/>\n<meta name=\"twitter:site\" content=\"@hudo_si\" \/>\n<meta name=\"twitter:label1\" content=\"Written by\" \/>\n\t<meta name=\"twitter:data1\" content=\"hudo\" \/>\n\t<meta name=\"twitter:label2\" content=\"Est. reading time\" \/>\n\t<meta name=\"twitter:data2\" content=\"1 minuta\" \/>\n<script type=\"application\/ld+json\" class=\"yoast-schema-graph\">{\"@context\":\"https:\/\/schema.org\",\"@graph\":[{\"@type\":\"Article\",\"@id\":\"https:\/\/hudo.com\/si\/aktualno\/novi-obremenilni-dokumenti-o-poslih-castnega-konzula\/#article\",\"isPartOf\":{\"@id\":\"https:\/\/hudo.com\/si\/aktualno\/novi-obremenilni-dokumenti-o-poslih-castnega-konzula\/\"},\"author\":{\"name\":\"hudo\",\"@id\":\"https:\/\/hudo.com\/si\/#\/schema\/person\/601cf3379633985b20f7e50f2bb47707\"},\"headline\":\"Novi obremenilni dokumenti o poslih \u010dastnega konzula\",\"datePublished\":\"2016-04-08T15:04:00+00:00\",\"dateModified\":\"2016-04-08T19:11:44+00:00\",\"mainEntityOfPage\":{\"@id\":\"https:\/\/hudo.com\/si\/aktualno\/novi-obremenilni-dokumenti-o-poslih-castnega-konzula\/\"},\"wordCount\":158,\"publisher\":{\"@id\":\"https:\/\/hudo.com\/si\/#organization\"},\"articleSection\":[\"Aktualno\"],\"inLanguage\":\"sl-SI\"},{\"@type\":\"WebPage\",\"@id\":\"https:\/\/hudo.com\/si\/aktualno\/novi-obremenilni-dokumenti-o-poslih-castnega-konzula\/\",\"url\":\"https:\/\/hudo.com\/si\/aktualno\/novi-obremenilni-dokumenti-o-poslih-castnega-konzula\/\",\"name\":\"Novi obremenilni dokumenti o poslih \u010dastnega konzula - Hudo Slovenija\",\"isPartOf\":{\"@id\":\"https:\/\/hudo.com\/si\/#website\"},\"datePublished\":\"2016-04-08T15:04:00+00:00\",\"dateModified\":\"2016-04-08T19:11:44+00:00\",\"breadcrumb\":{\"@id\":\"https:\/\/hudo.com\/si\/aktualno\/novi-obremenilni-dokumenti-o-poslih-castnega-konzula\/#breadcrumb\"},\"inLanguage\":\"sl-SI\",\"potentialAction\":[{\"@type\":\"ReadAction\",\"target\":[\"https:\/\/hudo.com\/si\/aktualno\/novi-obremenilni-dokumenti-o-poslih-castnega-konzula\/\"]}]},{\"@type\":\"BreadcrumbList\",\"@id\":\"https:\/\/hudo.com\/si\/aktualno\/novi-obremenilni-dokumenti-o-poslih-castnega-konzula\/#breadcrumb\",\"itemListElement\":[{\"@type\":\"ListItem\",\"position\":1,\"name\":\"Home\",\"item\":\"https:\/\/hudo.com\/si\/\"},{\"@type\":\"ListItem\",\"position\":2,\"name\":\"Novi obremenilni dokumenti o poslih \u010dastnega konzula\"}]},{\"@type\":\"WebSite\",\"@id\":\"https:\/\/hudo.com\/si\/#website\",\"url\":\"https:\/\/hudo.com\/si\/\",\"name\":\"Hudo Slovenija\",\"description\":\"Vse novice iz Slovenije in sveta\",\"publisher\":{\"@id\":\"https:\/\/hudo.com\/si\/#organization\"},\"potentialAction\":[{\"@type\":\"SearchAction\",\"target\":{\"@type\":\"EntryPoint\",\"urlTemplate\":\"https:\/\/hudo.com\/si\/?s={search_term_string}\"},\"query-input\":\"required name=search_term_string\"}],\"inLanguage\":\"sl-SI\"},{\"@type\":\"Organization\",\"@id\":\"https:\/\/hudo.com\/si\/#organization\",\"name\":\"VSN Media\",\"url\":\"https:\/\/hudo.com\/si\/\",\"logo\":{\"@type\":\"ImageObject\",\"inLanguage\":\"sl-SI\",\"@id\":\"https:\/\/hudo.com\/si\/#\/schema\/logo\/image\/\",\"url\":\"https:\/\/hudo.com\/si\/wp-content\/uploads\/sites\/2\/2021\/03\/hudo-app-2.png\",\"contentUrl\":\"https:\/\/hudo.com\/si\/wp-content\/uploads\/sites\/2\/2021\/03\/hudo-app-2.png\",\"width\":2185,\"height\":2167,\"caption\":\"VSN Media\"},\"image\":{\"@id\":\"https:\/\/hudo.com\/si\/#\/schema\/logo\/image\/\"},\"sameAs\":[\"https:\/\/www.facebook.com\/hudo.si\",\"https:\/\/twitter.com\/hudo_si\"]},{\"@type\":\"Person\",\"@id\":\"https:\/\/hudo.com\/si\/#\/schema\/person\/601cf3379633985b20f7e50f2bb47707\",\"name\":\"hudo\",\"image\":{\"@type\":\"ImageObject\",\"inLanguage\":\"sl-SI\",\"@id\":\"https:\/\/hudo.com\/si\/#\/schema\/person\/image\/\",\"url\":\"https:\/\/secure.gravatar.com\/avatar\/c4ca25fa72cace7a696b52ff5db9e095?s=96&d=mm&r=g\",\"contentUrl\":\"https:\/\/secure.gravatar.com\/avatar\/c4ca25fa72cace7a696b52ff5db9e095?s=96&d=mm&r=g\",\"caption\":\"hudo\"},\"url\":\"https:\/\/hudo.com\/si\/author\/hudo\/\"}]}<\/script>\n<!-- \/ Yoast SEO plugin. -->","yoast_head_json":{"title":"Novi obremenilni dokumenti o poslih \u010dastnega konzula - Hudo Slovenija","robots":{"index":"index","follow":"follow","max-snippet":"max-snippet:-1","max-image-preview":"max-image-preview:large","max-video-preview":"max-video-preview:-1"},"canonical":"https:\/\/hudo.com\/si\/aktualno\/novi-obremenilni-dokumenti-o-poslih-castnega-konzula\/","og_locale":"sl_SI","og_type":"article","og_title":"Novi obremenilni dokumenti o poslih \u010dastnega konzula - Hudo Slovenija","og_description":"Kategorija: Slovenija Fri, 08 Apr 2016 19:04:00 +0200 Slovenski \u010dastni konzul v Luksemburgu Franc Zlatko Dreu, ki smo ga Delovi novinarji v sodelovanju z mednarodnimi partnerji na\u0161li med panamskimi dokumenti, je imel po poro\u010danju POP TV novembra 2013 tudi hi\u0161no preiskavo. Kot poro\u010da televizija, so \u00bbkriminalisti Nacionalnega priskovalnega urada pri njem iskali obremenilne dokaze zoper Bo\u0161ka \u0160rota in Andrijano Starina Kosem o poslu z v resnici ni\u010dvrednimi delnicami velenjskega premogovnika.\u00ab Poleg \u0160rota naj bi Drev in njegov sin v Luksemburgu in na Devi\u0161kih otokih zastopala tudi dru\u017ebe borznega posrednika Bogdana Pu\u0161nika. Kot navaja POP TV je bila glavna luksembur\u0161ka dru\u017eba pri poslih z delnicami Peria, njen ekonomski upravi\u010denec pa naj bi bil Bo\u0161ko \u0160rot. Peria se je preimenovala iz dru\u017ebe Jobelux, skup\u0161\u010dini pa naj bi predsedoval prav Dreu. Iz dokumentov televizije je \u0161e razvidno, da je Peria za\u010dela s trgovanjem\u00a0...","og_url":"https:\/\/hudo.com\/si\/aktualno\/novi-obremenilni-dokumenti-o-poslih-castnega-konzula\/","og_site_name":"Hudo Slovenija","article_publisher":"https:\/\/www.facebook.com\/hudo.si","article_published_time":"2016-04-08T15:04:00+00:00","article_modified_time":"2016-04-08T19:11:44+00:00","og_image":[{"width":480,"height":290,"url":"https:\/\/hudo.com\/si\/wp-content\/uploads\/sites\/2\/2016\/04\/480x290_Ozadja__konzul1.jpeg","type":"image\/jpeg"}],"author":"hudo","twitter_card":"summary_large_image","twitter_creator":"@hudo_si","twitter_site":"@hudo_si","twitter_misc":{"Written by":"hudo","Est. reading time":"1 minuta"},"schema":{"@context":"https:\/\/schema.org","@graph":[{"@type":"Article","@id":"https:\/\/hudo.com\/si\/aktualno\/novi-obremenilni-dokumenti-o-poslih-castnega-konzula\/#article","isPartOf":{"@id":"https:\/\/hudo.com\/si\/aktualno\/novi-obremenilni-dokumenti-o-poslih-castnega-konzula\/"},"author":{"name":"hudo","@id":"https:\/\/hudo.com\/si\/#\/schema\/person\/601cf3379633985b20f7e50f2bb47707"},"headline":"Novi obremenilni dokumenti o poslih \u010dastnega konzula","datePublished":"2016-04-08T15:04:00+00:00","dateModified":"2016-04-08T19:11:44+00:00","mainEntityOfPage":{"@id":"https:\/\/hudo.com\/si\/aktualno\/novi-obremenilni-dokumenti-o-poslih-castnega-konzula\/"},"wordCount":158,"publisher":{"@id":"https:\/\/hudo.com\/si\/#organization"},"articleSection":["Aktualno"],"inLanguage":"sl-SI"},{"@type":"WebPage","@id":"https:\/\/hudo.com\/si\/aktualno\/novi-obremenilni-dokumenti-o-poslih-castnega-konzula\/","url":"https:\/\/hudo.com\/si\/aktualno\/novi-obremenilni-dokumenti-o-poslih-castnega-konzula\/","name":"Novi obremenilni dokumenti o poslih \u010dastnega konzula - Hudo Slovenija","isPartOf":{"@id":"https:\/\/hudo.com\/si\/#website"},"datePublished":"2016-04-08T15:04:00+00:00","dateModified":"2016-04-08T19:11:44+00:00","breadcrumb":{"@id":"https:\/\/hudo.com\/si\/aktualno\/novi-obremenilni-dokumenti-o-poslih-castnega-konzula\/#breadcrumb"},"inLanguage":"sl-SI","potentialAction":[{"@type":"ReadAction","target":["https:\/\/hudo.com\/si\/aktualno\/novi-obremenilni-dokumenti-o-poslih-castnega-konzula\/"]}]},{"@type":"BreadcrumbList","@id":"https:\/\/hudo.com\/si\/aktualno\/novi-obremenilni-dokumenti-o-poslih-castnega-konzula\/#breadcrumb","itemListElement":[{"@type":"ListItem","position":1,"name":"Home","item":"https:\/\/hudo.com\/si\/"},{"@type":"ListItem","position":2,"name":"Novi obremenilni dokumenti o poslih \u010dastnega konzula"}]},{"@type":"WebSite","@id":"https:\/\/hudo.com\/si\/#website","url":"https:\/\/hudo.com\/si\/","name":"Hudo Slovenija","description":"Vse novice iz Slovenije in sveta","publisher":{"@id":"https:\/\/hudo.com\/si\/#organization"},"potentialAction":[{"@type":"SearchAction","target":{"@type":"EntryPoint","urlTemplate":"https:\/\/hudo.com\/si\/?s={search_term_string}"},"query-input":"required name=search_term_string"}],"inLanguage":"sl-SI"},{"@type":"Organization","@id":"https:\/\/hudo.com\/si\/#organization","name":"VSN Media","url":"https:\/\/hudo.com\/si\/","logo":{"@type":"ImageObject","inLanguage":"sl-SI","@id":"https:\/\/hudo.com\/si\/#\/schema\/logo\/image\/","url":"https:\/\/hudo.com\/si\/wp-content\/uploads\/sites\/2\/2021\/03\/hudo-app-2.png","contentUrl":"https:\/\/hudo.com\/si\/wp-content\/uploads\/sites\/2\/2021\/03\/hudo-app-2.png","width":2185,"height":2167,"caption":"VSN Media"},"image":{"@id":"https:\/\/hudo.com\/si\/#\/schema\/logo\/image\/"},"sameAs":["https:\/\/www.facebook.com\/hudo.si","https:\/\/twitter.com\/hudo_si"]},{"@type":"Person","@id":"https:\/\/hudo.com\/si\/#\/schema\/person\/601cf3379633985b20f7e50f2bb47707","name":"hudo","image":{"@type":"ImageObject","inLanguage":"sl-SI","@id":"https:\/\/hudo.com\/si\/#\/schema\/person\/image\/","url":"https:\/\/secure.gravatar.com\/avatar\/c4ca25fa72cace7a696b52ff5db9e095?s=96&d=mm&r=g","contentUrl":"https:\/\/secure.gravatar.com\/avatar\/c4ca25fa72cace7a696b52ff5db9e095?s=96&d=mm&r=g","caption":"hudo"},"url":"https:\/\/hudo.com\/si\/author\/hudo\/"}]}},"amp_enabled":true,"_links":{"self":[{"href":"https:\/\/hudo.com\/si\/wp-json\/wp\/v2\/posts\/24810"}],"collection":[{"href":"https:\/\/hudo.com\/si\/wp-json\/wp\/v2\/posts"}],"about":[{"href":"https:\/\/hudo.com\/si\/wp-json\/wp\/v2\/types\/post"}],"author":[{"embeddable":true,"href":"https:\/\/hudo.com\/si\/wp-json\/wp\/v2\/users\/1"}],"replies":[{"embeddable":true,"href":"https:\/\/hudo.com\/si\/wp-json\/wp\/v2\/comments?post=24810"}],"version-history":[{"count":1,"href":"https:\/\/hudo.com\/si\/wp-json\/wp\/v2\/posts\/24810\/revisions"}],"predecessor-version":[{"id":24854,"href":"https:\/\/hudo.com\/si\/wp-json\/wp\/v2\/posts\/24810\/revisions\/24854"}],"wp:attachment":[{"href":"https:\/\/hudo.com\/si\/wp-json\/wp\/v2\/media?parent=24810"}],"wp:term":[{"taxonomy":"category","embeddable":true,"href":"https:\/\/hudo.com\/si\/wp-json\/wp\/v2\/categories?post=24810"},{"taxonomy":"post_tag","embeddable":true,"href":"https:\/\/hudo.com\/si\/wp-json\/wp\/v2\/tags?post=24810"},{"taxonomy":"source","embeddable":true,"href":"https:\/\/hudo.com\/si\/wp-json\/wp\/v2\/source?post=24810"},{"taxonomy":"supertag","embeddable":true,"href":"https:\/\/hudo.com\/si\/wp-json\/wp\/v2\/supertag?post=24810"}],"curies":[{"name":"wp","href":"https:\/\/api.w.org\/{rel}","templated":true}]}}