{"id":248495,"date":"2017-04-27T18:26:00","date_gmt":"2017-04-27T16:26:00","guid":{"rendered":"http:\/\/hudo.com\/si\/2017\/04\/27\/vdrli-v-makedonski-parlament-poskodovan-vodja-opozicije\/"},"modified":"2017-04-28T07:22:03","modified_gmt":"2017-04-28T05:22:03","slug":"vdrli-v-makedonski-parlament-poskodovan-vodja-opozicije","status":"publish","type":"post","link":"https:\/\/hudo.com\/si\/aktualno\/vdrli-v-makedonski-parlament-poskodovan-vodja-opozicije\/","title":{"rendered":"Vdrli v makedonski parlament, po\u0161kodovan vodja opozicije"},"content":{"rendered":"<p>V makedonski parlament so danes vdrli protestniki, ki so \u017eeleli izraziti nasprotovanje po njihovem mnenju nepo\u0161tenim volitvam predsednika parlamenta. Gre za podpornike stranke VMRO-DPMNE nekdanjega premierja Nikole Gruevskega. V kaosu je bil med drugim po\u0161kodovan vodja socialdemokratov (SDMS) Zoran Zaev, pretepeni pa so bili tudi novinarji. Protestniki so \u017eeleli izraziti nasprotovanje izvolitvi predsednika parlamenta Albanca Talata Xhaferija, ki so ga izglasovali socialdemokrati in poslanci albanske manj\u0161ine. Gruevski je to ozna\u010dil za pu\u010d. Po navedbah novinarja francoske tiskovne agencije AFP je bilo v kaosu, ki je nastal po vdoru protestnikov, na obrazu opozicijskega voditelja Zaeva videti kri. Zaev vodi SDSM, ki velja za nasprotnico VMRO-DPMNE. Makedonija je \u017ee od volitev decembra lani v slepi ulici. Za dodatno zaostrovanje je poskrbel predsednik Gjorge Ivanov, ki \u017ee od za\u010detka marca zavra\u010da podelitev mandata za sestavo vlade Zaevu. Mandata mu ne \u017eeli podeliti, \u010deprav je vodja opozicije predal podpise podpore 67 od 120 poslancev. K spremembi odlo\u010ditve so ga sicer pozvali tudi \u0161tevilni visoki predstavniki EU. Protestniki, ki so danes vdrli v parlament, proti koaliciji socialdemokratov z albansko manj\u0161ino v Skopju protestirajo \u017ee od volitev.<\/p>\n","protected":false},"excerpt":{"rendered":"<p>V makedonski parlament so danes vdrli protestniki, ki so \u017eeleli izraziti nasprotovanje po njihovem mnenju nepo\u0161tenim volitvam predsednika parlamenta. Gre za podpornike stranke VMRO-DPMNE nekdanjega premierja Nikole Gruevskega. V kaosu je bil med drugim po\u0161kodovan vodja socialdemokratov (SDMS) Zoran Zaev, pretepeni pa so bili tudi novinarji. Protestniki so \u017eeleli izraziti nasprotovanje izvolitvi predsednika parlamenta Albanca Talata Xhaferija, ki so ga izglasovali socialdemokrati in poslanci albanske manj\u0161ine. Gruevski je to ozna\u010dil za pu\u010d. Po navedbah novinarja francoske tiskovne agencije AFP je bilo v kaosu, ki je nastal po vdoru protestnikov, na obrazu opozicijskega voditelja Zaeva videti kri. Zaev vodi SDSM, ki velja za nasprotnico VMRO-DPMNE. Makedonija je \u017ee od volitev decembra lani v slepi ulici. Za dodatno zaostrovanje je poskrbel predsednik Gjorge Ivanov, ki \u017ee od za\u010detka marca zavra\u010da podelitev mandata za sestavo vlade Zaevu. Mandata mu ne \u017eeli podeliti, \u010deprav je vodja opozicije predal podpise podpore 67 od 120 poslancev. K spremembi odlo\u010ditve so ga sicer pozvali tudi \u0161tevilni visoki predstavniki EU. Protestniki, ki so danes vdrli v parlament, proti koaliciji socialdemokratov z albansko manj\u0161ino v Skopju protestirajo \u017ee od volitev.<\/p>\n","protected":false},"author":1,"featured_media":0,"comment_status":"closed","ping_status":"closed","sticky":false,"template":"","format":"standard","meta":{"footnotes":""},"categories":[1179],"tags":[],"source":[1711],"supertag":[],"acf":[],"yoast_head":"<!-- This site is optimized with the Yoast SEO plugin v21.3 - https:\/\/yoast.com\/wordpress\/plugins\/seo\/ -->\n<title>Vdrli v makedonski parlament, po\u0161kodovan vodja opozicije - Hudo Slovenija<\/title>\n<meta name=\"robots\" content=\"index, follow, max-snippet:-1, max-image-preview:large, max-video-preview:-1\" \/>\n<link rel=\"canonical\" href=\"https:\/\/hudo.com\/si\/aktualno\/vdrli-v-makedonski-parlament-poskodovan-vodja-opozicije\/\" \/>\n<meta property=\"og:locale\" content=\"sl_SI\" \/>\n<meta property=\"og:type\" content=\"article\" \/>\n<meta property=\"og:title\" content=\"Vdrli v makedonski parlament, po\u0161kodovan vodja opozicije - Hudo Slovenija\" \/>\n<meta property=\"og:description\" content=\"V makedonski parlament so danes vdrli protestniki, ki so \u017eeleli izraziti nasprotovanje po njihovem mnenju nepo\u0161tenim volitvam predsednika parlamenta. Gre za podpornike stranke VMRO-DPMNE nekdanjega premierja Nikole Gruevskega. V kaosu je bil med drugim po\u0161kodovan vodja socialdemokratov (SDMS) Zoran Zaev, pretepeni pa so bili tudi novinarji. Protestniki so \u017eeleli izraziti nasprotovanje izvolitvi predsednika parlamenta Albanca Talata Xhaferija, ki so ga izglasovali socialdemokrati in poslanci albanske manj\u0161ine. Gruevski je to ozna\u010dil za pu\u010d. Po navedbah novinarja francoske tiskovne agencije AFP je bilo v kaosu, ki je nastal po vdoru protestnikov, na obrazu opozicijskega voditelja Zaeva videti kri. Zaev vodi SDSM, ki velja za nasprotnico VMRO-DPMNE. Makedonija je \u017ee od volitev decembra lani v slepi ulici. Za dodatno zaostrovanje je poskrbel predsednik Gjorge Ivanov, ki \u017ee od za\u010detka marca zavra\u010da podelitev mandata za sestavo vlade Zaevu. Mandata mu ne \u017eeli podeliti, \u010deprav je vodja opozicije predal podpise podpore 67 od 120 poslancev. K spremembi odlo\u010ditve so ga sicer pozvali tudi \u0161tevilni visoki predstavniki EU. Protestniki, ki so danes vdrli v parlament, proti koaliciji socialdemokratov z albansko manj\u0161ino v Skopju protestirajo \u017ee od volitev.\" \/>\n<meta property=\"og:url\" content=\"https:\/\/hudo.com\/si\/aktualno\/vdrli-v-makedonski-parlament-poskodovan-vodja-opozicije\/\" \/>\n<meta property=\"og:site_name\" content=\"Hudo Slovenija\" \/>\n<meta property=\"article:publisher\" content=\"https:\/\/www.facebook.com\/hudo.si\" \/>\n<meta property=\"article:published_time\" content=\"2017-04-27T16:26:00+00:00\" \/>\n<meta property=\"article:modified_time\" content=\"2017-04-28T05:22:03+00:00\" \/>\n<meta property=\"og:image\" content=\"https:\/\/hudo.com\/si\/wp-content\/uploads\/sites\/2\/2017\/04\/05931501-300.jpg\" \/>\n\t<meta property=\"og:image:width\" content=\"450\" \/>\n\t<meta property=\"og:image:height\" content=\"352\" \/>\n\t<meta property=\"og:image:type\" content=\"image\/jpeg\" \/>\n<meta name=\"author\" content=\"hudo\" \/>\n<meta name=\"twitter:card\" content=\"summary_large_image\" \/>\n<meta name=\"twitter:creator\" content=\"@hudo_si\" \/>\n<meta name=\"twitter:site\" content=\"@hudo_si\" \/>\n<meta name=\"twitter:label1\" content=\"Written by\" \/>\n\t<meta name=\"twitter:data1\" content=\"hudo\" \/>\n\t<meta name=\"twitter:label2\" content=\"Est. reading time\" \/>\n\t<meta name=\"twitter:data2\" content=\"1 minuta\" \/>\n<script type=\"application\/ld+json\" class=\"yoast-schema-graph\">{\"@context\":\"https:\/\/schema.org\",\"@graph\":[{\"@type\":\"Article\",\"@id\":\"https:\/\/hudo.com\/si\/aktualno\/vdrli-v-makedonski-parlament-poskodovan-vodja-opozicije\/#article\",\"isPartOf\":{\"@id\":\"https:\/\/hudo.com\/si\/aktualno\/vdrli-v-makedonski-parlament-poskodovan-vodja-opozicije\/\"},\"author\":{\"name\":\"hudo\",\"@id\":\"https:\/\/hudo.com\/si\/#\/schema\/person\/601cf3379633985b20f7e50f2bb47707\"},\"headline\":\"Vdrli v makedonski parlament, po\u0161kodovan vodja opozicije\",\"datePublished\":\"2017-04-27T16:26:00+00:00\",\"dateModified\":\"2017-04-28T05:22:03+00:00\",\"mainEntityOfPage\":{\"@id\":\"https:\/\/hudo.com\/si\/aktualno\/vdrli-v-makedonski-parlament-poskodovan-vodja-opozicije\/\"},\"wordCount\":195,\"publisher\":{\"@id\":\"https:\/\/hudo.com\/si\/#organization\"},\"articleSection\":[\"Aktualno\"],\"inLanguage\":\"sl-SI\"},{\"@type\":\"WebPage\",\"@id\":\"https:\/\/hudo.com\/si\/aktualno\/vdrli-v-makedonski-parlament-poskodovan-vodja-opozicije\/\",\"url\":\"https:\/\/hudo.com\/si\/aktualno\/vdrli-v-makedonski-parlament-poskodovan-vodja-opozicije\/\",\"name\":\"Vdrli v makedonski parlament, po\u0161kodovan vodja opozicije - Hudo Slovenija\",\"isPartOf\":{\"@id\":\"https:\/\/hudo.com\/si\/#website\"},\"datePublished\":\"2017-04-27T16:26:00+00:00\",\"dateModified\":\"2017-04-28T05:22:03+00:00\",\"breadcrumb\":{\"@id\":\"https:\/\/hudo.com\/si\/aktualno\/vdrli-v-makedonski-parlament-poskodovan-vodja-opozicije\/#breadcrumb\"},\"inLanguage\":\"sl-SI\",\"potentialAction\":[{\"@type\":\"ReadAction\",\"target\":[\"https:\/\/hudo.com\/si\/aktualno\/vdrli-v-makedonski-parlament-poskodovan-vodja-opozicije\/\"]}]},{\"@type\":\"BreadcrumbList\",\"@id\":\"https:\/\/hudo.com\/si\/aktualno\/vdrli-v-makedonski-parlament-poskodovan-vodja-opozicije\/#breadcrumb\",\"itemListElement\":[{\"@type\":\"ListItem\",\"position\":1,\"name\":\"Home\",\"item\":\"https:\/\/hudo.com\/si\/\"},{\"@type\":\"ListItem\",\"position\":2,\"name\":\"Vdrli v makedonski parlament, po\u0161kodovan vodja opozicije\"}]},{\"@type\":\"WebSite\",\"@id\":\"https:\/\/hudo.com\/si\/#website\",\"url\":\"https:\/\/hudo.com\/si\/\",\"name\":\"Hudo Slovenija\",\"description\":\"Vse novice iz Slovenije in sveta\",\"publisher\":{\"@id\":\"https:\/\/hudo.com\/si\/#organization\"},\"potentialAction\":[{\"@type\":\"SearchAction\",\"target\":{\"@type\":\"EntryPoint\",\"urlTemplate\":\"https:\/\/hudo.com\/si\/?s={search_term_string}\"},\"query-input\":\"required name=search_term_string\"}],\"inLanguage\":\"sl-SI\"},{\"@type\":\"Organization\",\"@id\":\"https:\/\/hudo.com\/si\/#organization\",\"name\":\"VSN Media\",\"url\":\"https:\/\/hudo.com\/si\/\",\"logo\":{\"@type\":\"ImageObject\",\"inLanguage\":\"sl-SI\",\"@id\":\"https:\/\/hudo.com\/si\/#\/schema\/logo\/image\/\",\"url\":\"https:\/\/hudo.com\/si\/wp-content\/uploads\/sites\/2\/2021\/03\/hudo-app-2.png\",\"contentUrl\":\"https:\/\/hudo.com\/si\/wp-content\/uploads\/sites\/2\/2021\/03\/hudo-app-2.png\",\"width\":2185,\"height\":2167,\"caption\":\"VSN Media\"},\"image\":{\"@id\":\"https:\/\/hudo.com\/si\/#\/schema\/logo\/image\/\"},\"sameAs\":[\"https:\/\/www.facebook.com\/hudo.si\",\"https:\/\/twitter.com\/hudo_si\"]},{\"@type\":\"Person\",\"@id\":\"https:\/\/hudo.com\/si\/#\/schema\/person\/601cf3379633985b20f7e50f2bb47707\",\"name\":\"hudo\",\"image\":{\"@type\":\"ImageObject\",\"inLanguage\":\"sl-SI\",\"@id\":\"https:\/\/hudo.com\/si\/#\/schema\/person\/image\/\",\"url\":\"https:\/\/secure.gravatar.com\/avatar\/c4ca25fa72cace7a696b52ff5db9e095?s=96&d=mm&r=g\",\"contentUrl\":\"https:\/\/secure.gravatar.com\/avatar\/c4ca25fa72cace7a696b52ff5db9e095?s=96&d=mm&r=g\",\"caption\":\"hudo\"},\"url\":\"https:\/\/hudo.com\/si\/author\/hudo\/\"}]}<\/script>\n<!-- \/ Yoast SEO plugin. -->","yoast_head_json":{"title":"Vdrli v makedonski parlament, po\u0161kodovan vodja opozicije - Hudo Slovenija","robots":{"index":"index","follow":"follow","max-snippet":"max-snippet:-1","max-image-preview":"max-image-preview:large","max-video-preview":"max-video-preview:-1"},"canonical":"https:\/\/hudo.com\/si\/aktualno\/vdrli-v-makedonski-parlament-poskodovan-vodja-opozicije\/","og_locale":"sl_SI","og_type":"article","og_title":"Vdrli v makedonski parlament, po\u0161kodovan vodja opozicije - Hudo Slovenija","og_description":"V makedonski parlament so danes vdrli protestniki, ki so \u017eeleli izraziti nasprotovanje po njihovem mnenju nepo\u0161tenim volitvam predsednika parlamenta. Gre za podpornike stranke VMRO-DPMNE nekdanjega premierja Nikole Gruevskega. V kaosu je bil med drugim po\u0161kodovan vodja socialdemokratov (SDMS) Zoran Zaev, pretepeni pa so bili tudi novinarji. Protestniki so \u017eeleli izraziti nasprotovanje izvolitvi predsednika parlamenta Albanca Talata Xhaferija, ki so ga izglasovali socialdemokrati in poslanci albanske manj\u0161ine. Gruevski je to ozna\u010dil za pu\u010d. Po navedbah novinarja francoske tiskovne agencije AFP je bilo v kaosu, ki je nastal po vdoru protestnikov, na obrazu opozicijskega voditelja Zaeva videti kri. Zaev vodi SDSM, ki velja za nasprotnico VMRO-DPMNE. Makedonija je \u017ee od volitev decembra lani v slepi ulici. Za dodatno zaostrovanje je poskrbel predsednik Gjorge Ivanov, ki \u017ee od za\u010detka marca zavra\u010da podelitev mandata za sestavo vlade Zaevu. Mandata mu ne \u017eeli podeliti, \u010deprav je vodja opozicije predal podpise podpore 67 od 120 poslancev. K spremembi odlo\u010ditve so ga sicer pozvali tudi \u0161tevilni visoki predstavniki EU. Protestniki, ki so danes vdrli v parlament, proti koaliciji socialdemokratov z albansko manj\u0161ino v Skopju protestirajo \u017ee od volitev.","og_url":"https:\/\/hudo.com\/si\/aktualno\/vdrli-v-makedonski-parlament-poskodovan-vodja-opozicije\/","og_site_name":"Hudo Slovenija","article_publisher":"https:\/\/www.facebook.com\/hudo.si","article_published_time":"2017-04-27T16:26:00+00:00","article_modified_time":"2017-04-28T05:22:03+00:00","og_image":[{"width":450,"height":352,"url":"https:\/\/hudo.com\/si\/wp-content\/uploads\/sites\/2\/2017\/04\/05931501-300.jpg","type":"image\/jpeg"}],"author":"hudo","twitter_card":"summary_large_image","twitter_creator":"@hudo_si","twitter_site":"@hudo_si","twitter_misc":{"Written by":"hudo","Est. reading time":"1 minuta"},"schema":{"@context":"https:\/\/schema.org","@graph":[{"@type":"Article","@id":"https:\/\/hudo.com\/si\/aktualno\/vdrli-v-makedonski-parlament-poskodovan-vodja-opozicije\/#article","isPartOf":{"@id":"https:\/\/hudo.com\/si\/aktualno\/vdrli-v-makedonski-parlament-poskodovan-vodja-opozicije\/"},"author":{"name":"hudo","@id":"https:\/\/hudo.com\/si\/#\/schema\/person\/601cf3379633985b20f7e50f2bb47707"},"headline":"Vdrli v makedonski parlament, po\u0161kodovan vodja opozicije","datePublished":"2017-04-27T16:26:00+00:00","dateModified":"2017-04-28T05:22:03+00:00","mainEntityOfPage":{"@id":"https:\/\/hudo.com\/si\/aktualno\/vdrli-v-makedonski-parlament-poskodovan-vodja-opozicije\/"},"wordCount":195,"publisher":{"@id":"https:\/\/hudo.com\/si\/#organization"},"articleSection":["Aktualno"],"inLanguage":"sl-SI"},{"@type":"WebPage","@id":"https:\/\/hudo.com\/si\/aktualno\/vdrli-v-makedonski-parlament-poskodovan-vodja-opozicije\/","url":"https:\/\/hudo.com\/si\/aktualno\/vdrli-v-makedonski-parlament-poskodovan-vodja-opozicije\/","name":"Vdrli v makedonski parlament, po\u0161kodovan vodja opozicije - Hudo Slovenija","isPartOf":{"@id":"https:\/\/hudo.com\/si\/#website"},"datePublished":"2017-04-27T16:26:00+00:00","dateModified":"2017-04-28T05:22:03+00:00","breadcrumb":{"@id":"https:\/\/hudo.com\/si\/aktualno\/vdrli-v-makedonski-parlament-poskodovan-vodja-opozicije\/#breadcrumb"},"inLanguage":"sl-SI","potentialAction":[{"@type":"ReadAction","target":["https:\/\/hudo.com\/si\/aktualno\/vdrli-v-makedonski-parlament-poskodovan-vodja-opozicije\/"]}]},{"@type":"BreadcrumbList","@id":"https:\/\/hudo.com\/si\/aktualno\/vdrli-v-makedonski-parlament-poskodovan-vodja-opozicije\/#breadcrumb","itemListElement":[{"@type":"ListItem","position":1,"name":"Home","item":"https:\/\/hudo.com\/si\/"},{"@type":"ListItem","position":2,"name":"Vdrli v makedonski parlament, po\u0161kodovan vodja opozicije"}]},{"@type":"WebSite","@id":"https:\/\/hudo.com\/si\/#website","url":"https:\/\/hudo.com\/si\/","name":"Hudo Slovenija","description":"Vse novice iz Slovenije in sveta","publisher":{"@id":"https:\/\/hudo.com\/si\/#organization"},"potentialAction":[{"@type":"SearchAction","target":{"@type":"EntryPoint","urlTemplate":"https:\/\/hudo.com\/si\/?s={search_term_string}"},"query-input":"required name=search_term_string"}],"inLanguage":"sl-SI"},{"@type":"Organization","@id":"https:\/\/hudo.com\/si\/#organization","name":"VSN Media","url":"https:\/\/hudo.com\/si\/","logo":{"@type":"ImageObject","inLanguage":"sl-SI","@id":"https:\/\/hudo.com\/si\/#\/schema\/logo\/image\/","url":"https:\/\/hudo.com\/si\/wp-content\/uploads\/sites\/2\/2021\/03\/hudo-app-2.png","contentUrl":"https:\/\/hudo.com\/si\/wp-content\/uploads\/sites\/2\/2021\/03\/hudo-app-2.png","width":2185,"height":2167,"caption":"VSN Media"},"image":{"@id":"https:\/\/hudo.com\/si\/#\/schema\/logo\/image\/"},"sameAs":["https:\/\/www.facebook.com\/hudo.si","https:\/\/twitter.com\/hudo_si"]},{"@type":"Person","@id":"https:\/\/hudo.com\/si\/#\/schema\/person\/601cf3379633985b20f7e50f2bb47707","name":"hudo","image":{"@type":"ImageObject","inLanguage":"sl-SI","@id":"https:\/\/hudo.com\/si\/#\/schema\/person\/image\/","url":"https:\/\/secure.gravatar.com\/avatar\/c4ca25fa72cace7a696b52ff5db9e095?s=96&d=mm&r=g","contentUrl":"https:\/\/secure.gravatar.com\/avatar\/c4ca25fa72cace7a696b52ff5db9e095?s=96&d=mm&r=g","caption":"hudo"},"url":"https:\/\/hudo.com\/si\/author\/hudo\/"}]}},"amp_enabled":true,"_links":{"self":[{"href":"https:\/\/hudo.com\/si\/wp-json\/wp\/v2\/posts\/248495"}],"collection":[{"href":"https:\/\/hudo.com\/si\/wp-json\/wp\/v2\/posts"}],"about":[{"href":"https:\/\/hudo.com\/si\/wp-json\/wp\/v2\/types\/post"}],"author":[{"embeddable":true,"href":"https:\/\/hudo.com\/si\/wp-json\/wp\/v2\/users\/1"}],"replies":[{"embeddable":true,"href":"https:\/\/hudo.com\/si\/wp-json\/wp\/v2\/comments?post=248495"}],"version-history":[{"count":1,"href":"https:\/\/hudo.com\/si\/wp-json\/wp\/v2\/posts\/248495\/revisions"}],"predecessor-version":[{"id":248519,"href":"https:\/\/hudo.com\/si\/wp-json\/wp\/v2\/posts\/248495\/revisions\/248519"}],"wp:attachment":[{"href":"https:\/\/hudo.com\/si\/wp-json\/wp\/v2\/media?parent=248495"}],"wp:term":[{"taxonomy":"category","embeddable":true,"href":"https:\/\/hudo.com\/si\/wp-json\/wp\/v2\/categories?post=248495"},{"taxonomy":"post_tag","embeddable":true,"href":"https:\/\/hudo.com\/si\/wp-json\/wp\/v2\/tags?post=248495"},{"taxonomy":"source","embeddable":true,"href":"https:\/\/hudo.com\/si\/wp-json\/wp\/v2\/source?post=248495"},{"taxonomy":"supertag","embeddable":true,"href":"https:\/\/hudo.com\/si\/wp-json\/wp\/v2\/supertag?post=248495"}],"curies":[{"name":"wp","href":"https:\/\/api.w.org\/{rel}","templated":true}]}}