{"id":248516,"date":"2017-04-27T19:43:00","date_gmt":"2017-04-27T17:43:00","guid":{"rendered":"http:\/\/hudo.com\/si\/2017\/04\/27\/minister-erjavec-je-bil-v-vatikanu\/"},"modified":"2017-04-28T07:22:00","modified_gmt":"2017-04-28T05:22:00","slug":"minister-erjavec-je-bil-v-vatikanu","status":"publish","type":"post","link":"https:\/\/hudo.com\/si\/aktualno\/minister-erjavec-je-bil-v-vatikanu\/","title":{"rendered":"Minister Erjavec je bil v Vatikanu"},"content":{"rendered":"<p>Minister za zunanje zadeve Karl Erjavec je bil danes na delovnem obisku pri Svetem sede\u017eu in se sre\u010dal s tajnikom Svetega sede\u017ea za odnose z dr\u017eavami, nad\u0161kofom Paulom Richardom Gallagherjem. Govorila sta o arbitra\u017enem postopku med Slovenijo in Hrva\u0161ko, migracijah ter dogajanju v \u0161ir\u0161i regiji Zahodnega Balkana, so sporo\u010dili iz MZZ. Minister je sogovornika med drugim seznanil s stanjem arbitra\u017enega postopka med Slovenijo in Hrva\u0161ko ter izrazil pri\u010dakovanje, da bo Sveti sede\u017e tudi v bodo\u010de podpiral tak na\u010din re\u0161evanja dvostranskih vpra\u0161anj, o katerih se dr\u017eave ne morejo same sporazumeti. Vodja slovenske diplomacije je s tajnikom Svetega sede\u017ea izmenjal tudi stali\u0161\u010da glede dogajanja v \u0161ir\u0161i regiji Zahodnega Balkana. Strinjala sta se o zapletenosti razmer v teh dr\u017eavah, nujnosti reform in ohranjanju evropske perspektive. Dotaknila sta se odnosov EU s Tur\u010dijo in poudarila pomen dialoga, so \u0161e sporo\u010dili z zunanjega ministrstva. Ena od tem pogovora so bile tudi mednarodne migracije, pri \u010demer je bilo poudarjeno, da se Slovenija aktivno vklju\u010duje v prizadevanja mednarodne skupnosti za celostno ureditev tega vpra\u0161anja. Osredoto\u010dila sta se tudi na Ju\u017eno Sredozemlje, saj se regija soo\u010da z izzivi, ki neposredno vplivajo na varnost v Evropi. Strinjala sta se, da mora biti pozornost mednarodne skupnosti \u0161e naprej posve\u010dena najbolj pere\u010dim vpra\u0161anjem Sirije, Libije, Iraka ter bli\u017enjevzhodnemu mirovnemu procesu. Erjavec se je Gallagherju zahvalil za priznanje slovenske samostojnosti pred 25 leti in potrdil interes Slovenije za nadaljevanje rednega dialoga s Svetim sede\u017eem o razli\u010dnih mednarodnih vpra\u0161anjih.<\/p>\n","protected":false},"excerpt":{"rendered":"<p>Minister za zunanje zadeve Karl Erjavec je bil danes na delovnem obisku pri Svetem sede\u017eu in se sre\u010dal s tajnikom Svetega sede\u017ea za odnose z dr\u017eavami, nad\u0161kofom Paulom Richardom Gallagherjem. Govorila sta o arbitra\u017enem postopku med Slovenijo in Hrva\u0161ko, migracijah ter dogajanju v \u0161ir\u0161i regiji Zahodnega Balkana, so sporo\u010dili iz MZZ. Minister je sogovornika med drugim seznanil s stanjem arbitra\u017enega postopka med Slovenijo in Hrva\u0161ko ter izrazil pri\u010dakovanje, da bo Sveti sede\u017e tudi v bodo\u010de podpiral tak na\u010din re\u0161evanja dvostranskih vpra\u0161anj, o katerih se dr\u017eave ne morejo same sporazumeti. Vodja slovenske diplomacije je s tajnikom Svetega sede\u017ea izmenjal tudi stali\u0161\u010da glede dogajanja v \u0161ir\u0161i regiji Zahodnega Balkana. Strinjala sta se o zapletenosti razmer v teh dr\u017eavah, nujnosti reform in ohranjanju evropske perspektive. Dotaknila sta se odnosov EU s Tur\u010dijo in poudarila pomen dialoga, so \u0161e sporo\u010dili z zunanjega ministrstva. Ena od tem pogovora so bile tudi mednarodne migracije, pri \u010demer je bilo poudarjeno, da se Slovenija aktivno vklju\u010duje v prizadevanja mednarodne skupnosti za celostno ureditev tega vpra\u0161anja. Osredoto\u010dila sta se tudi na Ju\u017eno Sredozemlje, saj se regija soo\u010da z izzivi, ki neposredno vplivajo na varnost v Evropi. Strinjala sta se, da mora biti pozornost mednarodne skupnosti \u0161e naprej posve\u010dena najbolj pere\u010dim vpra\u0161anjem Sirije, Libije, Iraka ter bli\u017enjevzhodnemu mirovnemu procesu. Erjavec se je Gallagherju zahvalil za priznanje slovenske samostojnosti pred 25 leti in potrdil interes Slovenije za nadaljevanje rednega dialoga s Svetim sede\u017eem o razli\u010dnih mednarodnih vpra\u0161anjih.<\/p>\n","protected":false},"author":1,"featured_media":0,"comment_status":"closed","ping_status":"closed","sticky":false,"template":"","format":"standard","meta":{"footnotes":""},"categories":[1179],"tags":[],"source":[1711],"supertag":[],"acf":[],"yoast_head":"<!-- This site is optimized with the Yoast SEO plugin v21.3 - https:\/\/yoast.com\/wordpress\/plugins\/seo\/ -->\n<title>Minister Erjavec je bil v Vatikanu - Hudo Slovenija<\/title>\n<meta name=\"robots\" content=\"index, follow, max-snippet:-1, max-image-preview:large, max-video-preview:-1\" \/>\n<link rel=\"canonical\" href=\"https:\/\/hudo.com\/si\/aktualno\/minister-erjavec-je-bil-v-vatikanu\/\" \/>\n<meta property=\"og:locale\" content=\"sl_SI\" \/>\n<meta property=\"og:type\" content=\"article\" \/>\n<meta property=\"og:title\" content=\"Minister Erjavec je bil v Vatikanu - Hudo Slovenija\" \/>\n<meta property=\"og:description\" content=\"Minister za zunanje zadeve Karl Erjavec je bil danes na delovnem obisku pri Svetem sede\u017eu in se sre\u010dal s tajnikom Svetega sede\u017ea za odnose z dr\u017eavami, nad\u0161kofom Paulom Richardom Gallagherjem. Govorila sta o arbitra\u017enem postopku med Slovenijo in Hrva\u0161ko, migracijah ter dogajanju v \u0161ir\u0161i regiji Zahodnega Balkana, so sporo\u010dili iz MZZ. Minister je sogovornika med drugim seznanil s stanjem arbitra\u017enega postopka med Slovenijo in Hrva\u0161ko ter izrazil pri\u010dakovanje, da bo Sveti sede\u017e tudi v bodo\u010de podpiral tak na\u010din re\u0161evanja dvostranskih vpra\u0161anj, o katerih se dr\u017eave ne morejo same sporazumeti. Vodja slovenske diplomacije je s tajnikom Svetega sede\u017ea izmenjal tudi stali\u0161\u010da glede dogajanja v \u0161ir\u0161i regiji Zahodnega Balkana. Strinjala sta se o zapletenosti razmer v teh dr\u017eavah, nujnosti reform in ohranjanju evropske perspektive. Dotaknila sta se odnosov EU s Tur\u010dijo in poudarila pomen dialoga, so \u0161e sporo\u010dili z zunanjega ministrstva. Ena od tem pogovora so bile tudi mednarodne migracije, pri \u010demer je bilo poudarjeno, da se Slovenija aktivno vklju\u010duje v prizadevanja mednarodne skupnosti za celostno ureditev tega vpra\u0161anja. Osredoto\u010dila sta se tudi na Ju\u017eno Sredozemlje, saj se regija soo\u010da z izzivi, ki neposredno vplivajo na varnost v Evropi. Strinjala sta se, da mora biti pozornost mednarodne skupnosti \u0161e naprej posve\u010dena najbolj pere\u010dim vpra\u0161anjem Sirije, Libije, Iraka ter bli\u017enjevzhodnemu mirovnemu procesu. Erjavec se je Gallagherju zahvalil za priznanje slovenske samostojnosti pred 25 leti in potrdil interes Slovenije za nadaljevanje rednega dialoga s Svetim sede\u017eem o razli\u010dnih mednarodnih vpra\u0161anjih.\" \/>\n<meta property=\"og:url\" content=\"https:\/\/hudo.com\/si\/aktualno\/minister-erjavec-je-bil-v-vatikanu\/\" \/>\n<meta property=\"og:site_name\" content=\"Hudo Slovenija\" \/>\n<meta property=\"article:publisher\" content=\"https:\/\/www.facebook.com\/hudo.si\" \/>\n<meta property=\"article:published_time\" content=\"2017-04-27T17:43:00+00:00\" \/>\n<meta property=\"article:modified_time\" content=\"2017-04-28T05:22:00+00:00\" \/>\n<meta property=\"og:image\" content=\"https:\/\/hudo.com\/si\/wp-content\/uploads\/sites\/2\/2017\/04\/karl4-300.jpg\" \/>\n\t<meta property=\"og:image:width\" content=\"450\" \/>\n\t<meta property=\"og:image:height\" content=\"547\" \/>\n\t<meta property=\"og:image:type\" content=\"image\/jpeg\" \/>\n<meta name=\"author\" content=\"hudo\" \/>\n<meta name=\"twitter:card\" content=\"summary_large_image\" \/>\n<meta name=\"twitter:creator\" content=\"@hudo_si\" \/>\n<meta name=\"twitter:site\" content=\"@hudo_si\" \/>\n<meta name=\"twitter:label1\" content=\"Written by\" \/>\n\t<meta name=\"twitter:data1\" content=\"hudo\" \/>\n\t<meta name=\"twitter:label2\" content=\"Est. reading time\" \/>\n\t<meta name=\"twitter:data2\" content=\"1 minuta\" \/>\n<script type=\"application\/ld+json\" class=\"yoast-schema-graph\">{\"@context\":\"https:\/\/schema.org\",\"@graph\":[{\"@type\":\"Article\",\"@id\":\"https:\/\/hudo.com\/si\/aktualno\/minister-erjavec-je-bil-v-vatikanu\/#article\",\"isPartOf\":{\"@id\":\"https:\/\/hudo.com\/si\/aktualno\/minister-erjavec-je-bil-v-vatikanu\/\"},\"author\":{\"name\":\"hudo\",\"@id\":\"https:\/\/hudo.com\/si\/#\/schema\/person\/601cf3379633985b20f7e50f2bb47707\"},\"headline\":\"Minister Erjavec je bil v Vatikanu\",\"datePublished\":\"2017-04-27T17:43:00+00:00\",\"dateModified\":\"2017-04-28T05:22:00+00:00\",\"mainEntityOfPage\":{\"@id\":\"https:\/\/hudo.com\/si\/aktualno\/minister-erjavec-je-bil-v-vatikanu\/\"},\"wordCount\":276,\"publisher\":{\"@id\":\"https:\/\/hudo.com\/si\/#organization\"},\"articleSection\":[\"Aktualno\"],\"inLanguage\":\"sl-SI\"},{\"@type\":\"WebPage\",\"@id\":\"https:\/\/hudo.com\/si\/aktualno\/minister-erjavec-je-bil-v-vatikanu\/\",\"url\":\"https:\/\/hudo.com\/si\/aktualno\/minister-erjavec-je-bil-v-vatikanu\/\",\"name\":\"Minister Erjavec je bil v Vatikanu - Hudo Slovenija\",\"isPartOf\":{\"@id\":\"https:\/\/hudo.com\/si\/#website\"},\"datePublished\":\"2017-04-27T17:43:00+00:00\",\"dateModified\":\"2017-04-28T05:22:00+00:00\",\"breadcrumb\":{\"@id\":\"https:\/\/hudo.com\/si\/aktualno\/minister-erjavec-je-bil-v-vatikanu\/#breadcrumb\"},\"inLanguage\":\"sl-SI\",\"potentialAction\":[{\"@type\":\"ReadAction\",\"target\":[\"https:\/\/hudo.com\/si\/aktualno\/minister-erjavec-je-bil-v-vatikanu\/\"]}]},{\"@type\":\"BreadcrumbList\",\"@id\":\"https:\/\/hudo.com\/si\/aktualno\/minister-erjavec-je-bil-v-vatikanu\/#breadcrumb\",\"itemListElement\":[{\"@type\":\"ListItem\",\"position\":1,\"name\":\"Home\",\"item\":\"https:\/\/hudo.com\/si\/\"},{\"@type\":\"ListItem\",\"position\":2,\"name\":\"Minister Erjavec je bil v Vatikanu\"}]},{\"@type\":\"WebSite\",\"@id\":\"https:\/\/hudo.com\/si\/#website\",\"url\":\"https:\/\/hudo.com\/si\/\",\"name\":\"Hudo Slovenija\",\"description\":\"Vse novice iz Slovenije in sveta\",\"publisher\":{\"@id\":\"https:\/\/hudo.com\/si\/#organization\"},\"potentialAction\":[{\"@type\":\"SearchAction\",\"target\":{\"@type\":\"EntryPoint\",\"urlTemplate\":\"https:\/\/hudo.com\/si\/?s={search_term_string}\"},\"query-input\":\"required name=search_term_string\"}],\"inLanguage\":\"sl-SI\"},{\"@type\":\"Organization\",\"@id\":\"https:\/\/hudo.com\/si\/#organization\",\"name\":\"VSN Media\",\"url\":\"https:\/\/hudo.com\/si\/\",\"logo\":{\"@type\":\"ImageObject\",\"inLanguage\":\"sl-SI\",\"@id\":\"https:\/\/hudo.com\/si\/#\/schema\/logo\/image\/\",\"url\":\"https:\/\/hudo.com\/si\/wp-content\/uploads\/sites\/2\/2021\/03\/hudo-app-2.png\",\"contentUrl\":\"https:\/\/hudo.com\/si\/wp-content\/uploads\/sites\/2\/2021\/03\/hudo-app-2.png\",\"width\":2185,\"height\":2167,\"caption\":\"VSN Media\"},\"image\":{\"@id\":\"https:\/\/hudo.com\/si\/#\/schema\/logo\/image\/\"},\"sameAs\":[\"https:\/\/www.facebook.com\/hudo.si\",\"https:\/\/twitter.com\/hudo_si\"]},{\"@type\":\"Person\",\"@id\":\"https:\/\/hudo.com\/si\/#\/schema\/person\/601cf3379633985b20f7e50f2bb47707\",\"name\":\"hudo\",\"image\":{\"@type\":\"ImageObject\",\"inLanguage\":\"sl-SI\",\"@id\":\"https:\/\/hudo.com\/si\/#\/schema\/person\/image\/\",\"url\":\"https:\/\/secure.gravatar.com\/avatar\/c4ca25fa72cace7a696b52ff5db9e095?s=96&d=mm&r=g\",\"contentUrl\":\"https:\/\/secure.gravatar.com\/avatar\/c4ca25fa72cace7a696b52ff5db9e095?s=96&d=mm&r=g\",\"caption\":\"hudo\"},\"url\":\"https:\/\/hudo.com\/si\/author\/hudo\/\"}]}<\/script>\n<!-- \/ Yoast SEO plugin. -->","yoast_head_json":{"title":"Minister Erjavec je bil v Vatikanu - Hudo Slovenija","robots":{"index":"index","follow":"follow","max-snippet":"max-snippet:-1","max-image-preview":"max-image-preview:large","max-video-preview":"max-video-preview:-1"},"canonical":"https:\/\/hudo.com\/si\/aktualno\/minister-erjavec-je-bil-v-vatikanu\/","og_locale":"sl_SI","og_type":"article","og_title":"Minister Erjavec je bil v Vatikanu - Hudo Slovenija","og_description":"Minister za zunanje zadeve Karl Erjavec je bil danes na delovnem obisku pri Svetem sede\u017eu in se sre\u010dal s tajnikom Svetega sede\u017ea za odnose z dr\u017eavami, nad\u0161kofom Paulom Richardom Gallagherjem. Govorila sta o arbitra\u017enem postopku med Slovenijo in Hrva\u0161ko, migracijah ter dogajanju v \u0161ir\u0161i regiji Zahodnega Balkana, so sporo\u010dili iz MZZ. Minister je sogovornika med drugim seznanil s stanjem arbitra\u017enega postopka med Slovenijo in Hrva\u0161ko ter izrazil pri\u010dakovanje, da bo Sveti sede\u017e tudi v bodo\u010de podpiral tak na\u010din re\u0161evanja dvostranskih vpra\u0161anj, o katerih se dr\u017eave ne morejo same sporazumeti. Vodja slovenske diplomacije je s tajnikom Svetega sede\u017ea izmenjal tudi stali\u0161\u010da glede dogajanja v \u0161ir\u0161i regiji Zahodnega Balkana. Strinjala sta se o zapletenosti razmer v teh dr\u017eavah, nujnosti reform in ohranjanju evropske perspektive. Dotaknila sta se odnosov EU s Tur\u010dijo in poudarila pomen dialoga, so \u0161e sporo\u010dili z zunanjega ministrstva. Ena od tem pogovora so bile tudi mednarodne migracije, pri \u010demer je bilo poudarjeno, da se Slovenija aktivno vklju\u010duje v prizadevanja mednarodne skupnosti za celostno ureditev tega vpra\u0161anja. Osredoto\u010dila sta se tudi na Ju\u017eno Sredozemlje, saj se regija soo\u010da z izzivi, ki neposredno vplivajo na varnost v Evropi. Strinjala sta se, da mora biti pozornost mednarodne skupnosti \u0161e naprej posve\u010dena najbolj pere\u010dim vpra\u0161anjem Sirije, Libije, Iraka ter bli\u017enjevzhodnemu mirovnemu procesu. Erjavec se je Gallagherju zahvalil za priznanje slovenske samostojnosti pred 25 leti in potrdil interes Slovenije za nadaljevanje rednega dialoga s Svetim sede\u017eem o razli\u010dnih mednarodnih vpra\u0161anjih.","og_url":"https:\/\/hudo.com\/si\/aktualno\/minister-erjavec-je-bil-v-vatikanu\/","og_site_name":"Hudo Slovenija","article_publisher":"https:\/\/www.facebook.com\/hudo.si","article_published_time":"2017-04-27T17:43:00+00:00","article_modified_time":"2017-04-28T05:22:00+00:00","og_image":[{"width":450,"height":547,"url":"https:\/\/hudo.com\/si\/wp-content\/uploads\/sites\/2\/2017\/04\/karl4-300.jpg","type":"image\/jpeg"}],"author":"hudo","twitter_card":"summary_large_image","twitter_creator":"@hudo_si","twitter_site":"@hudo_si","twitter_misc":{"Written by":"hudo","Est. reading time":"1 minuta"},"schema":{"@context":"https:\/\/schema.org","@graph":[{"@type":"Article","@id":"https:\/\/hudo.com\/si\/aktualno\/minister-erjavec-je-bil-v-vatikanu\/#article","isPartOf":{"@id":"https:\/\/hudo.com\/si\/aktualno\/minister-erjavec-je-bil-v-vatikanu\/"},"author":{"name":"hudo","@id":"https:\/\/hudo.com\/si\/#\/schema\/person\/601cf3379633985b20f7e50f2bb47707"},"headline":"Minister Erjavec je bil v Vatikanu","datePublished":"2017-04-27T17:43:00+00:00","dateModified":"2017-04-28T05:22:00+00:00","mainEntityOfPage":{"@id":"https:\/\/hudo.com\/si\/aktualno\/minister-erjavec-je-bil-v-vatikanu\/"},"wordCount":276,"publisher":{"@id":"https:\/\/hudo.com\/si\/#organization"},"articleSection":["Aktualno"],"inLanguage":"sl-SI"},{"@type":"WebPage","@id":"https:\/\/hudo.com\/si\/aktualno\/minister-erjavec-je-bil-v-vatikanu\/","url":"https:\/\/hudo.com\/si\/aktualno\/minister-erjavec-je-bil-v-vatikanu\/","name":"Minister Erjavec je bil v Vatikanu - Hudo Slovenija","isPartOf":{"@id":"https:\/\/hudo.com\/si\/#website"},"datePublished":"2017-04-27T17:43:00+00:00","dateModified":"2017-04-28T05:22:00+00:00","breadcrumb":{"@id":"https:\/\/hudo.com\/si\/aktualno\/minister-erjavec-je-bil-v-vatikanu\/#breadcrumb"},"inLanguage":"sl-SI","potentialAction":[{"@type":"ReadAction","target":["https:\/\/hudo.com\/si\/aktualno\/minister-erjavec-je-bil-v-vatikanu\/"]}]},{"@type":"BreadcrumbList","@id":"https:\/\/hudo.com\/si\/aktualno\/minister-erjavec-je-bil-v-vatikanu\/#breadcrumb","itemListElement":[{"@type":"ListItem","position":1,"name":"Home","item":"https:\/\/hudo.com\/si\/"},{"@type":"ListItem","position":2,"name":"Minister Erjavec je bil v Vatikanu"}]},{"@type":"WebSite","@id":"https:\/\/hudo.com\/si\/#website","url":"https:\/\/hudo.com\/si\/","name":"Hudo Slovenija","description":"Vse novice iz Slovenije in sveta","publisher":{"@id":"https:\/\/hudo.com\/si\/#organization"},"potentialAction":[{"@type":"SearchAction","target":{"@type":"EntryPoint","urlTemplate":"https:\/\/hudo.com\/si\/?s={search_term_string}"},"query-input":"required name=search_term_string"}],"inLanguage":"sl-SI"},{"@type":"Organization","@id":"https:\/\/hudo.com\/si\/#organization","name":"VSN Media","url":"https:\/\/hudo.com\/si\/","logo":{"@type":"ImageObject","inLanguage":"sl-SI","@id":"https:\/\/hudo.com\/si\/#\/schema\/logo\/image\/","url":"https:\/\/hudo.com\/si\/wp-content\/uploads\/sites\/2\/2021\/03\/hudo-app-2.png","contentUrl":"https:\/\/hudo.com\/si\/wp-content\/uploads\/sites\/2\/2021\/03\/hudo-app-2.png","width":2185,"height":2167,"caption":"VSN Media"},"image":{"@id":"https:\/\/hudo.com\/si\/#\/schema\/logo\/image\/"},"sameAs":["https:\/\/www.facebook.com\/hudo.si","https:\/\/twitter.com\/hudo_si"]},{"@type":"Person","@id":"https:\/\/hudo.com\/si\/#\/schema\/person\/601cf3379633985b20f7e50f2bb47707","name":"hudo","image":{"@type":"ImageObject","inLanguage":"sl-SI","@id":"https:\/\/hudo.com\/si\/#\/schema\/person\/image\/","url":"https:\/\/secure.gravatar.com\/avatar\/c4ca25fa72cace7a696b52ff5db9e095?s=96&d=mm&r=g","contentUrl":"https:\/\/secure.gravatar.com\/avatar\/c4ca25fa72cace7a696b52ff5db9e095?s=96&d=mm&r=g","caption":"hudo"},"url":"https:\/\/hudo.com\/si\/author\/hudo\/"}]}},"amp_enabled":true,"_links":{"self":[{"href":"https:\/\/hudo.com\/si\/wp-json\/wp\/v2\/posts\/248516"}],"collection":[{"href":"https:\/\/hudo.com\/si\/wp-json\/wp\/v2\/posts"}],"about":[{"href":"https:\/\/hudo.com\/si\/wp-json\/wp\/v2\/types\/post"}],"author":[{"embeddable":true,"href":"https:\/\/hudo.com\/si\/wp-json\/wp\/v2\/users\/1"}],"replies":[{"embeddable":true,"href":"https:\/\/hudo.com\/si\/wp-json\/wp\/v2\/comments?post=248516"}],"version-history":[{"count":1,"href":"https:\/\/hudo.com\/si\/wp-json\/wp\/v2\/posts\/248516\/revisions"}],"predecessor-version":[{"id":248532,"href":"https:\/\/hudo.com\/si\/wp-json\/wp\/v2\/posts\/248516\/revisions\/248532"}],"wp:attachment":[{"href":"https:\/\/hudo.com\/si\/wp-json\/wp\/v2\/media?parent=248516"}],"wp:term":[{"taxonomy":"category","embeddable":true,"href":"https:\/\/hudo.com\/si\/wp-json\/wp\/v2\/categories?post=248516"},{"taxonomy":"post_tag","embeddable":true,"href":"https:\/\/hudo.com\/si\/wp-json\/wp\/v2\/tags?post=248516"},{"taxonomy":"source","embeddable":true,"href":"https:\/\/hudo.com\/si\/wp-json\/wp\/v2\/source?post=248516"},{"taxonomy":"supertag","embeddable":true,"href":"https:\/\/hudo.com\/si\/wp-json\/wp\/v2\/supertag?post=248516"}],"curies":[{"name":"wp","href":"https:\/\/api.w.org\/{rel}","templated":true}]}}