{"id":248525,"date":"2017-04-27T22:05:00","date_gmt":"2017-04-27T20:05:00","guid":{"rendered":"http:\/\/hudo.com\/si\/2017\/04\/27\/sodisce-bo-zaslisalo-novega-izvedenca\/"},"modified":"2017-04-28T07:21:54","modified_gmt":"2017-04-28T05:21:54","slug":"sodisce-bo-zaslisalo-novega-izvedenca","status":"publish","type":"post","link":"https:\/\/hudo.com\/si\/aktualno\/sodisce-bo-zaslisalo-novega-izvedenca\/","title":{"rendered":"Sodi\u0161\u010de bo zasli\u0161alo novega izvedenca"},"content":{"rendered":"<p>Na nadaljevanju sojenja 63-letnemu Dragu Raili\u0107u, obto\u017eenemu uboja svoje 62-letne \u017eene Milke 15. oktobra lani na obrobju Ljubljane, je sodni senat ljubljanskega okro\u017enega sodi\u0161\u010da odlo\u010dil, da bo postavil novega sodnega izvedenca psihiatri\u010dne stroke. Sodi\u0161\u010de namre\u010d ni bilo zadovoljno z dosedanjim izvedenskim mnenjem za obto\u017eenega, ker je v njem veliko nejasnosti. Mnenje je izdelala in ga na sodi\u0161\u010du konec marca predstavila psihiatrinja Mojca Zvezdana Dernov\u0161ek. Z zasli\u0161anjem novega izvedenca se bo sojenje nadaljevalo 15. maja.  V mnenju preve\u010d nejasnosti Izvedenka Dernov\u0161kova je o Raili\u0107u povedala, da ima osebnostno motnjo, saj je rigiden, trmast in vztraja pri svojih mnenjih. V \u017eivljenju je bil zelo uspe\u0161en, razen v partnerskem odnosu. Ocenila je, da je bil Raili\u0107 od trenutka, ko je \u017eeno prvi\u010d udaril, pa do takrat, ko je prenehala dihati, v stanju psihogene zamra\u010denosti. Vendar je tudi med to zamra\u010denostjo v Raili\u0107u obstajalo neko &#8220;okno&#8221; in bi se iz nje lahko bil prebudil. To dokazuje tudi dejstvo, da je na zasli\u0161anju pri preiskovalnem sodniku zmogel sestaviti drobce in precej natan\u010dno opisati dogajanje, pozneje pa je povedal, da se dela dogajanja ne spominja. Predsednica senata Sinja Bo\u017ei\u010dnik je pojasnila, zakaj se je sodi\u0161\u010de odlo\u010dilo za novega izvedenca psihiatri\u010dne stroke. V svojem mnenju je namre\u010d Dernov\u0161kova ve\u010dkrat uporabila besedo neobvladovanje, \u010deprav je na koncu zaklju\u010dila, da je bil obto\u017eeni le delno zmanj\u0161ano pri\u0161teven, in ne v celoti. Zato bi po mnenju senata izvedenka lahko govorila le o delnem ali slab\u0161em obvladovanju svojega vedenja, ne pa o neobvladovanju vedenja. Zaradi tega bo sodi\u0161\u010de postavilo novega izvedenca psihiatra.  Preko telefona bil pri\u010da napadu To\u017eilka Liljana Tomi\u010d je na prej\u0161nji obravnavi tudi nekoliko spremenila obto\u017enico. Raili\u0107u zdaj ve\u010d ne o\u010dita, da je \u017eeno udaril med prepirom, temve\u010d \u017ee medtem, ko se je pogovarjala po telefonu, nato pa jo je zadavil. Na sodi\u0161\u010du zasli\u0161an Nenad Ostoji\u0107 kot pri\u010da je namre\u010d povedal, da je tik pred zlo\u010di<\/p>\n","protected":false},"excerpt":{"rendered":"<p>Na nadaljevanju sojenja 63-letnemu Dragu Raili\u0107u, obto\u017eenemu uboja svoje 62-letne \u017eene Milke 15. oktobra lani na obrobju Ljubljane, je sodni senat ljubljanskega okro\u017enega sodi\u0161\u010da odlo\u010dil, da bo postavil novega sodnega izvedenca psihiatri\u010dne stroke. Sodi\u0161\u010de namre\u010d ni bilo zadovoljno z dosedanjim izvedenskim mnenjem za obto\u017eenega, ker je v njem veliko nejasnosti. Mnenje je izdelala in ga na sodi\u0161\u010du konec marca predstavila psihiatrinja Mojca Zvezdana Dernov\u0161ek. Z zasli\u0161anjem novega izvedenca se bo sojenje nadaljevalo 15. maja.  V mnenju preve\u010d nejasnosti Izvedenka Dernov\u0161kova je o Raili\u0107u povedala, da ima osebnostno motnjo, saj je rigiden, trmast in vztraja pri svojih mnenjih. V \u017eivljenju je bil zelo uspe\u0161en, razen v partnerskem odnosu. Ocenila je, da je bil Raili\u0107 od trenutka, ko je \u017eeno prvi\u010d udaril, pa do takrat, ko je prenehala dihati, v stanju psihogene zamra\u010denosti. Vendar je tudi med to zamra\u010denostjo v Raili\u0107u obstajalo neko &#8220;okno&#8221; in bi se iz nje lahko bil prebudil. To dokazuje tudi dejstvo, da je na zasli\u0161anju pri preiskovalnem sodniku zmogel sestaviti drobce in precej natan\u010dno opisati dogajanje, pozneje pa je povedal, da se dela dogajanja ne spominja. Predsednica senata Sinja Bo\u017ei\u010dnik je pojasnila, zakaj se je sodi\u0161\u010de odlo\u010dilo za novega izvedenca psihiatri\u010dne stroke. V svojem mnenju je namre\u010d Dernov\u0161kova ve\u010dkrat uporabila besedo neobvladovanje, \u010deprav je na koncu zaklju\u010dila, da je bil obto\u017eeni le delno zmanj\u0161ano pri\u0161teven, in ne v celoti. Zato bi po mnenju senata izvedenka lahko govorila le o delnem ali slab\u0161em obvladovanju svojega vedenja, ne pa o neobvladovanju vedenja. Zaradi tega bo sodi\u0161\u010de postavilo novega izvedenca psihiatra.  Preko telefona bil pri\u010da napadu To\u017eilka Liljana Tomi\u010d je na prej\u0161nji obravnavi tudi nekoliko spremenila obto\u017enico. Raili\u0107u zdaj ve\u010d ne o\u010dita, da je \u017eeno udaril med prepirom, temve\u010d \u017ee medtem, ko se je pogovarjala po telefonu, nato pa jo je zadavil. Na sodi\u0161\u010du zasli\u0161an Nenad Ostoji\u0107 kot pri\u010da je namre\u010d povedal, da je tik pred zlo\u010di<\/p>\n","protected":false},"author":1,"featured_media":0,"comment_status":"closed","ping_status":"closed","sticky":false,"template":"","format":"standard","meta":{"footnotes":""},"categories":[1179],"tags":[],"source":[1711],"supertag":[],"acf":[],"yoast_head":"<!-- This site is optimized with the Yoast SEO plugin v21.3 - https:\/\/yoast.com\/wordpress\/plugins\/seo\/ -->\n<title>Sodi\u0161\u010de bo zasli\u0161alo novega izvedenca - Hudo Slovenija<\/title>\n<meta name=\"robots\" content=\"index, follow, max-snippet:-1, max-image-preview:large, max-video-preview:-1\" \/>\n<link rel=\"canonical\" href=\"https:\/\/hudo.com\/si\/aktualno\/sodisce-bo-zaslisalo-novega-izvedenca\/\" \/>\n<meta property=\"og:locale\" content=\"sl_SI\" \/>\n<meta property=\"og:type\" content=\"article\" \/>\n<meta property=\"og:title\" content=\"Sodi\u0161\u010de bo zasli\u0161alo novega izvedenca - Hudo Slovenija\" \/>\n<meta property=\"og:description\" content=\"Na nadaljevanju sojenja 63-letnemu Dragu Raili\u0107u, obto\u017eenemu uboja svoje 62-letne \u017eene Milke 15. oktobra lani na obrobju Ljubljane, je sodni senat ljubljanskega okro\u017enega sodi\u0161\u010da odlo\u010dil, da bo postavil novega sodnega izvedenca psihiatri\u010dne stroke. Sodi\u0161\u010de namre\u010d ni bilo zadovoljno z dosedanjim izvedenskim mnenjem za obto\u017eenega, ker je v njem veliko nejasnosti. Mnenje je izdelala in ga na sodi\u0161\u010du konec marca predstavila psihiatrinja Mojca Zvezdana Dernov\u0161ek. Z zasli\u0161anjem novega izvedenca se bo sojenje nadaljevalo 15. maja. V mnenju preve\u010d nejasnosti Izvedenka Dernov\u0161kova je o Raili\u0107u povedala, da ima osebnostno motnjo, saj je rigiden, trmast in vztraja pri svojih mnenjih. V \u017eivljenju je bil zelo uspe\u0161en, razen v partnerskem odnosu. Ocenila je, da je bil Raili\u0107 od trenutka, ko je \u017eeno prvi\u010d udaril, pa do takrat, ko je prenehala dihati, v stanju psihogene zamra\u010denosti. Vendar je tudi med to zamra\u010denostjo v Raili\u0107u obstajalo neko &quot;okno&quot; in bi se iz nje lahko bil prebudil. To dokazuje tudi dejstvo, da je na zasli\u0161anju pri preiskovalnem sodniku zmogel sestaviti drobce in precej natan\u010dno opisati dogajanje, pozneje pa je povedal, da se dela dogajanja ne spominja. Predsednica senata Sinja Bo\u017ei\u010dnik je pojasnila, zakaj se je sodi\u0161\u010de odlo\u010dilo za novega izvedenca psihiatri\u010dne stroke. V svojem mnenju je namre\u010d Dernov\u0161kova ve\u010dkrat uporabila besedo neobvladovanje, \u010deprav je na koncu zaklju\u010dila, da je bil obto\u017eeni le delno zmanj\u0161ano pri\u0161teven, in ne v celoti. Zato bi po mnenju senata izvedenka lahko govorila le o delnem ali slab\u0161em obvladovanju svojega vedenja, ne pa o neobvladovanju vedenja. Zaradi tega bo sodi\u0161\u010de postavilo novega izvedenca psihiatra. Preko telefona bil pri\u010da napadu To\u017eilka Liljana Tomi\u010d je na prej\u0161nji obravnavi tudi nekoliko spremenila obto\u017enico. Raili\u0107u zdaj ve\u010d ne o\u010dita, da je \u017eeno udaril med prepirom, temve\u010d \u017ee medtem, ko se je pogovarjala po telefonu, nato pa jo je zadavil. Na sodi\u0161\u010du zasli\u0161an Nenad Ostoji\u0107 kot pri\u010da je namre\u010d povedal, da je tik pred zlo\u010di\" \/>\n<meta property=\"og:url\" content=\"https:\/\/hudo.com\/si\/aktualno\/sodisce-bo-zaslisalo-novega-izvedenca\/\" \/>\n<meta property=\"og:site_name\" content=\"Hudo Slovenija\" \/>\n<meta property=\"article:publisher\" content=\"https:\/\/www.facebook.com\/hudo.si\" \/>\n<meta property=\"article:published_time\" content=\"2017-04-27T20:05:00+00:00\" \/>\n<meta property=\"article:modified_time\" content=\"2017-04-28T05:21:54+00:00\" \/>\n<meta property=\"og:image\" content=\"https:\/\/hudo.com\/si\/wp-content\/uploads\/sites\/2\/2017\/04\/01523506F-300.jpg\" \/>\n\t<meta property=\"og:image:width\" content=\"450\" \/>\n\t<meta property=\"og:image:height\" content=\"300\" \/>\n\t<meta property=\"og:image:type\" content=\"image\/jpeg\" \/>\n<meta name=\"author\" content=\"hudo\" \/>\n<meta name=\"twitter:card\" content=\"summary_large_image\" \/>\n<meta name=\"twitter:creator\" content=\"@hudo_si\" \/>\n<meta name=\"twitter:site\" content=\"@hudo_si\" \/>\n<meta name=\"twitter:label1\" content=\"Written by\" \/>\n\t<meta name=\"twitter:data1\" content=\"hudo\" \/>\n\t<meta name=\"twitter:label2\" content=\"Est. reading time\" \/>\n\t<meta name=\"twitter:data2\" content=\"2 minuti\" \/>\n<script type=\"application\/ld+json\" class=\"yoast-schema-graph\">{\"@context\":\"https:\/\/schema.org\",\"@graph\":[{\"@type\":\"Article\",\"@id\":\"https:\/\/hudo.com\/si\/aktualno\/sodisce-bo-zaslisalo-novega-izvedenca\/#article\",\"isPartOf\":{\"@id\":\"https:\/\/hudo.com\/si\/aktualno\/sodisce-bo-zaslisalo-novega-izvedenca\/\"},\"author\":{\"name\":\"hudo\",\"@id\":\"https:\/\/hudo.com\/si\/#\/schema\/person\/601cf3379633985b20f7e50f2bb47707\"},\"headline\":\"Sodi\u0161\u010de bo zasli\u0161alo novega izvedenca\",\"datePublished\":\"2017-04-27T20:05:00+00:00\",\"dateModified\":\"2017-04-28T05:21:54+00:00\",\"mainEntityOfPage\":{\"@id\":\"https:\/\/hudo.com\/si\/aktualno\/sodisce-bo-zaslisalo-novega-izvedenca\/\"},\"wordCount\":354,\"publisher\":{\"@id\":\"https:\/\/hudo.com\/si\/#organization\"},\"articleSection\":[\"Aktualno\"],\"inLanguage\":\"sl-SI\"},{\"@type\":\"WebPage\",\"@id\":\"https:\/\/hudo.com\/si\/aktualno\/sodisce-bo-zaslisalo-novega-izvedenca\/\",\"url\":\"https:\/\/hudo.com\/si\/aktualno\/sodisce-bo-zaslisalo-novega-izvedenca\/\",\"name\":\"Sodi\u0161\u010de bo zasli\u0161alo novega izvedenca - Hudo Slovenija\",\"isPartOf\":{\"@id\":\"https:\/\/hudo.com\/si\/#website\"},\"datePublished\":\"2017-04-27T20:05:00+00:00\",\"dateModified\":\"2017-04-28T05:21:54+00:00\",\"breadcrumb\":{\"@id\":\"https:\/\/hudo.com\/si\/aktualno\/sodisce-bo-zaslisalo-novega-izvedenca\/#breadcrumb\"},\"inLanguage\":\"sl-SI\",\"potentialAction\":[{\"@type\":\"ReadAction\",\"target\":[\"https:\/\/hudo.com\/si\/aktualno\/sodisce-bo-zaslisalo-novega-izvedenca\/\"]}]},{\"@type\":\"BreadcrumbList\",\"@id\":\"https:\/\/hudo.com\/si\/aktualno\/sodisce-bo-zaslisalo-novega-izvedenca\/#breadcrumb\",\"itemListElement\":[{\"@type\":\"ListItem\",\"position\":1,\"name\":\"Home\",\"item\":\"https:\/\/hudo.com\/si\/\"},{\"@type\":\"ListItem\",\"position\":2,\"name\":\"Sodi\u0161\u010de bo zasli\u0161alo novega izvedenca\"}]},{\"@type\":\"WebSite\",\"@id\":\"https:\/\/hudo.com\/si\/#website\",\"url\":\"https:\/\/hudo.com\/si\/\",\"name\":\"Hudo Slovenija\",\"description\":\"Vse novice iz Slovenije in sveta\",\"publisher\":{\"@id\":\"https:\/\/hudo.com\/si\/#organization\"},\"potentialAction\":[{\"@type\":\"SearchAction\",\"target\":{\"@type\":\"EntryPoint\",\"urlTemplate\":\"https:\/\/hudo.com\/si\/?s={search_term_string}\"},\"query-input\":\"required name=search_term_string\"}],\"inLanguage\":\"sl-SI\"},{\"@type\":\"Organization\",\"@id\":\"https:\/\/hudo.com\/si\/#organization\",\"name\":\"VSN Media\",\"url\":\"https:\/\/hudo.com\/si\/\",\"logo\":{\"@type\":\"ImageObject\",\"inLanguage\":\"sl-SI\",\"@id\":\"https:\/\/hudo.com\/si\/#\/schema\/logo\/image\/\",\"url\":\"https:\/\/hudo.com\/si\/wp-content\/uploads\/sites\/2\/2021\/03\/hudo-app-2.png\",\"contentUrl\":\"https:\/\/hudo.com\/si\/wp-content\/uploads\/sites\/2\/2021\/03\/hudo-app-2.png\",\"width\":2185,\"height\":2167,\"caption\":\"VSN Media\"},\"image\":{\"@id\":\"https:\/\/hudo.com\/si\/#\/schema\/logo\/image\/\"},\"sameAs\":[\"https:\/\/www.facebook.com\/hudo.si\",\"https:\/\/twitter.com\/hudo_si\"]},{\"@type\":\"Person\",\"@id\":\"https:\/\/hudo.com\/si\/#\/schema\/person\/601cf3379633985b20f7e50f2bb47707\",\"name\":\"hudo\",\"image\":{\"@type\":\"ImageObject\",\"inLanguage\":\"sl-SI\",\"@id\":\"https:\/\/hudo.com\/si\/#\/schema\/person\/image\/\",\"url\":\"https:\/\/secure.gravatar.com\/avatar\/c4ca25fa72cace7a696b52ff5db9e095?s=96&d=mm&r=g\",\"contentUrl\":\"https:\/\/secure.gravatar.com\/avatar\/c4ca25fa72cace7a696b52ff5db9e095?s=96&d=mm&r=g\",\"caption\":\"hudo\"},\"url\":\"https:\/\/hudo.com\/si\/author\/hudo\/\"}]}<\/script>\n<!-- \/ Yoast SEO plugin. -->","yoast_head_json":{"title":"Sodi\u0161\u010de bo zasli\u0161alo novega izvedenca - Hudo Slovenija","robots":{"index":"index","follow":"follow","max-snippet":"max-snippet:-1","max-image-preview":"max-image-preview:large","max-video-preview":"max-video-preview:-1"},"canonical":"https:\/\/hudo.com\/si\/aktualno\/sodisce-bo-zaslisalo-novega-izvedenca\/","og_locale":"sl_SI","og_type":"article","og_title":"Sodi\u0161\u010de bo zasli\u0161alo novega izvedenca - Hudo Slovenija","og_description":"Na nadaljevanju sojenja 63-letnemu Dragu Raili\u0107u, obto\u017eenemu uboja svoje 62-letne \u017eene Milke 15. oktobra lani na obrobju Ljubljane, je sodni senat ljubljanskega okro\u017enega sodi\u0161\u010da odlo\u010dil, da bo postavil novega sodnega izvedenca psihiatri\u010dne stroke. Sodi\u0161\u010de namre\u010d ni bilo zadovoljno z dosedanjim izvedenskim mnenjem za obto\u017eenega, ker je v njem veliko nejasnosti. Mnenje je izdelala in ga na sodi\u0161\u010du konec marca predstavila psihiatrinja Mojca Zvezdana Dernov\u0161ek. Z zasli\u0161anjem novega izvedenca se bo sojenje nadaljevalo 15. maja. V mnenju preve\u010d nejasnosti Izvedenka Dernov\u0161kova je o Raili\u0107u povedala, da ima osebnostno motnjo, saj je rigiden, trmast in vztraja pri svojih mnenjih. V \u017eivljenju je bil zelo uspe\u0161en, razen v partnerskem odnosu. Ocenila je, da je bil Raili\u0107 od trenutka, ko je \u017eeno prvi\u010d udaril, pa do takrat, ko je prenehala dihati, v stanju psihogene zamra\u010denosti. Vendar je tudi med to zamra\u010denostjo v Raili\u0107u obstajalo neko \"okno\" in bi se iz nje lahko bil prebudil. To dokazuje tudi dejstvo, da je na zasli\u0161anju pri preiskovalnem sodniku zmogel sestaviti drobce in precej natan\u010dno opisati dogajanje, pozneje pa je povedal, da se dela dogajanja ne spominja. Predsednica senata Sinja Bo\u017ei\u010dnik je pojasnila, zakaj se je sodi\u0161\u010de odlo\u010dilo za novega izvedenca psihiatri\u010dne stroke. V svojem mnenju je namre\u010d Dernov\u0161kova ve\u010dkrat uporabila besedo neobvladovanje, \u010deprav je na koncu zaklju\u010dila, da je bil obto\u017eeni le delno zmanj\u0161ano pri\u0161teven, in ne v celoti. Zato bi po mnenju senata izvedenka lahko govorila le o delnem ali slab\u0161em obvladovanju svojega vedenja, ne pa o neobvladovanju vedenja. Zaradi tega bo sodi\u0161\u010de postavilo novega izvedenca psihiatra. Preko telefona bil pri\u010da napadu To\u017eilka Liljana Tomi\u010d je na prej\u0161nji obravnavi tudi nekoliko spremenila obto\u017enico. Raili\u0107u zdaj ve\u010d ne o\u010dita, da je \u017eeno udaril med prepirom, temve\u010d \u017ee medtem, ko se je pogovarjala po telefonu, nato pa jo je zadavil. Na sodi\u0161\u010du zasli\u0161an Nenad Ostoji\u0107 kot pri\u010da je namre\u010d povedal, da je tik pred zlo\u010di","og_url":"https:\/\/hudo.com\/si\/aktualno\/sodisce-bo-zaslisalo-novega-izvedenca\/","og_site_name":"Hudo Slovenija","article_publisher":"https:\/\/www.facebook.com\/hudo.si","article_published_time":"2017-04-27T20:05:00+00:00","article_modified_time":"2017-04-28T05:21:54+00:00","og_image":[{"width":450,"height":300,"url":"https:\/\/hudo.com\/si\/wp-content\/uploads\/sites\/2\/2017\/04\/01523506F-300.jpg","type":"image\/jpeg"}],"author":"hudo","twitter_card":"summary_large_image","twitter_creator":"@hudo_si","twitter_site":"@hudo_si","twitter_misc":{"Written by":"hudo","Est. reading time":"2 minuti"},"schema":{"@context":"https:\/\/schema.org","@graph":[{"@type":"Article","@id":"https:\/\/hudo.com\/si\/aktualno\/sodisce-bo-zaslisalo-novega-izvedenca\/#article","isPartOf":{"@id":"https:\/\/hudo.com\/si\/aktualno\/sodisce-bo-zaslisalo-novega-izvedenca\/"},"author":{"name":"hudo","@id":"https:\/\/hudo.com\/si\/#\/schema\/person\/601cf3379633985b20f7e50f2bb47707"},"headline":"Sodi\u0161\u010de bo zasli\u0161alo novega izvedenca","datePublished":"2017-04-27T20:05:00+00:00","dateModified":"2017-04-28T05:21:54+00:00","mainEntityOfPage":{"@id":"https:\/\/hudo.com\/si\/aktualno\/sodisce-bo-zaslisalo-novega-izvedenca\/"},"wordCount":354,"publisher":{"@id":"https:\/\/hudo.com\/si\/#organization"},"articleSection":["Aktualno"],"inLanguage":"sl-SI"},{"@type":"WebPage","@id":"https:\/\/hudo.com\/si\/aktualno\/sodisce-bo-zaslisalo-novega-izvedenca\/","url":"https:\/\/hudo.com\/si\/aktualno\/sodisce-bo-zaslisalo-novega-izvedenca\/","name":"Sodi\u0161\u010de bo zasli\u0161alo novega izvedenca - Hudo Slovenija","isPartOf":{"@id":"https:\/\/hudo.com\/si\/#website"},"datePublished":"2017-04-27T20:05:00+00:00","dateModified":"2017-04-28T05:21:54+00:00","breadcrumb":{"@id":"https:\/\/hudo.com\/si\/aktualno\/sodisce-bo-zaslisalo-novega-izvedenca\/#breadcrumb"},"inLanguage":"sl-SI","potentialAction":[{"@type":"ReadAction","target":["https:\/\/hudo.com\/si\/aktualno\/sodisce-bo-zaslisalo-novega-izvedenca\/"]}]},{"@type":"BreadcrumbList","@id":"https:\/\/hudo.com\/si\/aktualno\/sodisce-bo-zaslisalo-novega-izvedenca\/#breadcrumb","itemListElement":[{"@type":"ListItem","position":1,"name":"Home","item":"https:\/\/hudo.com\/si\/"},{"@type":"ListItem","position":2,"name":"Sodi\u0161\u010de bo zasli\u0161alo novega izvedenca"}]},{"@type":"WebSite","@id":"https:\/\/hudo.com\/si\/#website","url":"https:\/\/hudo.com\/si\/","name":"Hudo Slovenija","description":"Vse novice iz Slovenije in sveta","publisher":{"@id":"https:\/\/hudo.com\/si\/#organization"},"potentialAction":[{"@type":"SearchAction","target":{"@type":"EntryPoint","urlTemplate":"https:\/\/hudo.com\/si\/?s={search_term_string}"},"query-input":"required name=search_term_string"}],"inLanguage":"sl-SI"},{"@type":"Organization","@id":"https:\/\/hudo.com\/si\/#organization","name":"VSN Media","url":"https:\/\/hudo.com\/si\/","logo":{"@type":"ImageObject","inLanguage":"sl-SI","@id":"https:\/\/hudo.com\/si\/#\/schema\/logo\/image\/","url":"https:\/\/hudo.com\/si\/wp-content\/uploads\/sites\/2\/2021\/03\/hudo-app-2.png","contentUrl":"https:\/\/hudo.com\/si\/wp-content\/uploads\/sites\/2\/2021\/03\/hudo-app-2.png","width":2185,"height":2167,"caption":"VSN Media"},"image":{"@id":"https:\/\/hudo.com\/si\/#\/schema\/logo\/image\/"},"sameAs":["https:\/\/www.facebook.com\/hudo.si","https:\/\/twitter.com\/hudo_si"]},{"@type":"Person","@id":"https:\/\/hudo.com\/si\/#\/schema\/person\/601cf3379633985b20f7e50f2bb47707","name":"hudo","image":{"@type":"ImageObject","inLanguage":"sl-SI","@id":"https:\/\/hudo.com\/si\/#\/schema\/person\/image\/","url":"https:\/\/secure.gravatar.com\/avatar\/c4ca25fa72cace7a696b52ff5db9e095?s=96&d=mm&r=g","contentUrl":"https:\/\/secure.gravatar.com\/avatar\/c4ca25fa72cace7a696b52ff5db9e095?s=96&d=mm&r=g","caption":"hudo"},"url":"https:\/\/hudo.com\/si\/author\/hudo\/"}]}},"amp_enabled":true,"_links":{"self":[{"href":"https:\/\/hudo.com\/si\/wp-json\/wp\/v2\/posts\/248525"}],"collection":[{"href":"https:\/\/hudo.com\/si\/wp-json\/wp\/v2\/posts"}],"about":[{"href":"https:\/\/hudo.com\/si\/wp-json\/wp\/v2\/types\/post"}],"author":[{"embeddable":true,"href":"https:\/\/hudo.com\/si\/wp-json\/wp\/v2\/users\/1"}],"replies":[{"embeddable":true,"href":"https:\/\/hudo.com\/si\/wp-json\/wp\/v2\/comments?post=248525"}],"version-history":[{"count":1,"href":"https:\/\/hudo.com\/si\/wp-json\/wp\/v2\/posts\/248525\/revisions"}],"predecessor-version":[{"id":248535,"href":"https:\/\/hudo.com\/si\/wp-json\/wp\/v2\/posts\/248525\/revisions\/248535"}],"wp:attachment":[{"href":"https:\/\/hudo.com\/si\/wp-json\/wp\/v2\/media?parent=248525"}],"wp:term":[{"taxonomy":"category","embeddable":true,"href":"https:\/\/hudo.com\/si\/wp-json\/wp\/v2\/categories?post=248525"},{"taxonomy":"post_tag","embeddable":true,"href":"https:\/\/hudo.com\/si\/wp-json\/wp\/v2\/tags?post=248525"},{"taxonomy":"source","embeddable":true,"href":"https:\/\/hudo.com\/si\/wp-json\/wp\/v2\/source?post=248525"},{"taxonomy":"supertag","embeddable":true,"href":"https:\/\/hudo.com\/si\/wp-json\/wp\/v2\/supertag?post=248525"}],"curies":[{"name":"wp","href":"https:\/\/api.w.org\/{rel}","templated":true}]}}