{"id":248595,"date":"2017-04-28T07:00:00","date_gmt":"2017-04-28T05:00:00","guid":{"rendered":"http:\/\/hudo.com\/si\/2017\/04\/28\/nekdanji-paroh-lubarda-ostaja-v-sloveniji\/"},"modified":"2017-04-28T10:21:35","modified_gmt":"2017-04-28T08:21:35","slug":"nekdanji-paroh-lubarda-ostaja-v-sloveniji","status":"publish","type":"post","link":"https:\/\/hudo.com\/si\/aktualno\/nekdanji-paroh-lubarda-ostaja-v-sloveniji\/","title":{"rendered":"Nekdanji paroh Lubarda ostaja v Sloveniji"},"content":{"rendered":"<p>Kategorija: Kronika Fri, 28 Apr 2017 09:00:00 +0200  Ljubljana &#8211; Sodni spor med ljubljansko \u017eupnijo Srbske pravoslavne cerkve in nekdanjim parohom, \u017deljkom Lubardo, ki je to\u017eil nekdanjega delodajalca zaradi odpovedi delovnega razmerja, se je kon\u010dal s poravnavo. \u00bbMoja stranka namerava ostati v Sloveniji in \u0161e naprej opravljati duhovni\u0161ki poklic,\u00ab pravi Irena Urbanc, Lubardova odvetnica. Na ljubljanskem delovnem in socialnem sodi\u0161\u010du se je s poravnavo kon\u010dal sodni spor med \u017deljkom Lubardo in ljubljansko \u017eupnijo Srbske pravoslavne cerkve. Tam so \u017deljka Lubardo, ki je kot paroh nasledil Perana Bo\u0161kovi\u0107a, odpustili sredi julija lani. Prepri\u010dan je, da zato, ker je svojega predhodnika obremenil nezakonitih dejanj. Ljubljanska cerkvena ob\u010dina je junija 2012 v kazenski ovadbi Bo\u0161kovi\u0107a tako obremenila \u00bbodtujitve dela sredstev, zbranih za gradnjo \u017eupnijskega doma ob pravoslavni cerkvi v Ljubljani\u00ab. Ovadil ga je \u017deljko Lubarda, ki je Bo\u0161kovi\u0107a nasledil aprila\u00a0&#8230;<\/p>\n","protected":false},"excerpt":{"rendered":"<p>Kategorija: Kronika Fri, 28 Apr 2017 09:00:00 +0200  Ljubljana &#8211; Sodni spor med ljubljansko \u017eupnijo Srbske pravoslavne cerkve in nekdanjim parohom, \u017deljkom Lubardo, ki je to\u017eil nekdanjega delodajalca zaradi odpovedi delovnega razmerja, se je kon\u010dal s poravnavo. \u00bbMoja stranka namerava ostati v Sloveniji in \u0161e naprej opravljati duhovni\u0161ki poklic,\u00ab pravi Irena Urbanc, Lubardova odvetnica. Na ljubljanskem delovnem in socialnem sodi\u0161\u010du se je s poravnavo kon\u010dal sodni spor med \u017deljkom Lubardo in ljubljansko \u017eupnijo Srbske pravoslavne cerkve. Tam so \u017deljka Lubardo, ki je kot paroh nasledil Perana Bo\u0161kovi\u0107a, odpustili sredi julija lani. Prepri\u010dan je, da zato, ker je svojega predhodnika obremenil nezakonitih dejanj. Ljubljanska cerkvena ob\u010dina je junija 2012 v kazenski ovadbi Bo\u0161kovi\u0107a tako obremenila \u00bbodtujitve dela sredstev, zbranih za gradnjo \u017eupnijskega doma ob pravoslavni cerkvi v Ljubljani\u00ab. Ovadil ga je \u017deljko Lubarda, ki je Bo\u0161kovi\u0107a nasledil aprila\u00a0&#8230;<\/p>\n","protected":false},"author":1,"featured_media":0,"comment_status":"closed","ping_status":"closed","sticky":false,"template":"","format":"standard","meta":{"footnotes":""},"categories":[1179],"tags":[],"source":[1703],"supertag":[],"acf":[],"yoast_head":"<!-- This site is optimized with the Yoast SEO plugin v21.3 - https:\/\/yoast.com\/wordpress\/plugins\/seo\/ -->\n<title>Nekdanji paroh Lubarda ostaja v Sloveniji - Hudo Slovenija<\/title>\n<meta name=\"robots\" content=\"index, follow, max-snippet:-1, max-image-preview:large, max-video-preview:-1\" \/>\n<link rel=\"canonical\" href=\"https:\/\/hudo.com\/si\/aktualno\/nekdanji-paroh-lubarda-ostaja-v-sloveniji\/\" \/>\n<meta property=\"og:locale\" content=\"sl_SI\" \/>\n<meta property=\"og:type\" content=\"article\" \/>\n<meta property=\"og:title\" content=\"Nekdanji paroh Lubarda ostaja v Sloveniji - Hudo Slovenija\" \/>\n<meta property=\"og:description\" content=\"Kategorija: Kronika Fri, 28 Apr 2017 09:00:00 +0200 Ljubljana - Sodni spor med ljubljansko \u017eupnijo Srbske pravoslavne cerkve in nekdanjim parohom, \u017deljkom Lubardo, ki je to\u017eil nekdanjega delodajalca zaradi odpovedi delovnega razmerja, se je kon\u010dal s poravnavo. \u00bbMoja stranka namerava ostati v Sloveniji in \u0161e naprej opravljati duhovni\u0161ki poklic,\u00ab pravi Irena Urbanc, Lubardova odvetnica. Na ljubljanskem delovnem in socialnem sodi\u0161\u010du se je s poravnavo kon\u010dal sodni spor med \u017deljkom Lubardo in ljubljansko \u017eupnijo Srbske pravoslavne cerkve. Tam so \u017deljka Lubardo, ki je kot paroh nasledil Perana Bo\u0161kovi\u0107a, odpustili sredi julija lani. Prepri\u010dan je, da zato, ker je svojega predhodnika obremenil nezakonitih dejanj. Ljubljanska cerkvena ob\u010dina je junija 2012 v kazenski ovadbi Bo\u0161kovi\u0107a tako obremenila \u00bbodtujitve dela sredstev, zbranih za gradnjo \u017eupnijskega doma ob pravoslavni cerkvi v Ljubljani\u00ab. Ovadil ga je \u017deljko Lubarda, ki je Bo\u0161kovi\u0107a nasledil aprila\u00a0...\" \/>\n<meta property=\"og:url\" content=\"https:\/\/hudo.com\/si\/aktualno\/nekdanji-paroh-lubarda-ostaja-v-sloveniji\/\" \/>\n<meta property=\"og:site_name\" content=\"Hudo Slovenija\" \/>\n<meta property=\"article:publisher\" content=\"https:\/\/www.facebook.com\/hudo.si\" \/>\n<meta property=\"article:published_time\" content=\"2017-04-28T05:00:00+00:00\" \/>\n<meta property=\"article:modified_time\" content=\"2017-04-28T08:21:35+00:00\" \/>\n<meta property=\"og:image\" content=\"https:\/\/hudo.com\/si\/wp-content\/uploads\/sites\/2\/2017\/04\/480x290_djvu_2030890_fajfar_glavonjic-bozic.jpeg\" \/>\n\t<meta property=\"og:image:width\" content=\"480\" \/>\n\t<meta property=\"og:image:height\" content=\"290\" \/>\n\t<meta property=\"og:image:type\" content=\"image\/jpeg\" \/>\n<meta name=\"author\" content=\"hudo\" \/>\n<meta name=\"twitter:card\" content=\"summary_large_image\" \/>\n<meta name=\"twitter:creator\" content=\"@hudo_si\" \/>\n<meta name=\"twitter:site\" content=\"@hudo_si\" \/>\n<meta name=\"twitter:label1\" content=\"Written by\" \/>\n\t<meta name=\"twitter:data1\" content=\"hudo\" \/>\n\t<meta name=\"twitter:label2\" content=\"Est. reading time\" \/>\n\t<meta name=\"twitter:data2\" content=\"1 minuta\" \/>\n<script type=\"application\/ld+json\" class=\"yoast-schema-graph\">{\"@context\":\"https:\/\/schema.org\",\"@graph\":[{\"@type\":\"Article\",\"@id\":\"https:\/\/hudo.com\/si\/aktualno\/nekdanji-paroh-lubarda-ostaja-v-sloveniji\/#article\",\"isPartOf\":{\"@id\":\"https:\/\/hudo.com\/si\/aktualno\/nekdanji-paroh-lubarda-ostaja-v-sloveniji\/\"},\"author\":{\"name\":\"hudo\",\"@id\":\"https:\/\/hudo.com\/si\/#\/schema\/person\/601cf3379633985b20f7e50f2bb47707\"},\"headline\":\"Nekdanji paroh Lubarda ostaja v Sloveniji\",\"datePublished\":\"2017-04-28T05:00:00+00:00\",\"dateModified\":\"2017-04-28T08:21:35+00:00\",\"mainEntityOfPage\":{\"@id\":\"https:\/\/hudo.com\/si\/aktualno\/nekdanji-paroh-lubarda-ostaja-v-sloveniji\/\"},\"wordCount\":151,\"publisher\":{\"@id\":\"https:\/\/hudo.com\/si\/#organization\"},\"articleSection\":[\"Aktualno\"],\"inLanguage\":\"sl-SI\"},{\"@type\":\"WebPage\",\"@id\":\"https:\/\/hudo.com\/si\/aktualno\/nekdanji-paroh-lubarda-ostaja-v-sloveniji\/\",\"url\":\"https:\/\/hudo.com\/si\/aktualno\/nekdanji-paroh-lubarda-ostaja-v-sloveniji\/\",\"name\":\"Nekdanji paroh Lubarda ostaja v Sloveniji - Hudo Slovenija\",\"isPartOf\":{\"@id\":\"https:\/\/hudo.com\/si\/#website\"},\"datePublished\":\"2017-04-28T05:00:00+00:00\",\"dateModified\":\"2017-04-28T08:21:35+00:00\",\"breadcrumb\":{\"@id\":\"https:\/\/hudo.com\/si\/aktualno\/nekdanji-paroh-lubarda-ostaja-v-sloveniji\/#breadcrumb\"},\"inLanguage\":\"sl-SI\",\"potentialAction\":[{\"@type\":\"ReadAction\",\"target\":[\"https:\/\/hudo.com\/si\/aktualno\/nekdanji-paroh-lubarda-ostaja-v-sloveniji\/\"]}]},{\"@type\":\"BreadcrumbList\",\"@id\":\"https:\/\/hudo.com\/si\/aktualno\/nekdanji-paroh-lubarda-ostaja-v-sloveniji\/#breadcrumb\",\"itemListElement\":[{\"@type\":\"ListItem\",\"position\":1,\"name\":\"Home\",\"item\":\"https:\/\/hudo.com\/si\/\"},{\"@type\":\"ListItem\",\"position\":2,\"name\":\"Nekdanji paroh Lubarda ostaja v Sloveniji\"}]},{\"@type\":\"WebSite\",\"@id\":\"https:\/\/hudo.com\/si\/#website\",\"url\":\"https:\/\/hudo.com\/si\/\",\"name\":\"Hudo Slovenija\",\"description\":\"Vse novice iz Slovenije in sveta\",\"publisher\":{\"@id\":\"https:\/\/hudo.com\/si\/#organization\"},\"potentialAction\":[{\"@type\":\"SearchAction\",\"target\":{\"@type\":\"EntryPoint\",\"urlTemplate\":\"https:\/\/hudo.com\/si\/?s={search_term_string}\"},\"query-input\":\"required name=search_term_string\"}],\"inLanguage\":\"sl-SI\"},{\"@type\":\"Organization\",\"@id\":\"https:\/\/hudo.com\/si\/#organization\",\"name\":\"VSN Media\",\"url\":\"https:\/\/hudo.com\/si\/\",\"logo\":{\"@type\":\"ImageObject\",\"inLanguage\":\"sl-SI\",\"@id\":\"https:\/\/hudo.com\/si\/#\/schema\/logo\/image\/\",\"url\":\"https:\/\/hudo.com\/si\/wp-content\/uploads\/sites\/2\/2021\/03\/hudo-app-2.png\",\"contentUrl\":\"https:\/\/hudo.com\/si\/wp-content\/uploads\/sites\/2\/2021\/03\/hudo-app-2.png\",\"width\":2185,\"height\":2167,\"caption\":\"VSN Media\"},\"image\":{\"@id\":\"https:\/\/hudo.com\/si\/#\/schema\/logo\/image\/\"},\"sameAs\":[\"https:\/\/www.facebook.com\/hudo.si\",\"https:\/\/twitter.com\/hudo_si\"]},{\"@type\":\"Person\",\"@id\":\"https:\/\/hudo.com\/si\/#\/schema\/person\/601cf3379633985b20f7e50f2bb47707\",\"name\":\"hudo\",\"image\":{\"@type\":\"ImageObject\",\"inLanguage\":\"sl-SI\",\"@id\":\"https:\/\/hudo.com\/si\/#\/schema\/person\/image\/\",\"url\":\"https:\/\/secure.gravatar.com\/avatar\/c4ca25fa72cace7a696b52ff5db9e095?s=96&d=mm&r=g\",\"contentUrl\":\"https:\/\/secure.gravatar.com\/avatar\/c4ca25fa72cace7a696b52ff5db9e095?s=96&d=mm&r=g\",\"caption\":\"hudo\"},\"url\":\"https:\/\/hudo.com\/si\/author\/hudo\/\"}]}<\/script>\n<!-- \/ Yoast SEO plugin. -->","yoast_head_json":{"title":"Nekdanji paroh Lubarda ostaja v Sloveniji - Hudo Slovenija","robots":{"index":"index","follow":"follow","max-snippet":"max-snippet:-1","max-image-preview":"max-image-preview:large","max-video-preview":"max-video-preview:-1"},"canonical":"https:\/\/hudo.com\/si\/aktualno\/nekdanji-paroh-lubarda-ostaja-v-sloveniji\/","og_locale":"sl_SI","og_type":"article","og_title":"Nekdanji paroh Lubarda ostaja v Sloveniji - Hudo Slovenija","og_description":"Kategorija: Kronika Fri, 28 Apr 2017 09:00:00 +0200 Ljubljana - Sodni spor med ljubljansko \u017eupnijo Srbske pravoslavne cerkve in nekdanjim parohom, \u017deljkom Lubardo, ki je to\u017eil nekdanjega delodajalca zaradi odpovedi delovnega razmerja, se je kon\u010dal s poravnavo. \u00bbMoja stranka namerava ostati v Sloveniji in \u0161e naprej opravljati duhovni\u0161ki poklic,\u00ab pravi Irena Urbanc, Lubardova odvetnica. Na ljubljanskem delovnem in socialnem sodi\u0161\u010du se je s poravnavo kon\u010dal sodni spor med \u017deljkom Lubardo in ljubljansko \u017eupnijo Srbske pravoslavne cerkve. Tam so \u017deljka Lubardo, ki je kot paroh nasledil Perana Bo\u0161kovi\u0107a, odpustili sredi julija lani. Prepri\u010dan je, da zato, ker je svojega predhodnika obremenil nezakonitih dejanj. Ljubljanska cerkvena ob\u010dina je junija 2012 v kazenski ovadbi Bo\u0161kovi\u0107a tako obremenila \u00bbodtujitve dela sredstev, zbranih za gradnjo \u017eupnijskega doma ob pravoslavni cerkvi v Ljubljani\u00ab. Ovadil ga je \u017deljko Lubarda, ki je Bo\u0161kovi\u0107a nasledil aprila\u00a0...","og_url":"https:\/\/hudo.com\/si\/aktualno\/nekdanji-paroh-lubarda-ostaja-v-sloveniji\/","og_site_name":"Hudo Slovenija","article_publisher":"https:\/\/www.facebook.com\/hudo.si","article_published_time":"2017-04-28T05:00:00+00:00","article_modified_time":"2017-04-28T08:21:35+00:00","og_image":[{"width":480,"height":290,"url":"https:\/\/hudo.com\/si\/wp-content\/uploads\/sites\/2\/2017\/04\/480x290_djvu_2030890_fajfar_glavonjic-bozic.jpeg","type":"image\/jpeg"}],"author":"hudo","twitter_card":"summary_large_image","twitter_creator":"@hudo_si","twitter_site":"@hudo_si","twitter_misc":{"Written by":"hudo","Est. reading time":"1 minuta"},"schema":{"@context":"https:\/\/schema.org","@graph":[{"@type":"Article","@id":"https:\/\/hudo.com\/si\/aktualno\/nekdanji-paroh-lubarda-ostaja-v-sloveniji\/#article","isPartOf":{"@id":"https:\/\/hudo.com\/si\/aktualno\/nekdanji-paroh-lubarda-ostaja-v-sloveniji\/"},"author":{"name":"hudo","@id":"https:\/\/hudo.com\/si\/#\/schema\/person\/601cf3379633985b20f7e50f2bb47707"},"headline":"Nekdanji paroh Lubarda ostaja v Sloveniji","datePublished":"2017-04-28T05:00:00+00:00","dateModified":"2017-04-28T08:21:35+00:00","mainEntityOfPage":{"@id":"https:\/\/hudo.com\/si\/aktualno\/nekdanji-paroh-lubarda-ostaja-v-sloveniji\/"},"wordCount":151,"publisher":{"@id":"https:\/\/hudo.com\/si\/#organization"},"articleSection":["Aktualno"],"inLanguage":"sl-SI"},{"@type":"WebPage","@id":"https:\/\/hudo.com\/si\/aktualno\/nekdanji-paroh-lubarda-ostaja-v-sloveniji\/","url":"https:\/\/hudo.com\/si\/aktualno\/nekdanji-paroh-lubarda-ostaja-v-sloveniji\/","name":"Nekdanji paroh Lubarda ostaja v Sloveniji - Hudo Slovenija","isPartOf":{"@id":"https:\/\/hudo.com\/si\/#website"},"datePublished":"2017-04-28T05:00:00+00:00","dateModified":"2017-04-28T08:21:35+00:00","breadcrumb":{"@id":"https:\/\/hudo.com\/si\/aktualno\/nekdanji-paroh-lubarda-ostaja-v-sloveniji\/#breadcrumb"},"inLanguage":"sl-SI","potentialAction":[{"@type":"ReadAction","target":["https:\/\/hudo.com\/si\/aktualno\/nekdanji-paroh-lubarda-ostaja-v-sloveniji\/"]}]},{"@type":"BreadcrumbList","@id":"https:\/\/hudo.com\/si\/aktualno\/nekdanji-paroh-lubarda-ostaja-v-sloveniji\/#breadcrumb","itemListElement":[{"@type":"ListItem","position":1,"name":"Home","item":"https:\/\/hudo.com\/si\/"},{"@type":"ListItem","position":2,"name":"Nekdanji paroh Lubarda ostaja v Sloveniji"}]},{"@type":"WebSite","@id":"https:\/\/hudo.com\/si\/#website","url":"https:\/\/hudo.com\/si\/","name":"Hudo Slovenija","description":"Vse novice iz Slovenije in sveta","publisher":{"@id":"https:\/\/hudo.com\/si\/#organization"},"potentialAction":[{"@type":"SearchAction","target":{"@type":"EntryPoint","urlTemplate":"https:\/\/hudo.com\/si\/?s={search_term_string}"},"query-input":"required name=search_term_string"}],"inLanguage":"sl-SI"},{"@type":"Organization","@id":"https:\/\/hudo.com\/si\/#organization","name":"VSN Media","url":"https:\/\/hudo.com\/si\/","logo":{"@type":"ImageObject","inLanguage":"sl-SI","@id":"https:\/\/hudo.com\/si\/#\/schema\/logo\/image\/","url":"https:\/\/hudo.com\/si\/wp-content\/uploads\/sites\/2\/2021\/03\/hudo-app-2.png","contentUrl":"https:\/\/hudo.com\/si\/wp-content\/uploads\/sites\/2\/2021\/03\/hudo-app-2.png","width":2185,"height":2167,"caption":"VSN Media"},"image":{"@id":"https:\/\/hudo.com\/si\/#\/schema\/logo\/image\/"},"sameAs":["https:\/\/www.facebook.com\/hudo.si","https:\/\/twitter.com\/hudo_si"]},{"@type":"Person","@id":"https:\/\/hudo.com\/si\/#\/schema\/person\/601cf3379633985b20f7e50f2bb47707","name":"hudo","image":{"@type":"ImageObject","inLanguage":"sl-SI","@id":"https:\/\/hudo.com\/si\/#\/schema\/person\/image\/","url":"https:\/\/secure.gravatar.com\/avatar\/c4ca25fa72cace7a696b52ff5db9e095?s=96&d=mm&r=g","contentUrl":"https:\/\/secure.gravatar.com\/avatar\/c4ca25fa72cace7a696b52ff5db9e095?s=96&d=mm&r=g","caption":"hudo"},"url":"https:\/\/hudo.com\/si\/author\/hudo\/"}]}},"amp_enabled":true,"_links":{"self":[{"href":"https:\/\/hudo.com\/si\/wp-json\/wp\/v2\/posts\/248595"}],"collection":[{"href":"https:\/\/hudo.com\/si\/wp-json\/wp\/v2\/posts"}],"about":[{"href":"https:\/\/hudo.com\/si\/wp-json\/wp\/v2\/types\/post"}],"author":[{"embeddable":true,"href":"https:\/\/hudo.com\/si\/wp-json\/wp\/v2\/users\/1"}],"replies":[{"embeddable":true,"href":"https:\/\/hudo.com\/si\/wp-json\/wp\/v2\/comments?post=248595"}],"version-history":[{"count":1,"href":"https:\/\/hudo.com\/si\/wp-json\/wp\/v2\/posts\/248595\/revisions"}],"predecessor-version":[{"id":248698,"href":"https:\/\/hudo.com\/si\/wp-json\/wp\/v2\/posts\/248595\/revisions\/248698"}],"wp:attachment":[{"href":"https:\/\/hudo.com\/si\/wp-json\/wp\/v2\/media?parent=248595"}],"wp:term":[{"taxonomy":"category","embeddable":true,"href":"https:\/\/hudo.com\/si\/wp-json\/wp\/v2\/categories?post=248595"},{"taxonomy":"post_tag","embeddable":true,"href":"https:\/\/hudo.com\/si\/wp-json\/wp\/v2\/tags?post=248595"},{"taxonomy":"source","embeddable":true,"href":"https:\/\/hudo.com\/si\/wp-json\/wp\/v2\/source?post=248595"},{"taxonomy":"supertag","embeddable":true,"href":"https:\/\/hudo.com\/si\/wp-json\/wp\/v2\/supertag?post=248595"}],"curies":[{"name":"wp","href":"https:\/\/api.w.org\/{rel}","templated":true}]}}