{"id":248605,"date":"2017-04-28T06:08:00","date_gmt":"2017-04-28T04:08:00","guid":{"rendered":"http:\/\/hudo.com\/si\/2017\/04\/28\/foto-v-protestih-v-makedoniji-poskodovanih-najmanj-77-ljudi\/"},"modified":"2017-04-28T10:21:41","modified_gmt":"2017-04-28T08:21:41","slug":"foto-v-protestih-v-makedoniji-poskodovanih-najmanj-77-ljudi","status":"publish","type":"post","link":"https:\/\/hudo.com\/si\/aktualno\/foto-v-protestih-v-makedoniji-poskodovanih-najmanj-77-ljudi\/","title":{"rendered":"FOTO: V protestih v Makedoniji po\u0161kodovanih najmanj 77 ljudi"},"content":{"rendered":"<p>V \u010detrtkovih ve\u010durnih nasilnih protestih je bilo po zadnjih podatkih po\u0161kodovanih najmanj 77 ljudi, od tega 23 policistov in ve\u010d poslancev, so po poro\u010danju Al D\u017eazire sporo\u010dile pristojne oblasti. V makedonski parlament so v \u010detrtek vdrli podporniki stranke VMRO-DPMNE nekdanjega premierja Nikole Gruevskega, ki so \u017eeleli izraziti nasprotovanje po njihovem mnenju nepo\u0161tenim volitvam predsednika parlamenta. V kaosu je bil med drugim po\u0161kodovan vodja socialdemokratov (SDMS) Zoran Zaev.        epa   Predsedujo\u010di parlamentu Trajko Veljanovski je sprva prekinil sejo, ki na dnevnem redu sploh ni imela glasovanja o novem predsedniku parlamenta. Vodenje seje je nato prevzel najstarej\u0161i poslanec, ki je volitve dal na dnevni red. Poslanci socialdemokratov in albanske manj\u0161ine pa so nato izvolili Albanca Talata Xhaferija. V VMRO-DPMNE so to ozna\u010dili za pu\u010d. Makedonija je \u017ee od volitev decembra lani v slepi ulici. Za dodatno zaostrovanje je poskrbel predsednik Gjorge Ivanov, ki \u017ee od za\u010detka marca zavra\u010da podelitev mandata za sestavo vlade Zaevu. Mandata mu ne \u017eeli podeliti, \u010deprav je vodja opozicije predal podpise podpore 67 od 120 poslancev. K spremembi odlo\u010ditve so ga sicer pozvali tudi \u0161tevilni visoki predstavniki EU.  Makedonsko ministrstvo: Razmere v Skopju normalizirane Razmere v sredi\u0161\u010du Skopja so normalizirane, je danes sporo\u010dilo makedonsko ministrstvo za notranje zadeve. Potrdili so, da je zdravni\u0161ko pomo\u010d po nasilnih protestih v \u010detrtek poiskalo 77 ljudi. Po poro\u010danju makedonskih medijev naj bi bili v nasilnih protestih ranjeni 102 osebi, od tega 22 policistov in trije poslanci. Mediji so tudi poro\u010dali, da se je v \u010detrtek pred makedonskim parlamentom zbralo ve\u010d kot 50.000 ljudi.         epa   Makedonski policiji je uspelo izprazniti stavbo makedonskega parlamenta. Pripadniki policije so sedaj pred vhodi v parlament, okoli katerega so tudi postavili kovinsko ograjo. Albanski premier Edi Rama in predsednik albanskega parlamenta Ilir Meta sta v odzivu na zadnje dogodke v M<\/p>\n","protected":false},"excerpt":{"rendered":"<p>V \u010detrtkovih ve\u010durnih nasilnih protestih je bilo po zadnjih podatkih po\u0161kodovanih najmanj 77 ljudi, od tega 23 policistov in ve\u010d poslancev, so po poro\u010danju Al D\u017eazire sporo\u010dile pristojne oblasti. V makedonski parlament so v \u010detrtek vdrli podporniki stranke VMRO-DPMNE nekdanjega premierja Nikole Gruevskega, ki so \u017eeleli izraziti nasprotovanje po njihovem mnenju nepo\u0161tenim volitvam predsednika parlamenta. V kaosu je bil med drugim po\u0161kodovan vodja socialdemokratov (SDMS) Zoran Zaev.        epa   Predsedujo\u010di parlamentu Trajko Veljanovski je sprva prekinil sejo, ki na dnevnem redu sploh ni imela glasovanja o novem predsedniku parlamenta. Vodenje seje je nato prevzel najstarej\u0161i poslanec, ki je volitve dal na dnevni red. Poslanci socialdemokratov in albanske manj\u0161ine pa so nato izvolili Albanca Talata Xhaferija. V VMRO-DPMNE so to ozna\u010dili za pu\u010d. Makedonija je \u017ee od volitev decembra lani v slepi ulici. Za dodatno zaostrovanje je poskrbel predsednik Gjorge Ivanov, ki \u017ee od za\u010detka marca zavra\u010da podelitev mandata za sestavo vlade Zaevu. Mandata mu ne \u017eeli podeliti, \u010deprav je vodja opozicije predal podpise podpore 67 od 120 poslancev. K spremembi odlo\u010ditve so ga sicer pozvali tudi \u0161tevilni visoki predstavniki EU.  Makedonsko ministrstvo: Razmere v Skopju normalizirane Razmere v sredi\u0161\u010du Skopja so normalizirane, je danes sporo\u010dilo makedonsko ministrstvo za notranje zadeve. Potrdili so, da je zdravni\u0161ko pomo\u010d po nasilnih protestih v \u010detrtek poiskalo 77 ljudi. Po poro\u010danju makedonskih medijev naj bi bili v nasilnih protestih ranjeni 102 osebi, od tega 22 policistov in trije poslanci. Mediji so tudi poro\u010dali, da se je v \u010detrtek pred makedonskim parlamentom zbralo ve\u010d kot 50.000 ljudi.         epa   Makedonski policiji je uspelo izprazniti stavbo makedonskega parlamenta. Pripadniki policije so sedaj pred vhodi v parlament, okoli katerega so tudi postavili kovinsko ograjo. Albanski premier Edi Rama in predsednik albanskega parlamenta Ilir Meta sta v odzivu na zadnje dogodke v M<\/p>\n","protected":false},"author":1,"featured_media":0,"comment_status":"closed","ping_status":"closed","sticky":false,"template":"","format":"standard","meta":{"footnotes":""},"categories":[1179],"tags":[],"source":[1711],"supertag":[],"acf":[],"yoast_head":"<!-- This site is optimized with the Yoast SEO plugin v21.3 - https:\/\/yoast.com\/wordpress\/plugins\/seo\/ -->\n<title>FOTO: V protestih v Makedoniji po\u0161kodovanih najmanj 77 ljudi - Hudo Slovenija<\/title>\n<meta name=\"robots\" content=\"index, follow, max-snippet:-1, max-image-preview:large, max-video-preview:-1\" \/>\n<link rel=\"canonical\" href=\"https:\/\/hudo.com\/si\/aktualno\/foto-v-protestih-v-makedoniji-poskodovanih-najmanj-77-ljudi\/\" \/>\n<meta property=\"og:locale\" content=\"sl_SI\" \/>\n<meta property=\"og:type\" content=\"article\" \/>\n<meta property=\"og:title\" content=\"FOTO: V protestih v Makedoniji po\u0161kodovanih najmanj 77 ljudi - Hudo Slovenija\" \/>\n<meta property=\"og:description\" content=\"V \u010detrtkovih ve\u010durnih nasilnih protestih je bilo po zadnjih podatkih po\u0161kodovanih najmanj 77 ljudi, od tega 23 policistov in ve\u010d poslancev, so po poro\u010danju Al D\u017eazire sporo\u010dile pristojne oblasti. V makedonski parlament so v \u010detrtek vdrli podporniki stranke VMRO-DPMNE nekdanjega premierja Nikole Gruevskega, ki so \u017eeleli izraziti nasprotovanje po njihovem mnenju nepo\u0161tenim volitvam predsednika parlamenta. V kaosu je bil med drugim po\u0161kodovan vodja socialdemokratov (SDMS) Zoran Zaev.    epa  Predsedujo\u010di parlamentu Trajko Veljanovski je sprva prekinil sejo, ki na dnevnem redu sploh ni imela glasovanja o novem predsedniku parlamenta. Vodenje seje je nato prevzel najstarej\u0161i poslanec, ki je volitve dal na dnevni red. Poslanci socialdemokratov in albanske manj\u0161ine pa so nato izvolili Albanca Talata Xhaferija. V VMRO-DPMNE so to ozna\u010dili za pu\u010d. Makedonija je \u017ee od volitev decembra lani v slepi ulici. Za dodatno zaostrovanje je poskrbel predsednik Gjorge Ivanov, ki \u017ee od za\u010detka marca zavra\u010da podelitev mandata za sestavo vlade Zaevu. Mandata mu ne \u017eeli podeliti, \u010deprav je vodja opozicije predal podpise podpore 67 od 120 poslancev. K spremembi odlo\u010ditve so ga sicer pozvali tudi \u0161tevilni visoki predstavniki EU. Makedonsko ministrstvo: Razmere v Skopju normalizirane Razmere v sredi\u0161\u010du Skopja so normalizirane, je danes sporo\u010dilo makedonsko ministrstvo za notranje zadeve. Potrdili so, da je zdravni\u0161ko pomo\u010d po nasilnih protestih v \u010detrtek poiskalo 77 ljudi. Po poro\u010danju makedonskih medijev naj bi bili v nasilnih protestih ranjeni 102 osebi, od tega 22 policistov in trije poslanci. Mediji so tudi poro\u010dali, da se je v \u010detrtek pred makedonskim parlamentom zbralo ve\u010d kot 50.000 ljudi.     epa  Makedonski policiji je uspelo izprazniti stavbo makedonskega parlamenta. Pripadniki policije so sedaj pred vhodi v parlament, okoli katerega so tudi postavili kovinsko ograjo. Albanski premier Edi Rama in predsednik albanskega parlamenta Ilir Meta sta v odzivu na zadnje dogodke v M\" \/>\n<meta property=\"og:url\" content=\"https:\/\/hudo.com\/si\/aktualno\/foto-v-protestih-v-makedoniji-poskodovanih-najmanj-77-ljudi\/\" \/>\n<meta property=\"og:site_name\" content=\"Hudo Slovenija\" \/>\n<meta property=\"article:publisher\" content=\"https:\/\/www.facebook.com\/hudo.si\" \/>\n<meta property=\"article:published_time\" content=\"2017-04-28T04:08:00+00:00\" \/>\n<meta property=\"article:modified_time\" content=\"2017-04-28T08:21:41+00:00\" \/>\n<meta property=\"og:image\" content=\"https:\/\/hudo.com\/si\/wp-content\/uploads\/sites\/2\/2017\/04\/05931867-300.jpg\" \/>\n\t<meta property=\"og:image:width\" content=\"450\" \/>\n\t<meta property=\"og:image:height\" content=\"297\" \/>\n\t<meta property=\"og:image:type\" content=\"image\/jpeg\" \/>\n<meta name=\"author\" content=\"hudo\" \/>\n<meta name=\"twitter:card\" content=\"summary_large_image\" \/>\n<meta name=\"twitter:creator\" content=\"@hudo_si\" \/>\n<meta name=\"twitter:site\" content=\"@hudo_si\" \/>\n<meta name=\"twitter:label1\" content=\"Written by\" \/>\n\t<meta name=\"twitter:data1\" content=\"hudo\" \/>\n\t<meta name=\"twitter:label2\" content=\"Est. reading time\" \/>\n\t<meta name=\"twitter:data2\" content=\"2 minuti\" \/>\n<script type=\"application\/ld+json\" class=\"yoast-schema-graph\">{\"@context\":\"https:\/\/schema.org\",\"@graph\":[{\"@type\":\"Article\",\"@id\":\"https:\/\/hudo.com\/si\/aktualno\/foto-v-protestih-v-makedoniji-poskodovanih-najmanj-77-ljudi\/#article\",\"isPartOf\":{\"@id\":\"https:\/\/hudo.com\/si\/aktualno\/foto-v-protestih-v-makedoniji-poskodovanih-najmanj-77-ljudi\/\"},\"author\":{\"name\":\"hudo\",\"@id\":\"https:\/\/hudo.com\/si\/#\/schema\/person\/601cf3379633985b20f7e50f2bb47707\"},\"headline\":\"FOTO: V protestih v Makedoniji po\u0161kodovanih najmanj 77 ljudi\",\"datePublished\":\"2017-04-28T04:08:00+00:00\",\"dateModified\":\"2017-04-28T08:21:41+00:00\",\"mainEntityOfPage\":{\"@id\":\"https:\/\/hudo.com\/si\/aktualno\/foto-v-protestih-v-makedoniji-poskodovanih-najmanj-77-ljudi\/\"},\"wordCount\":312,\"publisher\":{\"@id\":\"https:\/\/hudo.com\/si\/#organization\"},\"articleSection\":[\"Aktualno\"],\"inLanguage\":\"sl-SI\"},{\"@type\":\"WebPage\",\"@id\":\"https:\/\/hudo.com\/si\/aktualno\/foto-v-protestih-v-makedoniji-poskodovanih-najmanj-77-ljudi\/\",\"url\":\"https:\/\/hudo.com\/si\/aktualno\/foto-v-protestih-v-makedoniji-poskodovanih-najmanj-77-ljudi\/\",\"name\":\"FOTO: V protestih v Makedoniji po\u0161kodovanih najmanj 77 ljudi - Hudo Slovenija\",\"isPartOf\":{\"@id\":\"https:\/\/hudo.com\/si\/#website\"},\"datePublished\":\"2017-04-28T04:08:00+00:00\",\"dateModified\":\"2017-04-28T08:21:41+00:00\",\"breadcrumb\":{\"@id\":\"https:\/\/hudo.com\/si\/aktualno\/foto-v-protestih-v-makedoniji-poskodovanih-najmanj-77-ljudi\/#breadcrumb\"},\"inLanguage\":\"sl-SI\",\"potentialAction\":[{\"@type\":\"ReadAction\",\"target\":[\"https:\/\/hudo.com\/si\/aktualno\/foto-v-protestih-v-makedoniji-poskodovanih-najmanj-77-ljudi\/\"]}]},{\"@type\":\"BreadcrumbList\",\"@id\":\"https:\/\/hudo.com\/si\/aktualno\/foto-v-protestih-v-makedoniji-poskodovanih-najmanj-77-ljudi\/#breadcrumb\",\"itemListElement\":[{\"@type\":\"ListItem\",\"position\":1,\"name\":\"Home\",\"item\":\"https:\/\/hudo.com\/si\/\"},{\"@type\":\"ListItem\",\"position\":2,\"name\":\"FOTO: V protestih v Makedoniji po\u0161kodovanih najmanj 77 ljudi\"}]},{\"@type\":\"WebSite\",\"@id\":\"https:\/\/hudo.com\/si\/#website\",\"url\":\"https:\/\/hudo.com\/si\/\",\"name\":\"Hudo Slovenija\",\"description\":\"Vse novice iz Slovenije in sveta\",\"publisher\":{\"@id\":\"https:\/\/hudo.com\/si\/#organization\"},\"potentialAction\":[{\"@type\":\"SearchAction\",\"target\":{\"@type\":\"EntryPoint\",\"urlTemplate\":\"https:\/\/hudo.com\/si\/?s={search_term_string}\"},\"query-input\":\"required name=search_term_string\"}],\"inLanguage\":\"sl-SI\"},{\"@type\":\"Organization\",\"@id\":\"https:\/\/hudo.com\/si\/#organization\",\"name\":\"VSN Media\",\"url\":\"https:\/\/hudo.com\/si\/\",\"logo\":{\"@type\":\"ImageObject\",\"inLanguage\":\"sl-SI\",\"@id\":\"https:\/\/hudo.com\/si\/#\/schema\/logo\/image\/\",\"url\":\"https:\/\/hudo.com\/si\/wp-content\/uploads\/sites\/2\/2021\/03\/hudo-app-2.png\",\"contentUrl\":\"https:\/\/hudo.com\/si\/wp-content\/uploads\/sites\/2\/2021\/03\/hudo-app-2.png\",\"width\":2185,\"height\":2167,\"caption\":\"VSN Media\"},\"image\":{\"@id\":\"https:\/\/hudo.com\/si\/#\/schema\/logo\/image\/\"},\"sameAs\":[\"https:\/\/www.facebook.com\/hudo.si\",\"https:\/\/twitter.com\/hudo_si\"]},{\"@type\":\"Person\",\"@id\":\"https:\/\/hudo.com\/si\/#\/schema\/person\/601cf3379633985b20f7e50f2bb47707\",\"name\":\"hudo\",\"image\":{\"@type\":\"ImageObject\",\"inLanguage\":\"sl-SI\",\"@id\":\"https:\/\/hudo.com\/si\/#\/schema\/person\/image\/\",\"url\":\"https:\/\/secure.gravatar.com\/avatar\/c4ca25fa72cace7a696b52ff5db9e095?s=96&d=mm&r=g\",\"contentUrl\":\"https:\/\/secure.gravatar.com\/avatar\/c4ca25fa72cace7a696b52ff5db9e095?s=96&d=mm&r=g\",\"caption\":\"hudo\"},\"url\":\"https:\/\/hudo.com\/si\/author\/hudo\/\"}]}<\/script>\n<!-- \/ Yoast SEO plugin. -->","yoast_head_json":{"title":"FOTO: V protestih v Makedoniji po\u0161kodovanih najmanj 77 ljudi - Hudo Slovenija","robots":{"index":"index","follow":"follow","max-snippet":"max-snippet:-1","max-image-preview":"max-image-preview:large","max-video-preview":"max-video-preview:-1"},"canonical":"https:\/\/hudo.com\/si\/aktualno\/foto-v-protestih-v-makedoniji-poskodovanih-najmanj-77-ljudi\/","og_locale":"sl_SI","og_type":"article","og_title":"FOTO: V protestih v Makedoniji po\u0161kodovanih najmanj 77 ljudi - Hudo Slovenija","og_description":"V \u010detrtkovih ve\u010durnih nasilnih protestih je bilo po zadnjih podatkih po\u0161kodovanih najmanj 77 ljudi, od tega 23 policistov in ve\u010d poslancev, so po poro\u010danju Al D\u017eazire sporo\u010dile pristojne oblasti. V makedonski parlament so v \u010detrtek vdrli podporniki stranke VMRO-DPMNE nekdanjega premierja Nikole Gruevskega, ki so \u017eeleli izraziti nasprotovanje po njihovem mnenju nepo\u0161tenim volitvam predsednika parlamenta. V kaosu je bil med drugim po\u0161kodovan vodja socialdemokratov (SDMS) Zoran Zaev.    epa  Predsedujo\u010di parlamentu Trajko Veljanovski je sprva prekinil sejo, ki na dnevnem redu sploh ni imela glasovanja o novem predsedniku parlamenta. Vodenje seje je nato prevzel najstarej\u0161i poslanec, ki je volitve dal na dnevni red. Poslanci socialdemokratov in albanske manj\u0161ine pa so nato izvolili Albanca Talata Xhaferija. V VMRO-DPMNE so to ozna\u010dili za pu\u010d. Makedonija je \u017ee od volitev decembra lani v slepi ulici. Za dodatno zaostrovanje je poskrbel predsednik Gjorge Ivanov, ki \u017ee od za\u010detka marca zavra\u010da podelitev mandata za sestavo vlade Zaevu. Mandata mu ne \u017eeli podeliti, \u010deprav je vodja opozicije predal podpise podpore 67 od 120 poslancev. K spremembi odlo\u010ditve so ga sicer pozvali tudi \u0161tevilni visoki predstavniki EU. Makedonsko ministrstvo: Razmere v Skopju normalizirane Razmere v sredi\u0161\u010du Skopja so normalizirane, je danes sporo\u010dilo makedonsko ministrstvo za notranje zadeve. Potrdili so, da je zdravni\u0161ko pomo\u010d po nasilnih protestih v \u010detrtek poiskalo 77 ljudi. Po poro\u010danju makedonskih medijev naj bi bili v nasilnih protestih ranjeni 102 osebi, od tega 22 policistov in trije poslanci. Mediji so tudi poro\u010dali, da se je v \u010detrtek pred makedonskim parlamentom zbralo ve\u010d kot 50.000 ljudi.     epa  Makedonski policiji je uspelo izprazniti stavbo makedonskega parlamenta. Pripadniki policije so sedaj pred vhodi v parlament, okoli katerega so tudi postavili kovinsko ograjo. Albanski premier Edi Rama in predsednik albanskega parlamenta Ilir Meta sta v odzivu na zadnje dogodke v M","og_url":"https:\/\/hudo.com\/si\/aktualno\/foto-v-protestih-v-makedoniji-poskodovanih-najmanj-77-ljudi\/","og_site_name":"Hudo Slovenija","article_publisher":"https:\/\/www.facebook.com\/hudo.si","article_published_time":"2017-04-28T04:08:00+00:00","article_modified_time":"2017-04-28T08:21:41+00:00","og_image":[{"width":450,"height":297,"url":"https:\/\/hudo.com\/si\/wp-content\/uploads\/sites\/2\/2017\/04\/05931867-300.jpg","type":"image\/jpeg"}],"author":"hudo","twitter_card":"summary_large_image","twitter_creator":"@hudo_si","twitter_site":"@hudo_si","twitter_misc":{"Written by":"hudo","Est. reading time":"2 minuti"},"schema":{"@context":"https:\/\/schema.org","@graph":[{"@type":"Article","@id":"https:\/\/hudo.com\/si\/aktualno\/foto-v-protestih-v-makedoniji-poskodovanih-najmanj-77-ljudi\/#article","isPartOf":{"@id":"https:\/\/hudo.com\/si\/aktualno\/foto-v-protestih-v-makedoniji-poskodovanih-najmanj-77-ljudi\/"},"author":{"name":"hudo","@id":"https:\/\/hudo.com\/si\/#\/schema\/person\/601cf3379633985b20f7e50f2bb47707"},"headline":"FOTO: V protestih v Makedoniji po\u0161kodovanih najmanj 77 ljudi","datePublished":"2017-04-28T04:08:00+00:00","dateModified":"2017-04-28T08:21:41+00:00","mainEntityOfPage":{"@id":"https:\/\/hudo.com\/si\/aktualno\/foto-v-protestih-v-makedoniji-poskodovanih-najmanj-77-ljudi\/"},"wordCount":312,"publisher":{"@id":"https:\/\/hudo.com\/si\/#organization"},"articleSection":["Aktualno"],"inLanguage":"sl-SI"},{"@type":"WebPage","@id":"https:\/\/hudo.com\/si\/aktualno\/foto-v-protestih-v-makedoniji-poskodovanih-najmanj-77-ljudi\/","url":"https:\/\/hudo.com\/si\/aktualno\/foto-v-protestih-v-makedoniji-poskodovanih-najmanj-77-ljudi\/","name":"FOTO: V protestih v Makedoniji po\u0161kodovanih najmanj 77 ljudi - Hudo Slovenija","isPartOf":{"@id":"https:\/\/hudo.com\/si\/#website"},"datePublished":"2017-04-28T04:08:00+00:00","dateModified":"2017-04-28T08:21:41+00:00","breadcrumb":{"@id":"https:\/\/hudo.com\/si\/aktualno\/foto-v-protestih-v-makedoniji-poskodovanih-najmanj-77-ljudi\/#breadcrumb"},"inLanguage":"sl-SI","potentialAction":[{"@type":"ReadAction","target":["https:\/\/hudo.com\/si\/aktualno\/foto-v-protestih-v-makedoniji-poskodovanih-najmanj-77-ljudi\/"]}]},{"@type":"BreadcrumbList","@id":"https:\/\/hudo.com\/si\/aktualno\/foto-v-protestih-v-makedoniji-poskodovanih-najmanj-77-ljudi\/#breadcrumb","itemListElement":[{"@type":"ListItem","position":1,"name":"Home","item":"https:\/\/hudo.com\/si\/"},{"@type":"ListItem","position":2,"name":"FOTO: V protestih v Makedoniji po\u0161kodovanih najmanj 77 ljudi"}]},{"@type":"WebSite","@id":"https:\/\/hudo.com\/si\/#website","url":"https:\/\/hudo.com\/si\/","name":"Hudo Slovenija","description":"Vse novice iz Slovenije in sveta","publisher":{"@id":"https:\/\/hudo.com\/si\/#organization"},"potentialAction":[{"@type":"SearchAction","target":{"@type":"EntryPoint","urlTemplate":"https:\/\/hudo.com\/si\/?s={search_term_string}"},"query-input":"required name=search_term_string"}],"inLanguage":"sl-SI"},{"@type":"Organization","@id":"https:\/\/hudo.com\/si\/#organization","name":"VSN Media","url":"https:\/\/hudo.com\/si\/","logo":{"@type":"ImageObject","inLanguage":"sl-SI","@id":"https:\/\/hudo.com\/si\/#\/schema\/logo\/image\/","url":"https:\/\/hudo.com\/si\/wp-content\/uploads\/sites\/2\/2021\/03\/hudo-app-2.png","contentUrl":"https:\/\/hudo.com\/si\/wp-content\/uploads\/sites\/2\/2021\/03\/hudo-app-2.png","width":2185,"height":2167,"caption":"VSN Media"},"image":{"@id":"https:\/\/hudo.com\/si\/#\/schema\/logo\/image\/"},"sameAs":["https:\/\/www.facebook.com\/hudo.si","https:\/\/twitter.com\/hudo_si"]},{"@type":"Person","@id":"https:\/\/hudo.com\/si\/#\/schema\/person\/601cf3379633985b20f7e50f2bb47707","name":"hudo","image":{"@type":"ImageObject","inLanguage":"sl-SI","@id":"https:\/\/hudo.com\/si\/#\/schema\/person\/image\/","url":"https:\/\/secure.gravatar.com\/avatar\/c4ca25fa72cace7a696b52ff5db9e095?s=96&d=mm&r=g","contentUrl":"https:\/\/secure.gravatar.com\/avatar\/c4ca25fa72cace7a696b52ff5db9e095?s=96&d=mm&r=g","caption":"hudo"},"url":"https:\/\/hudo.com\/si\/author\/hudo\/"}]}},"amp_enabled":true,"_links":{"self":[{"href":"https:\/\/hudo.com\/si\/wp-json\/wp\/v2\/posts\/248605"}],"collection":[{"href":"https:\/\/hudo.com\/si\/wp-json\/wp\/v2\/posts"}],"about":[{"href":"https:\/\/hudo.com\/si\/wp-json\/wp\/v2\/types\/post"}],"author":[{"embeddable":true,"href":"https:\/\/hudo.com\/si\/wp-json\/wp\/v2\/users\/1"}],"replies":[{"embeddable":true,"href":"https:\/\/hudo.com\/si\/wp-json\/wp\/v2\/comments?post=248605"}],"version-history":[{"count":1,"href":"https:\/\/hudo.com\/si\/wp-json\/wp\/v2\/posts\/248605\/revisions"}],"predecessor-version":[{"id":248703,"href":"https:\/\/hudo.com\/si\/wp-json\/wp\/v2\/posts\/248605\/revisions\/248703"}],"wp:attachment":[{"href":"https:\/\/hudo.com\/si\/wp-json\/wp\/v2\/media?parent=248605"}],"wp:term":[{"taxonomy":"category","embeddable":true,"href":"https:\/\/hudo.com\/si\/wp-json\/wp\/v2\/categories?post=248605"},{"taxonomy":"post_tag","embeddable":true,"href":"https:\/\/hudo.com\/si\/wp-json\/wp\/v2\/tags?post=248605"},{"taxonomy":"source","embeddable":true,"href":"https:\/\/hudo.com\/si\/wp-json\/wp\/v2\/source?post=248605"},{"taxonomy":"supertag","embeddable":true,"href":"https:\/\/hudo.com\/si\/wp-json\/wp\/v2\/supertag?post=248605"}],"curies":[{"name":"wp","href":"https:\/\/api.w.org\/{rel}","templated":true}]}}