{"id":248607,"date":"2017-04-28T06:01:00","date_gmt":"2017-04-28T04:01:00","guid":{"rendered":"http:\/\/hudo.com\/si\/2017\/04\/28\/zaceli-s-14-zerjavi-zdaj-jih-imajo-70-nacrt-je-300\/"},"modified":"2017-04-28T10:21:43","modified_gmt":"2017-04-28T08:21:43","slug":"zaceli-s-14-zerjavi-zdaj-jih-imajo-70-nacrt-je-300","status":"publish","type":"post","link":"https:\/\/hudo.com\/si\/aktualno\/zaceli-s-14-zerjavi-zdaj-jih-imajo-70-nacrt-je-300\/","title":{"rendered":"Za\u010deli s 14 \u017eerjavi, zdaj jih imajo 70, na\u010drt je 300"},"content":{"rendered":"<p>Kategorija: Podjetja Fri, 28 Apr 2017 08:01:00 +0200  Kri\u017e pri Se\u017eani \u2013 V te\u017ekih \u010dasih za gradbeni\u0161tvo, ko so vodilni velikih gradbenih podjetij v pohlepu po privatizaciji o\u0161kodovali svoja podjetja, da so ta propadla, so bile redke izjeme, ki so se obdr\u017eale na trgu in tudi rasle. Mednje sodi tudi kra\u0161ko podjetje Klan\u010dar \u017eerjavi, ki prodaja in daje v najem gradbene \u017eerjave in drugo gradbeno mehanizacijo. Ves \u010das krize je podjetje poslovalo previdno in stabilno. Podjetje Klan\u010dar \u017eerjavi je ustanovil in vodil Miro Klan\u010dar. Ko se je leta 2008 upokojil in dejavnost prepustil sinu Andreju, ekonomistu, je bilo v podjetju 14 \u017eerjavov. \u00bbO\u010de mi je predal podjetje z zelo dobrimi temelji. Dal mi je tudi znanje in povezave, ki so bile potrebne za vodenje posla. Redki mojo so\u0161olci so imeli tak\u0161no sre\u010do, da so jim star\u0161i prepustili podjetje\u00a0&#8230;<\/p>\n","protected":false},"excerpt":{"rendered":"<p>Kategorija: Podjetja Fri, 28 Apr 2017 08:01:00 +0200  Kri\u017e pri Se\u017eani \u2013 V te\u017ekih \u010dasih za gradbeni\u0161tvo, ko so vodilni velikih gradbenih podjetij v pohlepu po privatizaciji o\u0161kodovali svoja podjetja, da so ta propadla, so bile redke izjeme, ki so se obdr\u017eale na trgu in tudi rasle. Mednje sodi tudi kra\u0161ko podjetje Klan\u010dar \u017eerjavi, ki prodaja in daje v najem gradbene \u017eerjave in drugo gradbeno mehanizacijo. Ves \u010das krize je podjetje poslovalo previdno in stabilno. Podjetje Klan\u010dar \u017eerjavi je ustanovil in vodil Miro Klan\u010dar. Ko se je leta 2008 upokojil in dejavnost prepustil sinu Andreju, ekonomistu, je bilo v podjetju 14 \u017eerjavov. \u00bbO\u010de mi je predal podjetje z zelo dobrimi temelji. Dal mi je tudi znanje in povezave, ki so bile potrebne za vodenje posla. Redki mojo so\u0161olci so imeli tak\u0161no sre\u010do, da so jim star\u0161i prepustili podjetje\u00a0&#8230;<\/p>\n","protected":false},"author":1,"featured_media":0,"comment_status":"closed","ping_status":"closed","sticky":false,"template":"","format":"standard","meta":{"footnotes":""},"categories":[1179],"tags":[],"source":[1703],"supertag":[],"acf":[],"yoast_head":"<!-- This site is optimized with the Yoast SEO plugin v21.3 - https:\/\/yoast.com\/wordpress\/plugins\/seo\/ -->\n<title>Za\u010deli s 14 \u017eerjavi, zdaj jih imajo 70, na\u010drt je 300 - Hudo Slovenija<\/title>\n<meta name=\"robots\" content=\"index, follow, max-snippet:-1, max-image-preview:large, max-video-preview:-1\" \/>\n<link rel=\"canonical\" href=\"https:\/\/hudo.com\/si\/aktualno\/zaceli-s-14-zerjavi-zdaj-jih-imajo-70-nacrt-je-300\/\" \/>\n<meta property=\"og:locale\" content=\"sl_SI\" \/>\n<meta property=\"og:type\" content=\"article\" \/>\n<meta property=\"og:title\" content=\"Za\u010deli s 14 \u017eerjavi, zdaj jih imajo 70, na\u010drt je 300 - Hudo Slovenija\" \/>\n<meta property=\"og:description\" content=\"Kategorija: Podjetja Fri, 28 Apr 2017 08:01:00 +0200 Kri\u017e pri Se\u017eani \u2013 V te\u017ekih \u010dasih za gradbeni\u0161tvo, ko so vodilni velikih gradbenih podjetij v pohlepu po privatizaciji o\u0161kodovali svoja podjetja, da so ta propadla, so bile redke izjeme, ki so se obdr\u017eale na trgu in tudi rasle. Mednje sodi tudi kra\u0161ko podjetje Klan\u010dar \u017eerjavi, ki prodaja in daje v najem gradbene \u017eerjave in drugo gradbeno mehanizacijo. Ves \u010das krize je podjetje poslovalo previdno in stabilno. Podjetje Klan\u010dar \u017eerjavi je ustanovil in vodil Miro Klan\u010dar. Ko se je leta 2008 upokojil in dejavnost prepustil sinu Andreju, ekonomistu, je bilo v podjetju 14 \u017eerjavov. \u00bbO\u010de mi je predal podjetje z zelo dobrimi temelji. Dal mi je tudi znanje in povezave, ki so bile potrebne za vodenje posla. Redki mojo so\u0161olci so imeli tak\u0161no sre\u010do, da so jim star\u0161i prepustili podjetje\u00a0...\" \/>\n<meta property=\"og:url\" content=\"https:\/\/hudo.com\/si\/aktualno\/zaceli-s-14-zerjavi-zdaj-jih-imajo-70-nacrt-je-300\/\" \/>\n<meta property=\"og:site_name\" content=\"Hudo Slovenija\" \/>\n<meta property=\"article:publisher\" content=\"https:\/\/www.facebook.com\/hudo.si\" \/>\n<meta property=\"article:published_time\" content=\"2017-04-28T04:01:00+00:00\" \/>\n<meta property=\"article:modified_time\" content=\"2017-04-28T08:21:43+00:00\" \/>\n<meta property=\"og:image\" content=\"https:\/\/hudo.com\/si\/wp-content\/uploads\/sites\/2\/2017\/04\/480x290_Gospodarska__Delo_Foto_2017.23_hires3.jpeg\" \/>\n\t<meta property=\"og:image:width\" content=\"480\" \/>\n\t<meta property=\"og:image:height\" content=\"290\" \/>\n\t<meta property=\"og:image:type\" content=\"image\/jpeg\" \/>\n<meta name=\"author\" content=\"hudo\" \/>\n<meta name=\"twitter:card\" content=\"summary_large_image\" \/>\n<meta name=\"twitter:creator\" content=\"@hudo_si\" \/>\n<meta name=\"twitter:site\" content=\"@hudo_si\" \/>\n<meta name=\"twitter:label1\" content=\"Written by\" \/>\n\t<meta name=\"twitter:data1\" content=\"hudo\" \/>\n\t<meta name=\"twitter:label2\" content=\"Est. reading time\" \/>\n\t<meta name=\"twitter:data2\" content=\"1 minuta\" \/>\n<script type=\"application\/ld+json\" class=\"yoast-schema-graph\">{\"@context\":\"https:\/\/schema.org\",\"@graph\":[{\"@type\":\"Article\",\"@id\":\"https:\/\/hudo.com\/si\/aktualno\/zaceli-s-14-zerjavi-zdaj-jih-imajo-70-nacrt-je-300\/#article\",\"isPartOf\":{\"@id\":\"https:\/\/hudo.com\/si\/aktualno\/zaceli-s-14-zerjavi-zdaj-jih-imajo-70-nacrt-je-300\/\"},\"author\":{\"name\":\"hudo\",\"@id\":\"https:\/\/hudo.com\/si\/#\/schema\/person\/601cf3379633985b20f7e50f2bb47707\"},\"headline\":\"Za\u010deli s 14 \u017eerjavi, zdaj jih imajo 70, na\u010drt je 300\",\"datePublished\":\"2017-04-28T04:01:00+00:00\",\"dateModified\":\"2017-04-28T08:21:43+00:00\",\"mainEntityOfPage\":{\"@id\":\"https:\/\/hudo.com\/si\/aktualno\/zaceli-s-14-zerjavi-zdaj-jih-imajo-70-nacrt-je-300\/\"},\"wordCount\":155,\"publisher\":{\"@id\":\"https:\/\/hudo.com\/si\/#organization\"},\"articleSection\":[\"Aktualno\"],\"inLanguage\":\"sl-SI\"},{\"@type\":\"WebPage\",\"@id\":\"https:\/\/hudo.com\/si\/aktualno\/zaceli-s-14-zerjavi-zdaj-jih-imajo-70-nacrt-je-300\/\",\"url\":\"https:\/\/hudo.com\/si\/aktualno\/zaceli-s-14-zerjavi-zdaj-jih-imajo-70-nacrt-je-300\/\",\"name\":\"Za\u010deli s 14 \u017eerjavi, zdaj jih imajo 70, na\u010drt je 300 - Hudo Slovenija\",\"isPartOf\":{\"@id\":\"https:\/\/hudo.com\/si\/#website\"},\"datePublished\":\"2017-04-28T04:01:00+00:00\",\"dateModified\":\"2017-04-28T08:21:43+00:00\",\"breadcrumb\":{\"@id\":\"https:\/\/hudo.com\/si\/aktualno\/zaceli-s-14-zerjavi-zdaj-jih-imajo-70-nacrt-je-300\/#breadcrumb\"},\"inLanguage\":\"sl-SI\",\"potentialAction\":[{\"@type\":\"ReadAction\",\"target\":[\"https:\/\/hudo.com\/si\/aktualno\/zaceli-s-14-zerjavi-zdaj-jih-imajo-70-nacrt-je-300\/\"]}]},{\"@type\":\"BreadcrumbList\",\"@id\":\"https:\/\/hudo.com\/si\/aktualno\/zaceli-s-14-zerjavi-zdaj-jih-imajo-70-nacrt-je-300\/#breadcrumb\",\"itemListElement\":[{\"@type\":\"ListItem\",\"position\":1,\"name\":\"Home\",\"item\":\"https:\/\/hudo.com\/si\/\"},{\"@type\":\"ListItem\",\"position\":2,\"name\":\"Za\u010deli s 14 \u017eerjavi, zdaj jih imajo 70, na\u010drt je 300\"}]},{\"@type\":\"WebSite\",\"@id\":\"https:\/\/hudo.com\/si\/#website\",\"url\":\"https:\/\/hudo.com\/si\/\",\"name\":\"Hudo Slovenija\",\"description\":\"Vse novice iz Slovenije in sveta\",\"publisher\":{\"@id\":\"https:\/\/hudo.com\/si\/#organization\"},\"potentialAction\":[{\"@type\":\"SearchAction\",\"target\":{\"@type\":\"EntryPoint\",\"urlTemplate\":\"https:\/\/hudo.com\/si\/?s={search_term_string}\"},\"query-input\":\"required name=search_term_string\"}],\"inLanguage\":\"sl-SI\"},{\"@type\":\"Organization\",\"@id\":\"https:\/\/hudo.com\/si\/#organization\",\"name\":\"VSN Media\",\"url\":\"https:\/\/hudo.com\/si\/\",\"logo\":{\"@type\":\"ImageObject\",\"inLanguage\":\"sl-SI\",\"@id\":\"https:\/\/hudo.com\/si\/#\/schema\/logo\/image\/\",\"url\":\"https:\/\/hudo.com\/si\/wp-content\/uploads\/sites\/2\/2021\/03\/hudo-app-2.png\",\"contentUrl\":\"https:\/\/hudo.com\/si\/wp-content\/uploads\/sites\/2\/2021\/03\/hudo-app-2.png\",\"width\":2185,\"height\":2167,\"caption\":\"VSN Media\"},\"image\":{\"@id\":\"https:\/\/hudo.com\/si\/#\/schema\/logo\/image\/\"},\"sameAs\":[\"https:\/\/www.facebook.com\/hudo.si\",\"https:\/\/twitter.com\/hudo_si\"]},{\"@type\":\"Person\",\"@id\":\"https:\/\/hudo.com\/si\/#\/schema\/person\/601cf3379633985b20f7e50f2bb47707\",\"name\":\"hudo\",\"image\":{\"@type\":\"ImageObject\",\"inLanguage\":\"sl-SI\",\"@id\":\"https:\/\/hudo.com\/si\/#\/schema\/person\/image\/\",\"url\":\"https:\/\/secure.gravatar.com\/avatar\/c4ca25fa72cace7a696b52ff5db9e095?s=96&d=mm&r=g\",\"contentUrl\":\"https:\/\/secure.gravatar.com\/avatar\/c4ca25fa72cace7a696b52ff5db9e095?s=96&d=mm&r=g\",\"caption\":\"hudo\"},\"url\":\"https:\/\/hudo.com\/si\/author\/hudo\/\"}]}<\/script>\n<!-- \/ Yoast SEO plugin. -->","yoast_head_json":{"title":"Za\u010deli s 14 \u017eerjavi, zdaj jih imajo 70, na\u010drt je 300 - Hudo Slovenija","robots":{"index":"index","follow":"follow","max-snippet":"max-snippet:-1","max-image-preview":"max-image-preview:large","max-video-preview":"max-video-preview:-1"},"canonical":"https:\/\/hudo.com\/si\/aktualno\/zaceli-s-14-zerjavi-zdaj-jih-imajo-70-nacrt-je-300\/","og_locale":"sl_SI","og_type":"article","og_title":"Za\u010deli s 14 \u017eerjavi, zdaj jih imajo 70, na\u010drt je 300 - Hudo Slovenija","og_description":"Kategorija: Podjetja Fri, 28 Apr 2017 08:01:00 +0200 Kri\u017e pri Se\u017eani \u2013 V te\u017ekih \u010dasih za gradbeni\u0161tvo, ko so vodilni velikih gradbenih podjetij v pohlepu po privatizaciji o\u0161kodovali svoja podjetja, da so ta propadla, so bile redke izjeme, ki so se obdr\u017eale na trgu in tudi rasle. Mednje sodi tudi kra\u0161ko podjetje Klan\u010dar \u017eerjavi, ki prodaja in daje v najem gradbene \u017eerjave in drugo gradbeno mehanizacijo. Ves \u010das krize je podjetje poslovalo previdno in stabilno. Podjetje Klan\u010dar \u017eerjavi je ustanovil in vodil Miro Klan\u010dar. Ko se je leta 2008 upokojil in dejavnost prepustil sinu Andreju, ekonomistu, je bilo v podjetju 14 \u017eerjavov. \u00bbO\u010de mi je predal podjetje z zelo dobrimi temelji. Dal mi je tudi znanje in povezave, ki so bile potrebne za vodenje posla. Redki mojo so\u0161olci so imeli tak\u0161no sre\u010do, da so jim star\u0161i prepustili podjetje\u00a0...","og_url":"https:\/\/hudo.com\/si\/aktualno\/zaceli-s-14-zerjavi-zdaj-jih-imajo-70-nacrt-je-300\/","og_site_name":"Hudo Slovenija","article_publisher":"https:\/\/www.facebook.com\/hudo.si","article_published_time":"2017-04-28T04:01:00+00:00","article_modified_time":"2017-04-28T08:21:43+00:00","og_image":[{"width":480,"height":290,"url":"https:\/\/hudo.com\/si\/wp-content\/uploads\/sites\/2\/2017\/04\/480x290_Gospodarska__Delo_Foto_2017.23_hires3.jpeg","type":"image\/jpeg"}],"author":"hudo","twitter_card":"summary_large_image","twitter_creator":"@hudo_si","twitter_site":"@hudo_si","twitter_misc":{"Written by":"hudo","Est. reading time":"1 minuta"},"schema":{"@context":"https:\/\/schema.org","@graph":[{"@type":"Article","@id":"https:\/\/hudo.com\/si\/aktualno\/zaceli-s-14-zerjavi-zdaj-jih-imajo-70-nacrt-je-300\/#article","isPartOf":{"@id":"https:\/\/hudo.com\/si\/aktualno\/zaceli-s-14-zerjavi-zdaj-jih-imajo-70-nacrt-je-300\/"},"author":{"name":"hudo","@id":"https:\/\/hudo.com\/si\/#\/schema\/person\/601cf3379633985b20f7e50f2bb47707"},"headline":"Za\u010deli s 14 \u017eerjavi, zdaj jih imajo 70, na\u010drt je 300","datePublished":"2017-04-28T04:01:00+00:00","dateModified":"2017-04-28T08:21:43+00:00","mainEntityOfPage":{"@id":"https:\/\/hudo.com\/si\/aktualno\/zaceli-s-14-zerjavi-zdaj-jih-imajo-70-nacrt-je-300\/"},"wordCount":155,"publisher":{"@id":"https:\/\/hudo.com\/si\/#organization"},"articleSection":["Aktualno"],"inLanguage":"sl-SI"},{"@type":"WebPage","@id":"https:\/\/hudo.com\/si\/aktualno\/zaceli-s-14-zerjavi-zdaj-jih-imajo-70-nacrt-je-300\/","url":"https:\/\/hudo.com\/si\/aktualno\/zaceli-s-14-zerjavi-zdaj-jih-imajo-70-nacrt-je-300\/","name":"Za\u010deli s 14 \u017eerjavi, zdaj jih imajo 70, na\u010drt je 300 - Hudo Slovenija","isPartOf":{"@id":"https:\/\/hudo.com\/si\/#website"},"datePublished":"2017-04-28T04:01:00+00:00","dateModified":"2017-04-28T08:21:43+00:00","breadcrumb":{"@id":"https:\/\/hudo.com\/si\/aktualno\/zaceli-s-14-zerjavi-zdaj-jih-imajo-70-nacrt-je-300\/#breadcrumb"},"inLanguage":"sl-SI","potentialAction":[{"@type":"ReadAction","target":["https:\/\/hudo.com\/si\/aktualno\/zaceli-s-14-zerjavi-zdaj-jih-imajo-70-nacrt-je-300\/"]}]},{"@type":"BreadcrumbList","@id":"https:\/\/hudo.com\/si\/aktualno\/zaceli-s-14-zerjavi-zdaj-jih-imajo-70-nacrt-je-300\/#breadcrumb","itemListElement":[{"@type":"ListItem","position":1,"name":"Home","item":"https:\/\/hudo.com\/si\/"},{"@type":"ListItem","position":2,"name":"Za\u010deli s 14 \u017eerjavi, zdaj jih imajo 70, na\u010drt je 300"}]},{"@type":"WebSite","@id":"https:\/\/hudo.com\/si\/#website","url":"https:\/\/hudo.com\/si\/","name":"Hudo Slovenija","description":"Vse novice iz Slovenije in sveta","publisher":{"@id":"https:\/\/hudo.com\/si\/#organization"},"potentialAction":[{"@type":"SearchAction","target":{"@type":"EntryPoint","urlTemplate":"https:\/\/hudo.com\/si\/?s={search_term_string}"},"query-input":"required name=search_term_string"}],"inLanguage":"sl-SI"},{"@type":"Organization","@id":"https:\/\/hudo.com\/si\/#organization","name":"VSN Media","url":"https:\/\/hudo.com\/si\/","logo":{"@type":"ImageObject","inLanguage":"sl-SI","@id":"https:\/\/hudo.com\/si\/#\/schema\/logo\/image\/","url":"https:\/\/hudo.com\/si\/wp-content\/uploads\/sites\/2\/2021\/03\/hudo-app-2.png","contentUrl":"https:\/\/hudo.com\/si\/wp-content\/uploads\/sites\/2\/2021\/03\/hudo-app-2.png","width":2185,"height":2167,"caption":"VSN Media"},"image":{"@id":"https:\/\/hudo.com\/si\/#\/schema\/logo\/image\/"},"sameAs":["https:\/\/www.facebook.com\/hudo.si","https:\/\/twitter.com\/hudo_si"]},{"@type":"Person","@id":"https:\/\/hudo.com\/si\/#\/schema\/person\/601cf3379633985b20f7e50f2bb47707","name":"hudo","image":{"@type":"ImageObject","inLanguage":"sl-SI","@id":"https:\/\/hudo.com\/si\/#\/schema\/person\/image\/","url":"https:\/\/secure.gravatar.com\/avatar\/c4ca25fa72cace7a696b52ff5db9e095?s=96&d=mm&r=g","contentUrl":"https:\/\/secure.gravatar.com\/avatar\/c4ca25fa72cace7a696b52ff5db9e095?s=96&d=mm&r=g","caption":"hudo"},"url":"https:\/\/hudo.com\/si\/author\/hudo\/"}]}},"amp_enabled":true,"_links":{"self":[{"href":"https:\/\/hudo.com\/si\/wp-json\/wp\/v2\/posts\/248607"}],"collection":[{"href":"https:\/\/hudo.com\/si\/wp-json\/wp\/v2\/posts"}],"about":[{"href":"https:\/\/hudo.com\/si\/wp-json\/wp\/v2\/types\/post"}],"author":[{"embeddable":true,"href":"https:\/\/hudo.com\/si\/wp-json\/wp\/v2\/users\/1"}],"replies":[{"embeddable":true,"href":"https:\/\/hudo.com\/si\/wp-json\/wp\/v2\/comments?post=248607"}],"version-history":[{"count":1,"href":"https:\/\/hudo.com\/si\/wp-json\/wp\/v2\/posts\/248607\/revisions"}],"predecessor-version":[{"id":248704,"href":"https:\/\/hudo.com\/si\/wp-json\/wp\/v2\/posts\/248607\/revisions\/248704"}],"wp:attachment":[{"href":"https:\/\/hudo.com\/si\/wp-json\/wp\/v2\/media?parent=248607"}],"wp:term":[{"taxonomy":"category","embeddable":true,"href":"https:\/\/hudo.com\/si\/wp-json\/wp\/v2\/categories?post=248607"},{"taxonomy":"post_tag","embeddable":true,"href":"https:\/\/hudo.com\/si\/wp-json\/wp\/v2\/tags?post=248607"},{"taxonomy":"source","embeddable":true,"href":"https:\/\/hudo.com\/si\/wp-json\/wp\/v2\/source?post=248607"},{"taxonomy":"supertag","embeddable":true,"href":"https:\/\/hudo.com\/si\/wp-json\/wp\/v2\/supertag?post=248607"}],"curies":[{"name":"wp","href":"https:\/\/api.w.org\/{rel}","templated":true}]}}