{"id":248615,"date":"2017-04-28T05:27:00","date_gmt":"2017-04-28T03:27:00","guid":{"rendered":"http:\/\/hudo.com\/si\/2017\/04\/28\/v-bruslju-sestanek-o-tezavah-pri-sistematicnem-nadzoru-na-mejah-eu\/"},"modified":"2017-04-28T10:21:47","modified_gmt":"2017-04-28T08:21:47","slug":"v-bruslju-sestanek-o-tezavah-pri-sistematicnem-nadzoru-na-mejah-eu","status":"publish","type":"post","link":"https:\/\/hudo.com\/si\/aktualno\/v-bruslju-sestanek-o-tezavah-pri-sistematicnem-nadzoru-na-mejah-eu\/","title":{"rendered":"V Bruslju sestanek o te\u017eavah pri sistemati\u010dnem nadzoru na mejah EU"},"content":{"rendered":"<p>V Bruslju bo danes drugi tehni\u010dni sestanek EU o te\u017eavah pri izvajanju sistemati\u010dnega nadzora na mejah, na katerem bodo preu\u010dili mo\u017enosti pro\u017enej\u0161ega oziroma ciljnega preverjanja potnikov. Slovenija pri\u010dakuje od Evropske komisije konkretne smernice, ki bi omogo\u010dile pove\u010danje preto\u010dnosti mejnih prehodov na njeni ju\u017eni meji. To pri\u010dakovanje je v pismu predsedniku komisije Jean-Claudu Junckerju izrazil slovenski premier Miro Cerar ter obenem pozval k sre\u010danju Slovenije, Hrva\u0161ke in EU na najvi\u0161ji ravni ob robu sobotnega vrha unije o brexitu. V komisiji so v odzivu na pismo poudarili, da se dobro zavedajo izzivov, s katerimi se soo\u010dajo slovenske in hrva\u0161ke oblasti pri iskanju pravega ravnovesja pri izvajanju novih pravil o sistemati\u010dnem nadzoru na meji, ter njihovega vpliva na potnike. Nova pravila o izvajanju sistemati\u010dnega nadzora vseh potnikov na zunanjih mejah schengna in unije, ki so za\u010dela veljati 7. aprila, je unija uvedla v odziv na teroristi\u010dne napade v Evropi. Slovenija je ves \u010das opozarjala na morebitne negativne posledice ukrepa. V komisiji so v odzivu na Cerarjevo pismo \u0161e izpostavili, da tesno sodelujejo z vsemi \u010dlanicami unije, da bi zagotovili \u010dim bolj\u0161e izvajanje nove zakonodaje in se izognili negativnemu vplivu na preto\u010dnost, ne da bi pri tem ogrozili varnost. Po dana\u0161njih tehni\u010dnih razpravah so ob robu sobotnega vrha predvideni pogovori na najvi\u0161ji politi\u010dni ravni. Predsednik Evropskega sveta Donald Tusk naj bi se v soboto zjutraj lo\u010deno sestal s Cerarjem, \u017ee drevi pa s hrva\u0161kim premierjem Andrejem Plenkovi\u0107em. Poleg tega je v soboto pred vrhom 27 \u010dlanic EU o brexitu, ki naj bi se za\u010del okoli poldneva, po neuradnih informacijah predvideno \u0161tiristransko sre\u010danje Cerarja, Plenkovi\u0107a, Junckerja in Tuska.<\/p>\n","protected":false},"excerpt":{"rendered":"<p>V Bruslju bo danes drugi tehni\u010dni sestanek EU o te\u017eavah pri izvajanju sistemati\u010dnega nadzora na mejah, na katerem bodo preu\u010dili mo\u017enosti pro\u017enej\u0161ega oziroma ciljnega preverjanja potnikov. Slovenija pri\u010dakuje od Evropske komisije konkretne smernice, ki bi omogo\u010dile pove\u010danje preto\u010dnosti mejnih prehodov na njeni ju\u017eni meji. To pri\u010dakovanje je v pismu predsedniku komisije Jean-Claudu Junckerju izrazil slovenski premier Miro Cerar ter obenem pozval k sre\u010danju Slovenije, Hrva\u0161ke in EU na najvi\u0161ji ravni ob robu sobotnega vrha unije o brexitu. V komisiji so v odzivu na pismo poudarili, da se dobro zavedajo izzivov, s katerimi se soo\u010dajo slovenske in hrva\u0161ke oblasti pri iskanju pravega ravnovesja pri izvajanju novih pravil o sistemati\u010dnem nadzoru na meji, ter njihovega vpliva na potnike. Nova pravila o izvajanju sistemati\u010dnega nadzora vseh potnikov na zunanjih mejah schengna in unije, ki so za\u010dela veljati 7. aprila, je unija uvedla v odziv na teroristi\u010dne napade v Evropi. Slovenija je ves \u010das opozarjala na morebitne negativne posledice ukrepa. V komisiji so v odzivu na Cerarjevo pismo \u0161e izpostavili, da tesno sodelujejo z vsemi \u010dlanicami unije, da bi zagotovili \u010dim bolj\u0161e izvajanje nove zakonodaje in se izognili negativnemu vplivu na preto\u010dnost, ne da bi pri tem ogrozili varnost. Po dana\u0161njih tehni\u010dnih razpravah so ob robu sobotnega vrha predvideni pogovori na najvi\u0161ji politi\u010dni ravni. Predsednik Evropskega sveta Donald Tusk naj bi se v soboto zjutraj lo\u010deno sestal s Cerarjem, \u017ee drevi pa s hrva\u0161kim premierjem Andrejem Plenkovi\u0107em. Poleg tega je v soboto pred vrhom 27 \u010dlanic EU o brexitu, ki naj bi se za\u010del okoli poldneva, po neuradnih informacijah predvideno \u0161tiristransko sre\u010danje Cerarja, Plenkovi\u0107a, Junckerja in Tuska.<\/p>\n","protected":false},"author":1,"featured_media":0,"comment_status":"closed","ping_status":"closed","sticky":false,"template":"","format":"standard","meta":{"footnotes":""},"categories":[1179],"tags":[],"source":[1711],"supertag":[],"acf":[],"yoast_head":"<!-- This site is optimized with the Yoast SEO plugin v21.3 - https:\/\/yoast.com\/wordpress\/plugins\/seo\/ -->\n<title>V Bruslju sestanek o te\u017eavah pri sistemati\u010dnem nadzoru na mejah EU - Hudo Slovenija<\/title>\n<meta name=\"robots\" content=\"index, follow, max-snippet:-1, max-image-preview:large, max-video-preview:-1\" \/>\n<link rel=\"canonical\" href=\"https:\/\/hudo.com\/si\/aktualno\/v-bruslju-sestanek-o-tezavah-pri-sistematicnem-nadzoru-na-mejah-eu\/\" \/>\n<meta property=\"og:locale\" content=\"sl_SI\" \/>\n<meta property=\"og:type\" content=\"article\" \/>\n<meta property=\"og:title\" content=\"V Bruslju sestanek o te\u017eavah pri sistemati\u010dnem nadzoru na mejah EU - Hudo Slovenija\" \/>\n<meta property=\"og:description\" content=\"V Bruslju bo danes drugi tehni\u010dni sestanek EU o te\u017eavah pri izvajanju sistemati\u010dnega nadzora na mejah, na katerem bodo preu\u010dili mo\u017enosti pro\u017enej\u0161ega oziroma ciljnega preverjanja potnikov. Slovenija pri\u010dakuje od Evropske komisije konkretne smernice, ki bi omogo\u010dile pove\u010danje preto\u010dnosti mejnih prehodov na njeni ju\u017eni meji. To pri\u010dakovanje je v pismu predsedniku komisije Jean-Claudu Junckerju izrazil slovenski premier Miro Cerar ter obenem pozval k sre\u010danju Slovenije, Hrva\u0161ke in EU na najvi\u0161ji ravni ob robu sobotnega vrha unije o brexitu. V komisiji so v odzivu na pismo poudarili, da se dobro zavedajo izzivov, s katerimi se soo\u010dajo slovenske in hrva\u0161ke oblasti pri iskanju pravega ravnovesja pri izvajanju novih pravil o sistemati\u010dnem nadzoru na meji, ter njihovega vpliva na potnike. Nova pravila o izvajanju sistemati\u010dnega nadzora vseh potnikov na zunanjih mejah schengna in unije, ki so za\u010dela veljati 7. aprila, je unija uvedla v odziv na teroristi\u010dne napade v Evropi. Slovenija je ves \u010das opozarjala na morebitne negativne posledice ukrepa. V komisiji so v odzivu na Cerarjevo pismo \u0161e izpostavili, da tesno sodelujejo z vsemi \u010dlanicami unije, da bi zagotovili \u010dim bolj\u0161e izvajanje nove zakonodaje in se izognili negativnemu vplivu na preto\u010dnost, ne da bi pri tem ogrozili varnost. Po dana\u0161njih tehni\u010dnih razpravah so ob robu sobotnega vrha predvideni pogovori na najvi\u0161ji politi\u010dni ravni. Predsednik Evropskega sveta Donald Tusk naj bi se v soboto zjutraj lo\u010deno sestal s Cerarjem, \u017ee drevi pa s hrva\u0161kim premierjem Andrejem Plenkovi\u0107em. Poleg tega je v soboto pred vrhom 27 \u010dlanic EU o brexitu, ki naj bi se za\u010del okoli poldneva, po neuradnih informacijah predvideno \u0161tiristransko sre\u010danje Cerarja, Plenkovi\u0107a, Junckerja in Tuska.\" \/>\n<meta property=\"og:url\" content=\"https:\/\/hudo.com\/si\/aktualno\/v-bruslju-sestanek-o-tezavah-pri-sistematicnem-nadzoru-na-mejah-eu\/\" \/>\n<meta property=\"og:site_name\" content=\"Hudo Slovenija\" \/>\n<meta property=\"article:publisher\" content=\"https:\/\/www.facebook.com\/hudo.si\" \/>\n<meta property=\"article:published_time\" content=\"2017-04-28T03:27:00+00:00\" \/>\n<meta property=\"article:modified_time\" content=\"2017-04-28T08:21:47+00:00\" \/>\n<meta property=\"og:image\" content=\"https:\/\/hudo.com\/si\/wp-content\/uploads\/sites\/2\/2017\/04\/7-300-1.jpg\" \/>\n\t<meta property=\"og:image:width\" content=\"450\" \/>\n\t<meta property=\"og:image:height\" content=\"300\" \/>\n\t<meta property=\"og:image:type\" content=\"image\/jpeg\" \/>\n<meta name=\"author\" content=\"hudo\" \/>\n<meta name=\"twitter:card\" content=\"summary_large_image\" \/>\n<meta name=\"twitter:creator\" content=\"@hudo_si\" \/>\n<meta name=\"twitter:site\" content=\"@hudo_si\" \/>\n<meta name=\"twitter:label1\" content=\"Written by\" \/>\n\t<meta name=\"twitter:data1\" content=\"hudo\" \/>\n\t<meta name=\"twitter:label2\" content=\"Est. reading time\" \/>\n\t<meta name=\"twitter:data2\" content=\"1 minuta\" \/>\n<script type=\"application\/ld+json\" class=\"yoast-schema-graph\">{\"@context\":\"https:\/\/schema.org\",\"@graph\":[{\"@type\":\"Article\",\"@id\":\"https:\/\/hudo.com\/si\/aktualno\/v-bruslju-sestanek-o-tezavah-pri-sistematicnem-nadzoru-na-mejah-eu\/#article\",\"isPartOf\":{\"@id\":\"https:\/\/hudo.com\/si\/aktualno\/v-bruslju-sestanek-o-tezavah-pri-sistematicnem-nadzoru-na-mejah-eu\/\"},\"author\":{\"name\":\"hudo\",\"@id\":\"https:\/\/hudo.com\/si\/#\/schema\/person\/601cf3379633985b20f7e50f2bb47707\"},\"headline\":\"V Bruslju sestanek o te\u017eavah pri sistemati\u010dnem nadzoru na mejah EU\",\"datePublished\":\"2017-04-28T03:27:00+00:00\",\"dateModified\":\"2017-04-28T08:21:47+00:00\",\"mainEntityOfPage\":{\"@id\":\"https:\/\/hudo.com\/si\/aktualno\/v-bruslju-sestanek-o-tezavah-pri-sistematicnem-nadzoru-na-mejah-eu\/\"},\"wordCount\":308,\"publisher\":{\"@id\":\"https:\/\/hudo.com\/si\/#organization\"},\"articleSection\":[\"Aktualno\"],\"inLanguage\":\"sl-SI\"},{\"@type\":\"WebPage\",\"@id\":\"https:\/\/hudo.com\/si\/aktualno\/v-bruslju-sestanek-o-tezavah-pri-sistematicnem-nadzoru-na-mejah-eu\/\",\"url\":\"https:\/\/hudo.com\/si\/aktualno\/v-bruslju-sestanek-o-tezavah-pri-sistematicnem-nadzoru-na-mejah-eu\/\",\"name\":\"V Bruslju sestanek o te\u017eavah pri sistemati\u010dnem nadzoru na mejah EU - Hudo Slovenija\",\"isPartOf\":{\"@id\":\"https:\/\/hudo.com\/si\/#website\"},\"datePublished\":\"2017-04-28T03:27:00+00:00\",\"dateModified\":\"2017-04-28T08:21:47+00:00\",\"breadcrumb\":{\"@id\":\"https:\/\/hudo.com\/si\/aktualno\/v-bruslju-sestanek-o-tezavah-pri-sistematicnem-nadzoru-na-mejah-eu\/#breadcrumb\"},\"inLanguage\":\"sl-SI\",\"potentialAction\":[{\"@type\":\"ReadAction\",\"target\":[\"https:\/\/hudo.com\/si\/aktualno\/v-bruslju-sestanek-o-tezavah-pri-sistematicnem-nadzoru-na-mejah-eu\/\"]}]},{\"@type\":\"BreadcrumbList\",\"@id\":\"https:\/\/hudo.com\/si\/aktualno\/v-bruslju-sestanek-o-tezavah-pri-sistematicnem-nadzoru-na-mejah-eu\/#breadcrumb\",\"itemListElement\":[{\"@type\":\"ListItem\",\"position\":1,\"name\":\"Home\",\"item\":\"https:\/\/hudo.com\/si\/\"},{\"@type\":\"ListItem\",\"position\":2,\"name\":\"V Bruslju sestanek o te\u017eavah pri sistemati\u010dnem nadzoru na mejah EU\"}]},{\"@type\":\"WebSite\",\"@id\":\"https:\/\/hudo.com\/si\/#website\",\"url\":\"https:\/\/hudo.com\/si\/\",\"name\":\"Hudo Slovenija\",\"description\":\"Vse novice iz Slovenije in sveta\",\"publisher\":{\"@id\":\"https:\/\/hudo.com\/si\/#organization\"},\"potentialAction\":[{\"@type\":\"SearchAction\",\"target\":{\"@type\":\"EntryPoint\",\"urlTemplate\":\"https:\/\/hudo.com\/si\/?s={search_term_string}\"},\"query-input\":\"required name=search_term_string\"}],\"inLanguage\":\"sl-SI\"},{\"@type\":\"Organization\",\"@id\":\"https:\/\/hudo.com\/si\/#organization\",\"name\":\"VSN Media\",\"url\":\"https:\/\/hudo.com\/si\/\",\"logo\":{\"@type\":\"ImageObject\",\"inLanguage\":\"sl-SI\",\"@id\":\"https:\/\/hudo.com\/si\/#\/schema\/logo\/image\/\",\"url\":\"https:\/\/hudo.com\/si\/wp-content\/uploads\/sites\/2\/2021\/03\/hudo-app-2.png\",\"contentUrl\":\"https:\/\/hudo.com\/si\/wp-content\/uploads\/sites\/2\/2021\/03\/hudo-app-2.png\",\"width\":2185,\"height\":2167,\"caption\":\"VSN Media\"},\"image\":{\"@id\":\"https:\/\/hudo.com\/si\/#\/schema\/logo\/image\/\"},\"sameAs\":[\"https:\/\/www.facebook.com\/hudo.si\",\"https:\/\/twitter.com\/hudo_si\"]},{\"@type\":\"Person\",\"@id\":\"https:\/\/hudo.com\/si\/#\/schema\/person\/601cf3379633985b20f7e50f2bb47707\",\"name\":\"hudo\",\"image\":{\"@type\":\"ImageObject\",\"inLanguage\":\"sl-SI\",\"@id\":\"https:\/\/hudo.com\/si\/#\/schema\/person\/image\/\",\"url\":\"https:\/\/secure.gravatar.com\/avatar\/c4ca25fa72cace7a696b52ff5db9e095?s=96&d=mm&r=g\",\"contentUrl\":\"https:\/\/secure.gravatar.com\/avatar\/c4ca25fa72cace7a696b52ff5db9e095?s=96&d=mm&r=g\",\"caption\":\"hudo\"},\"url\":\"https:\/\/hudo.com\/si\/author\/hudo\/\"}]}<\/script>\n<!-- \/ Yoast SEO plugin. -->","yoast_head_json":{"title":"V Bruslju sestanek o te\u017eavah pri sistemati\u010dnem nadzoru na mejah EU - Hudo Slovenija","robots":{"index":"index","follow":"follow","max-snippet":"max-snippet:-1","max-image-preview":"max-image-preview:large","max-video-preview":"max-video-preview:-1"},"canonical":"https:\/\/hudo.com\/si\/aktualno\/v-bruslju-sestanek-o-tezavah-pri-sistematicnem-nadzoru-na-mejah-eu\/","og_locale":"sl_SI","og_type":"article","og_title":"V Bruslju sestanek o te\u017eavah pri sistemati\u010dnem nadzoru na mejah EU - Hudo Slovenija","og_description":"V Bruslju bo danes drugi tehni\u010dni sestanek EU o te\u017eavah pri izvajanju sistemati\u010dnega nadzora na mejah, na katerem bodo preu\u010dili mo\u017enosti pro\u017enej\u0161ega oziroma ciljnega preverjanja potnikov. Slovenija pri\u010dakuje od Evropske komisije konkretne smernice, ki bi omogo\u010dile pove\u010danje preto\u010dnosti mejnih prehodov na njeni ju\u017eni meji. To pri\u010dakovanje je v pismu predsedniku komisije Jean-Claudu Junckerju izrazil slovenski premier Miro Cerar ter obenem pozval k sre\u010danju Slovenije, Hrva\u0161ke in EU na najvi\u0161ji ravni ob robu sobotnega vrha unije o brexitu. V komisiji so v odzivu na pismo poudarili, da se dobro zavedajo izzivov, s katerimi se soo\u010dajo slovenske in hrva\u0161ke oblasti pri iskanju pravega ravnovesja pri izvajanju novih pravil o sistemati\u010dnem nadzoru na meji, ter njihovega vpliva na potnike. Nova pravila o izvajanju sistemati\u010dnega nadzora vseh potnikov na zunanjih mejah schengna in unije, ki so za\u010dela veljati 7. aprila, je unija uvedla v odziv na teroristi\u010dne napade v Evropi. Slovenija je ves \u010das opozarjala na morebitne negativne posledice ukrepa. V komisiji so v odzivu na Cerarjevo pismo \u0161e izpostavili, da tesno sodelujejo z vsemi \u010dlanicami unije, da bi zagotovili \u010dim bolj\u0161e izvajanje nove zakonodaje in se izognili negativnemu vplivu na preto\u010dnost, ne da bi pri tem ogrozili varnost. Po dana\u0161njih tehni\u010dnih razpravah so ob robu sobotnega vrha predvideni pogovori na najvi\u0161ji politi\u010dni ravni. Predsednik Evropskega sveta Donald Tusk naj bi se v soboto zjutraj lo\u010deno sestal s Cerarjem, \u017ee drevi pa s hrva\u0161kim premierjem Andrejem Plenkovi\u0107em. Poleg tega je v soboto pred vrhom 27 \u010dlanic EU o brexitu, ki naj bi se za\u010del okoli poldneva, po neuradnih informacijah predvideno \u0161tiristransko sre\u010danje Cerarja, Plenkovi\u0107a, Junckerja in Tuska.","og_url":"https:\/\/hudo.com\/si\/aktualno\/v-bruslju-sestanek-o-tezavah-pri-sistematicnem-nadzoru-na-mejah-eu\/","og_site_name":"Hudo Slovenija","article_publisher":"https:\/\/www.facebook.com\/hudo.si","article_published_time":"2017-04-28T03:27:00+00:00","article_modified_time":"2017-04-28T08:21:47+00:00","og_image":[{"width":450,"height":300,"url":"https:\/\/hudo.com\/si\/wp-content\/uploads\/sites\/2\/2017\/04\/7-300-1.jpg","type":"image\/jpeg"}],"author":"hudo","twitter_card":"summary_large_image","twitter_creator":"@hudo_si","twitter_site":"@hudo_si","twitter_misc":{"Written by":"hudo","Est. reading time":"1 minuta"},"schema":{"@context":"https:\/\/schema.org","@graph":[{"@type":"Article","@id":"https:\/\/hudo.com\/si\/aktualno\/v-bruslju-sestanek-o-tezavah-pri-sistematicnem-nadzoru-na-mejah-eu\/#article","isPartOf":{"@id":"https:\/\/hudo.com\/si\/aktualno\/v-bruslju-sestanek-o-tezavah-pri-sistematicnem-nadzoru-na-mejah-eu\/"},"author":{"name":"hudo","@id":"https:\/\/hudo.com\/si\/#\/schema\/person\/601cf3379633985b20f7e50f2bb47707"},"headline":"V Bruslju sestanek o te\u017eavah pri sistemati\u010dnem nadzoru na mejah EU","datePublished":"2017-04-28T03:27:00+00:00","dateModified":"2017-04-28T08:21:47+00:00","mainEntityOfPage":{"@id":"https:\/\/hudo.com\/si\/aktualno\/v-bruslju-sestanek-o-tezavah-pri-sistematicnem-nadzoru-na-mejah-eu\/"},"wordCount":308,"publisher":{"@id":"https:\/\/hudo.com\/si\/#organization"},"articleSection":["Aktualno"],"inLanguage":"sl-SI"},{"@type":"WebPage","@id":"https:\/\/hudo.com\/si\/aktualno\/v-bruslju-sestanek-o-tezavah-pri-sistematicnem-nadzoru-na-mejah-eu\/","url":"https:\/\/hudo.com\/si\/aktualno\/v-bruslju-sestanek-o-tezavah-pri-sistematicnem-nadzoru-na-mejah-eu\/","name":"V Bruslju sestanek o te\u017eavah pri sistemati\u010dnem nadzoru na mejah EU - Hudo Slovenija","isPartOf":{"@id":"https:\/\/hudo.com\/si\/#website"},"datePublished":"2017-04-28T03:27:00+00:00","dateModified":"2017-04-28T08:21:47+00:00","breadcrumb":{"@id":"https:\/\/hudo.com\/si\/aktualno\/v-bruslju-sestanek-o-tezavah-pri-sistematicnem-nadzoru-na-mejah-eu\/#breadcrumb"},"inLanguage":"sl-SI","potentialAction":[{"@type":"ReadAction","target":["https:\/\/hudo.com\/si\/aktualno\/v-bruslju-sestanek-o-tezavah-pri-sistematicnem-nadzoru-na-mejah-eu\/"]}]},{"@type":"BreadcrumbList","@id":"https:\/\/hudo.com\/si\/aktualno\/v-bruslju-sestanek-o-tezavah-pri-sistematicnem-nadzoru-na-mejah-eu\/#breadcrumb","itemListElement":[{"@type":"ListItem","position":1,"name":"Home","item":"https:\/\/hudo.com\/si\/"},{"@type":"ListItem","position":2,"name":"V Bruslju sestanek o te\u017eavah pri sistemati\u010dnem nadzoru na mejah EU"}]},{"@type":"WebSite","@id":"https:\/\/hudo.com\/si\/#website","url":"https:\/\/hudo.com\/si\/","name":"Hudo Slovenija","description":"Vse novice iz Slovenije in sveta","publisher":{"@id":"https:\/\/hudo.com\/si\/#organization"},"potentialAction":[{"@type":"SearchAction","target":{"@type":"EntryPoint","urlTemplate":"https:\/\/hudo.com\/si\/?s={search_term_string}"},"query-input":"required name=search_term_string"}],"inLanguage":"sl-SI"},{"@type":"Organization","@id":"https:\/\/hudo.com\/si\/#organization","name":"VSN Media","url":"https:\/\/hudo.com\/si\/","logo":{"@type":"ImageObject","inLanguage":"sl-SI","@id":"https:\/\/hudo.com\/si\/#\/schema\/logo\/image\/","url":"https:\/\/hudo.com\/si\/wp-content\/uploads\/sites\/2\/2021\/03\/hudo-app-2.png","contentUrl":"https:\/\/hudo.com\/si\/wp-content\/uploads\/sites\/2\/2021\/03\/hudo-app-2.png","width":2185,"height":2167,"caption":"VSN Media"},"image":{"@id":"https:\/\/hudo.com\/si\/#\/schema\/logo\/image\/"},"sameAs":["https:\/\/www.facebook.com\/hudo.si","https:\/\/twitter.com\/hudo_si"]},{"@type":"Person","@id":"https:\/\/hudo.com\/si\/#\/schema\/person\/601cf3379633985b20f7e50f2bb47707","name":"hudo","image":{"@type":"ImageObject","inLanguage":"sl-SI","@id":"https:\/\/hudo.com\/si\/#\/schema\/person\/image\/","url":"https:\/\/secure.gravatar.com\/avatar\/c4ca25fa72cace7a696b52ff5db9e095?s=96&d=mm&r=g","contentUrl":"https:\/\/secure.gravatar.com\/avatar\/c4ca25fa72cace7a696b52ff5db9e095?s=96&d=mm&r=g","caption":"hudo"},"url":"https:\/\/hudo.com\/si\/author\/hudo\/"}]}},"amp_enabled":true,"_links":{"self":[{"href":"https:\/\/hudo.com\/si\/wp-json\/wp\/v2\/posts\/248615"}],"collection":[{"href":"https:\/\/hudo.com\/si\/wp-json\/wp\/v2\/posts"}],"about":[{"href":"https:\/\/hudo.com\/si\/wp-json\/wp\/v2\/types\/post"}],"author":[{"embeddable":true,"href":"https:\/\/hudo.com\/si\/wp-json\/wp\/v2\/users\/1"}],"replies":[{"embeddable":true,"href":"https:\/\/hudo.com\/si\/wp-json\/wp\/v2\/comments?post=248615"}],"version-history":[{"count":1,"href":"https:\/\/hudo.com\/si\/wp-json\/wp\/v2\/posts\/248615\/revisions"}],"predecessor-version":[{"id":248708,"href":"https:\/\/hudo.com\/si\/wp-json\/wp\/v2\/posts\/248615\/revisions\/248708"}],"wp:attachment":[{"href":"https:\/\/hudo.com\/si\/wp-json\/wp\/v2\/media?parent=248615"}],"wp:term":[{"taxonomy":"category","embeddable":true,"href":"https:\/\/hudo.com\/si\/wp-json\/wp\/v2\/categories?post=248615"},{"taxonomy":"post_tag","embeddable":true,"href":"https:\/\/hudo.com\/si\/wp-json\/wp\/v2\/tags?post=248615"},{"taxonomy":"source","embeddable":true,"href":"https:\/\/hudo.com\/si\/wp-json\/wp\/v2\/source?post=248615"},{"taxonomy":"supertag","embeddable":true,"href":"https:\/\/hudo.com\/si\/wp-json\/wp\/v2\/supertag?post=248615"}],"curies":[{"name":"wp","href":"https:\/\/api.w.org\/{rel}","templated":true}]}}