{"id":248689,"date":"2017-04-28T07:20:00","date_gmt":"2017-04-28T05:20:00","guid":{"rendered":"http:\/\/hudo.com\/si\/2017\/04\/28\/v-avstriji-prepovedali-hrvaski-vecer-s-kontroverznim-thompsonom\/"},"modified":"2017-04-28T15:12:13","modified_gmt":"2017-04-28T13:12:13","slug":"v-avstriji-prepovedali-hrvaski-vecer-s-kontroverznim-thompsonom","status":"publish","type":"post","link":"https:\/\/hudo.com\/si\/aktualno\/v-avstriji-prepovedali-hrvaski-vecer-s-kontroverznim-thompsonom\/","title":{"rendered":"V Avstriji prepovedali &#8220;hrva\u0161ki ve\u010der&#8221; s kontroverznim Thompsonom"},"content":{"rendered":"<p>Kontroverzni hrva\u0161ki glasbenik Marko Perkovi\u0107 Thompson ne dviguje prahu samo v Mariboru, kjer naj bi nastopil 20. maja. Mestne oblasti v avstrijskem Kremsmuenstru so prepovedale koncert, ki naj bi ga Thompson v soboto pripravil v lokalni \u0161portni dvorani. Ne more jam\u010diti za javni red in mir &#8220;Organizatorja koncerta smo obvestili, da mestna dvorana ve\u010d ni na voljo. Ob\u017ealujemo, da je do tega pri\u0161lo. Sem proti vsakemu ekstremizmu. V bodo\u010de bomo bolje preverjali, komu oddajamo dvorano,&#8221; je avstrijskim medijem dejal kremsuensterski \u017eupan Gerhard Obernberger iz Avstrijske narodne stranke. Dodal je, da po ugotovljenem ideolo\u0161kem ozadju koncerta &#8220;ne more jam\u010diti za javni red in mir&#8221;.        Vedran Karuza   \u017dupan trdi, da med dogovori o najemu mestne dvorane ni bilo jasno, da gre za manifestacijo skrajno desne ideologije, temve\u010d so koncert najavljali kot &#8220;hrva\u0161ki ve\u010der&#8221;. &#8220;Sramotno je&#8221; &#8220;Ko je \u017ee vnaprej jasno, da tak\u0161na manifestiacija slu\u017ei temu, da eno skupino ljudi hujska proti drugi, je tak dogodek treba prepovedati,&#8221; dodaja poslanec Zelenih Kai Oellinger. Thompsonu so nastop prepovedali \u017ee leta 2008 na Koro\u0161kem, pa tudi v Nem\u010diji, na Nizozemskem in v \u0160vici. K prepovedi koncerta je pozival tudi predsednik Odobra pre\u017eivelih koncentracijskega tabori\u0161\u010da Mauthausen Willy Mernyi. &#8220;Sramotno je, da se sovra\u017enikom \u017eidov in Srbov dovoli \u0161irjenje njihove ideologije sovra\u0161tva,&#8221; meni.        Novi List   Organizator koncerta Kasmidar Gad\u017ei\u0107, po pisanju avstrijskih medijev, kritik na ra\u010dun koncerta na razume. &#8220;Dobre izku\u0161nje smo imeli s z nastopi Marka Perkovi\u0107a Thompsona na Dunaju, ker ni bilo te\u017eav,&#8221; pravi in dodaja, da &#8220;niti umetnik, niti organizator ne \u017eelita imeti povezav z ideologijo, ki se jima jo pripisuje&#8221;. Ti \u010dasi naj bi \u017ee minili. Spomnimo, da smo pred tedni \u017eupane ve\u010djih slovenskih ob\u010din povpra\u0161ali, ali bi zaradi skrajno nacionalisti\u010dnih napevov Thompsonov nastop v svoji ob\u010dini prepre\u010dili. Ve\u010dina je tedaj jasno odgovorila, da bi to storila, \u010de bi bil prostor v ob\u010dinski lasti.<\/p>\n","protected":false},"excerpt":{"rendered":"<p>Kontroverzni hrva\u0161ki glasbenik Marko Perkovi\u0107 Thompson ne dviguje prahu samo v Mariboru, kjer naj bi nastopil 20. maja. Mestne oblasti v avstrijskem Kremsmuenstru so prepovedale koncert, ki naj bi ga Thompson v soboto pripravil v lokalni \u0161portni dvorani. Ne more jam\u010diti za javni red in mir &#8220;Organizatorja koncerta smo obvestili, da mestna dvorana ve\u010d ni na voljo. Ob\u017ealujemo, da je do tega pri\u0161lo. Sem proti vsakemu ekstremizmu. V bodo\u010de bomo bolje preverjali, komu oddajamo dvorano,&#8221; je avstrijskim medijem dejal kremsuensterski \u017eupan Gerhard Obernberger iz Avstrijske narodne stranke. Dodal je, da po ugotovljenem ideolo\u0161kem ozadju koncerta &#8220;ne more jam\u010diti za javni red in mir&#8221;.        Vedran Karuza   \u017dupan trdi, da med dogovori o najemu mestne dvorane ni bilo jasno, da gre za manifestacijo skrajno desne ideologije, temve\u010d so koncert najavljali kot &#8220;hrva\u0161ki ve\u010der&#8221;. &#8220;Sramotno je&#8221; &#8220;Ko je \u017ee vnaprej jasno, da tak\u0161na manifestiacija slu\u017ei temu, da eno skupino ljudi hujska proti drugi, je tak dogodek treba prepovedati,&#8221; dodaja poslanec Zelenih Kai Oellinger. Thompsonu so nastop prepovedali \u017ee leta 2008 na Koro\u0161kem, pa tudi v Nem\u010diji, na Nizozemskem in v \u0160vici. K prepovedi koncerta je pozival tudi predsednik Odobra pre\u017eivelih koncentracijskega tabori\u0161\u010da Mauthausen Willy Mernyi. &#8220;Sramotno je, da se sovra\u017enikom \u017eidov in Srbov dovoli \u0161irjenje njihove ideologije sovra\u0161tva,&#8221; meni.        Novi List   Organizator koncerta Kasmidar Gad\u017ei\u0107, po pisanju avstrijskih medijev, kritik na ra\u010dun koncerta na razume. &#8220;Dobre izku\u0161nje smo imeli s z nastopi Marka Perkovi\u0107a Thompsona na Dunaju, ker ni bilo te\u017eav,&#8221; pravi in dodaja, da &#8220;niti umetnik, niti organizator ne \u017eelita imeti povezav z ideologijo, ki se jima jo pripisuje&#8221;. Ti \u010dasi naj bi \u017ee minili. Spomnimo, da smo pred tedni \u017eupane ve\u010djih slovenskih ob\u010din povpra\u0161ali, ali bi zaradi skrajno nacionalisti\u010dnih napevov Thompsonov nastop v svoji ob\u010dini prepre\u010dili. Ve\u010dina je tedaj jasno odgovorila, da bi to storila, \u010de bi bil prostor v ob\u010dinski lasti.<\/p>\n","protected":false},"author":1,"featured_media":0,"comment_status":"closed","ping_status":"closed","sticky":false,"template":"","format":"standard","meta":{"footnotes":""},"categories":[1179],"tags":[],"source":[1711],"supertag":[],"acf":[],"yoast_head":"<!-- This site is optimized with the Yoast SEO plugin v21.3 - https:\/\/yoast.com\/wordpress\/plugins\/seo\/ -->\n<title>V Avstriji prepovedali &quot;hrva\u0161ki ve\u010der&quot; s kontroverznim Thompsonom - Hudo Slovenija<\/title>\n<meta name=\"robots\" content=\"index, follow, max-snippet:-1, max-image-preview:large, max-video-preview:-1\" \/>\n<link rel=\"canonical\" href=\"https:\/\/hudo.com\/si\/aktualno\/v-avstriji-prepovedali-hrvaski-vecer-s-kontroverznim-thompsonom\/\" \/>\n<meta property=\"og:locale\" content=\"sl_SI\" \/>\n<meta property=\"og:type\" content=\"article\" \/>\n<meta property=\"og:title\" content=\"V Avstriji prepovedali &quot;hrva\u0161ki ve\u010der&quot; s kontroverznim Thompsonom - Hudo Slovenija\" \/>\n<meta property=\"og:description\" content=\"Kontroverzni hrva\u0161ki glasbenik Marko Perkovi\u0107 Thompson ne dviguje prahu samo v Mariboru, kjer naj bi nastopil 20. maja. Mestne oblasti v avstrijskem Kremsmuenstru so prepovedale koncert, ki naj bi ga Thompson v soboto pripravil v lokalni \u0161portni dvorani. Ne more jam\u010diti za javni red in mir &quot;Organizatorja koncerta smo obvestili, da mestna dvorana ve\u010d ni na voljo. Ob\u017ealujemo, da je do tega pri\u0161lo. Sem proti vsakemu ekstremizmu. V bodo\u010de bomo bolje preverjali, komu oddajamo dvorano,&quot; je avstrijskim medijem dejal kremsuensterski \u017eupan Gerhard Obernberger iz Avstrijske narodne stranke. Dodal je, da po ugotovljenem ideolo\u0161kem ozadju koncerta &quot;ne more jam\u010diti za javni red in mir&quot;.    Vedran Karuza  \u017dupan trdi, da med dogovori o najemu mestne dvorane ni bilo jasno, da gre za manifestacijo skrajno desne ideologije, temve\u010d so koncert najavljali kot &quot;hrva\u0161ki ve\u010der&quot;. &quot;Sramotno je&quot; &quot;Ko je \u017ee vnaprej jasno, da tak\u0161na manifestiacija slu\u017ei temu, da eno skupino ljudi hujska proti drugi, je tak dogodek treba prepovedati,&quot; dodaja poslanec Zelenih Kai Oellinger. Thompsonu so nastop prepovedali \u017ee leta 2008 na Koro\u0161kem, pa tudi v Nem\u010diji, na Nizozemskem in v \u0160vici. K prepovedi koncerta je pozival tudi predsednik Odobra pre\u017eivelih koncentracijskega tabori\u0161\u010da Mauthausen Willy Mernyi. &quot;Sramotno je, da se sovra\u017enikom \u017eidov in Srbov dovoli \u0161irjenje njihove ideologije sovra\u0161tva,&quot; meni.    Novi List  Organizator koncerta Kasmidar Gad\u017ei\u0107, po pisanju avstrijskih medijev, kritik na ra\u010dun koncerta na razume. &quot;Dobre izku\u0161nje smo imeli s z nastopi Marka Perkovi\u0107a Thompsona na Dunaju, ker ni bilo te\u017eav,&quot; pravi in dodaja, da &quot;niti umetnik, niti organizator ne \u017eelita imeti povezav z ideologijo, ki se jima jo pripisuje&quot;. Ti \u010dasi naj bi \u017ee minili. Spomnimo, da smo pred tedni \u017eupane ve\u010djih slovenskih ob\u010din povpra\u0161ali, ali bi zaradi skrajno nacionalisti\u010dnih napevov Thompsonov nastop v svoji ob\u010dini prepre\u010dili. Ve\u010dina je tedaj jasno odgovorila, da bi to storila, \u010de bi bil prostor v ob\u010dinski lasti.\" \/>\n<meta property=\"og:url\" content=\"https:\/\/hudo.com\/si\/aktualno\/v-avstriji-prepovedali-hrvaski-vecer-s-kontroverznim-thompsonom\/\" \/>\n<meta property=\"og:site_name\" content=\"Hudo Slovenija\" \/>\n<meta property=\"article:publisher\" content=\"https:\/\/www.facebook.com\/hudo.si\" \/>\n<meta property=\"article:published_time\" content=\"2017-04-28T05:20:00+00:00\" \/>\n<meta property=\"article:modified_time\" content=\"2017-04-28T13:12:13+00:00\" \/>\n<meta property=\"og:image\" content=\"https:\/\/hudo.com\/si\/wp-content\/uploads\/sites\/2\/2017\/04\/0331P11-300-1.jpg\" \/>\n\t<meta property=\"og:image:width\" content=\"450\" \/>\n\t<meta property=\"og:image:height\" content=\"253\" \/>\n\t<meta property=\"og:image:type\" content=\"image\/jpeg\" \/>\n<meta name=\"author\" content=\"hudo\" \/>\n<meta name=\"twitter:card\" content=\"summary_large_image\" \/>\n<meta name=\"twitter:creator\" content=\"@hudo_si\" \/>\n<meta name=\"twitter:site\" content=\"@hudo_si\" \/>\n<meta name=\"twitter:label1\" content=\"Written by\" \/>\n\t<meta name=\"twitter:data1\" content=\"hudo\" \/>\n\t<meta name=\"twitter:label2\" content=\"Est. reading time\" \/>\n\t<meta name=\"twitter:data2\" content=\"2 minuti\" \/>\n<script type=\"application\/ld+json\" class=\"yoast-schema-graph\">{\"@context\":\"https:\/\/schema.org\",\"@graph\":[{\"@type\":\"Article\",\"@id\":\"https:\/\/hudo.com\/si\/aktualno\/v-avstriji-prepovedali-hrvaski-vecer-s-kontroverznim-thompsonom\/#article\",\"isPartOf\":{\"@id\":\"https:\/\/hudo.com\/si\/aktualno\/v-avstriji-prepovedali-hrvaski-vecer-s-kontroverznim-thompsonom\/\"},\"author\":{\"name\":\"hudo\",\"@id\":\"https:\/\/hudo.com\/si\/#\/schema\/person\/601cf3379633985b20f7e50f2bb47707\"},\"headline\":\"V Avstriji prepovedali &#8220;hrva\u0161ki ve\u010der&#8221; s kontroverznim Thompsonom\",\"datePublished\":\"2017-04-28T05:20:00+00:00\",\"dateModified\":\"2017-04-28T13:12:13+00:00\",\"mainEntityOfPage\":{\"@id\":\"https:\/\/hudo.com\/si\/aktualno\/v-avstriji-prepovedali-hrvaski-vecer-s-kontroverznim-thompsonom\/\"},\"wordCount\":339,\"publisher\":{\"@id\":\"https:\/\/hudo.com\/si\/#organization\"},\"articleSection\":[\"Aktualno\"],\"inLanguage\":\"sl-SI\"},{\"@type\":\"WebPage\",\"@id\":\"https:\/\/hudo.com\/si\/aktualno\/v-avstriji-prepovedali-hrvaski-vecer-s-kontroverznim-thompsonom\/\",\"url\":\"https:\/\/hudo.com\/si\/aktualno\/v-avstriji-prepovedali-hrvaski-vecer-s-kontroverznim-thompsonom\/\",\"name\":\"V Avstriji prepovedali \\\"hrva\u0161ki ve\u010der\\\" s kontroverznim Thompsonom - Hudo Slovenija\",\"isPartOf\":{\"@id\":\"https:\/\/hudo.com\/si\/#website\"},\"datePublished\":\"2017-04-28T05:20:00+00:00\",\"dateModified\":\"2017-04-28T13:12:13+00:00\",\"breadcrumb\":{\"@id\":\"https:\/\/hudo.com\/si\/aktualno\/v-avstriji-prepovedali-hrvaski-vecer-s-kontroverznim-thompsonom\/#breadcrumb\"},\"inLanguage\":\"sl-SI\",\"potentialAction\":[{\"@type\":\"ReadAction\",\"target\":[\"https:\/\/hudo.com\/si\/aktualno\/v-avstriji-prepovedali-hrvaski-vecer-s-kontroverznim-thompsonom\/\"]}]},{\"@type\":\"BreadcrumbList\",\"@id\":\"https:\/\/hudo.com\/si\/aktualno\/v-avstriji-prepovedali-hrvaski-vecer-s-kontroverznim-thompsonom\/#breadcrumb\",\"itemListElement\":[{\"@type\":\"ListItem\",\"position\":1,\"name\":\"Home\",\"item\":\"https:\/\/hudo.com\/si\/\"},{\"@type\":\"ListItem\",\"position\":2,\"name\":\"V Avstriji prepovedali &#8220;hrva\u0161ki ve\u010der&#8221; s kontroverznim Thompsonom\"}]},{\"@type\":\"WebSite\",\"@id\":\"https:\/\/hudo.com\/si\/#website\",\"url\":\"https:\/\/hudo.com\/si\/\",\"name\":\"Hudo Slovenija\",\"description\":\"Vse novice iz Slovenije in sveta\",\"publisher\":{\"@id\":\"https:\/\/hudo.com\/si\/#organization\"},\"potentialAction\":[{\"@type\":\"SearchAction\",\"target\":{\"@type\":\"EntryPoint\",\"urlTemplate\":\"https:\/\/hudo.com\/si\/?s={search_term_string}\"},\"query-input\":\"required name=search_term_string\"}],\"inLanguage\":\"sl-SI\"},{\"@type\":\"Organization\",\"@id\":\"https:\/\/hudo.com\/si\/#organization\",\"name\":\"VSN Media\",\"url\":\"https:\/\/hudo.com\/si\/\",\"logo\":{\"@type\":\"ImageObject\",\"inLanguage\":\"sl-SI\",\"@id\":\"https:\/\/hudo.com\/si\/#\/schema\/logo\/image\/\",\"url\":\"https:\/\/hudo.com\/si\/wp-content\/uploads\/sites\/2\/2021\/03\/hudo-app-2.png\",\"contentUrl\":\"https:\/\/hudo.com\/si\/wp-content\/uploads\/sites\/2\/2021\/03\/hudo-app-2.png\",\"width\":2185,\"height\":2167,\"caption\":\"VSN Media\"},\"image\":{\"@id\":\"https:\/\/hudo.com\/si\/#\/schema\/logo\/image\/\"},\"sameAs\":[\"https:\/\/www.facebook.com\/hudo.si\",\"https:\/\/twitter.com\/hudo_si\"]},{\"@type\":\"Person\",\"@id\":\"https:\/\/hudo.com\/si\/#\/schema\/person\/601cf3379633985b20f7e50f2bb47707\",\"name\":\"hudo\",\"image\":{\"@type\":\"ImageObject\",\"inLanguage\":\"sl-SI\",\"@id\":\"https:\/\/hudo.com\/si\/#\/schema\/person\/image\/\",\"url\":\"https:\/\/secure.gravatar.com\/avatar\/c4ca25fa72cace7a696b52ff5db9e095?s=96&d=mm&r=g\",\"contentUrl\":\"https:\/\/secure.gravatar.com\/avatar\/c4ca25fa72cace7a696b52ff5db9e095?s=96&d=mm&r=g\",\"caption\":\"hudo\"},\"url\":\"https:\/\/hudo.com\/si\/author\/hudo\/\"}]}<\/script>\n<!-- \/ Yoast SEO plugin. -->","yoast_head_json":{"title":"V Avstriji prepovedali \"hrva\u0161ki ve\u010der\" s kontroverznim Thompsonom - Hudo Slovenija","robots":{"index":"index","follow":"follow","max-snippet":"max-snippet:-1","max-image-preview":"max-image-preview:large","max-video-preview":"max-video-preview:-1"},"canonical":"https:\/\/hudo.com\/si\/aktualno\/v-avstriji-prepovedali-hrvaski-vecer-s-kontroverznim-thompsonom\/","og_locale":"sl_SI","og_type":"article","og_title":"V Avstriji prepovedali \"hrva\u0161ki ve\u010der\" s kontroverznim Thompsonom - Hudo Slovenija","og_description":"Kontroverzni hrva\u0161ki glasbenik Marko Perkovi\u0107 Thompson ne dviguje prahu samo v Mariboru, kjer naj bi nastopil 20. maja. Mestne oblasti v avstrijskem Kremsmuenstru so prepovedale koncert, ki naj bi ga Thompson v soboto pripravil v lokalni \u0161portni dvorani. Ne more jam\u010diti za javni red in mir \"Organizatorja koncerta smo obvestili, da mestna dvorana ve\u010d ni na voljo. Ob\u017ealujemo, da je do tega pri\u0161lo. Sem proti vsakemu ekstremizmu. V bodo\u010de bomo bolje preverjali, komu oddajamo dvorano,\" je avstrijskim medijem dejal kremsuensterski \u017eupan Gerhard Obernberger iz Avstrijske narodne stranke. Dodal je, da po ugotovljenem ideolo\u0161kem ozadju koncerta \"ne more jam\u010diti za javni red in mir\".    Vedran Karuza  \u017dupan trdi, da med dogovori o najemu mestne dvorane ni bilo jasno, da gre za manifestacijo skrajno desne ideologije, temve\u010d so koncert najavljali kot \"hrva\u0161ki ve\u010der\". \"Sramotno je\" \"Ko je \u017ee vnaprej jasno, da tak\u0161na manifestiacija slu\u017ei temu, da eno skupino ljudi hujska proti drugi, je tak dogodek treba prepovedati,\" dodaja poslanec Zelenih Kai Oellinger. Thompsonu so nastop prepovedali \u017ee leta 2008 na Koro\u0161kem, pa tudi v Nem\u010diji, na Nizozemskem in v \u0160vici. K prepovedi koncerta je pozival tudi predsednik Odobra pre\u017eivelih koncentracijskega tabori\u0161\u010da Mauthausen Willy Mernyi. \"Sramotno je, da se sovra\u017enikom \u017eidov in Srbov dovoli \u0161irjenje njihove ideologije sovra\u0161tva,\" meni.    Novi List  Organizator koncerta Kasmidar Gad\u017ei\u0107, po pisanju avstrijskih medijev, kritik na ra\u010dun koncerta na razume. \"Dobre izku\u0161nje smo imeli s z nastopi Marka Perkovi\u0107a Thompsona na Dunaju, ker ni bilo te\u017eav,\" pravi in dodaja, da \"niti umetnik, niti organizator ne \u017eelita imeti povezav z ideologijo, ki se jima jo pripisuje\". Ti \u010dasi naj bi \u017ee minili. Spomnimo, da smo pred tedni \u017eupane ve\u010djih slovenskih ob\u010din povpra\u0161ali, ali bi zaradi skrajno nacionalisti\u010dnih napevov Thompsonov nastop v svoji ob\u010dini prepre\u010dili. Ve\u010dina je tedaj jasno odgovorila, da bi to storila, \u010de bi bil prostor v ob\u010dinski lasti.","og_url":"https:\/\/hudo.com\/si\/aktualno\/v-avstriji-prepovedali-hrvaski-vecer-s-kontroverznim-thompsonom\/","og_site_name":"Hudo Slovenija","article_publisher":"https:\/\/www.facebook.com\/hudo.si","article_published_time":"2017-04-28T05:20:00+00:00","article_modified_time":"2017-04-28T13:12:13+00:00","og_image":[{"width":450,"height":253,"url":"https:\/\/hudo.com\/si\/wp-content\/uploads\/sites\/2\/2017\/04\/0331P11-300-1.jpg","type":"image\/jpeg"}],"author":"hudo","twitter_card":"summary_large_image","twitter_creator":"@hudo_si","twitter_site":"@hudo_si","twitter_misc":{"Written by":"hudo","Est. reading time":"2 minuti"},"schema":{"@context":"https:\/\/schema.org","@graph":[{"@type":"Article","@id":"https:\/\/hudo.com\/si\/aktualno\/v-avstriji-prepovedali-hrvaski-vecer-s-kontroverznim-thompsonom\/#article","isPartOf":{"@id":"https:\/\/hudo.com\/si\/aktualno\/v-avstriji-prepovedali-hrvaski-vecer-s-kontroverznim-thompsonom\/"},"author":{"name":"hudo","@id":"https:\/\/hudo.com\/si\/#\/schema\/person\/601cf3379633985b20f7e50f2bb47707"},"headline":"V Avstriji prepovedali &#8220;hrva\u0161ki ve\u010der&#8221; s kontroverznim Thompsonom","datePublished":"2017-04-28T05:20:00+00:00","dateModified":"2017-04-28T13:12:13+00:00","mainEntityOfPage":{"@id":"https:\/\/hudo.com\/si\/aktualno\/v-avstriji-prepovedali-hrvaski-vecer-s-kontroverznim-thompsonom\/"},"wordCount":339,"publisher":{"@id":"https:\/\/hudo.com\/si\/#organization"},"articleSection":["Aktualno"],"inLanguage":"sl-SI"},{"@type":"WebPage","@id":"https:\/\/hudo.com\/si\/aktualno\/v-avstriji-prepovedali-hrvaski-vecer-s-kontroverznim-thompsonom\/","url":"https:\/\/hudo.com\/si\/aktualno\/v-avstriji-prepovedali-hrvaski-vecer-s-kontroverznim-thompsonom\/","name":"V Avstriji prepovedali \"hrva\u0161ki ve\u010der\" s kontroverznim Thompsonom - Hudo Slovenija","isPartOf":{"@id":"https:\/\/hudo.com\/si\/#website"},"datePublished":"2017-04-28T05:20:00+00:00","dateModified":"2017-04-28T13:12:13+00:00","breadcrumb":{"@id":"https:\/\/hudo.com\/si\/aktualno\/v-avstriji-prepovedali-hrvaski-vecer-s-kontroverznim-thompsonom\/#breadcrumb"},"inLanguage":"sl-SI","potentialAction":[{"@type":"ReadAction","target":["https:\/\/hudo.com\/si\/aktualno\/v-avstriji-prepovedali-hrvaski-vecer-s-kontroverznim-thompsonom\/"]}]},{"@type":"BreadcrumbList","@id":"https:\/\/hudo.com\/si\/aktualno\/v-avstriji-prepovedali-hrvaski-vecer-s-kontroverznim-thompsonom\/#breadcrumb","itemListElement":[{"@type":"ListItem","position":1,"name":"Home","item":"https:\/\/hudo.com\/si\/"},{"@type":"ListItem","position":2,"name":"V Avstriji prepovedali &#8220;hrva\u0161ki ve\u010der&#8221; s kontroverznim Thompsonom"}]},{"@type":"WebSite","@id":"https:\/\/hudo.com\/si\/#website","url":"https:\/\/hudo.com\/si\/","name":"Hudo Slovenija","description":"Vse novice iz Slovenije in sveta","publisher":{"@id":"https:\/\/hudo.com\/si\/#organization"},"potentialAction":[{"@type":"SearchAction","target":{"@type":"EntryPoint","urlTemplate":"https:\/\/hudo.com\/si\/?s={search_term_string}"},"query-input":"required name=search_term_string"}],"inLanguage":"sl-SI"},{"@type":"Organization","@id":"https:\/\/hudo.com\/si\/#organization","name":"VSN Media","url":"https:\/\/hudo.com\/si\/","logo":{"@type":"ImageObject","inLanguage":"sl-SI","@id":"https:\/\/hudo.com\/si\/#\/schema\/logo\/image\/","url":"https:\/\/hudo.com\/si\/wp-content\/uploads\/sites\/2\/2021\/03\/hudo-app-2.png","contentUrl":"https:\/\/hudo.com\/si\/wp-content\/uploads\/sites\/2\/2021\/03\/hudo-app-2.png","width":2185,"height":2167,"caption":"VSN Media"},"image":{"@id":"https:\/\/hudo.com\/si\/#\/schema\/logo\/image\/"},"sameAs":["https:\/\/www.facebook.com\/hudo.si","https:\/\/twitter.com\/hudo_si"]},{"@type":"Person","@id":"https:\/\/hudo.com\/si\/#\/schema\/person\/601cf3379633985b20f7e50f2bb47707","name":"hudo","image":{"@type":"ImageObject","inLanguage":"sl-SI","@id":"https:\/\/hudo.com\/si\/#\/schema\/person\/image\/","url":"https:\/\/secure.gravatar.com\/avatar\/c4ca25fa72cace7a696b52ff5db9e095?s=96&d=mm&r=g","contentUrl":"https:\/\/secure.gravatar.com\/avatar\/c4ca25fa72cace7a696b52ff5db9e095?s=96&d=mm&r=g","caption":"hudo"},"url":"https:\/\/hudo.com\/si\/author\/hudo\/"}]}},"amp_enabled":true,"_links":{"self":[{"href":"https:\/\/hudo.com\/si\/wp-json\/wp\/v2\/posts\/248689"}],"collection":[{"href":"https:\/\/hudo.com\/si\/wp-json\/wp\/v2\/posts"}],"about":[{"href":"https:\/\/hudo.com\/si\/wp-json\/wp\/v2\/types\/post"}],"author":[{"embeddable":true,"href":"https:\/\/hudo.com\/si\/wp-json\/wp\/v2\/users\/1"}],"replies":[{"embeddable":true,"href":"https:\/\/hudo.com\/si\/wp-json\/wp\/v2\/comments?post=248689"}],"version-history":[{"count":1,"href":"https:\/\/hudo.com\/si\/wp-json\/wp\/v2\/posts\/248689\/revisions"}],"predecessor-version":[{"id":248810,"href":"https:\/\/hudo.com\/si\/wp-json\/wp\/v2\/posts\/248689\/revisions\/248810"}],"wp:attachment":[{"href":"https:\/\/hudo.com\/si\/wp-json\/wp\/v2\/media?parent=248689"}],"wp:term":[{"taxonomy":"category","embeddable":true,"href":"https:\/\/hudo.com\/si\/wp-json\/wp\/v2\/categories?post=248689"},{"taxonomy":"post_tag","embeddable":true,"href":"https:\/\/hudo.com\/si\/wp-json\/wp\/v2\/tags?post=248689"},{"taxonomy":"source","embeddable":true,"href":"https:\/\/hudo.com\/si\/wp-json\/wp\/v2\/source?post=248689"},{"taxonomy":"supertag","embeddable":true,"href":"https:\/\/hudo.com\/si\/wp-json\/wp\/v2\/supertag?post=248689"}],"curies":[{"name":"wp","href":"https:\/\/api.w.org\/{rel}","templated":true}]}}