{"id":248754,"date":"2017-04-28T10:00:00","date_gmt":"2017-04-28T08:00:00","guid":{"rendered":"http:\/\/hudo.com\/si\/2017\/04\/28\/balonarska-nesreca-sodisce-kazalo-fotografije-in-posnetke-potnikov\/"},"modified":"2017-04-28T17:12:18","modified_gmt":"2017-04-28T15:12:18","slug":"balonarska-nesreca-sodisce-kazalo-fotografije-in-posnetke-potnikov","status":"publish","type":"post","link":"https:\/\/hudo.com\/si\/aktualno\/balonarska-nesreca-sodisce-kazalo-fotografije-in-posnetke-potnikov\/","title":{"rendered":"Balonarska nesre\u010da: Sodi\u0161\u010de kazalo fotografije in posnetke potnikov"},"content":{"rendered":"<p>Pred ljubljansko okro\u017eno sodnico Sinjo Bo\u017ei\u010dnik se je danes nadaljevalo sojenje Miru Kolencu zaradi balonarske nesre\u010de, ki se je zgodila 23. avgusta 2012 nad Ljubljanskim barjem. To\u017eilstvo mu o\u010dita kaznivo dejanje povzro\u010ditve splo\u0161ne nevarnosti. V nesre\u010di je umrlo \u0161est potnikov Kljub bli\u017eajo\u010di se nevihti naj ne bi bil pravo\u010dasno prekinil poleta, letel naj bi bil vi\u0161je, kot je bilo dovoljeno, med zasilnim pristankom pa naj ne bi bil upo\u0161teval varnostnih navodil proizvajalca balona in stroke. Po prepri\u010danju to\u017eilstva Kolenc pri pristajanju v hudem vetru ni uporabil rde\u010de vrvi za zasilno pristajanje, prav tako ni ugasnil gorilnika in zaprl ventilov za dovod goriva. V nesre\u010di je umrlo \u0161est potnikov, preostalih 25 je la\u017eje ali huje po\u0161kodoval ogenj, ki je zajel balon, oziroma so se po\u0161kodovali pri padcu iz ko\u0161are. \u017divljenje so izgubili Izidor Prevodnik in Bojana Groznik ter njena enajstletna h\u010derka Alja, zakonca Ema in Peter Zelko ter Erika Ferlan. Svojci umrlih in o\u0161kodovanci, ki so se v nesre\u010di po\u0161kodovali, so vlo\u017eili premo\u017eenjskopravne zahtevke, zneski se gibljejo od dobrih \u0161est tiso\u010d do okoli tristo tiso\u010d evrov. Na dana\u0161njem sojenju so na sodi\u0161\u010du gledali posnetke videokamer in fotografije, ki so jih med poletom posneli potniki v balonu ter brali listine v sodnem spisu. Ve\u010dina zasli\u0161anih pri\u010d je namre\u010d pripovedovala, da je bilo pred in med poletom lepo vreme, temne oblake so v glavnem opazili \u0161ele takrat, ko so pristajali. Krivo je bilo vreme Obto\u017eeni Kolenc, ki je bil v nesre\u010di sam tudi po\u0161kodovan in tragedijo mo\u010dno ob\u017ealuje, za nesre\u010do krivi nenadno spremembo vremena. Zato je sodi\u0161\u010de zasli\u0161alo \u017ee nekaj pri\u010d, meteorologov z oddelka za letalske napovedi pri Agenciji RS za okolje, ki so govorile o vremenski napovedi tistega usodnega jutra. Rok Glava\u010d, ki je no\u010d pred nesre\u010do pripravljal vremenske napovedi za letalstvo na letali\u0161\u010du Jo\u017eeta Pu\u010dnika na Brniku, je povedal, da so bile nevihte za naslednji dan, torej na dan tragi\u010dne nesre\u010de, v Sloveniji napovedane \u0161ele za popo<\/p>\n","protected":false},"excerpt":{"rendered":"<p>Pred ljubljansko okro\u017eno sodnico Sinjo Bo\u017ei\u010dnik se je danes nadaljevalo sojenje Miru Kolencu zaradi balonarske nesre\u010de, ki se je zgodila 23. avgusta 2012 nad Ljubljanskim barjem. To\u017eilstvo mu o\u010dita kaznivo dejanje povzro\u010ditve splo\u0161ne nevarnosti. V nesre\u010di je umrlo \u0161est potnikov Kljub bli\u017eajo\u010di se nevihti naj ne bi bil pravo\u010dasno prekinil poleta, letel naj bi bil vi\u0161je, kot je bilo dovoljeno, med zasilnim pristankom pa naj ne bi bil upo\u0161teval varnostnih navodil proizvajalca balona in stroke. Po prepri\u010danju to\u017eilstva Kolenc pri pristajanju v hudem vetru ni uporabil rde\u010de vrvi za zasilno pristajanje, prav tako ni ugasnil gorilnika in zaprl ventilov za dovod goriva. V nesre\u010di je umrlo \u0161est potnikov, preostalih 25 je la\u017eje ali huje po\u0161kodoval ogenj, ki je zajel balon, oziroma so se po\u0161kodovali pri padcu iz ko\u0161are. \u017divljenje so izgubili Izidor Prevodnik in Bojana Groznik ter njena enajstletna h\u010derka Alja, zakonca Ema in Peter Zelko ter Erika Ferlan. Svojci umrlih in o\u0161kodovanci, ki so se v nesre\u010di po\u0161kodovali, so vlo\u017eili premo\u017eenjskopravne zahtevke, zneski se gibljejo od dobrih \u0161est tiso\u010d do okoli tristo tiso\u010d evrov. Na dana\u0161njem sojenju so na sodi\u0161\u010du gledali posnetke videokamer in fotografije, ki so jih med poletom posneli potniki v balonu ter brali listine v sodnem spisu. Ve\u010dina zasli\u0161anih pri\u010d je namre\u010d pripovedovala, da je bilo pred in med poletom lepo vreme, temne oblake so v glavnem opazili \u0161ele takrat, ko so pristajali. Krivo je bilo vreme Obto\u017eeni Kolenc, ki je bil v nesre\u010di sam tudi po\u0161kodovan in tragedijo mo\u010dno ob\u017ealuje, za nesre\u010do krivi nenadno spremembo vremena. Zato je sodi\u0161\u010de zasli\u0161alo \u017ee nekaj pri\u010d, meteorologov z oddelka za letalske napovedi pri Agenciji RS za okolje, ki so govorile o vremenski napovedi tistega usodnega jutra. Rok Glava\u010d, ki je no\u010d pred nesre\u010do pripravljal vremenske napovedi za letalstvo na letali\u0161\u010du Jo\u017eeta Pu\u010dnika na Brniku, je povedal, da so bile nevihte za naslednji dan, torej na dan tragi\u010dne nesre\u010de, v Sloveniji napovedane \u0161ele za popo<\/p>\n","protected":false},"author":1,"featured_media":0,"comment_status":"closed","ping_status":"closed","sticky":false,"template":"","format":"standard","meta":{"footnotes":""},"categories":[1179],"tags":[],"source":[1711],"supertag":[],"acf":[],"yoast_head":"<!-- This site is optimized with the Yoast SEO plugin v21.3 - https:\/\/yoast.com\/wordpress\/plugins\/seo\/ -->\n<title>Balonarska nesre\u010da: Sodi\u0161\u010de kazalo fotografije in posnetke potnikov - Hudo Slovenija<\/title>\n<meta name=\"robots\" content=\"index, follow, max-snippet:-1, max-image-preview:large, max-video-preview:-1\" \/>\n<link rel=\"canonical\" href=\"https:\/\/hudo.com\/si\/aktualno\/balonarska-nesreca-sodisce-kazalo-fotografije-in-posnetke-potnikov\/\" \/>\n<meta property=\"og:locale\" content=\"sl_SI\" \/>\n<meta property=\"og:type\" content=\"article\" \/>\n<meta property=\"og:title\" content=\"Balonarska nesre\u010da: Sodi\u0161\u010de kazalo fotografije in posnetke potnikov - Hudo Slovenija\" \/>\n<meta property=\"og:description\" content=\"Pred ljubljansko okro\u017eno sodnico Sinjo Bo\u017ei\u010dnik se je danes nadaljevalo sojenje Miru Kolencu zaradi balonarske nesre\u010de, ki se je zgodila 23. avgusta 2012 nad Ljubljanskim barjem. To\u017eilstvo mu o\u010dita kaznivo dejanje povzro\u010ditve splo\u0161ne nevarnosti. V nesre\u010di je umrlo \u0161est potnikov Kljub bli\u017eajo\u010di se nevihti naj ne bi bil pravo\u010dasno prekinil poleta, letel naj bi bil vi\u0161je, kot je bilo dovoljeno, med zasilnim pristankom pa naj ne bi bil upo\u0161teval varnostnih navodil proizvajalca balona in stroke. Po prepri\u010danju to\u017eilstva Kolenc pri pristajanju v hudem vetru ni uporabil rde\u010de vrvi za zasilno pristajanje, prav tako ni ugasnil gorilnika in zaprl ventilov za dovod goriva. V nesre\u010di je umrlo \u0161est potnikov, preostalih 25 je la\u017eje ali huje po\u0161kodoval ogenj, ki je zajel balon, oziroma so se po\u0161kodovali pri padcu iz ko\u0161are. \u017divljenje so izgubili Izidor Prevodnik in Bojana Groznik ter njena enajstletna h\u010derka Alja, zakonca Ema in Peter Zelko ter Erika Ferlan. Svojci umrlih in o\u0161kodovanci, ki so se v nesre\u010di po\u0161kodovali, so vlo\u017eili premo\u017eenjskopravne zahtevke, zneski se gibljejo od dobrih \u0161est tiso\u010d do okoli tristo tiso\u010d evrov. Na dana\u0161njem sojenju so na sodi\u0161\u010du gledali posnetke videokamer in fotografije, ki so jih med poletom posneli potniki v balonu ter brali listine v sodnem spisu. Ve\u010dina zasli\u0161anih pri\u010d je namre\u010d pripovedovala, da je bilo pred in med poletom lepo vreme, temne oblake so v glavnem opazili \u0161ele takrat, ko so pristajali. Krivo je bilo vreme Obto\u017eeni Kolenc, ki je bil v nesre\u010di sam tudi po\u0161kodovan in tragedijo mo\u010dno ob\u017ealuje, za nesre\u010do krivi nenadno spremembo vremena. Zato je sodi\u0161\u010de zasli\u0161alo \u017ee nekaj pri\u010d, meteorologov z oddelka za letalske napovedi pri Agenciji RS za okolje, ki so govorile o vremenski napovedi tistega usodnega jutra. Rok Glava\u010d, ki je no\u010d pred nesre\u010do pripravljal vremenske napovedi za letalstvo na letali\u0161\u010du Jo\u017eeta Pu\u010dnika na Brniku, je povedal, da so bile nevihte za naslednji dan, torej na dan tragi\u010dne nesre\u010de, v Sloveniji napovedane \u0161ele za popo\" \/>\n<meta property=\"og:url\" content=\"https:\/\/hudo.com\/si\/aktualno\/balonarska-nesreca-sodisce-kazalo-fotografije-in-posnetke-potnikov\/\" \/>\n<meta property=\"og:site_name\" content=\"Hudo Slovenija\" \/>\n<meta property=\"article:publisher\" content=\"https:\/\/www.facebook.com\/hudo.si\" \/>\n<meta property=\"article:published_time\" content=\"2017-04-28T08:00:00+00:00\" \/>\n<meta property=\"article:modified_time\" content=\"2017-04-28T15:12:18+00:00\" \/>\n<meta property=\"og:image\" content=\"https:\/\/hudo.com\/si\/wp-content\/uploads\/sites\/2\/2017\/04\/kro-300-2.jpg\" \/>\n\t<meta property=\"og:image:width\" content=\"450\" \/>\n\t<meta property=\"og:image:height\" content=\"688\" \/>\n\t<meta property=\"og:image:type\" content=\"image\/jpeg\" \/>\n<meta name=\"author\" content=\"hudo\" \/>\n<meta name=\"twitter:card\" content=\"summary_large_image\" \/>\n<meta name=\"twitter:creator\" content=\"@hudo_si\" \/>\n<meta name=\"twitter:site\" content=\"@hudo_si\" \/>\n<meta name=\"twitter:label1\" content=\"Written by\" \/>\n\t<meta name=\"twitter:data1\" content=\"hudo\" \/>\n\t<meta name=\"twitter:label2\" content=\"Est. reading time\" \/>\n\t<meta name=\"twitter:data2\" content=\"2 minuti\" \/>\n<script type=\"application\/ld+json\" class=\"yoast-schema-graph\">{\"@context\":\"https:\/\/schema.org\",\"@graph\":[{\"@type\":\"Article\",\"@id\":\"https:\/\/hudo.com\/si\/aktualno\/balonarska-nesreca-sodisce-kazalo-fotografije-in-posnetke-potnikov\/#article\",\"isPartOf\":{\"@id\":\"https:\/\/hudo.com\/si\/aktualno\/balonarska-nesreca-sodisce-kazalo-fotografije-in-posnetke-potnikov\/\"},\"author\":{\"name\":\"hudo\",\"@id\":\"https:\/\/hudo.com\/si\/#\/schema\/person\/601cf3379633985b20f7e50f2bb47707\"},\"headline\":\"Balonarska nesre\u010da: Sodi\u0161\u010de kazalo fotografije in posnetke potnikov\",\"datePublished\":\"2017-04-28T08:00:00+00:00\",\"dateModified\":\"2017-04-28T15:12:18+00:00\",\"mainEntityOfPage\":{\"@id\":\"https:\/\/hudo.com\/si\/aktualno\/balonarska-nesreca-sodisce-kazalo-fotografije-in-posnetke-potnikov\/\"},\"wordCount\":369,\"publisher\":{\"@id\":\"https:\/\/hudo.com\/si\/#organization\"},\"articleSection\":[\"Aktualno\"],\"inLanguage\":\"sl-SI\"},{\"@type\":\"WebPage\",\"@id\":\"https:\/\/hudo.com\/si\/aktualno\/balonarska-nesreca-sodisce-kazalo-fotografije-in-posnetke-potnikov\/\",\"url\":\"https:\/\/hudo.com\/si\/aktualno\/balonarska-nesreca-sodisce-kazalo-fotografije-in-posnetke-potnikov\/\",\"name\":\"Balonarska nesre\u010da: Sodi\u0161\u010de kazalo fotografije in posnetke potnikov - Hudo Slovenija\",\"isPartOf\":{\"@id\":\"https:\/\/hudo.com\/si\/#website\"},\"datePublished\":\"2017-04-28T08:00:00+00:00\",\"dateModified\":\"2017-04-28T15:12:18+00:00\",\"breadcrumb\":{\"@id\":\"https:\/\/hudo.com\/si\/aktualno\/balonarska-nesreca-sodisce-kazalo-fotografije-in-posnetke-potnikov\/#breadcrumb\"},\"inLanguage\":\"sl-SI\",\"potentialAction\":[{\"@type\":\"ReadAction\",\"target\":[\"https:\/\/hudo.com\/si\/aktualno\/balonarska-nesreca-sodisce-kazalo-fotografije-in-posnetke-potnikov\/\"]}]},{\"@type\":\"BreadcrumbList\",\"@id\":\"https:\/\/hudo.com\/si\/aktualno\/balonarska-nesreca-sodisce-kazalo-fotografije-in-posnetke-potnikov\/#breadcrumb\",\"itemListElement\":[{\"@type\":\"ListItem\",\"position\":1,\"name\":\"Home\",\"item\":\"https:\/\/hudo.com\/si\/\"},{\"@type\":\"ListItem\",\"position\":2,\"name\":\"Balonarska nesre\u010da: Sodi\u0161\u010de kazalo fotografije in posnetke potnikov\"}]},{\"@type\":\"WebSite\",\"@id\":\"https:\/\/hudo.com\/si\/#website\",\"url\":\"https:\/\/hudo.com\/si\/\",\"name\":\"Hudo Slovenija\",\"description\":\"Vse novice iz Slovenije in sveta\",\"publisher\":{\"@id\":\"https:\/\/hudo.com\/si\/#organization\"},\"potentialAction\":[{\"@type\":\"SearchAction\",\"target\":{\"@type\":\"EntryPoint\",\"urlTemplate\":\"https:\/\/hudo.com\/si\/?s={search_term_string}\"},\"query-input\":\"required name=search_term_string\"}],\"inLanguage\":\"sl-SI\"},{\"@type\":\"Organization\",\"@id\":\"https:\/\/hudo.com\/si\/#organization\",\"name\":\"VSN Media\",\"url\":\"https:\/\/hudo.com\/si\/\",\"logo\":{\"@type\":\"ImageObject\",\"inLanguage\":\"sl-SI\",\"@id\":\"https:\/\/hudo.com\/si\/#\/schema\/logo\/image\/\",\"url\":\"https:\/\/hudo.com\/si\/wp-content\/uploads\/sites\/2\/2021\/03\/hudo-app-2.png\",\"contentUrl\":\"https:\/\/hudo.com\/si\/wp-content\/uploads\/sites\/2\/2021\/03\/hudo-app-2.png\",\"width\":2185,\"height\":2167,\"caption\":\"VSN Media\"},\"image\":{\"@id\":\"https:\/\/hudo.com\/si\/#\/schema\/logo\/image\/\"},\"sameAs\":[\"https:\/\/www.facebook.com\/hudo.si\",\"https:\/\/twitter.com\/hudo_si\"]},{\"@type\":\"Person\",\"@id\":\"https:\/\/hudo.com\/si\/#\/schema\/person\/601cf3379633985b20f7e50f2bb47707\",\"name\":\"hudo\",\"image\":{\"@type\":\"ImageObject\",\"inLanguage\":\"sl-SI\",\"@id\":\"https:\/\/hudo.com\/si\/#\/schema\/person\/image\/\",\"url\":\"https:\/\/secure.gravatar.com\/avatar\/c4ca25fa72cace7a696b52ff5db9e095?s=96&d=mm&r=g\",\"contentUrl\":\"https:\/\/secure.gravatar.com\/avatar\/c4ca25fa72cace7a696b52ff5db9e095?s=96&d=mm&r=g\",\"caption\":\"hudo\"},\"url\":\"https:\/\/hudo.com\/si\/author\/hudo\/\"}]}<\/script>\n<!-- \/ Yoast SEO plugin. -->","yoast_head_json":{"title":"Balonarska nesre\u010da: Sodi\u0161\u010de kazalo fotografije in posnetke potnikov - Hudo Slovenija","robots":{"index":"index","follow":"follow","max-snippet":"max-snippet:-1","max-image-preview":"max-image-preview:large","max-video-preview":"max-video-preview:-1"},"canonical":"https:\/\/hudo.com\/si\/aktualno\/balonarska-nesreca-sodisce-kazalo-fotografije-in-posnetke-potnikov\/","og_locale":"sl_SI","og_type":"article","og_title":"Balonarska nesre\u010da: Sodi\u0161\u010de kazalo fotografije in posnetke potnikov - Hudo Slovenija","og_description":"Pred ljubljansko okro\u017eno sodnico Sinjo Bo\u017ei\u010dnik se je danes nadaljevalo sojenje Miru Kolencu zaradi balonarske nesre\u010de, ki se je zgodila 23. avgusta 2012 nad Ljubljanskim barjem. To\u017eilstvo mu o\u010dita kaznivo dejanje povzro\u010ditve splo\u0161ne nevarnosti. V nesre\u010di je umrlo \u0161est potnikov Kljub bli\u017eajo\u010di se nevihti naj ne bi bil pravo\u010dasno prekinil poleta, letel naj bi bil vi\u0161je, kot je bilo dovoljeno, med zasilnim pristankom pa naj ne bi bil upo\u0161teval varnostnih navodil proizvajalca balona in stroke. Po prepri\u010danju to\u017eilstva Kolenc pri pristajanju v hudem vetru ni uporabil rde\u010de vrvi za zasilno pristajanje, prav tako ni ugasnil gorilnika in zaprl ventilov za dovod goriva. V nesre\u010di je umrlo \u0161est potnikov, preostalih 25 je la\u017eje ali huje po\u0161kodoval ogenj, ki je zajel balon, oziroma so se po\u0161kodovali pri padcu iz ko\u0161are. \u017divljenje so izgubili Izidor Prevodnik in Bojana Groznik ter njena enajstletna h\u010derka Alja, zakonca Ema in Peter Zelko ter Erika Ferlan. Svojci umrlih in o\u0161kodovanci, ki so se v nesre\u010di po\u0161kodovali, so vlo\u017eili premo\u017eenjskopravne zahtevke, zneski se gibljejo od dobrih \u0161est tiso\u010d do okoli tristo tiso\u010d evrov. Na dana\u0161njem sojenju so na sodi\u0161\u010du gledali posnetke videokamer in fotografije, ki so jih med poletom posneli potniki v balonu ter brali listine v sodnem spisu. Ve\u010dina zasli\u0161anih pri\u010d je namre\u010d pripovedovala, da je bilo pred in med poletom lepo vreme, temne oblake so v glavnem opazili \u0161ele takrat, ko so pristajali. Krivo je bilo vreme Obto\u017eeni Kolenc, ki je bil v nesre\u010di sam tudi po\u0161kodovan in tragedijo mo\u010dno ob\u017ealuje, za nesre\u010do krivi nenadno spremembo vremena. Zato je sodi\u0161\u010de zasli\u0161alo \u017ee nekaj pri\u010d, meteorologov z oddelka za letalske napovedi pri Agenciji RS za okolje, ki so govorile o vremenski napovedi tistega usodnega jutra. Rok Glava\u010d, ki je no\u010d pred nesre\u010do pripravljal vremenske napovedi za letalstvo na letali\u0161\u010du Jo\u017eeta Pu\u010dnika na Brniku, je povedal, da so bile nevihte za naslednji dan, torej na dan tragi\u010dne nesre\u010de, v Sloveniji napovedane \u0161ele za popo","og_url":"https:\/\/hudo.com\/si\/aktualno\/balonarska-nesreca-sodisce-kazalo-fotografije-in-posnetke-potnikov\/","og_site_name":"Hudo Slovenija","article_publisher":"https:\/\/www.facebook.com\/hudo.si","article_published_time":"2017-04-28T08:00:00+00:00","article_modified_time":"2017-04-28T15:12:18+00:00","og_image":[{"width":450,"height":688,"url":"https:\/\/hudo.com\/si\/wp-content\/uploads\/sites\/2\/2017\/04\/kro-300-2.jpg","type":"image\/jpeg"}],"author":"hudo","twitter_card":"summary_large_image","twitter_creator":"@hudo_si","twitter_site":"@hudo_si","twitter_misc":{"Written by":"hudo","Est. reading time":"2 minuti"},"schema":{"@context":"https:\/\/schema.org","@graph":[{"@type":"Article","@id":"https:\/\/hudo.com\/si\/aktualno\/balonarska-nesreca-sodisce-kazalo-fotografije-in-posnetke-potnikov\/#article","isPartOf":{"@id":"https:\/\/hudo.com\/si\/aktualno\/balonarska-nesreca-sodisce-kazalo-fotografije-in-posnetke-potnikov\/"},"author":{"name":"hudo","@id":"https:\/\/hudo.com\/si\/#\/schema\/person\/601cf3379633985b20f7e50f2bb47707"},"headline":"Balonarska nesre\u010da: Sodi\u0161\u010de kazalo fotografije in posnetke potnikov","datePublished":"2017-04-28T08:00:00+00:00","dateModified":"2017-04-28T15:12:18+00:00","mainEntityOfPage":{"@id":"https:\/\/hudo.com\/si\/aktualno\/balonarska-nesreca-sodisce-kazalo-fotografije-in-posnetke-potnikov\/"},"wordCount":369,"publisher":{"@id":"https:\/\/hudo.com\/si\/#organization"},"articleSection":["Aktualno"],"inLanguage":"sl-SI"},{"@type":"WebPage","@id":"https:\/\/hudo.com\/si\/aktualno\/balonarska-nesreca-sodisce-kazalo-fotografije-in-posnetke-potnikov\/","url":"https:\/\/hudo.com\/si\/aktualno\/balonarska-nesreca-sodisce-kazalo-fotografije-in-posnetke-potnikov\/","name":"Balonarska nesre\u010da: Sodi\u0161\u010de kazalo fotografije in posnetke potnikov - Hudo Slovenija","isPartOf":{"@id":"https:\/\/hudo.com\/si\/#website"},"datePublished":"2017-04-28T08:00:00+00:00","dateModified":"2017-04-28T15:12:18+00:00","breadcrumb":{"@id":"https:\/\/hudo.com\/si\/aktualno\/balonarska-nesreca-sodisce-kazalo-fotografije-in-posnetke-potnikov\/#breadcrumb"},"inLanguage":"sl-SI","potentialAction":[{"@type":"ReadAction","target":["https:\/\/hudo.com\/si\/aktualno\/balonarska-nesreca-sodisce-kazalo-fotografije-in-posnetke-potnikov\/"]}]},{"@type":"BreadcrumbList","@id":"https:\/\/hudo.com\/si\/aktualno\/balonarska-nesreca-sodisce-kazalo-fotografije-in-posnetke-potnikov\/#breadcrumb","itemListElement":[{"@type":"ListItem","position":1,"name":"Home","item":"https:\/\/hudo.com\/si\/"},{"@type":"ListItem","position":2,"name":"Balonarska nesre\u010da: Sodi\u0161\u010de kazalo fotografije in posnetke potnikov"}]},{"@type":"WebSite","@id":"https:\/\/hudo.com\/si\/#website","url":"https:\/\/hudo.com\/si\/","name":"Hudo Slovenija","description":"Vse novice iz Slovenije in sveta","publisher":{"@id":"https:\/\/hudo.com\/si\/#organization"},"potentialAction":[{"@type":"SearchAction","target":{"@type":"EntryPoint","urlTemplate":"https:\/\/hudo.com\/si\/?s={search_term_string}"},"query-input":"required name=search_term_string"}],"inLanguage":"sl-SI"},{"@type":"Organization","@id":"https:\/\/hudo.com\/si\/#organization","name":"VSN Media","url":"https:\/\/hudo.com\/si\/","logo":{"@type":"ImageObject","inLanguage":"sl-SI","@id":"https:\/\/hudo.com\/si\/#\/schema\/logo\/image\/","url":"https:\/\/hudo.com\/si\/wp-content\/uploads\/sites\/2\/2021\/03\/hudo-app-2.png","contentUrl":"https:\/\/hudo.com\/si\/wp-content\/uploads\/sites\/2\/2021\/03\/hudo-app-2.png","width":2185,"height":2167,"caption":"VSN Media"},"image":{"@id":"https:\/\/hudo.com\/si\/#\/schema\/logo\/image\/"},"sameAs":["https:\/\/www.facebook.com\/hudo.si","https:\/\/twitter.com\/hudo_si"]},{"@type":"Person","@id":"https:\/\/hudo.com\/si\/#\/schema\/person\/601cf3379633985b20f7e50f2bb47707","name":"hudo","image":{"@type":"ImageObject","inLanguage":"sl-SI","@id":"https:\/\/hudo.com\/si\/#\/schema\/person\/image\/","url":"https:\/\/secure.gravatar.com\/avatar\/c4ca25fa72cace7a696b52ff5db9e095?s=96&d=mm&r=g","contentUrl":"https:\/\/secure.gravatar.com\/avatar\/c4ca25fa72cace7a696b52ff5db9e095?s=96&d=mm&r=g","caption":"hudo"},"url":"https:\/\/hudo.com\/si\/author\/hudo\/"}]}},"amp_enabled":true,"_links":{"self":[{"href":"https:\/\/hudo.com\/si\/wp-json\/wp\/v2\/posts\/248754"}],"collection":[{"href":"https:\/\/hudo.com\/si\/wp-json\/wp\/v2\/posts"}],"about":[{"href":"https:\/\/hudo.com\/si\/wp-json\/wp\/v2\/types\/post"}],"author":[{"embeddable":true,"href":"https:\/\/hudo.com\/si\/wp-json\/wp\/v2\/users\/1"}],"replies":[{"embeddable":true,"href":"https:\/\/hudo.com\/si\/wp-json\/wp\/v2\/comments?post=248754"}],"version-history":[{"count":1,"href":"https:\/\/hudo.com\/si\/wp-json\/wp\/v2\/posts\/248754\/revisions"}],"predecessor-version":[{"id":248841,"href":"https:\/\/hudo.com\/si\/wp-json\/wp\/v2\/posts\/248754\/revisions\/248841"}],"wp:attachment":[{"href":"https:\/\/hudo.com\/si\/wp-json\/wp\/v2\/media?parent=248754"}],"wp:term":[{"taxonomy":"category","embeddable":true,"href":"https:\/\/hudo.com\/si\/wp-json\/wp\/v2\/categories?post=248754"},{"taxonomy":"post_tag","embeddable":true,"href":"https:\/\/hudo.com\/si\/wp-json\/wp\/v2\/tags?post=248754"},{"taxonomy":"source","embeddable":true,"href":"https:\/\/hudo.com\/si\/wp-json\/wp\/v2\/source?post=248754"},{"taxonomy":"supertag","embeddable":true,"href":"https:\/\/hudo.com\/si\/wp-json\/wp\/v2\/supertag?post=248754"}],"curies":[{"name":"wp","href":"https:\/\/api.w.org\/{rel}","templated":true}]}}