{"id":248784,"date":"2017-04-28T09:19:00","date_gmt":"2017-04-28T07:19:00","guid":{"rendered":"http:\/\/hudo.com\/si\/2017\/04\/28\/v-izoli-sesti-festival-oranznih-vin\/"},"modified":"2017-04-28T16:12:10","modified_gmt":"2017-04-28T14:12:10","slug":"v-izoli-sesti-festival-oranznih-vin","status":"publish","type":"post","link":"https:\/\/hudo.com\/si\/aktualno\/v-izoli-sesti-festival-oranznih-vin\/","title":{"rendered":"V Izoli \u0161esti Festival oran\u017enih vin"},"content":{"rendered":"<p>Na Manziolijevem trgu v Izoli bodo danes odprli \u0161esti Festival oran\u017enih vin. Na njem se bo med 13. in 21. uro s svojimi belimi maceriranimi vini predstavilo 59 vinarjev iz Slovenije, Italije, Avstrije, Hrva\u0161ke in Gruzije. Festival se je pred \u0161estimi leti rodil v izolskem Wine baru Manzioli, ki ga vodi vinar Bruno Zaro. Oran\u017ena je postala \u010detrta barva vin. Gre za bela macerirana vina, narejena s postopki za rde\u010da, torej s podalj\u0161anim stikom jagodnih ko\u017eic z mo\u0161tom. Pridelava oran\u017enih vin je praviloma sonaravna, pri nekaterih vinarjih tudi ekolo\u0161ka. Ob vinarjih, ki se festivala udele\u017eujejo \u017ee vsa leta, se bo svojimi vini iz sonaravne pridelave, ki morajo biti za predstavitev na festivalu pridelana v okvirih, zapisanih v izjavi o skladnosti, predstavilo tudi nekaj novih. Gre predvsem za mlade prevzemnike vinogradni\u0161kih kmetij, ki se odlo\u010dajo za druga\u010dne prakse v pridelavi in predelavi vin. Ob vinarjih se bo na Manziolijevem trgu s svojimi pridelki in kulinariko predstavilo pribli\u017eno dvajset gostincev in pridelovalcev, ki jih z vinarji dru\u017eita sorodna filozofija in trajnostni pogled na okolje. Minuli petek so v Manziolijevi pala\u010di odprli fotografsko razstavo 100 odtenkov oran\u017ene. Na njej so svoje utrinke z dosedanjih festivalov v Izoli in na Dunaju predstavili fotografi Lorna Lovre\u010di\u010d, Jaka Jera\u0161a, Sergio Verzier, Dean Dubokovi\u010d in Claudio Chicco. Razstava bo na ogled do za\u010detka maja.<\/p>\n","protected":false},"excerpt":{"rendered":"<p>Na Manziolijevem trgu v Izoli bodo danes odprli \u0161esti Festival oran\u017enih vin. Na njem se bo med 13. in 21. uro s svojimi belimi maceriranimi vini predstavilo 59 vinarjev iz Slovenije, Italije, Avstrije, Hrva\u0161ke in Gruzije. Festival se je pred \u0161estimi leti rodil v izolskem Wine baru Manzioli, ki ga vodi vinar Bruno Zaro. Oran\u017ena je postala \u010detrta barva vin. Gre za bela macerirana vina, narejena s postopki za rde\u010da, torej s podalj\u0161anim stikom jagodnih ko\u017eic z mo\u0161tom. Pridelava oran\u017enih vin je praviloma sonaravna, pri nekaterih vinarjih tudi ekolo\u0161ka. Ob vinarjih, ki se festivala udele\u017eujejo \u017ee vsa leta, se bo svojimi vini iz sonaravne pridelave, ki morajo biti za predstavitev na festivalu pridelana v okvirih, zapisanih v izjavi o skladnosti, predstavilo tudi nekaj novih. Gre predvsem za mlade prevzemnike vinogradni\u0161kih kmetij, ki se odlo\u010dajo za druga\u010dne prakse v pridelavi in predelavi vin. Ob vinarjih se bo na Manziolijevem trgu s svojimi pridelki in kulinariko predstavilo pribli\u017eno dvajset gostincev in pridelovalcev, ki jih z vinarji dru\u017eita sorodna filozofija in trajnostni pogled na okolje. Minuli petek so v Manziolijevi pala\u010di odprli fotografsko razstavo 100 odtenkov oran\u017ene. Na njej so svoje utrinke z dosedanjih festivalov v Izoli in na Dunaju predstavili fotografi Lorna Lovre\u010di\u010d, Jaka Jera\u0161a, Sergio Verzier, Dean Dubokovi\u010d in Claudio Chicco. Razstava bo na ogled do za\u010detka maja.<\/p>\n","protected":false},"author":1,"featured_media":0,"comment_status":"closed","ping_status":"closed","sticky":false,"template":"","format":"standard","meta":{"footnotes":""},"categories":[1179],"tags":[],"source":[1711],"supertag":[],"acf":[],"yoast_head":"<!-- This site is optimized with the Yoast SEO plugin v21.3 - https:\/\/yoast.com\/wordpress\/plugins\/seo\/ -->\n<title>V Izoli \u0161esti Festival oran\u017enih vin - Hudo Slovenija<\/title>\n<meta name=\"robots\" content=\"index, follow, max-snippet:-1, max-image-preview:large, max-video-preview:-1\" \/>\n<link rel=\"canonical\" href=\"https:\/\/hudo.com\/si\/aktualno\/v-izoli-sesti-festival-oranznih-vin\/\" \/>\n<meta property=\"og:locale\" content=\"sl_SI\" \/>\n<meta property=\"og:type\" content=\"article\" \/>\n<meta property=\"og:title\" content=\"V Izoli \u0161esti Festival oran\u017enih vin - Hudo Slovenija\" \/>\n<meta property=\"og:description\" content=\"Na Manziolijevem trgu v Izoli bodo danes odprli \u0161esti Festival oran\u017enih vin. Na njem se bo med 13. in 21. uro s svojimi belimi maceriranimi vini predstavilo 59 vinarjev iz Slovenije, Italije, Avstrije, Hrva\u0161ke in Gruzije. Festival se je pred \u0161estimi leti rodil v izolskem Wine baru Manzioli, ki ga vodi vinar Bruno Zaro. Oran\u017ena je postala \u010detrta barva vin. Gre za bela macerirana vina, narejena s postopki za rde\u010da, torej s podalj\u0161anim stikom jagodnih ko\u017eic z mo\u0161tom. Pridelava oran\u017enih vin je praviloma sonaravna, pri nekaterih vinarjih tudi ekolo\u0161ka. Ob vinarjih, ki se festivala udele\u017eujejo \u017ee vsa leta, se bo svojimi vini iz sonaravne pridelave, ki morajo biti za predstavitev na festivalu pridelana v okvirih, zapisanih v izjavi o skladnosti, predstavilo tudi nekaj novih. Gre predvsem za mlade prevzemnike vinogradni\u0161kih kmetij, ki se odlo\u010dajo za druga\u010dne prakse v pridelavi in predelavi vin. Ob vinarjih se bo na Manziolijevem trgu s svojimi pridelki in kulinariko predstavilo pribli\u017eno dvajset gostincev in pridelovalcev, ki jih z vinarji dru\u017eita sorodna filozofija in trajnostni pogled na okolje. Minuli petek so v Manziolijevi pala\u010di odprli fotografsko razstavo 100 odtenkov oran\u017ene. Na njej so svoje utrinke z dosedanjih festivalov v Izoli in na Dunaju predstavili fotografi Lorna Lovre\u010di\u010d, Jaka Jera\u0161a, Sergio Verzier, Dean Dubokovi\u010d in Claudio Chicco. Razstava bo na ogled do za\u010detka maja.\" \/>\n<meta property=\"og:url\" content=\"https:\/\/hudo.com\/si\/aktualno\/v-izoli-sesti-festival-oranznih-vin\/\" \/>\n<meta property=\"og:site_name\" content=\"Hudo Slovenija\" \/>\n<meta property=\"article:publisher\" content=\"https:\/\/www.facebook.com\/hudo.si\" \/>\n<meta property=\"article:published_time\" content=\"2017-04-28T07:19:00+00:00\" \/>\n<meta property=\"article:modified_time\" content=\"2017-04-28T14:12:10+00:00\" \/>\n<meta property=\"og:image\" content=\"https:\/\/hudo.com\/si\/wp-content\/uploads\/sites\/2\/2017\/04\/00566128F-300.jpg\" \/>\n\t<meta property=\"og:image:width\" content=\"450\" \/>\n\t<meta property=\"og:image:height\" content=\"452\" \/>\n\t<meta property=\"og:image:type\" content=\"image\/jpeg\" \/>\n<meta name=\"author\" content=\"hudo\" \/>\n<meta name=\"twitter:card\" content=\"summary_large_image\" \/>\n<meta name=\"twitter:creator\" content=\"@hudo_si\" \/>\n<meta name=\"twitter:site\" content=\"@hudo_si\" \/>\n<meta name=\"twitter:label1\" content=\"Written by\" \/>\n\t<meta name=\"twitter:data1\" content=\"hudo\" \/>\n\t<meta name=\"twitter:label2\" content=\"Est. reading time\" \/>\n\t<meta name=\"twitter:data2\" content=\"1 minuta\" \/>\n<script type=\"application\/ld+json\" class=\"yoast-schema-graph\">{\"@context\":\"https:\/\/schema.org\",\"@graph\":[{\"@type\":\"Article\",\"@id\":\"https:\/\/hudo.com\/si\/aktualno\/v-izoli-sesti-festival-oranznih-vin\/#article\",\"isPartOf\":{\"@id\":\"https:\/\/hudo.com\/si\/aktualno\/v-izoli-sesti-festival-oranznih-vin\/\"},\"author\":{\"name\":\"hudo\",\"@id\":\"https:\/\/hudo.com\/si\/#\/schema\/person\/601cf3379633985b20f7e50f2bb47707\"},\"headline\":\"V Izoli \u0161esti Festival oran\u017enih vin\",\"datePublished\":\"2017-04-28T07:19:00+00:00\",\"dateModified\":\"2017-04-28T14:12:10+00:00\",\"mainEntityOfPage\":{\"@id\":\"https:\/\/hudo.com\/si\/aktualno\/v-izoli-sesti-festival-oranznih-vin\/\"},\"wordCount\":240,\"publisher\":{\"@id\":\"https:\/\/hudo.com\/si\/#organization\"},\"articleSection\":[\"Aktualno\"],\"inLanguage\":\"sl-SI\"},{\"@type\":\"WebPage\",\"@id\":\"https:\/\/hudo.com\/si\/aktualno\/v-izoli-sesti-festival-oranznih-vin\/\",\"url\":\"https:\/\/hudo.com\/si\/aktualno\/v-izoli-sesti-festival-oranznih-vin\/\",\"name\":\"V Izoli \u0161esti Festival oran\u017enih vin - Hudo Slovenija\",\"isPartOf\":{\"@id\":\"https:\/\/hudo.com\/si\/#website\"},\"datePublished\":\"2017-04-28T07:19:00+00:00\",\"dateModified\":\"2017-04-28T14:12:10+00:00\",\"breadcrumb\":{\"@id\":\"https:\/\/hudo.com\/si\/aktualno\/v-izoli-sesti-festival-oranznih-vin\/#breadcrumb\"},\"inLanguage\":\"sl-SI\",\"potentialAction\":[{\"@type\":\"ReadAction\",\"target\":[\"https:\/\/hudo.com\/si\/aktualno\/v-izoli-sesti-festival-oranznih-vin\/\"]}]},{\"@type\":\"BreadcrumbList\",\"@id\":\"https:\/\/hudo.com\/si\/aktualno\/v-izoli-sesti-festival-oranznih-vin\/#breadcrumb\",\"itemListElement\":[{\"@type\":\"ListItem\",\"position\":1,\"name\":\"Home\",\"item\":\"https:\/\/hudo.com\/si\/\"},{\"@type\":\"ListItem\",\"position\":2,\"name\":\"V Izoli \u0161esti Festival oran\u017enih vin\"}]},{\"@type\":\"WebSite\",\"@id\":\"https:\/\/hudo.com\/si\/#website\",\"url\":\"https:\/\/hudo.com\/si\/\",\"name\":\"Hudo Slovenija\",\"description\":\"Vse novice iz Slovenije in sveta\",\"publisher\":{\"@id\":\"https:\/\/hudo.com\/si\/#organization\"},\"potentialAction\":[{\"@type\":\"SearchAction\",\"target\":{\"@type\":\"EntryPoint\",\"urlTemplate\":\"https:\/\/hudo.com\/si\/?s={search_term_string}\"},\"query-input\":\"required name=search_term_string\"}],\"inLanguage\":\"sl-SI\"},{\"@type\":\"Organization\",\"@id\":\"https:\/\/hudo.com\/si\/#organization\",\"name\":\"VSN Media\",\"url\":\"https:\/\/hudo.com\/si\/\",\"logo\":{\"@type\":\"ImageObject\",\"inLanguage\":\"sl-SI\",\"@id\":\"https:\/\/hudo.com\/si\/#\/schema\/logo\/image\/\",\"url\":\"https:\/\/hudo.com\/si\/wp-content\/uploads\/sites\/2\/2021\/03\/hudo-app-2.png\",\"contentUrl\":\"https:\/\/hudo.com\/si\/wp-content\/uploads\/sites\/2\/2021\/03\/hudo-app-2.png\",\"width\":2185,\"height\":2167,\"caption\":\"VSN Media\"},\"image\":{\"@id\":\"https:\/\/hudo.com\/si\/#\/schema\/logo\/image\/\"},\"sameAs\":[\"https:\/\/www.facebook.com\/hudo.si\",\"https:\/\/twitter.com\/hudo_si\"]},{\"@type\":\"Person\",\"@id\":\"https:\/\/hudo.com\/si\/#\/schema\/person\/601cf3379633985b20f7e50f2bb47707\",\"name\":\"hudo\",\"image\":{\"@type\":\"ImageObject\",\"inLanguage\":\"sl-SI\",\"@id\":\"https:\/\/hudo.com\/si\/#\/schema\/person\/image\/\",\"url\":\"https:\/\/secure.gravatar.com\/avatar\/c4ca25fa72cace7a696b52ff5db9e095?s=96&d=mm&r=g\",\"contentUrl\":\"https:\/\/secure.gravatar.com\/avatar\/c4ca25fa72cace7a696b52ff5db9e095?s=96&d=mm&r=g\",\"caption\":\"hudo\"},\"url\":\"https:\/\/hudo.com\/si\/author\/hudo\/\"}]}<\/script>\n<!-- \/ Yoast SEO plugin. -->","yoast_head_json":{"title":"V Izoli \u0161esti Festival oran\u017enih vin - Hudo Slovenija","robots":{"index":"index","follow":"follow","max-snippet":"max-snippet:-1","max-image-preview":"max-image-preview:large","max-video-preview":"max-video-preview:-1"},"canonical":"https:\/\/hudo.com\/si\/aktualno\/v-izoli-sesti-festival-oranznih-vin\/","og_locale":"sl_SI","og_type":"article","og_title":"V Izoli \u0161esti Festival oran\u017enih vin - Hudo Slovenija","og_description":"Na Manziolijevem trgu v Izoli bodo danes odprli \u0161esti Festival oran\u017enih vin. Na njem se bo med 13. in 21. uro s svojimi belimi maceriranimi vini predstavilo 59 vinarjev iz Slovenije, Italije, Avstrije, Hrva\u0161ke in Gruzije. Festival se je pred \u0161estimi leti rodil v izolskem Wine baru Manzioli, ki ga vodi vinar Bruno Zaro. Oran\u017ena je postala \u010detrta barva vin. Gre za bela macerirana vina, narejena s postopki za rde\u010da, torej s podalj\u0161anim stikom jagodnih ko\u017eic z mo\u0161tom. Pridelava oran\u017enih vin je praviloma sonaravna, pri nekaterih vinarjih tudi ekolo\u0161ka. Ob vinarjih, ki se festivala udele\u017eujejo \u017ee vsa leta, se bo svojimi vini iz sonaravne pridelave, ki morajo biti za predstavitev na festivalu pridelana v okvirih, zapisanih v izjavi o skladnosti, predstavilo tudi nekaj novih. Gre predvsem za mlade prevzemnike vinogradni\u0161kih kmetij, ki se odlo\u010dajo za druga\u010dne prakse v pridelavi in predelavi vin. Ob vinarjih se bo na Manziolijevem trgu s svojimi pridelki in kulinariko predstavilo pribli\u017eno dvajset gostincev in pridelovalcev, ki jih z vinarji dru\u017eita sorodna filozofija in trajnostni pogled na okolje. Minuli petek so v Manziolijevi pala\u010di odprli fotografsko razstavo 100 odtenkov oran\u017ene. Na njej so svoje utrinke z dosedanjih festivalov v Izoli in na Dunaju predstavili fotografi Lorna Lovre\u010di\u010d, Jaka Jera\u0161a, Sergio Verzier, Dean Dubokovi\u010d in Claudio Chicco. Razstava bo na ogled do za\u010detka maja.","og_url":"https:\/\/hudo.com\/si\/aktualno\/v-izoli-sesti-festival-oranznih-vin\/","og_site_name":"Hudo Slovenija","article_publisher":"https:\/\/www.facebook.com\/hudo.si","article_published_time":"2017-04-28T07:19:00+00:00","article_modified_time":"2017-04-28T14:12:10+00:00","og_image":[{"width":450,"height":452,"url":"https:\/\/hudo.com\/si\/wp-content\/uploads\/sites\/2\/2017\/04\/00566128F-300.jpg","type":"image\/jpeg"}],"author":"hudo","twitter_card":"summary_large_image","twitter_creator":"@hudo_si","twitter_site":"@hudo_si","twitter_misc":{"Written by":"hudo","Est. reading time":"1 minuta"},"schema":{"@context":"https:\/\/schema.org","@graph":[{"@type":"Article","@id":"https:\/\/hudo.com\/si\/aktualno\/v-izoli-sesti-festival-oranznih-vin\/#article","isPartOf":{"@id":"https:\/\/hudo.com\/si\/aktualno\/v-izoli-sesti-festival-oranznih-vin\/"},"author":{"name":"hudo","@id":"https:\/\/hudo.com\/si\/#\/schema\/person\/601cf3379633985b20f7e50f2bb47707"},"headline":"V Izoli \u0161esti Festival oran\u017enih vin","datePublished":"2017-04-28T07:19:00+00:00","dateModified":"2017-04-28T14:12:10+00:00","mainEntityOfPage":{"@id":"https:\/\/hudo.com\/si\/aktualno\/v-izoli-sesti-festival-oranznih-vin\/"},"wordCount":240,"publisher":{"@id":"https:\/\/hudo.com\/si\/#organization"},"articleSection":["Aktualno"],"inLanguage":"sl-SI"},{"@type":"WebPage","@id":"https:\/\/hudo.com\/si\/aktualno\/v-izoli-sesti-festival-oranznih-vin\/","url":"https:\/\/hudo.com\/si\/aktualno\/v-izoli-sesti-festival-oranznih-vin\/","name":"V Izoli \u0161esti Festival oran\u017enih vin - Hudo Slovenija","isPartOf":{"@id":"https:\/\/hudo.com\/si\/#website"},"datePublished":"2017-04-28T07:19:00+00:00","dateModified":"2017-04-28T14:12:10+00:00","breadcrumb":{"@id":"https:\/\/hudo.com\/si\/aktualno\/v-izoli-sesti-festival-oranznih-vin\/#breadcrumb"},"inLanguage":"sl-SI","potentialAction":[{"@type":"ReadAction","target":["https:\/\/hudo.com\/si\/aktualno\/v-izoli-sesti-festival-oranznih-vin\/"]}]},{"@type":"BreadcrumbList","@id":"https:\/\/hudo.com\/si\/aktualno\/v-izoli-sesti-festival-oranznih-vin\/#breadcrumb","itemListElement":[{"@type":"ListItem","position":1,"name":"Home","item":"https:\/\/hudo.com\/si\/"},{"@type":"ListItem","position":2,"name":"V Izoli \u0161esti Festival oran\u017enih vin"}]},{"@type":"WebSite","@id":"https:\/\/hudo.com\/si\/#website","url":"https:\/\/hudo.com\/si\/","name":"Hudo Slovenija","description":"Vse novice iz Slovenije in sveta","publisher":{"@id":"https:\/\/hudo.com\/si\/#organization"},"potentialAction":[{"@type":"SearchAction","target":{"@type":"EntryPoint","urlTemplate":"https:\/\/hudo.com\/si\/?s={search_term_string}"},"query-input":"required name=search_term_string"}],"inLanguage":"sl-SI"},{"@type":"Organization","@id":"https:\/\/hudo.com\/si\/#organization","name":"VSN Media","url":"https:\/\/hudo.com\/si\/","logo":{"@type":"ImageObject","inLanguage":"sl-SI","@id":"https:\/\/hudo.com\/si\/#\/schema\/logo\/image\/","url":"https:\/\/hudo.com\/si\/wp-content\/uploads\/sites\/2\/2021\/03\/hudo-app-2.png","contentUrl":"https:\/\/hudo.com\/si\/wp-content\/uploads\/sites\/2\/2021\/03\/hudo-app-2.png","width":2185,"height":2167,"caption":"VSN Media"},"image":{"@id":"https:\/\/hudo.com\/si\/#\/schema\/logo\/image\/"},"sameAs":["https:\/\/www.facebook.com\/hudo.si","https:\/\/twitter.com\/hudo_si"]},{"@type":"Person","@id":"https:\/\/hudo.com\/si\/#\/schema\/person\/601cf3379633985b20f7e50f2bb47707","name":"hudo","image":{"@type":"ImageObject","inLanguage":"sl-SI","@id":"https:\/\/hudo.com\/si\/#\/schema\/person\/image\/","url":"https:\/\/secure.gravatar.com\/avatar\/c4ca25fa72cace7a696b52ff5db9e095?s=96&d=mm&r=g","contentUrl":"https:\/\/secure.gravatar.com\/avatar\/c4ca25fa72cace7a696b52ff5db9e095?s=96&d=mm&r=g","caption":"hudo"},"url":"https:\/\/hudo.com\/si\/author\/hudo\/"}]}},"amp_enabled":true,"_links":{"self":[{"href":"https:\/\/hudo.com\/si\/wp-json\/wp\/v2\/posts\/248784"}],"collection":[{"href":"https:\/\/hudo.com\/si\/wp-json\/wp\/v2\/posts"}],"about":[{"href":"https:\/\/hudo.com\/si\/wp-json\/wp\/v2\/types\/post"}],"author":[{"embeddable":true,"href":"https:\/\/hudo.com\/si\/wp-json\/wp\/v2\/users\/1"}],"replies":[{"embeddable":true,"href":"https:\/\/hudo.com\/si\/wp-json\/wp\/v2\/comments?post=248784"}],"version-history":[{"count":1,"href":"https:\/\/hudo.com\/si\/wp-json\/wp\/v2\/posts\/248784\/revisions"}],"predecessor-version":[{"id":248856,"href":"https:\/\/hudo.com\/si\/wp-json\/wp\/v2\/posts\/248784\/revisions\/248856"}],"wp:attachment":[{"href":"https:\/\/hudo.com\/si\/wp-json\/wp\/v2\/media?parent=248784"}],"wp:term":[{"taxonomy":"category","embeddable":true,"href":"https:\/\/hudo.com\/si\/wp-json\/wp\/v2\/categories?post=248784"},{"taxonomy":"post_tag","embeddable":true,"href":"https:\/\/hudo.com\/si\/wp-json\/wp\/v2\/tags?post=248784"},{"taxonomy":"source","embeddable":true,"href":"https:\/\/hudo.com\/si\/wp-json\/wp\/v2\/source?post=248784"},{"taxonomy":"supertag","embeddable":true,"href":"https:\/\/hudo.com\/si\/wp-json\/wp\/v2\/supertag?post=248784"}],"curies":[{"name":"wp","href":"https:\/\/api.w.org\/{rel}","templated":true}]}}