{"id":249058,"date":"2017-04-28T19:23:00","date_gmt":"2017-04-28T17:23:00","guid":{"rendered":"http:\/\/hudo.com\/si\/2017\/04\/28\/francoska-nacionalna-fronta-ze-zamenjala-zacasnega-vodjo\/"},"modified":"2017-04-29T08:11:47","modified_gmt":"2017-04-29T06:11:47","slug":"francoska-nacionalna-fronta-ze-zamenjala-zacasnega-vodjo","status":"publish","type":"post","link":"https:\/\/hudo.com\/si\/aktualno\/francoska-nacionalna-fronta-ze-zamenjala-zacasnega-vodjo\/","title":{"rendered":"Francoska Nacionalna fronta \u017ee zamenjala za\u010dasnega vodjo"},"content":{"rendered":"<p>Francoska skrajno desna Nacionalna fronta je ponovno zamenjala vodjo stranke. Potem ko je predsedni\u0161ka kandidatka Marine Le Pen v torek naznanila, da se za\u010dasno odpoveduje vodenju stranke, so za za\u010dasnega vodjo imenovali Jean-Francoisa Jaklha, a je danes odstopil zaradi domnevnega zanikanja holokavsta. Domnevno naj bi dvomil o obstoju nacisti\u010dnih plinskih celic, \u010deprav trdi, da to ni res. V vrhu stranke ga je zamenjal Steeve Briois. Tako kot Jaklh je tudi Briois eden od petih podpredsednikov stranke, je pa \u017eupan mesta Henin-Beaumont na severu Francije. Zadnji zapleti v stranki verjetno pomenijo kar hud udarec za Le Penovo, ki se je trudila oddaljiti stranko od antisemitskih korenin, ocenjuje BBC. Oglasil pa se je tudi njej o\u010de in nekdanji vodja stranke Jean-Marie Le Pen. Danes je objavil video, v katerem kritizira spominsko slovesnost za ubitega policista v napadu na Elizejskih poljanah prej\u0161nji teden. Na slovesnosti je med drugim govoril partner policista Etienne Cardiles. Le Pen je v posnetku kritiziral, da so se na slovesnosti bolj spominjali ubitega &#8220;kot homoseksualca in ne kot policista&#8221;. Le Penova je hitro sku\u0161ala popraviti o\u010detov vtis, ko je dejala, da se ji je slovesnost zdela &#8220;zelo dostojanstvena&#8221; in da jo je ganil govor partnerja ubitega Xavierja Jugela. Prav dana\u0161nji dan je drugi predsedni\u0161ki kandidat v drugem krogu predsedni\u0161kih volitev Emmanuel Macron izkoristil za simboli\u010dni obisk vasi v osrednji Franciji, kjer so nacisti med drugo svetovno vojno pobili 642 prebivalcev. Glede na ankete naj bi Macron 7. maja v drugem krogu volitev zmagal z okoli 60 odstotkov glasov, Le Penova naj bi jih dobila 40 odstotkov. Marine Le Pen je danes prvi\u010d neposredno nagovorila volivce skrajno levega Jean-Luca Melenchona, ki je v prvem krogu predsedni\u0161kih volitev prejel sedem milijonov glasov. Melenchon pa je prav tako danes dejal, da njegovo politi\u010dno gibanje nima ni\u010d skupnega s skrajno desnico in da ne bo glasoval za Nacionalno fronto. Skrajna desnica da sku\u0161a zapeljati n<\/p>\n","protected":false},"excerpt":{"rendered":"<p>Francoska skrajno desna Nacionalna fronta je ponovno zamenjala vodjo stranke. Potem ko je predsedni\u0161ka kandidatka Marine Le Pen v torek naznanila, da se za\u010dasno odpoveduje vodenju stranke, so za za\u010dasnega vodjo imenovali Jean-Francoisa Jaklha, a je danes odstopil zaradi domnevnega zanikanja holokavsta. Domnevno naj bi dvomil o obstoju nacisti\u010dnih plinskih celic, \u010deprav trdi, da to ni res. V vrhu stranke ga je zamenjal Steeve Briois. Tako kot Jaklh je tudi Briois eden od petih podpredsednikov stranke, je pa \u017eupan mesta Henin-Beaumont na severu Francije. Zadnji zapleti v stranki verjetno pomenijo kar hud udarec za Le Penovo, ki se je trudila oddaljiti stranko od antisemitskih korenin, ocenjuje BBC. Oglasil pa se je tudi njej o\u010de in nekdanji vodja stranke Jean-Marie Le Pen. Danes je objavil video, v katerem kritizira spominsko slovesnost za ubitega policista v napadu na Elizejskih poljanah prej\u0161nji teden. Na slovesnosti je med drugim govoril partner policista Etienne Cardiles. Le Pen je v posnetku kritiziral, da so se na slovesnosti bolj spominjali ubitega &#8220;kot homoseksualca in ne kot policista&#8221;. Le Penova je hitro sku\u0161ala popraviti o\u010detov vtis, ko je dejala, da se ji je slovesnost zdela &#8220;zelo dostojanstvena&#8221; in da jo je ganil govor partnerja ubitega Xavierja Jugela. Prav dana\u0161nji dan je drugi predsedni\u0161ki kandidat v drugem krogu predsedni\u0161kih volitev Emmanuel Macron izkoristil za simboli\u010dni obisk vasi v osrednji Franciji, kjer so nacisti med drugo svetovno vojno pobili 642 prebivalcev. Glede na ankete naj bi Macron 7. maja v drugem krogu volitev zmagal z okoli 60 odstotkov glasov, Le Penova naj bi jih dobila 40 odstotkov. Marine Le Pen je danes prvi\u010d neposredno nagovorila volivce skrajno levega Jean-Luca Melenchona, ki je v prvem krogu predsedni\u0161kih volitev prejel sedem milijonov glasov. Melenchon pa je prav tako danes dejal, da njegovo politi\u010dno gibanje nima ni\u010d skupnega s skrajno desnico in da ne bo glasoval za Nacionalno fronto. Skrajna desnica da sku\u0161a zapeljati n<\/p>\n","protected":false},"author":1,"featured_media":0,"comment_status":"closed","ping_status":"closed","sticky":false,"template":"","format":"standard","meta":{"footnotes":""},"categories":[1179],"tags":[],"source":[1711],"supertag":[],"acf":[],"yoast_head":"<!-- This site is optimized with the Yoast SEO plugin v21.3 - https:\/\/yoast.com\/wordpress\/plugins\/seo\/ -->\n<title>Francoska Nacionalna fronta \u017ee zamenjala za\u010dasnega vodjo - Hudo Slovenija<\/title>\n<meta name=\"robots\" content=\"index, follow, max-snippet:-1, max-image-preview:large, max-video-preview:-1\" \/>\n<link rel=\"canonical\" href=\"https:\/\/hudo.com\/si\/aktualno\/francoska-nacionalna-fronta-ze-zamenjala-zacasnega-vodjo\/\" \/>\n<meta property=\"og:locale\" content=\"sl_SI\" \/>\n<meta property=\"og:type\" content=\"article\" \/>\n<meta property=\"og:title\" content=\"Francoska Nacionalna fronta \u017ee zamenjala za\u010dasnega vodjo - Hudo Slovenija\" \/>\n<meta property=\"og:description\" content=\"Francoska skrajno desna Nacionalna fronta je ponovno zamenjala vodjo stranke. Potem ko je predsedni\u0161ka kandidatka Marine Le Pen v torek naznanila, da se za\u010dasno odpoveduje vodenju stranke, so za za\u010dasnega vodjo imenovali Jean-Francoisa Jaklha, a je danes odstopil zaradi domnevnega zanikanja holokavsta. Domnevno naj bi dvomil o obstoju nacisti\u010dnih plinskih celic, \u010deprav trdi, da to ni res. V vrhu stranke ga je zamenjal Steeve Briois. Tako kot Jaklh je tudi Briois eden od petih podpredsednikov stranke, je pa \u017eupan mesta Henin-Beaumont na severu Francije. Zadnji zapleti v stranki verjetno pomenijo kar hud udarec za Le Penovo, ki se je trudila oddaljiti stranko od antisemitskih korenin, ocenjuje BBC. Oglasil pa se je tudi njej o\u010de in nekdanji vodja stranke Jean-Marie Le Pen. Danes je objavil video, v katerem kritizira spominsko slovesnost za ubitega policista v napadu na Elizejskih poljanah prej\u0161nji teden. Na slovesnosti je med drugim govoril partner policista Etienne Cardiles. Le Pen je v posnetku kritiziral, da so se na slovesnosti bolj spominjali ubitega &quot;kot homoseksualca in ne kot policista&quot;. Le Penova je hitro sku\u0161ala popraviti o\u010detov vtis, ko je dejala, da se ji je slovesnost zdela &quot;zelo dostojanstvena&quot; in da jo je ganil govor partnerja ubitega Xavierja Jugela. Prav dana\u0161nji dan je drugi predsedni\u0161ki kandidat v drugem krogu predsedni\u0161kih volitev Emmanuel Macron izkoristil za simboli\u010dni obisk vasi v osrednji Franciji, kjer so nacisti med drugo svetovno vojno pobili 642 prebivalcev. Glede na ankete naj bi Macron 7. maja v drugem krogu volitev zmagal z okoli 60 odstotkov glasov, Le Penova naj bi jih dobila 40 odstotkov. Marine Le Pen je danes prvi\u010d neposredno nagovorila volivce skrajno levega Jean-Luca Melenchona, ki je v prvem krogu predsedni\u0161kih volitev prejel sedem milijonov glasov. Melenchon pa je prav tako danes dejal, da njegovo politi\u010dno gibanje nima ni\u010d skupnega s skrajno desnico in da ne bo glasoval za Nacionalno fronto. Skrajna desnica da sku\u0161a zapeljati n\" \/>\n<meta property=\"og:url\" content=\"https:\/\/hudo.com\/si\/aktualno\/francoska-nacionalna-fronta-ze-zamenjala-zacasnega-vodjo\/\" \/>\n<meta property=\"og:site_name\" content=\"Hudo Slovenija\" \/>\n<meta property=\"article:publisher\" content=\"https:\/\/www.facebook.com\/hudo.si\" \/>\n<meta property=\"article:published_time\" content=\"2017-04-28T17:23:00+00:00\" \/>\n<meta property=\"article:modified_time\" content=\"2017-04-29T06:11:47+00:00\" \/>\n<meta property=\"og:image\" content=\"https:\/\/hudo.com\/si\/wp-content\/uploads\/sites\/2\/2017\/04\/MDF17994-300.jpg\" \/>\n\t<meta property=\"og:image:width\" content=\"450\" \/>\n\t<meta property=\"og:image:height\" content=\"264\" \/>\n\t<meta property=\"og:image:type\" content=\"image\/jpeg\" \/>\n<meta name=\"author\" content=\"hudo\" \/>\n<meta name=\"twitter:card\" content=\"summary_large_image\" \/>\n<meta name=\"twitter:creator\" content=\"@hudo_si\" \/>\n<meta name=\"twitter:site\" content=\"@hudo_si\" \/>\n<meta name=\"twitter:label1\" content=\"Written by\" \/>\n\t<meta name=\"twitter:data1\" content=\"hudo\" \/>\n\t<meta name=\"twitter:label2\" content=\"Est. reading time\" \/>\n\t<meta name=\"twitter:data2\" content=\"2 minuti\" \/>\n<script type=\"application\/ld+json\" class=\"yoast-schema-graph\">{\"@context\":\"https:\/\/schema.org\",\"@graph\":[{\"@type\":\"Article\",\"@id\":\"https:\/\/hudo.com\/si\/aktualno\/francoska-nacionalna-fronta-ze-zamenjala-zacasnega-vodjo\/#article\",\"isPartOf\":{\"@id\":\"https:\/\/hudo.com\/si\/aktualno\/francoska-nacionalna-fronta-ze-zamenjala-zacasnega-vodjo\/\"},\"author\":{\"name\":\"hudo\",\"@id\":\"https:\/\/hudo.com\/si\/#\/schema\/person\/601cf3379633985b20f7e50f2bb47707\"},\"headline\":\"Francoska Nacionalna fronta \u017ee zamenjala za\u010dasnega vodjo\",\"datePublished\":\"2017-04-28T17:23:00+00:00\",\"dateModified\":\"2017-04-29T06:11:47+00:00\",\"mainEntityOfPage\":{\"@id\":\"https:\/\/hudo.com\/si\/aktualno\/francoska-nacionalna-fronta-ze-zamenjala-zacasnega-vodjo\/\"},\"wordCount\":331,\"publisher\":{\"@id\":\"https:\/\/hudo.com\/si\/#organization\"},\"articleSection\":[\"Aktualno\"],\"inLanguage\":\"sl-SI\"},{\"@type\":\"WebPage\",\"@id\":\"https:\/\/hudo.com\/si\/aktualno\/francoska-nacionalna-fronta-ze-zamenjala-zacasnega-vodjo\/\",\"url\":\"https:\/\/hudo.com\/si\/aktualno\/francoska-nacionalna-fronta-ze-zamenjala-zacasnega-vodjo\/\",\"name\":\"Francoska Nacionalna fronta \u017ee zamenjala za\u010dasnega vodjo - Hudo Slovenija\",\"isPartOf\":{\"@id\":\"https:\/\/hudo.com\/si\/#website\"},\"datePublished\":\"2017-04-28T17:23:00+00:00\",\"dateModified\":\"2017-04-29T06:11:47+00:00\",\"breadcrumb\":{\"@id\":\"https:\/\/hudo.com\/si\/aktualno\/francoska-nacionalna-fronta-ze-zamenjala-zacasnega-vodjo\/#breadcrumb\"},\"inLanguage\":\"sl-SI\",\"potentialAction\":[{\"@type\":\"ReadAction\",\"target\":[\"https:\/\/hudo.com\/si\/aktualno\/francoska-nacionalna-fronta-ze-zamenjala-zacasnega-vodjo\/\"]}]},{\"@type\":\"BreadcrumbList\",\"@id\":\"https:\/\/hudo.com\/si\/aktualno\/francoska-nacionalna-fronta-ze-zamenjala-zacasnega-vodjo\/#breadcrumb\",\"itemListElement\":[{\"@type\":\"ListItem\",\"position\":1,\"name\":\"Home\",\"item\":\"https:\/\/hudo.com\/si\/\"},{\"@type\":\"ListItem\",\"position\":2,\"name\":\"Francoska Nacionalna fronta \u017ee zamenjala za\u010dasnega vodjo\"}]},{\"@type\":\"WebSite\",\"@id\":\"https:\/\/hudo.com\/si\/#website\",\"url\":\"https:\/\/hudo.com\/si\/\",\"name\":\"Hudo Slovenija\",\"description\":\"Vse novice iz Slovenije in sveta\",\"publisher\":{\"@id\":\"https:\/\/hudo.com\/si\/#organization\"},\"potentialAction\":[{\"@type\":\"SearchAction\",\"target\":{\"@type\":\"EntryPoint\",\"urlTemplate\":\"https:\/\/hudo.com\/si\/?s={search_term_string}\"},\"query-input\":\"required name=search_term_string\"}],\"inLanguage\":\"sl-SI\"},{\"@type\":\"Organization\",\"@id\":\"https:\/\/hudo.com\/si\/#organization\",\"name\":\"VSN Media\",\"url\":\"https:\/\/hudo.com\/si\/\",\"logo\":{\"@type\":\"ImageObject\",\"inLanguage\":\"sl-SI\",\"@id\":\"https:\/\/hudo.com\/si\/#\/schema\/logo\/image\/\",\"url\":\"https:\/\/hudo.com\/si\/wp-content\/uploads\/sites\/2\/2021\/03\/hudo-app-2.png\",\"contentUrl\":\"https:\/\/hudo.com\/si\/wp-content\/uploads\/sites\/2\/2021\/03\/hudo-app-2.png\",\"width\":2185,\"height\":2167,\"caption\":\"VSN Media\"},\"image\":{\"@id\":\"https:\/\/hudo.com\/si\/#\/schema\/logo\/image\/\"},\"sameAs\":[\"https:\/\/www.facebook.com\/hudo.si\",\"https:\/\/twitter.com\/hudo_si\"]},{\"@type\":\"Person\",\"@id\":\"https:\/\/hudo.com\/si\/#\/schema\/person\/601cf3379633985b20f7e50f2bb47707\",\"name\":\"hudo\",\"image\":{\"@type\":\"ImageObject\",\"inLanguage\":\"sl-SI\",\"@id\":\"https:\/\/hudo.com\/si\/#\/schema\/person\/image\/\",\"url\":\"https:\/\/secure.gravatar.com\/avatar\/c4ca25fa72cace7a696b52ff5db9e095?s=96&d=mm&r=g\",\"contentUrl\":\"https:\/\/secure.gravatar.com\/avatar\/c4ca25fa72cace7a696b52ff5db9e095?s=96&d=mm&r=g\",\"caption\":\"hudo\"},\"url\":\"https:\/\/hudo.com\/si\/author\/hudo\/\"}]}<\/script>\n<!-- \/ Yoast SEO plugin. -->","yoast_head_json":{"title":"Francoska Nacionalna fronta \u017ee zamenjala za\u010dasnega vodjo - Hudo Slovenija","robots":{"index":"index","follow":"follow","max-snippet":"max-snippet:-1","max-image-preview":"max-image-preview:large","max-video-preview":"max-video-preview:-1"},"canonical":"https:\/\/hudo.com\/si\/aktualno\/francoska-nacionalna-fronta-ze-zamenjala-zacasnega-vodjo\/","og_locale":"sl_SI","og_type":"article","og_title":"Francoska Nacionalna fronta \u017ee zamenjala za\u010dasnega vodjo - Hudo Slovenija","og_description":"Francoska skrajno desna Nacionalna fronta je ponovno zamenjala vodjo stranke. Potem ko je predsedni\u0161ka kandidatka Marine Le Pen v torek naznanila, da se za\u010dasno odpoveduje vodenju stranke, so za za\u010dasnega vodjo imenovali Jean-Francoisa Jaklha, a je danes odstopil zaradi domnevnega zanikanja holokavsta. Domnevno naj bi dvomil o obstoju nacisti\u010dnih plinskih celic, \u010deprav trdi, da to ni res. V vrhu stranke ga je zamenjal Steeve Briois. Tako kot Jaklh je tudi Briois eden od petih podpredsednikov stranke, je pa \u017eupan mesta Henin-Beaumont na severu Francije. Zadnji zapleti v stranki verjetno pomenijo kar hud udarec za Le Penovo, ki se je trudila oddaljiti stranko od antisemitskih korenin, ocenjuje BBC. Oglasil pa se je tudi njej o\u010de in nekdanji vodja stranke Jean-Marie Le Pen. Danes je objavil video, v katerem kritizira spominsko slovesnost za ubitega policista v napadu na Elizejskih poljanah prej\u0161nji teden. Na slovesnosti je med drugim govoril partner policista Etienne Cardiles. Le Pen je v posnetku kritiziral, da so se na slovesnosti bolj spominjali ubitega \"kot homoseksualca in ne kot policista\". Le Penova je hitro sku\u0161ala popraviti o\u010detov vtis, ko je dejala, da se ji je slovesnost zdela \"zelo dostojanstvena\" in da jo je ganil govor partnerja ubitega Xavierja Jugela. Prav dana\u0161nji dan je drugi predsedni\u0161ki kandidat v drugem krogu predsedni\u0161kih volitev Emmanuel Macron izkoristil za simboli\u010dni obisk vasi v osrednji Franciji, kjer so nacisti med drugo svetovno vojno pobili 642 prebivalcev. Glede na ankete naj bi Macron 7. maja v drugem krogu volitev zmagal z okoli 60 odstotkov glasov, Le Penova naj bi jih dobila 40 odstotkov. Marine Le Pen je danes prvi\u010d neposredno nagovorila volivce skrajno levega Jean-Luca Melenchona, ki je v prvem krogu predsedni\u0161kih volitev prejel sedem milijonov glasov. Melenchon pa je prav tako danes dejal, da njegovo politi\u010dno gibanje nima ni\u010d skupnega s skrajno desnico in da ne bo glasoval za Nacionalno fronto. Skrajna desnica da sku\u0161a zapeljati n","og_url":"https:\/\/hudo.com\/si\/aktualno\/francoska-nacionalna-fronta-ze-zamenjala-zacasnega-vodjo\/","og_site_name":"Hudo Slovenija","article_publisher":"https:\/\/www.facebook.com\/hudo.si","article_published_time":"2017-04-28T17:23:00+00:00","article_modified_time":"2017-04-29T06:11:47+00:00","og_image":[{"width":450,"height":264,"url":"https:\/\/hudo.com\/si\/wp-content\/uploads\/sites\/2\/2017\/04\/MDF17994-300.jpg","type":"image\/jpeg"}],"author":"hudo","twitter_card":"summary_large_image","twitter_creator":"@hudo_si","twitter_site":"@hudo_si","twitter_misc":{"Written by":"hudo","Est. reading time":"2 minuti"},"schema":{"@context":"https:\/\/schema.org","@graph":[{"@type":"Article","@id":"https:\/\/hudo.com\/si\/aktualno\/francoska-nacionalna-fronta-ze-zamenjala-zacasnega-vodjo\/#article","isPartOf":{"@id":"https:\/\/hudo.com\/si\/aktualno\/francoska-nacionalna-fronta-ze-zamenjala-zacasnega-vodjo\/"},"author":{"name":"hudo","@id":"https:\/\/hudo.com\/si\/#\/schema\/person\/601cf3379633985b20f7e50f2bb47707"},"headline":"Francoska Nacionalna fronta \u017ee zamenjala za\u010dasnega vodjo","datePublished":"2017-04-28T17:23:00+00:00","dateModified":"2017-04-29T06:11:47+00:00","mainEntityOfPage":{"@id":"https:\/\/hudo.com\/si\/aktualno\/francoska-nacionalna-fronta-ze-zamenjala-zacasnega-vodjo\/"},"wordCount":331,"publisher":{"@id":"https:\/\/hudo.com\/si\/#organization"},"articleSection":["Aktualno"],"inLanguage":"sl-SI"},{"@type":"WebPage","@id":"https:\/\/hudo.com\/si\/aktualno\/francoska-nacionalna-fronta-ze-zamenjala-zacasnega-vodjo\/","url":"https:\/\/hudo.com\/si\/aktualno\/francoska-nacionalna-fronta-ze-zamenjala-zacasnega-vodjo\/","name":"Francoska Nacionalna fronta \u017ee zamenjala za\u010dasnega vodjo - Hudo Slovenija","isPartOf":{"@id":"https:\/\/hudo.com\/si\/#website"},"datePublished":"2017-04-28T17:23:00+00:00","dateModified":"2017-04-29T06:11:47+00:00","breadcrumb":{"@id":"https:\/\/hudo.com\/si\/aktualno\/francoska-nacionalna-fronta-ze-zamenjala-zacasnega-vodjo\/#breadcrumb"},"inLanguage":"sl-SI","potentialAction":[{"@type":"ReadAction","target":["https:\/\/hudo.com\/si\/aktualno\/francoska-nacionalna-fronta-ze-zamenjala-zacasnega-vodjo\/"]}]},{"@type":"BreadcrumbList","@id":"https:\/\/hudo.com\/si\/aktualno\/francoska-nacionalna-fronta-ze-zamenjala-zacasnega-vodjo\/#breadcrumb","itemListElement":[{"@type":"ListItem","position":1,"name":"Home","item":"https:\/\/hudo.com\/si\/"},{"@type":"ListItem","position":2,"name":"Francoska Nacionalna fronta \u017ee zamenjala za\u010dasnega vodjo"}]},{"@type":"WebSite","@id":"https:\/\/hudo.com\/si\/#website","url":"https:\/\/hudo.com\/si\/","name":"Hudo Slovenija","description":"Vse novice iz Slovenije in sveta","publisher":{"@id":"https:\/\/hudo.com\/si\/#organization"},"potentialAction":[{"@type":"SearchAction","target":{"@type":"EntryPoint","urlTemplate":"https:\/\/hudo.com\/si\/?s={search_term_string}"},"query-input":"required name=search_term_string"}],"inLanguage":"sl-SI"},{"@type":"Organization","@id":"https:\/\/hudo.com\/si\/#organization","name":"VSN Media","url":"https:\/\/hudo.com\/si\/","logo":{"@type":"ImageObject","inLanguage":"sl-SI","@id":"https:\/\/hudo.com\/si\/#\/schema\/logo\/image\/","url":"https:\/\/hudo.com\/si\/wp-content\/uploads\/sites\/2\/2021\/03\/hudo-app-2.png","contentUrl":"https:\/\/hudo.com\/si\/wp-content\/uploads\/sites\/2\/2021\/03\/hudo-app-2.png","width":2185,"height":2167,"caption":"VSN Media"},"image":{"@id":"https:\/\/hudo.com\/si\/#\/schema\/logo\/image\/"},"sameAs":["https:\/\/www.facebook.com\/hudo.si","https:\/\/twitter.com\/hudo_si"]},{"@type":"Person","@id":"https:\/\/hudo.com\/si\/#\/schema\/person\/601cf3379633985b20f7e50f2bb47707","name":"hudo","image":{"@type":"ImageObject","inLanguage":"sl-SI","@id":"https:\/\/hudo.com\/si\/#\/schema\/person\/image\/","url":"https:\/\/secure.gravatar.com\/avatar\/c4ca25fa72cace7a696b52ff5db9e095?s=96&d=mm&r=g","contentUrl":"https:\/\/secure.gravatar.com\/avatar\/c4ca25fa72cace7a696b52ff5db9e095?s=96&d=mm&r=g","caption":"hudo"},"url":"https:\/\/hudo.com\/si\/author\/hudo\/"}]}},"amp_enabled":true,"_links":{"self":[{"href":"https:\/\/hudo.com\/si\/wp-json\/wp\/v2\/posts\/249058"}],"collection":[{"href":"https:\/\/hudo.com\/si\/wp-json\/wp\/v2\/posts"}],"about":[{"href":"https:\/\/hudo.com\/si\/wp-json\/wp\/v2\/types\/post"}],"author":[{"embeddable":true,"href":"https:\/\/hudo.com\/si\/wp-json\/wp\/v2\/users\/1"}],"replies":[{"embeddable":true,"href":"https:\/\/hudo.com\/si\/wp-json\/wp\/v2\/comments?post=249058"}],"version-history":[{"count":1,"href":"https:\/\/hudo.com\/si\/wp-json\/wp\/v2\/posts\/249058\/revisions"}],"predecessor-version":[{"id":249084,"href":"https:\/\/hudo.com\/si\/wp-json\/wp\/v2\/posts\/249058\/revisions\/249084"}],"wp:attachment":[{"href":"https:\/\/hudo.com\/si\/wp-json\/wp\/v2\/media?parent=249058"}],"wp:term":[{"taxonomy":"category","embeddable":true,"href":"https:\/\/hudo.com\/si\/wp-json\/wp\/v2\/categories?post=249058"},{"taxonomy":"post_tag","embeddable":true,"href":"https:\/\/hudo.com\/si\/wp-json\/wp\/v2\/tags?post=249058"},{"taxonomy":"source","embeddable":true,"href":"https:\/\/hudo.com\/si\/wp-json\/wp\/v2\/source?post=249058"},{"taxonomy":"supertag","embeddable":true,"href":"https:\/\/hudo.com\/si\/wp-json\/wp\/v2\/supertag?post=249058"}],"curies":[{"name":"wp","href":"https:\/\/api.w.org\/{rel}","templated":true}]}}