{"id":24907,"date":"2016-04-08T19:44:00","date_gmt":"2016-04-08T17:44:00","guid":{"rendered":"http:\/\/hudo.com\/si\/2016\/04\/08\/ze-na-zacetku-le-mansa-se-obeta-prava-zmesnjava\/"},"modified":"2016-04-09T15:16:46","modified_gmt":"2016-04-09T13:16:46","slug":"ze-na-zacetku-le-mansa-se-obeta-prava-zmesnjava","status":"publish","type":"post","link":"https:\/\/hudo.com\/si\/aktualno\/ze-na-zacetku-le-mansa-se-obeta-prava-zmesnjava\/","title":{"rendered":"\u017de na za\u010detku Le Mansa se obeta prava zme\u0161njava"},"content":{"rendered":"<p>Kategorija: Avtomoto Fri, 08 Apr 2016 21:44:00 +0200  Le Mans &#8211; \u010ce\u0161ko-francoska motociklisti\u010dna naveza Luka\u0161 Pe\u0161ek-Mathieu Gines-Kenny Foray (Penz13.com BMW) si je s \u010dasom 1:38,201 zagotovila najbolj\u0161i \u0161tartni polo\u017eaj za znamenito 24-urno dirko v Le Mansu, ki se bo jutri za\u010dela ob 15. uri. Yamaha Austria, pri kateri se zaradi v\u010deraj\u0161njega grdega padca \u0160panca Ivana Silve nastop nasmiha \u00bbrezervistu\u00ab Igorju Jermanu, je kvalifikacije med 57 ekipami kon\u010dala kot tretja (1:38,932), slova\u0161ka zasedba Maco Yamaha z Markom Jermanom bo \u0161tartala s 17. mesta (1:40,955), \u010de\u0161ko mo\u0161tvo IVR BMW CSEU z Janezom Prosenikom pa s 25. polo\u017eaja (1:42,266). \u00bbZa odmeven dose\u017eek bo treba preizku\u0161njo prestati brez padcev, kar pa ne bo preprosto, saj je vremenska napoved za ta konec tedna v Le Mansu obupna. Tik pred \u0161tartom naj bi se namre\u010d mo\u010dno ulilo, tako da je \u017ee na za\u010detku na stezi\u00a0&#8230;<\/p>\n","protected":false},"excerpt":{"rendered":"<p>Kategorija: Avtomoto Fri, 08 Apr 2016 21:44:00 +0200  Le Mans &#8211; \u010ce\u0161ko-francoska motociklisti\u010dna naveza Luka\u0161 Pe\u0161ek-Mathieu Gines-Kenny Foray (Penz13.com BMW) si je s \u010dasom 1:38,201 zagotovila najbolj\u0161i \u0161tartni polo\u017eaj za znamenito 24-urno dirko v Le Mansu, ki se bo jutri za\u010dela ob 15. uri. Yamaha Austria, pri kateri se zaradi v\u010deraj\u0161njega grdega padca \u0160panca Ivana Silve nastop nasmiha \u00bbrezervistu\u00ab Igorju Jermanu, je kvalifikacije med 57 ekipami kon\u010dala kot tretja (1:38,932), slova\u0161ka zasedba Maco Yamaha z Markom Jermanom bo \u0161tartala s 17. mesta (1:40,955), \u010de\u0161ko mo\u0161tvo IVR BMW CSEU z Janezom Prosenikom pa s 25. polo\u017eaja (1:42,266). \u00bbZa odmeven dose\u017eek bo treba preizku\u0161njo prestati brez padcev, kar pa ne bo preprosto, saj je vremenska napoved za ta konec tedna v Le Mansu obupna. Tik pred \u0161tartom naj bi se namre\u010d mo\u010dno ulilo, tako da je \u017ee na za\u010detku na stezi\u00a0&#8230;<\/p>\n","protected":false},"author":1,"featured_media":0,"comment_status":"closed","ping_status":"closed","sticky":false,"template":"","format":"standard","meta":{"footnotes":""},"categories":[1179],"tags":[],"source":[4511],"supertag":[],"acf":[],"yoast_head":"<!-- This site is optimized with the Yoast SEO plugin v21.3 - https:\/\/yoast.com\/wordpress\/plugins\/seo\/ -->\n<title>\u017de na za\u010detku Le Mansa se obeta prava zme\u0161njava - Hudo Slovenija<\/title>\n<meta name=\"robots\" content=\"index, follow, max-snippet:-1, max-image-preview:large, max-video-preview:-1\" \/>\n<link rel=\"canonical\" href=\"https:\/\/hudo.com\/si\/aktualno\/ze-na-zacetku-le-mansa-se-obeta-prava-zmesnjava\/\" \/>\n<meta property=\"og:locale\" content=\"sl_SI\" \/>\n<meta property=\"og:type\" content=\"article\" \/>\n<meta property=\"og:title\" content=\"\u017de na za\u010detku Le Mansa se obeta prava zme\u0161njava - Hudo Slovenija\" \/>\n<meta property=\"og:description\" content=\"Kategorija: Avtomoto Fri, 08 Apr 2016 21:44:00 +0200 Le Mans - \u010ce\u0161ko-francoska motociklisti\u010dna naveza Luka\u0161 Pe\u0161ek-Mathieu Gines-Kenny Foray (Penz13.com BMW) si je s \u010dasom 1:38,201 zagotovila najbolj\u0161i \u0161tartni polo\u017eaj za znamenito 24-urno dirko v Le Mansu, ki se bo jutri za\u010dela ob 15. uri. Yamaha Austria, pri kateri se zaradi v\u010deraj\u0161njega grdega padca \u0160panca Ivana Silve nastop nasmiha \u00bbrezervistu\u00ab Igorju Jermanu, je kvalifikacije med 57 ekipami kon\u010dala kot tretja (1:38,932), slova\u0161ka zasedba Maco Yamaha z Markom Jermanom bo \u0161tartala s 17. mesta (1:40,955), \u010de\u0161ko mo\u0161tvo IVR BMW CSEU z Janezom Prosenikom pa s 25. polo\u017eaja (1:42,266). \u00bbZa odmeven dose\u017eek bo treba preizku\u0161njo prestati brez padcev, kar pa ne bo preprosto, saj je vremenska napoved za ta konec tedna v Le Mansu obupna. Tik pred \u0161tartom naj bi se namre\u010d mo\u010dno ulilo, tako da je \u017ee na za\u010detku na stezi\u00a0...\" \/>\n<meta property=\"og:url\" content=\"https:\/\/hudo.com\/si\/aktualno\/ze-na-zacetku-le-mansa-se-obeta-prava-zmesnjava\/\" \/>\n<meta property=\"og:site_name\" content=\"Hudo Slovenija\" \/>\n<meta property=\"article:publisher\" content=\"https:\/\/www.facebook.com\/hudo.si\" \/>\n<meta property=\"article:published_time\" content=\"2016-04-08T17:44:00+00:00\" \/>\n<meta property=\"article:modified_time\" content=\"2016-04-09T13:16:46+00:00\" \/>\n<meta property=\"og:image\" content=\"https:\/\/hudo.com\/si\/wp-content\/uploads\/sites\/2\/2016\/04\/480x290_Jerman.jpeg\" \/>\n\t<meta property=\"og:image:width\" content=\"480\" \/>\n\t<meta property=\"og:image:height\" content=\"290\" \/>\n\t<meta property=\"og:image:type\" content=\"image\/jpeg\" \/>\n<meta name=\"author\" content=\"hudo\" \/>\n<meta name=\"twitter:card\" content=\"summary_large_image\" \/>\n<meta name=\"twitter:creator\" content=\"@hudo_si\" \/>\n<meta name=\"twitter:site\" content=\"@hudo_si\" \/>\n<meta name=\"twitter:label1\" content=\"Written by\" \/>\n\t<meta name=\"twitter:data1\" content=\"hudo\" \/>\n\t<meta name=\"twitter:label2\" content=\"Est. reading time\" \/>\n\t<meta name=\"twitter:data2\" content=\"1 minuta\" \/>\n<script type=\"application\/ld+json\" class=\"yoast-schema-graph\">{\"@context\":\"https:\/\/schema.org\",\"@graph\":[{\"@type\":\"Article\",\"@id\":\"https:\/\/hudo.com\/si\/aktualno\/ze-na-zacetku-le-mansa-se-obeta-prava-zmesnjava\/#article\",\"isPartOf\":{\"@id\":\"https:\/\/hudo.com\/si\/aktualno\/ze-na-zacetku-le-mansa-se-obeta-prava-zmesnjava\/\"},\"author\":{\"name\":\"hudo\",\"@id\":\"https:\/\/hudo.com\/si\/#\/schema\/person\/601cf3379633985b20f7e50f2bb47707\"},\"headline\":\"\u017de na za\u010detku Le Mansa se obeta prava zme\u0161njava\",\"datePublished\":\"2016-04-08T17:44:00+00:00\",\"dateModified\":\"2016-04-09T13:16:46+00:00\",\"mainEntityOfPage\":{\"@id\":\"https:\/\/hudo.com\/si\/aktualno\/ze-na-zacetku-le-mansa-se-obeta-prava-zmesnjava\/\"},\"wordCount\":156,\"publisher\":{\"@id\":\"https:\/\/hudo.com\/si\/#organization\"},\"articleSection\":[\"Aktualno\"],\"inLanguage\":\"sl-SI\"},{\"@type\":\"WebPage\",\"@id\":\"https:\/\/hudo.com\/si\/aktualno\/ze-na-zacetku-le-mansa-se-obeta-prava-zmesnjava\/\",\"url\":\"https:\/\/hudo.com\/si\/aktualno\/ze-na-zacetku-le-mansa-se-obeta-prava-zmesnjava\/\",\"name\":\"\u017de na za\u010detku Le Mansa se obeta prava zme\u0161njava - Hudo Slovenija\",\"isPartOf\":{\"@id\":\"https:\/\/hudo.com\/si\/#website\"},\"datePublished\":\"2016-04-08T17:44:00+00:00\",\"dateModified\":\"2016-04-09T13:16:46+00:00\",\"breadcrumb\":{\"@id\":\"https:\/\/hudo.com\/si\/aktualno\/ze-na-zacetku-le-mansa-se-obeta-prava-zmesnjava\/#breadcrumb\"},\"inLanguage\":\"sl-SI\",\"potentialAction\":[{\"@type\":\"ReadAction\",\"target\":[\"https:\/\/hudo.com\/si\/aktualno\/ze-na-zacetku-le-mansa-se-obeta-prava-zmesnjava\/\"]}]},{\"@type\":\"BreadcrumbList\",\"@id\":\"https:\/\/hudo.com\/si\/aktualno\/ze-na-zacetku-le-mansa-se-obeta-prava-zmesnjava\/#breadcrumb\",\"itemListElement\":[{\"@type\":\"ListItem\",\"position\":1,\"name\":\"Home\",\"item\":\"https:\/\/hudo.com\/si\/\"},{\"@type\":\"ListItem\",\"position\":2,\"name\":\"\u017de na za\u010detku Le Mansa se obeta prava zme\u0161njava\"}]},{\"@type\":\"WebSite\",\"@id\":\"https:\/\/hudo.com\/si\/#website\",\"url\":\"https:\/\/hudo.com\/si\/\",\"name\":\"Hudo Slovenija\",\"description\":\"Vse novice iz Slovenije in sveta\",\"publisher\":{\"@id\":\"https:\/\/hudo.com\/si\/#organization\"},\"potentialAction\":[{\"@type\":\"SearchAction\",\"target\":{\"@type\":\"EntryPoint\",\"urlTemplate\":\"https:\/\/hudo.com\/si\/?s={search_term_string}\"},\"query-input\":\"required name=search_term_string\"}],\"inLanguage\":\"sl-SI\"},{\"@type\":\"Organization\",\"@id\":\"https:\/\/hudo.com\/si\/#organization\",\"name\":\"VSN Media\",\"url\":\"https:\/\/hudo.com\/si\/\",\"logo\":{\"@type\":\"ImageObject\",\"inLanguage\":\"sl-SI\",\"@id\":\"https:\/\/hudo.com\/si\/#\/schema\/logo\/image\/\",\"url\":\"https:\/\/hudo.com\/si\/wp-content\/uploads\/sites\/2\/2021\/03\/hudo-app-2.png\",\"contentUrl\":\"https:\/\/hudo.com\/si\/wp-content\/uploads\/sites\/2\/2021\/03\/hudo-app-2.png\",\"width\":2185,\"height\":2167,\"caption\":\"VSN Media\"},\"image\":{\"@id\":\"https:\/\/hudo.com\/si\/#\/schema\/logo\/image\/\"},\"sameAs\":[\"https:\/\/www.facebook.com\/hudo.si\",\"https:\/\/twitter.com\/hudo_si\"]},{\"@type\":\"Person\",\"@id\":\"https:\/\/hudo.com\/si\/#\/schema\/person\/601cf3379633985b20f7e50f2bb47707\",\"name\":\"hudo\",\"image\":{\"@type\":\"ImageObject\",\"inLanguage\":\"sl-SI\",\"@id\":\"https:\/\/hudo.com\/si\/#\/schema\/person\/image\/\",\"url\":\"https:\/\/secure.gravatar.com\/avatar\/c4ca25fa72cace7a696b52ff5db9e095?s=96&d=mm&r=g\",\"contentUrl\":\"https:\/\/secure.gravatar.com\/avatar\/c4ca25fa72cace7a696b52ff5db9e095?s=96&d=mm&r=g\",\"caption\":\"hudo\"},\"url\":\"https:\/\/hudo.com\/si\/author\/hudo\/\"}]}<\/script>\n<!-- \/ Yoast SEO plugin. -->","yoast_head_json":{"title":"\u017de na za\u010detku Le Mansa se obeta prava zme\u0161njava - Hudo Slovenija","robots":{"index":"index","follow":"follow","max-snippet":"max-snippet:-1","max-image-preview":"max-image-preview:large","max-video-preview":"max-video-preview:-1"},"canonical":"https:\/\/hudo.com\/si\/aktualno\/ze-na-zacetku-le-mansa-se-obeta-prava-zmesnjava\/","og_locale":"sl_SI","og_type":"article","og_title":"\u017de na za\u010detku Le Mansa se obeta prava zme\u0161njava - Hudo Slovenija","og_description":"Kategorija: Avtomoto Fri, 08 Apr 2016 21:44:00 +0200 Le Mans - \u010ce\u0161ko-francoska motociklisti\u010dna naveza Luka\u0161 Pe\u0161ek-Mathieu Gines-Kenny Foray (Penz13.com BMW) si je s \u010dasom 1:38,201 zagotovila najbolj\u0161i \u0161tartni polo\u017eaj za znamenito 24-urno dirko v Le Mansu, ki se bo jutri za\u010dela ob 15. uri. Yamaha Austria, pri kateri se zaradi v\u010deraj\u0161njega grdega padca \u0160panca Ivana Silve nastop nasmiha \u00bbrezervistu\u00ab Igorju Jermanu, je kvalifikacije med 57 ekipami kon\u010dala kot tretja (1:38,932), slova\u0161ka zasedba Maco Yamaha z Markom Jermanom bo \u0161tartala s 17. mesta (1:40,955), \u010de\u0161ko mo\u0161tvo IVR BMW CSEU z Janezom Prosenikom pa s 25. polo\u017eaja (1:42,266). \u00bbZa odmeven dose\u017eek bo treba preizku\u0161njo prestati brez padcev, kar pa ne bo preprosto, saj je vremenska napoved za ta konec tedna v Le Mansu obupna. Tik pred \u0161tartom naj bi se namre\u010d mo\u010dno ulilo, tako da je \u017ee na za\u010detku na stezi\u00a0...","og_url":"https:\/\/hudo.com\/si\/aktualno\/ze-na-zacetku-le-mansa-se-obeta-prava-zmesnjava\/","og_site_name":"Hudo Slovenija","article_publisher":"https:\/\/www.facebook.com\/hudo.si","article_published_time":"2016-04-08T17:44:00+00:00","article_modified_time":"2016-04-09T13:16:46+00:00","og_image":[{"width":480,"height":290,"url":"https:\/\/hudo.com\/si\/wp-content\/uploads\/sites\/2\/2016\/04\/480x290_Jerman.jpeg","type":"image\/jpeg"}],"author":"hudo","twitter_card":"summary_large_image","twitter_creator":"@hudo_si","twitter_site":"@hudo_si","twitter_misc":{"Written by":"hudo","Est. reading time":"1 minuta"},"schema":{"@context":"https:\/\/schema.org","@graph":[{"@type":"Article","@id":"https:\/\/hudo.com\/si\/aktualno\/ze-na-zacetku-le-mansa-se-obeta-prava-zmesnjava\/#article","isPartOf":{"@id":"https:\/\/hudo.com\/si\/aktualno\/ze-na-zacetku-le-mansa-se-obeta-prava-zmesnjava\/"},"author":{"name":"hudo","@id":"https:\/\/hudo.com\/si\/#\/schema\/person\/601cf3379633985b20f7e50f2bb47707"},"headline":"\u017de na za\u010detku Le Mansa se obeta prava zme\u0161njava","datePublished":"2016-04-08T17:44:00+00:00","dateModified":"2016-04-09T13:16:46+00:00","mainEntityOfPage":{"@id":"https:\/\/hudo.com\/si\/aktualno\/ze-na-zacetku-le-mansa-se-obeta-prava-zmesnjava\/"},"wordCount":156,"publisher":{"@id":"https:\/\/hudo.com\/si\/#organization"},"articleSection":["Aktualno"],"inLanguage":"sl-SI"},{"@type":"WebPage","@id":"https:\/\/hudo.com\/si\/aktualno\/ze-na-zacetku-le-mansa-se-obeta-prava-zmesnjava\/","url":"https:\/\/hudo.com\/si\/aktualno\/ze-na-zacetku-le-mansa-se-obeta-prava-zmesnjava\/","name":"\u017de na za\u010detku Le Mansa se obeta prava zme\u0161njava - Hudo Slovenija","isPartOf":{"@id":"https:\/\/hudo.com\/si\/#website"},"datePublished":"2016-04-08T17:44:00+00:00","dateModified":"2016-04-09T13:16:46+00:00","breadcrumb":{"@id":"https:\/\/hudo.com\/si\/aktualno\/ze-na-zacetku-le-mansa-se-obeta-prava-zmesnjava\/#breadcrumb"},"inLanguage":"sl-SI","potentialAction":[{"@type":"ReadAction","target":["https:\/\/hudo.com\/si\/aktualno\/ze-na-zacetku-le-mansa-se-obeta-prava-zmesnjava\/"]}]},{"@type":"BreadcrumbList","@id":"https:\/\/hudo.com\/si\/aktualno\/ze-na-zacetku-le-mansa-se-obeta-prava-zmesnjava\/#breadcrumb","itemListElement":[{"@type":"ListItem","position":1,"name":"Home","item":"https:\/\/hudo.com\/si\/"},{"@type":"ListItem","position":2,"name":"\u017de na za\u010detku Le Mansa se obeta prava zme\u0161njava"}]},{"@type":"WebSite","@id":"https:\/\/hudo.com\/si\/#website","url":"https:\/\/hudo.com\/si\/","name":"Hudo Slovenija","description":"Vse novice iz Slovenije in sveta","publisher":{"@id":"https:\/\/hudo.com\/si\/#organization"},"potentialAction":[{"@type":"SearchAction","target":{"@type":"EntryPoint","urlTemplate":"https:\/\/hudo.com\/si\/?s={search_term_string}"},"query-input":"required name=search_term_string"}],"inLanguage":"sl-SI"},{"@type":"Organization","@id":"https:\/\/hudo.com\/si\/#organization","name":"VSN Media","url":"https:\/\/hudo.com\/si\/","logo":{"@type":"ImageObject","inLanguage":"sl-SI","@id":"https:\/\/hudo.com\/si\/#\/schema\/logo\/image\/","url":"https:\/\/hudo.com\/si\/wp-content\/uploads\/sites\/2\/2021\/03\/hudo-app-2.png","contentUrl":"https:\/\/hudo.com\/si\/wp-content\/uploads\/sites\/2\/2021\/03\/hudo-app-2.png","width":2185,"height":2167,"caption":"VSN Media"},"image":{"@id":"https:\/\/hudo.com\/si\/#\/schema\/logo\/image\/"},"sameAs":["https:\/\/www.facebook.com\/hudo.si","https:\/\/twitter.com\/hudo_si"]},{"@type":"Person","@id":"https:\/\/hudo.com\/si\/#\/schema\/person\/601cf3379633985b20f7e50f2bb47707","name":"hudo","image":{"@type":"ImageObject","inLanguage":"sl-SI","@id":"https:\/\/hudo.com\/si\/#\/schema\/person\/image\/","url":"https:\/\/secure.gravatar.com\/avatar\/c4ca25fa72cace7a696b52ff5db9e095?s=96&d=mm&r=g","contentUrl":"https:\/\/secure.gravatar.com\/avatar\/c4ca25fa72cace7a696b52ff5db9e095?s=96&d=mm&r=g","caption":"hudo"},"url":"https:\/\/hudo.com\/si\/author\/hudo\/"}]}},"amp_enabled":true,"_links":{"self":[{"href":"https:\/\/hudo.com\/si\/wp-json\/wp\/v2\/posts\/24907"}],"collection":[{"href":"https:\/\/hudo.com\/si\/wp-json\/wp\/v2\/posts"}],"about":[{"href":"https:\/\/hudo.com\/si\/wp-json\/wp\/v2\/types\/post"}],"author":[{"embeddable":true,"href":"https:\/\/hudo.com\/si\/wp-json\/wp\/v2\/users\/1"}],"replies":[{"embeddable":true,"href":"https:\/\/hudo.com\/si\/wp-json\/wp\/v2\/comments?post=24907"}],"version-history":[{"count":1,"href":"https:\/\/hudo.com\/si\/wp-json\/wp\/v2\/posts\/24907\/revisions"}],"predecessor-version":[{"id":24989,"href":"https:\/\/hudo.com\/si\/wp-json\/wp\/v2\/posts\/24907\/revisions\/24989"}],"wp:attachment":[{"href":"https:\/\/hudo.com\/si\/wp-json\/wp\/v2\/media?parent=24907"}],"wp:term":[{"taxonomy":"category","embeddable":true,"href":"https:\/\/hudo.com\/si\/wp-json\/wp\/v2\/categories?post=24907"},{"taxonomy":"post_tag","embeddable":true,"href":"https:\/\/hudo.com\/si\/wp-json\/wp\/v2\/tags?post=24907"},{"taxonomy":"source","embeddable":true,"href":"https:\/\/hudo.com\/si\/wp-json\/wp\/v2\/source?post=24907"},{"taxonomy":"supertag","embeddable":true,"href":"https:\/\/hudo.com\/si\/wp-json\/wp\/v2\/supertag?post=24907"}],"curies":[{"name":"wp","href":"https:\/\/api.w.org\/{rel}","templated":true}]}}