{"id":249082,"date":"2017-04-28T19:56:00","date_gmt":"2017-04-28T17:56:00","guid":{"rendered":"http:\/\/hudo.com\/si\/2017\/04\/28\/srbija-zaradi-dogodkov-v-makedoniji-dvignila-bojno-pripravljenost-vojske\/"},"modified":"2017-04-29T08:11:46","modified_gmt":"2017-04-29T06:11:46","slug":"srbija-zaradi-dogodkov-v-makedoniji-dvignila-bojno-pripravljenost-vojske","status":"publish","type":"post","link":"https:\/\/hudo.com\/si\/aktualno\/srbija-zaradi-dogodkov-v-makedoniji-dvignila-bojno-pripravljenost-vojske\/","title":{"rendered":"Srbija zaradi dogodkov v Makedoniji dvignila bojno pripravljenost vojske"},"content":{"rendered":"<p>Srbija je stabilna in mirna, bojno pripravljenost vojske smo dvignili tam, kjer je potrebno, je danes po sestanku urada za koordinacijo varnostnih slu\u017eb sporo\u010dil srbski premier Aleksandar Vu\u010di\u0107. Za srbsko televizijo RTS je dejal, da niso objavili sklepov, ker gre za voja\u0161ke in druge skrivnosti, a zagotovil, da so srbski dr\u017eavljani lahko mirni. &#8220;Dvignili smo funkcionalno interoperabilnost oziroma bojno pripravljenost enot tam, kjer je potrebno. Pripravljeni smo odgovoriti na vsak izziv. Na\u0161 najvi\u0161ji in vitalni cilj je ohranitev stabilnosti,&#8221; je dejal. Vojska in policija da delata no\u010d in dan: &#8220;Takti\u010dne premike so izvedli tam, kjer je bilo potrebno. in dr\u017eavljani lahko mirno spijo,&#8221; je dejal. Ni pa \u017eelel jasno odgovoriti, ali so premike izvedli v smeri Makedonije in ali obstaja nevarnost prelivanja nestabilnosti v Srbijo. Po \u010detrtkovem nasilju v makedonskem parlamentu, v katerem sta bili ranjeni 102 osebi, je ponovil, da bo Srbija ostala stabilna, ter dodal, da ni lagal, ko je pred meseci opozarjal na probleme v regiji, ker je to sedaj razvidno. Pred tem je v odzivu na dogajanje v Makedoniji danes \u017ee poudaril, da to, kar se dogaja v Makedoniji, ni samo makedonska te\u017eava, pa\u010d pa te\u017eava vseh, ki \u017eivijo v regiji. Makedonske dr\u017eavljane je pozval, da te\u017eave re\u0161ujejo na miren na\u010din. Hkrati se je zavzel za najbolj\u0161e odnose med Srbijo in Makedonijo.<\/p>\n","protected":false},"excerpt":{"rendered":"<p>Srbija je stabilna in mirna, bojno pripravljenost vojske smo dvignili tam, kjer je potrebno, je danes po sestanku urada za koordinacijo varnostnih slu\u017eb sporo\u010dil srbski premier Aleksandar Vu\u010di\u0107. Za srbsko televizijo RTS je dejal, da niso objavili sklepov, ker gre za voja\u0161ke in druge skrivnosti, a zagotovil, da so srbski dr\u017eavljani lahko mirni. &#8220;Dvignili smo funkcionalno interoperabilnost oziroma bojno pripravljenost enot tam, kjer je potrebno. Pripravljeni smo odgovoriti na vsak izziv. Na\u0161 najvi\u0161ji in vitalni cilj je ohranitev stabilnosti,&#8221; je dejal. Vojska in policija da delata no\u010d in dan: &#8220;Takti\u010dne premike so izvedli tam, kjer je bilo potrebno. in dr\u017eavljani lahko mirno spijo,&#8221; je dejal. Ni pa \u017eelel jasno odgovoriti, ali so premike izvedli v smeri Makedonije in ali obstaja nevarnost prelivanja nestabilnosti v Srbijo. Po \u010detrtkovem nasilju v makedonskem parlamentu, v katerem sta bili ranjeni 102 osebi, je ponovil, da bo Srbija ostala stabilna, ter dodal, da ni lagal, ko je pred meseci opozarjal na probleme v regiji, ker je to sedaj razvidno. Pred tem je v odzivu na dogajanje v Makedoniji danes \u017ee poudaril, da to, kar se dogaja v Makedoniji, ni samo makedonska te\u017eava, pa\u010d pa te\u017eava vseh, ki \u017eivijo v regiji. Makedonske dr\u017eavljane je pozval, da te\u017eave re\u0161ujejo na miren na\u010din. Hkrati se je zavzel za najbolj\u0161e odnose med Srbijo in Makedonijo.<\/p>\n","protected":false},"author":1,"featured_media":0,"comment_status":"closed","ping_status":"closed","sticky":false,"template":"","format":"standard","meta":{"footnotes":""},"categories":[1179],"tags":[],"source":[1711],"supertag":[],"acf":[],"yoast_head":"<!-- This site is optimized with the Yoast SEO plugin v21.3 - https:\/\/yoast.com\/wordpress\/plugins\/seo\/ -->\n<title>Srbija zaradi dogodkov v Makedoniji dvignila bojno pripravljenost vojske - Hudo Slovenija<\/title>\n<meta name=\"robots\" content=\"index, follow, max-snippet:-1, max-image-preview:large, max-video-preview:-1\" \/>\n<link rel=\"canonical\" href=\"https:\/\/hudo.com\/si\/aktualno\/srbija-zaradi-dogodkov-v-makedoniji-dvignila-bojno-pripravljenost-vojske\/\" \/>\n<meta property=\"og:locale\" content=\"sl_SI\" \/>\n<meta property=\"og:type\" content=\"article\" \/>\n<meta property=\"og:title\" content=\"Srbija zaradi dogodkov v Makedoniji dvignila bojno pripravljenost vojske - Hudo Slovenija\" \/>\n<meta property=\"og:description\" content=\"Srbija je stabilna in mirna, bojno pripravljenost vojske smo dvignili tam, kjer je potrebno, je danes po sestanku urada za koordinacijo varnostnih slu\u017eb sporo\u010dil srbski premier Aleksandar Vu\u010di\u0107. Za srbsko televizijo RTS je dejal, da niso objavili sklepov, ker gre za voja\u0161ke in druge skrivnosti, a zagotovil, da so srbski dr\u017eavljani lahko mirni. &quot;Dvignili smo funkcionalno interoperabilnost oziroma bojno pripravljenost enot tam, kjer je potrebno. Pripravljeni smo odgovoriti na vsak izziv. Na\u0161 najvi\u0161ji in vitalni cilj je ohranitev stabilnosti,&quot; je dejal. Vojska in policija da delata no\u010d in dan: &quot;Takti\u010dne premike so izvedli tam, kjer je bilo potrebno. in dr\u017eavljani lahko mirno spijo,&quot; je dejal. Ni pa \u017eelel jasno odgovoriti, ali so premike izvedli v smeri Makedonije in ali obstaja nevarnost prelivanja nestabilnosti v Srbijo. Po \u010detrtkovem nasilju v makedonskem parlamentu, v katerem sta bili ranjeni 102 osebi, je ponovil, da bo Srbija ostala stabilna, ter dodal, da ni lagal, ko je pred meseci opozarjal na probleme v regiji, ker je to sedaj razvidno. Pred tem je v odzivu na dogajanje v Makedoniji danes \u017ee poudaril, da to, kar se dogaja v Makedoniji, ni samo makedonska te\u017eava, pa\u010d pa te\u017eava vseh, ki \u017eivijo v regiji. Makedonske dr\u017eavljane je pozval, da te\u017eave re\u0161ujejo na miren na\u010din. Hkrati se je zavzel za najbolj\u0161e odnose med Srbijo in Makedonijo.\" \/>\n<meta property=\"og:url\" content=\"https:\/\/hudo.com\/si\/aktualno\/srbija-zaradi-dogodkov-v-makedoniji-dvignila-bojno-pripravljenost-vojske\/\" \/>\n<meta property=\"og:site_name\" content=\"Hudo Slovenija\" \/>\n<meta property=\"article:publisher\" content=\"https:\/\/www.facebook.com\/hudo.si\" \/>\n<meta property=\"article:published_time\" content=\"2017-04-28T17:56:00+00:00\" \/>\n<meta property=\"article:modified_time\" content=\"2017-04-29T06:11:46+00:00\" \/>\n<meta property=\"og:image\" content=\"https:\/\/hudo.com\/si\/wp-content\/uploads\/sites\/2\/2017\/04\/01515656F-300.jpg\" \/>\n\t<meta property=\"og:image:width\" content=\"450\" \/>\n\t<meta property=\"og:image:height\" content=\"305\" \/>\n\t<meta property=\"og:image:type\" content=\"image\/jpeg\" \/>\n<meta name=\"author\" content=\"hudo\" \/>\n<meta name=\"twitter:card\" content=\"summary_large_image\" \/>\n<meta name=\"twitter:creator\" content=\"@hudo_si\" \/>\n<meta name=\"twitter:site\" content=\"@hudo_si\" \/>\n<meta name=\"twitter:label1\" content=\"Written by\" \/>\n\t<meta name=\"twitter:data1\" content=\"hudo\" \/>\n\t<meta name=\"twitter:label2\" content=\"Est. reading time\" \/>\n\t<meta name=\"twitter:data2\" content=\"1 minuta\" \/>\n<script type=\"application\/ld+json\" class=\"yoast-schema-graph\">{\"@context\":\"https:\/\/schema.org\",\"@graph\":[{\"@type\":\"Article\",\"@id\":\"https:\/\/hudo.com\/si\/aktualno\/srbija-zaradi-dogodkov-v-makedoniji-dvignila-bojno-pripravljenost-vojske\/#article\",\"isPartOf\":{\"@id\":\"https:\/\/hudo.com\/si\/aktualno\/srbija-zaradi-dogodkov-v-makedoniji-dvignila-bojno-pripravljenost-vojske\/\"},\"author\":{\"name\":\"hudo\",\"@id\":\"https:\/\/hudo.com\/si\/#\/schema\/person\/601cf3379633985b20f7e50f2bb47707\"},\"headline\":\"Srbija zaradi dogodkov v Makedoniji dvignila bojno pripravljenost vojske\",\"datePublished\":\"2017-04-28T17:56:00+00:00\",\"dateModified\":\"2017-04-29T06:11:46+00:00\",\"mainEntityOfPage\":{\"@id\":\"https:\/\/hudo.com\/si\/aktualno\/srbija-zaradi-dogodkov-v-makedoniji-dvignila-bojno-pripravljenost-vojske\/\"},\"wordCount\":239,\"publisher\":{\"@id\":\"https:\/\/hudo.com\/si\/#organization\"},\"articleSection\":[\"Aktualno\"],\"inLanguage\":\"sl-SI\"},{\"@type\":\"WebPage\",\"@id\":\"https:\/\/hudo.com\/si\/aktualno\/srbija-zaradi-dogodkov-v-makedoniji-dvignila-bojno-pripravljenost-vojske\/\",\"url\":\"https:\/\/hudo.com\/si\/aktualno\/srbija-zaradi-dogodkov-v-makedoniji-dvignila-bojno-pripravljenost-vojske\/\",\"name\":\"Srbija zaradi dogodkov v Makedoniji dvignila bojno pripravljenost vojske - Hudo Slovenija\",\"isPartOf\":{\"@id\":\"https:\/\/hudo.com\/si\/#website\"},\"datePublished\":\"2017-04-28T17:56:00+00:00\",\"dateModified\":\"2017-04-29T06:11:46+00:00\",\"breadcrumb\":{\"@id\":\"https:\/\/hudo.com\/si\/aktualno\/srbija-zaradi-dogodkov-v-makedoniji-dvignila-bojno-pripravljenost-vojske\/#breadcrumb\"},\"inLanguage\":\"sl-SI\",\"potentialAction\":[{\"@type\":\"ReadAction\",\"target\":[\"https:\/\/hudo.com\/si\/aktualno\/srbija-zaradi-dogodkov-v-makedoniji-dvignila-bojno-pripravljenost-vojske\/\"]}]},{\"@type\":\"BreadcrumbList\",\"@id\":\"https:\/\/hudo.com\/si\/aktualno\/srbija-zaradi-dogodkov-v-makedoniji-dvignila-bojno-pripravljenost-vojske\/#breadcrumb\",\"itemListElement\":[{\"@type\":\"ListItem\",\"position\":1,\"name\":\"Home\",\"item\":\"https:\/\/hudo.com\/si\/\"},{\"@type\":\"ListItem\",\"position\":2,\"name\":\"Srbija zaradi dogodkov v Makedoniji dvignila bojno pripravljenost vojske\"}]},{\"@type\":\"WebSite\",\"@id\":\"https:\/\/hudo.com\/si\/#website\",\"url\":\"https:\/\/hudo.com\/si\/\",\"name\":\"Hudo Slovenija\",\"description\":\"Vse novice iz Slovenije in sveta\",\"publisher\":{\"@id\":\"https:\/\/hudo.com\/si\/#organization\"},\"potentialAction\":[{\"@type\":\"SearchAction\",\"target\":{\"@type\":\"EntryPoint\",\"urlTemplate\":\"https:\/\/hudo.com\/si\/?s={search_term_string}\"},\"query-input\":\"required name=search_term_string\"}],\"inLanguage\":\"sl-SI\"},{\"@type\":\"Organization\",\"@id\":\"https:\/\/hudo.com\/si\/#organization\",\"name\":\"VSN Media\",\"url\":\"https:\/\/hudo.com\/si\/\",\"logo\":{\"@type\":\"ImageObject\",\"inLanguage\":\"sl-SI\",\"@id\":\"https:\/\/hudo.com\/si\/#\/schema\/logo\/image\/\",\"url\":\"https:\/\/hudo.com\/si\/wp-content\/uploads\/sites\/2\/2021\/03\/hudo-app-2.png\",\"contentUrl\":\"https:\/\/hudo.com\/si\/wp-content\/uploads\/sites\/2\/2021\/03\/hudo-app-2.png\",\"width\":2185,\"height\":2167,\"caption\":\"VSN Media\"},\"image\":{\"@id\":\"https:\/\/hudo.com\/si\/#\/schema\/logo\/image\/\"},\"sameAs\":[\"https:\/\/www.facebook.com\/hudo.si\",\"https:\/\/twitter.com\/hudo_si\"]},{\"@type\":\"Person\",\"@id\":\"https:\/\/hudo.com\/si\/#\/schema\/person\/601cf3379633985b20f7e50f2bb47707\",\"name\":\"hudo\",\"image\":{\"@type\":\"ImageObject\",\"inLanguage\":\"sl-SI\",\"@id\":\"https:\/\/hudo.com\/si\/#\/schema\/person\/image\/\",\"url\":\"https:\/\/secure.gravatar.com\/avatar\/c4ca25fa72cace7a696b52ff5db9e095?s=96&d=mm&r=g\",\"contentUrl\":\"https:\/\/secure.gravatar.com\/avatar\/c4ca25fa72cace7a696b52ff5db9e095?s=96&d=mm&r=g\",\"caption\":\"hudo\"},\"url\":\"https:\/\/hudo.com\/si\/author\/hudo\/\"}]}<\/script>\n<!-- \/ Yoast SEO plugin. -->","yoast_head_json":{"title":"Srbija zaradi dogodkov v Makedoniji dvignila bojno pripravljenost vojske - Hudo Slovenija","robots":{"index":"index","follow":"follow","max-snippet":"max-snippet:-1","max-image-preview":"max-image-preview:large","max-video-preview":"max-video-preview:-1"},"canonical":"https:\/\/hudo.com\/si\/aktualno\/srbija-zaradi-dogodkov-v-makedoniji-dvignila-bojno-pripravljenost-vojske\/","og_locale":"sl_SI","og_type":"article","og_title":"Srbija zaradi dogodkov v Makedoniji dvignila bojno pripravljenost vojske - Hudo Slovenija","og_description":"Srbija je stabilna in mirna, bojno pripravljenost vojske smo dvignili tam, kjer je potrebno, je danes po sestanku urada za koordinacijo varnostnih slu\u017eb sporo\u010dil srbski premier Aleksandar Vu\u010di\u0107. Za srbsko televizijo RTS je dejal, da niso objavili sklepov, ker gre za voja\u0161ke in druge skrivnosti, a zagotovil, da so srbski dr\u017eavljani lahko mirni. \"Dvignili smo funkcionalno interoperabilnost oziroma bojno pripravljenost enot tam, kjer je potrebno. Pripravljeni smo odgovoriti na vsak izziv. Na\u0161 najvi\u0161ji in vitalni cilj je ohranitev stabilnosti,\" je dejal. Vojska in policija da delata no\u010d in dan: \"Takti\u010dne premike so izvedli tam, kjer je bilo potrebno. in dr\u017eavljani lahko mirno spijo,\" je dejal. Ni pa \u017eelel jasno odgovoriti, ali so premike izvedli v smeri Makedonije in ali obstaja nevarnost prelivanja nestabilnosti v Srbijo. Po \u010detrtkovem nasilju v makedonskem parlamentu, v katerem sta bili ranjeni 102 osebi, je ponovil, da bo Srbija ostala stabilna, ter dodal, da ni lagal, ko je pred meseci opozarjal na probleme v regiji, ker je to sedaj razvidno. Pred tem je v odzivu na dogajanje v Makedoniji danes \u017ee poudaril, da to, kar se dogaja v Makedoniji, ni samo makedonska te\u017eava, pa\u010d pa te\u017eava vseh, ki \u017eivijo v regiji. Makedonske dr\u017eavljane je pozval, da te\u017eave re\u0161ujejo na miren na\u010din. Hkrati se je zavzel za najbolj\u0161e odnose med Srbijo in Makedonijo.","og_url":"https:\/\/hudo.com\/si\/aktualno\/srbija-zaradi-dogodkov-v-makedoniji-dvignila-bojno-pripravljenost-vojske\/","og_site_name":"Hudo Slovenija","article_publisher":"https:\/\/www.facebook.com\/hudo.si","article_published_time":"2017-04-28T17:56:00+00:00","article_modified_time":"2017-04-29T06:11:46+00:00","og_image":[{"width":450,"height":305,"url":"https:\/\/hudo.com\/si\/wp-content\/uploads\/sites\/2\/2017\/04\/01515656F-300.jpg","type":"image\/jpeg"}],"author":"hudo","twitter_card":"summary_large_image","twitter_creator":"@hudo_si","twitter_site":"@hudo_si","twitter_misc":{"Written by":"hudo","Est. reading time":"1 minuta"},"schema":{"@context":"https:\/\/schema.org","@graph":[{"@type":"Article","@id":"https:\/\/hudo.com\/si\/aktualno\/srbija-zaradi-dogodkov-v-makedoniji-dvignila-bojno-pripravljenost-vojske\/#article","isPartOf":{"@id":"https:\/\/hudo.com\/si\/aktualno\/srbija-zaradi-dogodkov-v-makedoniji-dvignila-bojno-pripravljenost-vojske\/"},"author":{"name":"hudo","@id":"https:\/\/hudo.com\/si\/#\/schema\/person\/601cf3379633985b20f7e50f2bb47707"},"headline":"Srbija zaradi dogodkov v Makedoniji dvignila bojno pripravljenost vojske","datePublished":"2017-04-28T17:56:00+00:00","dateModified":"2017-04-29T06:11:46+00:00","mainEntityOfPage":{"@id":"https:\/\/hudo.com\/si\/aktualno\/srbija-zaradi-dogodkov-v-makedoniji-dvignila-bojno-pripravljenost-vojske\/"},"wordCount":239,"publisher":{"@id":"https:\/\/hudo.com\/si\/#organization"},"articleSection":["Aktualno"],"inLanguage":"sl-SI"},{"@type":"WebPage","@id":"https:\/\/hudo.com\/si\/aktualno\/srbija-zaradi-dogodkov-v-makedoniji-dvignila-bojno-pripravljenost-vojske\/","url":"https:\/\/hudo.com\/si\/aktualno\/srbija-zaradi-dogodkov-v-makedoniji-dvignila-bojno-pripravljenost-vojske\/","name":"Srbija zaradi dogodkov v Makedoniji dvignila bojno pripravljenost vojske - Hudo Slovenija","isPartOf":{"@id":"https:\/\/hudo.com\/si\/#website"},"datePublished":"2017-04-28T17:56:00+00:00","dateModified":"2017-04-29T06:11:46+00:00","breadcrumb":{"@id":"https:\/\/hudo.com\/si\/aktualno\/srbija-zaradi-dogodkov-v-makedoniji-dvignila-bojno-pripravljenost-vojske\/#breadcrumb"},"inLanguage":"sl-SI","potentialAction":[{"@type":"ReadAction","target":["https:\/\/hudo.com\/si\/aktualno\/srbija-zaradi-dogodkov-v-makedoniji-dvignila-bojno-pripravljenost-vojske\/"]}]},{"@type":"BreadcrumbList","@id":"https:\/\/hudo.com\/si\/aktualno\/srbija-zaradi-dogodkov-v-makedoniji-dvignila-bojno-pripravljenost-vojske\/#breadcrumb","itemListElement":[{"@type":"ListItem","position":1,"name":"Home","item":"https:\/\/hudo.com\/si\/"},{"@type":"ListItem","position":2,"name":"Srbija zaradi dogodkov v Makedoniji dvignila bojno pripravljenost vojske"}]},{"@type":"WebSite","@id":"https:\/\/hudo.com\/si\/#website","url":"https:\/\/hudo.com\/si\/","name":"Hudo Slovenija","description":"Vse novice iz Slovenije in sveta","publisher":{"@id":"https:\/\/hudo.com\/si\/#organization"},"potentialAction":[{"@type":"SearchAction","target":{"@type":"EntryPoint","urlTemplate":"https:\/\/hudo.com\/si\/?s={search_term_string}"},"query-input":"required name=search_term_string"}],"inLanguage":"sl-SI"},{"@type":"Organization","@id":"https:\/\/hudo.com\/si\/#organization","name":"VSN Media","url":"https:\/\/hudo.com\/si\/","logo":{"@type":"ImageObject","inLanguage":"sl-SI","@id":"https:\/\/hudo.com\/si\/#\/schema\/logo\/image\/","url":"https:\/\/hudo.com\/si\/wp-content\/uploads\/sites\/2\/2021\/03\/hudo-app-2.png","contentUrl":"https:\/\/hudo.com\/si\/wp-content\/uploads\/sites\/2\/2021\/03\/hudo-app-2.png","width":2185,"height":2167,"caption":"VSN Media"},"image":{"@id":"https:\/\/hudo.com\/si\/#\/schema\/logo\/image\/"},"sameAs":["https:\/\/www.facebook.com\/hudo.si","https:\/\/twitter.com\/hudo_si"]},{"@type":"Person","@id":"https:\/\/hudo.com\/si\/#\/schema\/person\/601cf3379633985b20f7e50f2bb47707","name":"hudo","image":{"@type":"ImageObject","inLanguage":"sl-SI","@id":"https:\/\/hudo.com\/si\/#\/schema\/person\/image\/","url":"https:\/\/secure.gravatar.com\/avatar\/c4ca25fa72cace7a696b52ff5db9e095?s=96&d=mm&r=g","contentUrl":"https:\/\/secure.gravatar.com\/avatar\/c4ca25fa72cace7a696b52ff5db9e095?s=96&d=mm&r=g","caption":"hudo"},"url":"https:\/\/hudo.com\/si\/author\/hudo\/"}]}},"amp_enabled":true,"_links":{"self":[{"href":"https:\/\/hudo.com\/si\/wp-json\/wp\/v2\/posts\/249082"}],"collection":[{"href":"https:\/\/hudo.com\/si\/wp-json\/wp\/v2\/posts"}],"about":[{"href":"https:\/\/hudo.com\/si\/wp-json\/wp\/v2\/types\/post"}],"author":[{"embeddable":true,"href":"https:\/\/hudo.com\/si\/wp-json\/wp\/v2\/users\/1"}],"replies":[{"embeddable":true,"href":"https:\/\/hudo.com\/si\/wp-json\/wp\/v2\/comments?post=249082"}],"version-history":[{"count":1,"href":"https:\/\/hudo.com\/si\/wp-json\/wp\/v2\/posts\/249082\/revisions"}],"predecessor-version":[{"id":249137,"href":"https:\/\/hudo.com\/si\/wp-json\/wp\/v2\/posts\/249082\/revisions\/249137"}],"wp:attachment":[{"href":"https:\/\/hudo.com\/si\/wp-json\/wp\/v2\/media?parent=249082"}],"wp:term":[{"taxonomy":"category","embeddable":true,"href":"https:\/\/hudo.com\/si\/wp-json\/wp\/v2\/categories?post=249082"},{"taxonomy":"post_tag","embeddable":true,"href":"https:\/\/hudo.com\/si\/wp-json\/wp\/v2\/tags?post=249082"},{"taxonomy":"source","embeddable":true,"href":"https:\/\/hudo.com\/si\/wp-json\/wp\/v2\/source?post=249082"},{"taxonomy":"supertag","embeddable":true,"href":"https:\/\/hudo.com\/si\/wp-json\/wp\/v2\/supertag?post=249082"}],"curies":[{"name":"wp","href":"https:\/\/api.w.org\/{rel}","templated":true}]}}