{"id":251085,"date":"2017-05-04T15:30:00","date_gmt":"2017-05-04T13:30:00","guid":{"rendered":"http:\/\/hudo.com\/si\/2017\/05\/04\/madzarsko-tozilstvo-za-dosmrtni-zapor-zaradi-71-mrtvih-beguncev\/"},"modified":"2017-05-04T15:30:00","modified_gmt":"2017-05-04T13:30:00","slug":"madzarsko-tozilstvo-za-dosmrtni-zapor-zaradi-71-mrtvih-beguncev","status":"publish","type":"post","link":"https:\/\/hudo.com\/si\/aktualno\/madzarsko-tozilstvo-za-dosmrtni-zapor-zaradi-71-mrtvih-beguncev\/","title":{"rendered":"Mad\u017earsko to\u017eilstvo za dosmrtni zapor zaradi 71 mrtvih beguncev"},"content":{"rendered":"<p>Mad\u017earsko to\u017eilstvo zahteva dosmrtni zapor za \u010detverico odgovornih za smrt 71 beguncev, ki so jih leta 2015 na\u0161li v zapu\u0161\u010denem tovornjaku na avstrijski avtocesti. Afganistanec in trije Bolgari so obto\u017eeni ve\u010dkratnega okrutnega umora in trgovanja z ljudmi, je danes v Kecskemetu sporo\u010dil to\u017eilec Laszlo Nanasi. Sojenje naj bi se za\u010delo junija. Poleg \u010detverice, ki naj bi bili vodje kriminalne zdru\u017ebe, ki se je ukvarjala s tihotapljenjem migrantov in beguncev na zahod, se je na zato\u017eni klopi zna\u0161lo \u0161e sedem \u010dlanov te zdru\u017ebe, ve\u010dinoma dr\u017eavljanov Bolgarije in Libanona. Za njih to\u017eilstvo zaradi tihotapljenja ljudi zahteva ve\u010dletne zaporne kazni v strogo varovanem zaporu. Devet osumljencev &#8211; med njimi tudi \u010detverica voditeljev kriminalne zdru\u017ebe &#8211; je trenutno v priporu na Mad\u017earskem, eden pa je priprt v Bolgariji. Enajst ljudi \u0161e i\u0161\u010dejo. Odkritje 71 nesre\u010dnikov, ki so se zadu\u0161ili v tovornem prostoru hladilnega tovornjaka, je sredi begunske krize leta 2015 mo\u010dno pretreslo tako avstrijsko kot mad\u017earsko in drugo evropsko javnost. Zapu\u0161\u010deni tovornjak so na\u0161li 27. avgusta 2015 v avstrijski de\u017eeli Gradi\u0161\u010danska kmalu za mejo z Mad\u017earsko. Zapu\u0161\u010den je bil \u017ee nekaj dni. Preiskava je pokazala, da so bili \u017ertve ve\u010dinoma begunci iz Sirije, Iraka in Afganistana. Med njimi so bili tudi otroci. V tovornjak so jih nalo\u017eili na mad\u017earsko-srbski meji, nato pa peljali prek Budimpe\u0161te v Avstrijo. Obdukcija je nakazala, da so najverjetneje umrli zaradi pomanjkanja kisika \u017ee kmalu po tem, ko je tovornjak zapustil Budimpe\u0161to. Tudi zato primer zdaj obravnavajo mad\u017earske in ne avstrijske oblasti. &#8220;Odgovorni so vseskozi vedeli, da se migranti du\u0161ijo, vendar niso storili ni\u010desar, da bi jim pomagali,&#8221; je utemeljil tiskovni predstavnik mad\u017earskega to\u017eilstva Gabor Schmidt. To\u017eilec Nanasi je dodal, da omenjeni transport 71 nesre\u010dnikov, ki so umrli v tem tovornjaku, ni bil edini, ki ga je izvedla kriminalna zdru\u017eba. Delovala je med februarjem in avgustom 2015, od junija tistega leta pa je prakti\u010dno dnevno<\/p>\n","protected":false},"excerpt":{"rendered":"<p>Mad\u017earsko to\u017eilstvo zahteva dosmrtni zapor za \u010detverico odgovornih za smrt 71 beguncev, ki so jih leta 2015 na\u0161li v zapu\u0161\u010denem tovornjaku na avstrijski avtocesti. Afganistanec in trije Bolgari so obto\u017eeni ve\u010dkratnega okrutnega umora in trgovanja z ljudmi, je danes v Kecskemetu sporo\u010dil to\u017eilec Laszlo Nanasi. Sojenje naj bi se za\u010delo junija. Poleg \u010detverice, ki naj bi bili vodje kriminalne zdru\u017ebe, ki se je ukvarjala s tihotapljenjem migrantov in beguncev na zahod, se je na zato\u017eni klopi zna\u0161lo \u0161e sedem \u010dlanov te zdru\u017ebe, ve\u010dinoma dr\u017eavljanov Bolgarije in Libanona. Za njih to\u017eilstvo zaradi tihotapljenja ljudi zahteva ve\u010dletne zaporne kazni v strogo varovanem zaporu. Devet osumljencev &#8211; med njimi tudi \u010detverica voditeljev kriminalne zdru\u017ebe &#8211; je trenutno v priporu na Mad\u017earskem, eden pa je priprt v Bolgariji. Enajst ljudi \u0161e i\u0161\u010dejo. Odkritje 71 nesre\u010dnikov, ki so se zadu\u0161ili v tovornem prostoru hladilnega tovornjaka, je sredi begunske krize leta 2015 mo\u010dno pretreslo tako avstrijsko kot mad\u017earsko in drugo evropsko javnost. Zapu\u0161\u010deni tovornjak so na\u0161li 27. avgusta 2015 v avstrijski de\u017eeli Gradi\u0161\u010danska kmalu za mejo z Mad\u017earsko. Zapu\u0161\u010den je bil \u017ee nekaj dni. Preiskava je pokazala, da so bili \u017ertve ve\u010dinoma begunci iz Sirije, Iraka in Afganistana. Med njimi so bili tudi otroci. V tovornjak so jih nalo\u017eili na mad\u017earsko-srbski meji, nato pa peljali prek Budimpe\u0161te v Avstrijo. Obdukcija je nakazala, da so najverjetneje umrli zaradi pomanjkanja kisika \u017ee kmalu po tem, ko je tovornjak zapustil Budimpe\u0161to. Tudi zato primer zdaj obravnavajo mad\u017earske in ne avstrijske oblasti. &#8220;Odgovorni so vseskozi vedeli, da se migranti du\u0161ijo, vendar niso storili ni\u010desar, da bi jim pomagali,&#8221; je utemeljil tiskovni predstavnik mad\u017earskega to\u017eilstva Gabor Schmidt. To\u017eilec Nanasi je dodal, da omenjeni transport 71 nesre\u010dnikov, ki so umrli v tem tovornjaku, ni bil edini, ki ga je izvedla kriminalna zdru\u017eba. Delovala je med februarjem in avgustom 2015, od junija tistega leta pa je prakti\u010dno dnevno<\/p>\n","protected":false},"author":1,"featured_media":0,"comment_status":"closed","ping_status":"closed","sticky":false,"template":"","format":"standard","meta":{"footnotes":""},"categories":[1179],"tags":[],"source":[1711],"supertag":[],"acf":[],"yoast_head":"<!-- This site is optimized with the Yoast SEO plugin v21.3 - https:\/\/yoast.com\/wordpress\/plugins\/seo\/ -->\n<title>Mad\u017earsko to\u017eilstvo za dosmrtni zapor zaradi 71 mrtvih beguncev - Hudo Slovenija<\/title>\n<meta name=\"robots\" content=\"index, follow, max-snippet:-1, max-image-preview:large, max-video-preview:-1\" \/>\n<link rel=\"canonical\" href=\"https:\/\/hudo.com\/si\/aktualno\/madzarsko-tozilstvo-za-dosmrtni-zapor-zaradi-71-mrtvih-beguncev\/\" \/>\n<meta property=\"og:locale\" content=\"sl_SI\" \/>\n<meta property=\"og:type\" content=\"article\" \/>\n<meta property=\"og:title\" content=\"Mad\u017earsko to\u017eilstvo za dosmrtni zapor zaradi 71 mrtvih beguncev - Hudo Slovenija\" \/>\n<meta property=\"og:description\" content=\"Mad\u017earsko to\u017eilstvo zahteva dosmrtni zapor za \u010detverico odgovornih za smrt 71 beguncev, ki so jih leta 2015 na\u0161li v zapu\u0161\u010denem tovornjaku na avstrijski avtocesti. Afganistanec in trije Bolgari so obto\u017eeni ve\u010dkratnega okrutnega umora in trgovanja z ljudmi, je danes v Kecskemetu sporo\u010dil to\u017eilec Laszlo Nanasi. Sojenje naj bi se za\u010delo junija. Poleg \u010detverice, ki naj bi bili vodje kriminalne zdru\u017ebe, ki se je ukvarjala s tihotapljenjem migrantov in beguncev na zahod, se je na zato\u017eni klopi zna\u0161lo \u0161e sedem \u010dlanov te zdru\u017ebe, ve\u010dinoma dr\u017eavljanov Bolgarije in Libanona. Za njih to\u017eilstvo zaradi tihotapljenja ljudi zahteva ve\u010dletne zaporne kazni v strogo varovanem zaporu. Devet osumljencev - med njimi tudi \u010detverica voditeljev kriminalne zdru\u017ebe - je trenutno v priporu na Mad\u017earskem, eden pa je priprt v Bolgariji. Enajst ljudi \u0161e i\u0161\u010dejo. Odkritje 71 nesre\u010dnikov, ki so se zadu\u0161ili v tovornem prostoru hladilnega tovornjaka, je sredi begunske krize leta 2015 mo\u010dno pretreslo tako avstrijsko kot mad\u017earsko in drugo evropsko javnost. Zapu\u0161\u010deni tovornjak so na\u0161li 27. avgusta 2015 v avstrijski de\u017eeli Gradi\u0161\u010danska kmalu za mejo z Mad\u017earsko. Zapu\u0161\u010den je bil \u017ee nekaj dni. Preiskava je pokazala, da so bili \u017ertve ve\u010dinoma begunci iz Sirije, Iraka in Afganistana. Med njimi so bili tudi otroci. V tovornjak so jih nalo\u017eili na mad\u017earsko-srbski meji, nato pa peljali prek Budimpe\u0161te v Avstrijo. Obdukcija je nakazala, da so najverjetneje umrli zaradi pomanjkanja kisika \u017ee kmalu po tem, ko je tovornjak zapustil Budimpe\u0161to. Tudi zato primer zdaj obravnavajo mad\u017earske in ne avstrijske oblasti. &quot;Odgovorni so vseskozi vedeli, da se migranti du\u0161ijo, vendar niso storili ni\u010desar, da bi jim pomagali,&quot; je utemeljil tiskovni predstavnik mad\u017earskega to\u017eilstva Gabor Schmidt. To\u017eilec Nanasi je dodal, da omenjeni transport 71 nesre\u010dnikov, ki so umrli v tem tovornjaku, ni bil edini, ki ga je izvedla kriminalna zdru\u017eba. Delovala je med februarjem in avgustom 2015, od junija tistega leta pa je prakti\u010dno dnevno\" \/>\n<meta property=\"og:url\" content=\"https:\/\/hudo.com\/si\/aktualno\/madzarsko-tozilstvo-za-dosmrtni-zapor-zaradi-71-mrtvih-beguncev\/\" \/>\n<meta property=\"og:site_name\" content=\"Hudo Slovenija\" \/>\n<meta property=\"article:publisher\" content=\"https:\/\/www.facebook.com\/hudo.si\" \/>\n<meta property=\"article:published_time\" content=\"2017-05-04T13:30:00+00:00\" \/>\n<meta property=\"og:image\" content=\"https:\/\/hudo.com\/si\/wp-content\/uploads\/sites\/2\/2017\/05\/05600464-300.jpg\" \/>\n\t<meta property=\"og:image:width\" content=\"450\" \/>\n\t<meta property=\"og:image:height\" content=\"300\" \/>\n\t<meta property=\"og:image:type\" content=\"image\/jpeg\" \/>\n<meta name=\"author\" content=\"hudo\" \/>\n<meta name=\"twitter:card\" content=\"summary_large_image\" \/>\n<meta name=\"twitter:creator\" content=\"@hudo_si\" \/>\n<meta name=\"twitter:site\" content=\"@hudo_si\" \/>\n<meta name=\"twitter:label1\" content=\"Written by\" \/>\n\t<meta name=\"twitter:data1\" content=\"hudo\" \/>\n\t<meta name=\"twitter:label2\" content=\"Est. reading time\" \/>\n\t<meta name=\"twitter:data2\" content=\"2 minuti\" \/>\n<script type=\"application\/ld+json\" class=\"yoast-schema-graph\">{\"@context\":\"https:\/\/schema.org\",\"@graph\":[{\"@type\":\"Article\",\"@id\":\"https:\/\/hudo.com\/si\/aktualno\/madzarsko-tozilstvo-za-dosmrtni-zapor-zaradi-71-mrtvih-beguncev\/#article\",\"isPartOf\":{\"@id\":\"https:\/\/hudo.com\/si\/aktualno\/madzarsko-tozilstvo-za-dosmrtni-zapor-zaradi-71-mrtvih-beguncev\/\"},\"author\":{\"name\":\"hudo\",\"@id\":\"https:\/\/hudo.com\/si\/#\/schema\/person\/601cf3379633985b20f7e50f2bb47707\"},\"headline\":\"Mad\u017earsko to\u017eilstvo za dosmrtni zapor zaradi 71 mrtvih beguncev\",\"datePublished\":\"2017-05-04T13:30:00+00:00\",\"dateModified\":\"2017-05-04T13:30:00+00:00\",\"mainEntityOfPage\":{\"@id\":\"https:\/\/hudo.com\/si\/aktualno\/madzarsko-tozilstvo-za-dosmrtni-zapor-zaradi-71-mrtvih-beguncev\/\"},\"wordCount\":351,\"publisher\":{\"@id\":\"https:\/\/hudo.com\/si\/#organization\"},\"articleSection\":[\"Aktualno\"],\"inLanguage\":\"sl-SI\"},{\"@type\":\"WebPage\",\"@id\":\"https:\/\/hudo.com\/si\/aktualno\/madzarsko-tozilstvo-za-dosmrtni-zapor-zaradi-71-mrtvih-beguncev\/\",\"url\":\"https:\/\/hudo.com\/si\/aktualno\/madzarsko-tozilstvo-za-dosmrtni-zapor-zaradi-71-mrtvih-beguncev\/\",\"name\":\"Mad\u017earsko to\u017eilstvo za dosmrtni zapor zaradi 71 mrtvih beguncev - Hudo Slovenija\",\"isPartOf\":{\"@id\":\"https:\/\/hudo.com\/si\/#website\"},\"datePublished\":\"2017-05-04T13:30:00+00:00\",\"dateModified\":\"2017-05-04T13:30:00+00:00\",\"breadcrumb\":{\"@id\":\"https:\/\/hudo.com\/si\/aktualno\/madzarsko-tozilstvo-za-dosmrtni-zapor-zaradi-71-mrtvih-beguncev\/#breadcrumb\"},\"inLanguage\":\"sl-SI\",\"potentialAction\":[{\"@type\":\"ReadAction\",\"target\":[\"https:\/\/hudo.com\/si\/aktualno\/madzarsko-tozilstvo-za-dosmrtni-zapor-zaradi-71-mrtvih-beguncev\/\"]}]},{\"@type\":\"BreadcrumbList\",\"@id\":\"https:\/\/hudo.com\/si\/aktualno\/madzarsko-tozilstvo-za-dosmrtni-zapor-zaradi-71-mrtvih-beguncev\/#breadcrumb\",\"itemListElement\":[{\"@type\":\"ListItem\",\"position\":1,\"name\":\"Home\",\"item\":\"https:\/\/hudo.com\/si\/\"},{\"@type\":\"ListItem\",\"position\":2,\"name\":\"Mad\u017earsko to\u017eilstvo za dosmrtni zapor zaradi 71 mrtvih beguncev\"}]},{\"@type\":\"WebSite\",\"@id\":\"https:\/\/hudo.com\/si\/#website\",\"url\":\"https:\/\/hudo.com\/si\/\",\"name\":\"Hudo Slovenija\",\"description\":\"Vse novice iz Slovenije in sveta\",\"publisher\":{\"@id\":\"https:\/\/hudo.com\/si\/#organization\"},\"potentialAction\":[{\"@type\":\"SearchAction\",\"target\":{\"@type\":\"EntryPoint\",\"urlTemplate\":\"https:\/\/hudo.com\/si\/?s={search_term_string}\"},\"query-input\":\"required name=search_term_string\"}],\"inLanguage\":\"sl-SI\"},{\"@type\":\"Organization\",\"@id\":\"https:\/\/hudo.com\/si\/#organization\",\"name\":\"VSN Media\",\"url\":\"https:\/\/hudo.com\/si\/\",\"logo\":{\"@type\":\"ImageObject\",\"inLanguage\":\"sl-SI\",\"@id\":\"https:\/\/hudo.com\/si\/#\/schema\/logo\/image\/\",\"url\":\"https:\/\/hudo.com\/si\/wp-content\/uploads\/sites\/2\/2021\/03\/hudo-app-2.png\",\"contentUrl\":\"https:\/\/hudo.com\/si\/wp-content\/uploads\/sites\/2\/2021\/03\/hudo-app-2.png\",\"width\":2185,\"height\":2167,\"caption\":\"VSN Media\"},\"image\":{\"@id\":\"https:\/\/hudo.com\/si\/#\/schema\/logo\/image\/\"},\"sameAs\":[\"https:\/\/www.facebook.com\/hudo.si\",\"https:\/\/twitter.com\/hudo_si\"]},{\"@type\":\"Person\",\"@id\":\"https:\/\/hudo.com\/si\/#\/schema\/person\/601cf3379633985b20f7e50f2bb47707\",\"name\":\"hudo\",\"image\":{\"@type\":\"ImageObject\",\"inLanguage\":\"sl-SI\",\"@id\":\"https:\/\/hudo.com\/si\/#\/schema\/person\/image\/\",\"url\":\"https:\/\/secure.gravatar.com\/avatar\/c4ca25fa72cace7a696b52ff5db9e095?s=96&d=mm&r=g\",\"contentUrl\":\"https:\/\/secure.gravatar.com\/avatar\/c4ca25fa72cace7a696b52ff5db9e095?s=96&d=mm&r=g\",\"caption\":\"hudo\"},\"url\":\"https:\/\/hudo.com\/si\/author\/hudo\/\"}]}<\/script>\n<!-- \/ Yoast SEO plugin. -->","yoast_head_json":{"title":"Mad\u017earsko to\u017eilstvo za dosmrtni zapor zaradi 71 mrtvih beguncev - Hudo Slovenija","robots":{"index":"index","follow":"follow","max-snippet":"max-snippet:-1","max-image-preview":"max-image-preview:large","max-video-preview":"max-video-preview:-1"},"canonical":"https:\/\/hudo.com\/si\/aktualno\/madzarsko-tozilstvo-za-dosmrtni-zapor-zaradi-71-mrtvih-beguncev\/","og_locale":"sl_SI","og_type":"article","og_title":"Mad\u017earsko to\u017eilstvo za dosmrtni zapor zaradi 71 mrtvih beguncev - Hudo Slovenija","og_description":"Mad\u017earsko to\u017eilstvo zahteva dosmrtni zapor za \u010detverico odgovornih za smrt 71 beguncev, ki so jih leta 2015 na\u0161li v zapu\u0161\u010denem tovornjaku na avstrijski avtocesti. Afganistanec in trije Bolgari so obto\u017eeni ve\u010dkratnega okrutnega umora in trgovanja z ljudmi, je danes v Kecskemetu sporo\u010dil to\u017eilec Laszlo Nanasi. Sojenje naj bi se za\u010delo junija. Poleg \u010detverice, ki naj bi bili vodje kriminalne zdru\u017ebe, ki se je ukvarjala s tihotapljenjem migrantov in beguncev na zahod, se je na zato\u017eni klopi zna\u0161lo \u0161e sedem \u010dlanov te zdru\u017ebe, ve\u010dinoma dr\u017eavljanov Bolgarije in Libanona. Za njih to\u017eilstvo zaradi tihotapljenja ljudi zahteva ve\u010dletne zaporne kazni v strogo varovanem zaporu. Devet osumljencev - med njimi tudi \u010detverica voditeljev kriminalne zdru\u017ebe - je trenutno v priporu na Mad\u017earskem, eden pa je priprt v Bolgariji. Enajst ljudi \u0161e i\u0161\u010dejo. Odkritje 71 nesre\u010dnikov, ki so se zadu\u0161ili v tovornem prostoru hladilnega tovornjaka, je sredi begunske krize leta 2015 mo\u010dno pretreslo tako avstrijsko kot mad\u017earsko in drugo evropsko javnost. Zapu\u0161\u010deni tovornjak so na\u0161li 27. avgusta 2015 v avstrijski de\u017eeli Gradi\u0161\u010danska kmalu za mejo z Mad\u017earsko. Zapu\u0161\u010den je bil \u017ee nekaj dni. Preiskava je pokazala, da so bili \u017ertve ve\u010dinoma begunci iz Sirije, Iraka in Afganistana. Med njimi so bili tudi otroci. V tovornjak so jih nalo\u017eili na mad\u017earsko-srbski meji, nato pa peljali prek Budimpe\u0161te v Avstrijo. Obdukcija je nakazala, da so najverjetneje umrli zaradi pomanjkanja kisika \u017ee kmalu po tem, ko je tovornjak zapustil Budimpe\u0161to. Tudi zato primer zdaj obravnavajo mad\u017earske in ne avstrijske oblasti. \"Odgovorni so vseskozi vedeli, da se migranti du\u0161ijo, vendar niso storili ni\u010desar, da bi jim pomagali,\" je utemeljil tiskovni predstavnik mad\u017earskega to\u017eilstva Gabor Schmidt. To\u017eilec Nanasi je dodal, da omenjeni transport 71 nesre\u010dnikov, ki so umrli v tem tovornjaku, ni bil edini, ki ga je izvedla kriminalna zdru\u017eba. Delovala je med februarjem in avgustom 2015, od junija tistega leta pa je prakti\u010dno dnevno","og_url":"https:\/\/hudo.com\/si\/aktualno\/madzarsko-tozilstvo-za-dosmrtni-zapor-zaradi-71-mrtvih-beguncev\/","og_site_name":"Hudo Slovenija","article_publisher":"https:\/\/www.facebook.com\/hudo.si","article_published_time":"2017-05-04T13:30:00+00:00","og_image":[{"width":450,"height":300,"url":"https:\/\/hudo.com\/si\/wp-content\/uploads\/sites\/2\/2017\/05\/05600464-300.jpg","type":"image\/jpeg"}],"author":"hudo","twitter_card":"summary_large_image","twitter_creator":"@hudo_si","twitter_site":"@hudo_si","twitter_misc":{"Written by":"hudo","Est. reading time":"2 minuti"},"schema":{"@context":"https:\/\/schema.org","@graph":[{"@type":"Article","@id":"https:\/\/hudo.com\/si\/aktualno\/madzarsko-tozilstvo-za-dosmrtni-zapor-zaradi-71-mrtvih-beguncev\/#article","isPartOf":{"@id":"https:\/\/hudo.com\/si\/aktualno\/madzarsko-tozilstvo-za-dosmrtni-zapor-zaradi-71-mrtvih-beguncev\/"},"author":{"name":"hudo","@id":"https:\/\/hudo.com\/si\/#\/schema\/person\/601cf3379633985b20f7e50f2bb47707"},"headline":"Mad\u017earsko to\u017eilstvo za dosmrtni zapor zaradi 71 mrtvih beguncev","datePublished":"2017-05-04T13:30:00+00:00","dateModified":"2017-05-04T13:30:00+00:00","mainEntityOfPage":{"@id":"https:\/\/hudo.com\/si\/aktualno\/madzarsko-tozilstvo-za-dosmrtni-zapor-zaradi-71-mrtvih-beguncev\/"},"wordCount":351,"publisher":{"@id":"https:\/\/hudo.com\/si\/#organization"},"articleSection":["Aktualno"],"inLanguage":"sl-SI"},{"@type":"WebPage","@id":"https:\/\/hudo.com\/si\/aktualno\/madzarsko-tozilstvo-za-dosmrtni-zapor-zaradi-71-mrtvih-beguncev\/","url":"https:\/\/hudo.com\/si\/aktualno\/madzarsko-tozilstvo-za-dosmrtni-zapor-zaradi-71-mrtvih-beguncev\/","name":"Mad\u017earsko to\u017eilstvo za dosmrtni zapor zaradi 71 mrtvih beguncev - Hudo Slovenija","isPartOf":{"@id":"https:\/\/hudo.com\/si\/#website"},"datePublished":"2017-05-04T13:30:00+00:00","dateModified":"2017-05-04T13:30:00+00:00","breadcrumb":{"@id":"https:\/\/hudo.com\/si\/aktualno\/madzarsko-tozilstvo-za-dosmrtni-zapor-zaradi-71-mrtvih-beguncev\/#breadcrumb"},"inLanguage":"sl-SI","potentialAction":[{"@type":"ReadAction","target":["https:\/\/hudo.com\/si\/aktualno\/madzarsko-tozilstvo-za-dosmrtni-zapor-zaradi-71-mrtvih-beguncev\/"]}]},{"@type":"BreadcrumbList","@id":"https:\/\/hudo.com\/si\/aktualno\/madzarsko-tozilstvo-za-dosmrtni-zapor-zaradi-71-mrtvih-beguncev\/#breadcrumb","itemListElement":[{"@type":"ListItem","position":1,"name":"Home","item":"https:\/\/hudo.com\/si\/"},{"@type":"ListItem","position":2,"name":"Mad\u017earsko to\u017eilstvo za dosmrtni zapor zaradi 71 mrtvih beguncev"}]},{"@type":"WebSite","@id":"https:\/\/hudo.com\/si\/#website","url":"https:\/\/hudo.com\/si\/","name":"Hudo Slovenija","description":"Vse novice iz Slovenije in sveta","publisher":{"@id":"https:\/\/hudo.com\/si\/#organization"},"potentialAction":[{"@type":"SearchAction","target":{"@type":"EntryPoint","urlTemplate":"https:\/\/hudo.com\/si\/?s={search_term_string}"},"query-input":"required name=search_term_string"}],"inLanguage":"sl-SI"},{"@type":"Organization","@id":"https:\/\/hudo.com\/si\/#organization","name":"VSN Media","url":"https:\/\/hudo.com\/si\/","logo":{"@type":"ImageObject","inLanguage":"sl-SI","@id":"https:\/\/hudo.com\/si\/#\/schema\/logo\/image\/","url":"https:\/\/hudo.com\/si\/wp-content\/uploads\/sites\/2\/2021\/03\/hudo-app-2.png","contentUrl":"https:\/\/hudo.com\/si\/wp-content\/uploads\/sites\/2\/2021\/03\/hudo-app-2.png","width":2185,"height":2167,"caption":"VSN Media"},"image":{"@id":"https:\/\/hudo.com\/si\/#\/schema\/logo\/image\/"},"sameAs":["https:\/\/www.facebook.com\/hudo.si","https:\/\/twitter.com\/hudo_si"]},{"@type":"Person","@id":"https:\/\/hudo.com\/si\/#\/schema\/person\/601cf3379633985b20f7e50f2bb47707","name":"hudo","image":{"@type":"ImageObject","inLanguage":"sl-SI","@id":"https:\/\/hudo.com\/si\/#\/schema\/person\/image\/","url":"https:\/\/secure.gravatar.com\/avatar\/c4ca25fa72cace7a696b52ff5db9e095?s=96&d=mm&r=g","contentUrl":"https:\/\/secure.gravatar.com\/avatar\/c4ca25fa72cace7a696b52ff5db9e095?s=96&d=mm&r=g","caption":"hudo"},"url":"https:\/\/hudo.com\/si\/author\/hudo\/"}]}},"amp_enabled":true,"_links":{"self":[{"href":"https:\/\/hudo.com\/si\/wp-json\/wp\/v2\/posts\/251085"}],"collection":[{"href":"https:\/\/hudo.com\/si\/wp-json\/wp\/v2\/posts"}],"about":[{"href":"https:\/\/hudo.com\/si\/wp-json\/wp\/v2\/types\/post"}],"author":[{"embeddable":true,"href":"https:\/\/hudo.com\/si\/wp-json\/wp\/v2\/users\/1"}],"replies":[{"embeddable":true,"href":"https:\/\/hudo.com\/si\/wp-json\/wp\/v2\/comments?post=251085"}],"version-history":[{"count":0,"href":"https:\/\/hudo.com\/si\/wp-json\/wp\/v2\/posts\/251085\/revisions"}],"wp:attachment":[{"href":"https:\/\/hudo.com\/si\/wp-json\/wp\/v2\/media?parent=251085"}],"wp:term":[{"taxonomy":"category","embeddable":true,"href":"https:\/\/hudo.com\/si\/wp-json\/wp\/v2\/categories?post=251085"},{"taxonomy":"post_tag","embeddable":true,"href":"https:\/\/hudo.com\/si\/wp-json\/wp\/v2\/tags?post=251085"},{"taxonomy":"source","embeddable":true,"href":"https:\/\/hudo.com\/si\/wp-json\/wp\/v2\/source?post=251085"},{"taxonomy":"supertag","embeddable":true,"href":"https:\/\/hudo.com\/si\/wp-json\/wp\/v2\/supertag?post=251085"}],"curies":[{"name":"wp","href":"https:\/\/api.w.org\/{rel}","templated":true}]}}