{"id":251087,"date":"2017-05-04T15:20:00","date_gmt":"2017-05-04T13:20:00","guid":{"rendered":"http:\/\/hudo.com\/si\/2017\/05\/04\/stirje-gradovi-na-ravnem-polju\/"},"modified":"2017-05-04T15:20:00","modified_gmt":"2017-05-04T13:20:00","slug":"stirje-gradovi-na-ravnem-polju","status":"publish","type":"post","link":"https:\/\/hudo.com\/si\/aktualno\/stirje-gradovi-na-ravnem-polju\/","title":{"rendered":"\u0160tirje gradovi na ravnem polju"},"content":{"rendered":"<p>V leto\u0161njem letu bodo v dvorcu in parku Dornava potekala le redna vzdr\u017eevalna dela. Za stro\u0161ke elektri\u010dne energije, kurilnega olja, vzdr\u017eevanja okolice, popravil in upravni\u0161kih storitev tako letos na\u010drtujemo okrog 31 tiso\u010d evrov,&#8221; so na vpra\u0161anje, kak\u0161ni \u010dasi se obetajo baro\u010dnemu dvorcu Dornava, odgovorili na ministrstvu za kulturo. In to potem, ko je dornavski \u017eupan Rajko Jan\u017eekovi\u010d pred nekaj tedni na in\u0161pektorat za kulturno dedi\u0161\u010dino ovadil to isto ministrstvo, ker da ne skrbi za svojo lastnino, \u017ee pred leti pa je ministrstvu tudi vrnil klju\u010de dvorca, ki nezadr\u017eno propada. Borl po\u010dasi re\u0161ujejo Jan\u017eekovi\u010d odnos do na\u0161e kulturne dedi\u0161\u010dine povezuje z aktualno politiko in v tej lu\u010di vidi tudi obnovo gradu Borl. Tega je marca obiskala poslanska skupina SMC, lansko jesen so tam \u017ee stekla nujna obnovitvena dela, povezana s sanacijo zaradi vlage, odvodnjavanjem in popravilom strehe, letos in v prihodnjih letih se bodo dela nadaljevala. Tako napoveduje tudi ministrstvo, ki za obnovo namenja poldrugi milijon evrov. Za\u010detek del je predviden v letu 2018. Dela bodo zajemala obnovo vhodnega atrija ter severovzhodnega in severozahodnega trakta, ki ga obdajata. Ministrstvo bo v letu 2017 financiralo projektno in investicijsko dokumentacijo, za kar je v prora\u010dunu predvidenih okoli 60 tiso\u010d evrov.        Slavica PI\u010cERKO PEKLAR Lansko jesen so stekla najnujnej\u0161a vzdr\u017eevalna dela na gradu Borl.   Dogajanja z gradom budno spremljajo \u010dlani Dru\u0161tva za o\u017eivitev gradu Borl, ki zdaj zbirajo predloge o namenski rabi prostorov ter organizaciji dogodkov in prireditev na gradu in pred njim. Obnovo borlskega gradu dr\u017eava povezuje z varstvom in obnovo biotske raznovrstnosti, v povezavi z Naturo 2000, kar bi bilo mogo\u010de raz\u0161iriti tudi na grad Turni\u0161\u010de, saj se tudi ta pona\u0161a z naravnim okoljem. A grad z okoli\u0161kimi stavbami propada. Ministrstvo za kulturo je grad Turni\u0161\u010de septembra 2013 brezpla\u010dno preneslo na Mestno ob\u010dino Ptuj. Ta je lani pridobila konservatorski na\u010drt za prenovo celotnega komple<\/p>\n","protected":false},"excerpt":{"rendered":"<p>V leto\u0161njem letu bodo v dvorcu in parku Dornava potekala le redna vzdr\u017eevalna dela. Za stro\u0161ke elektri\u010dne energije, kurilnega olja, vzdr\u017eevanja okolice, popravil in upravni\u0161kih storitev tako letos na\u010drtujemo okrog 31 tiso\u010d evrov,&#8221; so na vpra\u0161anje, kak\u0161ni \u010dasi se obetajo baro\u010dnemu dvorcu Dornava, odgovorili na ministrstvu za kulturo. In to potem, ko je dornavski \u017eupan Rajko Jan\u017eekovi\u010d pred nekaj tedni na in\u0161pektorat za kulturno dedi\u0161\u010dino ovadil to isto ministrstvo, ker da ne skrbi za svojo lastnino, \u017ee pred leti pa je ministrstvu tudi vrnil klju\u010de dvorca, ki nezadr\u017eno propada. Borl po\u010dasi re\u0161ujejo Jan\u017eekovi\u010d odnos do na\u0161e kulturne dedi\u0161\u010dine povezuje z aktualno politiko in v tej lu\u010di vidi tudi obnovo gradu Borl. Tega je marca obiskala poslanska skupina SMC, lansko jesen so tam \u017ee stekla nujna obnovitvena dela, povezana s sanacijo zaradi vlage, odvodnjavanjem in popravilom strehe, letos in v prihodnjih letih se bodo dela nadaljevala. Tako napoveduje tudi ministrstvo, ki za obnovo namenja poldrugi milijon evrov. Za\u010detek del je predviden v letu 2018. Dela bodo zajemala obnovo vhodnega atrija ter severovzhodnega in severozahodnega trakta, ki ga obdajata. Ministrstvo bo v letu 2017 financiralo projektno in investicijsko dokumentacijo, za kar je v prora\u010dunu predvidenih okoli 60 tiso\u010d evrov.        Slavica PI\u010cERKO PEKLAR Lansko jesen so stekla najnujnej\u0161a vzdr\u017eevalna dela na gradu Borl.   Dogajanja z gradom budno spremljajo \u010dlani Dru\u0161tva za o\u017eivitev gradu Borl, ki zdaj zbirajo predloge o namenski rabi prostorov ter organizaciji dogodkov in prireditev na gradu in pred njim. Obnovo borlskega gradu dr\u017eava povezuje z varstvom in obnovo biotske raznovrstnosti, v povezavi z Naturo 2000, kar bi bilo mogo\u010de raz\u0161iriti tudi na grad Turni\u0161\u010de, saj se tudi ta pona\u0161a z naravnim okoljem. A grad z okoli\u0161kimi stavbami propada. Ministrstvo za kulturo je grad Turni\u0161\u010de septembra 2013 brezpla\u010dno preneslo na Mestno ob\u010dino Ptuj. Ta je lani pridobila konservatorski na\u010drt za prenovo celotnega komple<\/p>\n","protected":false},"author":1,"featured_media":0,"comment_status":"closed","ping_status":"closed","sticky":false,"template":"","format":"standard","meta":{"footnotes":""},"categories":[1179],"tags":[],"source":[1711],"supertag":[],"acf":[],"yoast_head":"<!-- This site is optimized with the Yoast SEO plugin v21.3 - https:\/\/yoast.com\/wordpress\/plugins\/seo\/ -->\n<title>\u0160tirje gradovi na ravnem polju - Hudo Slovenija<\/title>\n<meta name=\"robots\" content=\"index, follow, max-snippet:-1, max-image-preview:large, max-video-preview:-1\" \/>\n<link rel=\"canonical\" href=\"https:\/\/hudo.com\/si\/aktualno\/stirje-gradovi-na-ravnem-polju\/\" \/>\n<meta property=\"og:locale\" content=\"sl_SI\" \/>\n<meta property=\"og:type\" content=\"article\" \/>\n<meta property=\"og:title\" content=\"\u0160tirje gradovi na ravnem polju - Hudo Slovenija\" \/>\n<meta property=\"og:description\" content=\"V leto\u0161njem letu bodo v dvorcu in parku Dornava potekala le redna vzdr\u017eevalna dela. Za stro\u0161ke elektri\u010dne energije, kurilnega olja, vzdr\u017eevanja okolice, popravil in upravni\u0161kih storitev tako letos na\u010drtujemo okrog 31 tiso\u010d evrov,&quot; so na vpra\u0161anje, kak\u0161ni \u010dasi se obetajo baro\u010dnemu dvorcu Dornava, odgovorili na ministrstvu za kulturo. In to potem, ko je dornavski \u017eupan Rajko Jan\u017eekovi\u010d pred nekaj tedni na in\u0161pektorat za kulturno dedi\u0161\u010dino ovadil to isto ministrstvo, ker da ne skrbi za svojo lastnino, \u017ee pred leti pa je ministrstvu tudi vrnil klju\u010de dvorca, ki nezadr\u017eno propada. Borl po\u010dasi re\u0161ujejo Jan\u017eekovi\u010d odnos do na\u0161e kulturne dedi\u0161\u010dine povezuje z aktualno politiko in v tej lu\u010di vidi tudi obnovo gradu Borl. Tega je marca obiskala poslanska skupina SMC, lansko jesen so tam \u017ee stekla nujna obnovitvena dela, povezana s sanacijo zaradi vlage, odvodnjavanjem in popravilom strehe, letos in v prihodnjih letih se bodo dela nadaljevala. Tako napoveduje tudi ministrstvo, ki za obnovo namenja poldrugi milijon evrov. Za\u010detek del je predviden v letu 2018. Dela bodo zajemala obnovo vhodnega atrija ter severovzhodnega in severozahodnega trakta, ki ga obdajata. Ministrstvo bo v letu 2017 financiralo projektno in investicijsko dokumentacijo, za kar je v prora\u010dunu predvidenih okoli 60 tiso\u010d evrov.    Slavica PI\u010cERKO PEKLAR Lansko jesen so stekla najnujnej\u0161a vzdr\u017eevalna dela na gradu Borl.  Dogajanja z gradom budno spremljajo \u010dlani Dru\u0161tva za o\u017eivitev gradu Borl, ki zdaj zbirajo predloge o namenski rabi prostorov ter organizaciji dogodkov in prireditev na gradu in pred njim. Obnovo borlskega gradu dr\u017eava povezuje z varstvom in obnovo biotske raznovrstnosti, v povezavi z Naturo 2000, kar bi bilo mogo\u010de raz\u0161iriti tudi na grad Turni\u0161\u010de, saj se tudi ta pona\u0161a z naravnim okoljem. A grad z okoli\u0161kimi stavbami propada. Ministrstvo za kulturo je grad Turni\u0161\u010de septembra 2013 brezpla\u010dno preneslo na Mestno ob\u010dino Ptuj. Ta je lani pridobila konservatorski na\u010drt za prenovo celotnega komple\" \/>\n<meta property=\"og:url\" content=\"https:\/\/hudo.com\/si\/aktualno\/stirje-gradovi-na-ravnem-polju\/\" \/>\n<meta property=\"og:site_name\" content=\"Hudo Slovenija\" \/>\n<meta property=\"article:publisher\" content=\"https:\/\/www.facebook.com\/hudo.si\" \/>\n<meta property=\"article:published_time\" content=\"2017-05-04T13:20:00+00:00\" \/>\n<meta property=\"og:image\" content=\"https:\/\/hudo.com\/si\/wp-content\/uploads\/sites\/2\/2017\/05\/01516359F-300.jpg\" \/>\n\t<meta property=\"og:image:width\" content=\"450\" \/>\n\t<meta property=\"og:image:height\" content=\"337\" \/>\n\t<meta property=\"og:image:type\" content=\"image\/jpeg\" \/>\n<meta name=\"author\" content=\"hudo\" \/>\n<meta name=\"twitter:card\" content=\"summary_large_image\" \/>\n<meta name=\"twitter:creator\" content=\"@hudo_si\" \/>\n<meta name=\"twitter:site\" content=\"@hudo_si\" \/>\n<meta name=\"twitter:label1\" content=\"Written by\" \/>\n\t<meta name=\"twitter:data1\" content=\"hudo\" \/>\n\t<meta name=\"twitter:label2\" content=\"Est. reading time\" \/>\n\t<meta name=\"twitter:data2\" content=\"2 minuti\" \/>\n<script type=\"application\/ld+json\" class=\"yoast-schema-graph\">{\"@context\":\"https:\/\/schema.org\",\"@graph\":[{\"@type\":\"Article\",\"@id\":\"https:\/\/hudo.com\/si\/aktualno\/stirje-gradovi-na-ravnem-polju\/#article\",\"isPartOf\":{\"@id\":\"https:\/\/hudo.com\/si\/aktualno\/stirje-gradovi-na-ravnem-polju\/\"},\"author\":{\"name\":\"hudo\",\"@id\":\"https:\/\/hudo.com\/si\/#\/schema\/person\/601cf3379633985b20f7e50f2bb47707\"},\"headline\":\"\u0160tirje gradovi na ravnem polju\",\"datePublished\":\"2017-05-04T13:20:00+00:00\",\"dateModified\":\"2017-05-04T13:20:00+00:00\",\"mainEntityOfPage\":{\"@id\":\"https:\/\/hudo.com\/si\/aktualno\/stirje-gradovi-na-ravnem-polju\/\"},\"wordCount\":339,\"publisher\":{\"@id\":\"https:\/\/hudo.com\/si\/#organization\"},\"articleSection\":[\"Aktualno\"],\"inLanguage\":\"sl-SI\"},{\"@type\":\"WebPage\",\"@id\":\"https:\/\/hudo.com\/si\/aktualno\/stirje-gradovi-na-ravnem-polju\/\",\"url\":\"https:\/\/hudo.com\/si\/aktualno\/stirje-gradovi-na-ravnem-polju\/\",\"name\":\"\u0160tirje gradovi na ravnem polju - Hudo Slovenija\",\"isPartOf\":{\"@id\":\"https:\/\/hudo.com\/si\/#website\"},\"datePublished\":\"2017-05-04T13:20:00+00:00\",\"dateModified\":\"2017-05-04T13:20:00+00:00\",\"breadcrumb\":{\"@id\":\"https:\/\/hudo.com\/si\/aktualno\/stirje-gradovi-na-ravnem-polju\/#breadcrumb\"},\"inLanguage\":\"sl-SI\",\"potentialAction\":[{\"@type\":\"ReadAction\",\"target\":[\"https:\/\/hudo.com\/si\/aktualno\/stirje-gradovi-na-ravnem-polju\/\"]}]},{\"@type\":\"BreadcrumbList\",\"@id\":\"https:\/\/hudo.com\/si\/aktualno\/stirje-gradovi-na-ravnem-polju\/#breadcrumb\",\"itemListElement\":[{\"@type\":\"ListItem\",\"position\":1,\"name\":\"Home\",\"item\":\"https:\/\/hudo.com\/si\/\"},{\"@type\":\"ListItem\",\"position\":2,\"name\":\"\u0160tirje gradovi na ravnem polju\"}]},{\"@type\":\"WebSite\",\"@id\":\"https:\/\/hudo.com\/si\/#website\",\"url\":\"https:\/\/hudo.com\/si\/\",\"name\":\"Hudo Slovenija\",\"description\":\"Vse novice iz Slovenije in sveta\",\"publisher\":{\"@id\":\"https:\/\/hudo.com\/si\/#organization\"},\"potentialAction\":[{\"@type\":\"SearchAction\",\"target\":{\"@type\":\"EntryPoint\",\"urlTemplate\":\"https:\/\/hudo.com\/si\/?s={search_term_string}\"},\"query-input\":\"required name=search_term_string\"}],\"inLanguage\":\"sl-SI\"},{\"@type\":\"Organization\",\"@id\":\"https:\/\/hudo.com\/si\/#organization\",\"name\":\"VSN Media\",\"url\":\"https:\/\/hudo.com\/si\/\",\"logo\":{\"@type\":\"ImageObject\",\"inLanguage\":\"sl-SI\",\"@id\":\"https:\/\/hudo.com\/si\/#\/schema\/logo\/image\/\",\"url\":\"https:\/\/hudo.com\/si\/wp-content\/uploads\/sites\/2\/2021\/03\/hudo-app-2.png\",\"contentUrl\":\"https:\/\/hudo.com\/si\/wp-content\/uploads\/sites\/2\/2021\/03\/hudo-app-2.png\",\"width\":2185,\"height\":2167,\"caption\":\"VSN Media\"},\"image\":{\"@id\":\"https:\/\/hudo.com\/si\/#\/schema\/logo\/image\/\"},\"sameAs\":[\"https:\/\/www.facebook.com\/hudo.si\",\"https:\/\/twitter.com\/hudo_si\"]},{\"@type\":\"Person\",\"@id\":\"https:\/\/hudo.com\/si\/#\/schema\/person\/601cf3379633985b20f7e50f2bb47707\",\"name\":\"hudo\",\"image\":{\"@type\":\"ImageObject\",\"inLanguage\":\"sl-SI\",\"@id\":\"https:\/\/hudo.com\/si\/#\/schema\/person\/image\/\",\"url\":\"https:\/\/secure.gravatar.com\/avatar\/c4ca25fa72cace7a696b52ff5db9e095?s=96&d=mm&r=g\",\"contentUrl\":\"https:\/\/secure.gravatar.com\/avatar\/c4ca25fa72cace7a696b52ff5db9e095?s=96&d=mm&r=g\",\"caption\":\"hudo\"},\"url\":\"https:\/\/hudo.com\/si\/author\/hudo\/\"}]}<\/script>\n<!-- \/ Yoast SEO plugin. -->","yoast_head_json":{"title":"\u0160tirje gradovi na ravnem polju - Hudo Slovenija","robots":{"index":"index","follow":"follow","max-snippet":"max-snippet:-1","max-image-preview":"max-image-preview:large","max-video-preview":"max-video-preview:-1"},"canonical":"https:\/\/hudo.com\/si\/aktualno\/stirje-gradovi-na-ravnem-polju\/","og_locale":"sl_SI","og_type":"article","og_title":"\u0160tirje gradovi na ravnem polju - Hudo Slovenija","og_description":"V leto\u0161njem letu bodo v dvorcu in parku Dornava potekala le redna vzdr\u017eevalna dela. Za stro\u0161ke elektri\u010dne energije, kurilnega olja, vzdr\u017eevanja okolice, popravil in upravni\u0161kih storitev tako letos na\u010drtujemo okrog 31 tiso\u010d evrov,\" so na vpra\u0161anje, kak\u0161ni \u010dasi se obetajo baro\u010dnemu dvorcu Dornava, odgovorili na ministrstvu za kulturo. In to potem, ko je dornavski \u017eupan Rajko Jan\u017eekovi\u010d pred nekaj tedni na in\u0161pektorat za kulturno dedi\u0161\u010dino ovadil to isto ministrstvo, ker da ne skrbi za svojo lastnino, \u017ee pred leti pa je ministrstvu tudi vrnil klju\u010de dvorca, ki nezadr\u017eno propada. Borl po\u010dasi re\u0161ujejo Jan\u017eekovi\u010d odnos do na\u0161e kulturne dedi\u0161\u010dine povezuje z aktualno politiko in v tej lu\u010di vidi tudi obnovo gradu Borl. Tega je marca obiskala poslanska skupina SMC, lansko jesen so tam \u017ee stekla nujna obnovitvena dela, povezana s sanacijo zaradi vlage, odvodnjavanjem in popravilom strehe, letos in v prihodnjih letih se bodo dela nadaljevala. Tako napoveduje tudi ministrstvo, ki za obnovo namenja poldrugi milijon evrov. Za\u010detek del je predviden v letu 2018. Dela bodo zajemala obnovo vhodnega atrija ter severovzhodnega in severozahodnega trakta, ki ga obdajata. Ministrstvo bo v letu 2017 financiralo projektno in investicijsko dokumentacijo, za kar je v prora\u010dunu predvidenih okoli 60 tiso\u010d evrov.    Slavica PI\u010cERKO PEKLAR Lansko jesen so stekla najnujnej\u0161a vzdr\u017eevalna dela na gradu Borl.  Dogajanja z gradom budno spremljajo \u010dlani Dru\u0161tva za o\u017eivitev gradu Borl, ki zdaj zbirajo predloge o namenski rabi prostorov ter organizaciji dogodkov in prireditev na gradu in pred njim. Obnovo borlskega gradu dr\u017eava povezuje z varstvom in obnovo biotske raznovrstnosti, v povezavi z Naturo 2000, kar bi bilo mogo\u010de raz\u0161iriti tudi na grad Turni\u0161\u010de, saj se tudi ta pona\u0161a z naravnim okoljem. A grad z okoli\u0161kimi stavbami propada. Ministrstvo za kulturo je grad Turni\u0161\u010de septembra 2013 brezpla\u010dno preneslo na Mestno ob\u010dino Ptuj. Ta je lani pridobila konservatorski na\u010drt za prenovo celotnega komple","og_url":"https:\/\/hudo.com\/si\/aktualno\/stirje-gradovi-na-ravnem-polju\/","og_site_name":"Hudo Slovenija","article_publisher":"https:\/\/www.facebook.com\/hudo.si","article_published_time":"2017-05-04T13:20:00+00:00","og_image":[{"width":450,"height":337,"url":"https:\/\/hudo.com\/si\/wp-content\/uploads\/sites\/2\/2017\/05\/01516359F-300.jpg","type":"image\/jpeg"}],"author":"hudo","twitter_card":"summary_large_image","twitter_creator":"@hudo_si","twitter_site":"@hudo_si","twitter_misc":{"Written by":"hudo","Est. reading time":"2 minuti"},"schema":{"@context":"https:\/\/schema.org","@graph":[{"@type":"Article","@id":"https:\/\/hudo.com\/si\/aktualno\/stirje-gradovi-na-ravnem-polju\/#article","isPartOf":{"@id":"https:\/\/hudo.com\/si\/aktualno\/stirje-gradovi-na-ravnem-polju\/"},"author":{"name":"hudo","@id":"https:\/\/hudo.com\/si\/#\/schema\/person\/601cf3379633985b20f7e50f2bb47707"},"headline":"\u0160tirje gradovi na ravnem polju","datePublished":"2017-05-04T13:20:00+00:00","dateModified":"2017-05-04T13:20:00+00:00","mainEntityOfPage":{"@id":"https:\/\/hudo.com\/si\/aktualno\/stirje-gradovi-na-ravnem-polju\/"},"wordCount":339,"publisher":{"@id":"https:\/\/hudo.com\/si\/#organization"},"articleSection":["Aktualno"],"inLanguage":"sl-SI"},{"@type":"WebPage","@id":"https:\/\/hudo.com\/si\/aktualno\/stirje-gradovi-na-ravnem-polju\/","url":"https:\/\/hudo.com\/si\/aktualno\/stirje-gradovi-na-ravnem-polju\/","name":"\u0160tirje gradovi na ravnem polju - Hudo Slovenija","isPartOf":{"@id":"https:\/\/hudo.com\/si\/#website"},"datePublished":"2017-05-04T13:20:00+00:00","dateModified":"2017-05-04T13:20:00+00:00","breadcrumb":{"@id":"https:\/\/hudo.com\/si\/aktualno\/stirje-gradovi-na-ravnem-polju\/#breadcrumb"},"inLanguage":"sl-SI","potentialAction":[{"@type":"ReadAction","target":["https:\/\/hudo.com\/si\/aktualno\/stirje-gradovi-na-ravnem-polju\/"]}]},{"@type":"BreadcrumbList","@id":"https:\/\/hudo.com\/si\/aktualno\/stirje-gradovi-na-ravnem-polju\/#breadcrumb","itemListElement":[{"@type":"ListItem","position":1,"name":"Home","item":"https:\/\/hudo.com\/si\/"},{"@type":"ListItem","position":2,"name":"\u0160tirje gradovi na ravnem polju"}]},{"@type":"WebSite","@id":"https:\/\/hudo.com\/si\/#website","url":"https:\/\/hudo.com\/si\/","name":"Hudo Slovenija","description":"Vse novice iz Slovenije in sveta","publisher":{"@id":"https:\/\/hudo.com\/si\/#organization"},"potentialAction":[{"@type":"SearchAction","target":{"@type":"EntryPoint","urlTemplate":"https:\/\/hudo.com\/si\/?s={search_term_string}"},"query-input":"required name=search_term_string"}],"inLanguage":"sl-SI"},{"@type":"Organization","@id":"https:\/\/hudo.com\/si\/#organization","name":"VSN Media","url":"https:\/\/hudo.com\/si\/","logo":{"@type":"ImageObject","inLanguage":"sl-SI","@id":"https:\/\/hudo.com\/si\/#\/schema\/logo\/image\/","url":"https:\/\/hudo.com\/si\/wp-content\/uploads\/sites\/2\/2021\/03\/hudo-app-2.png","contentUrl":"https:\/\/hudo.com\/si\/wp-content\/uploads\/sites\/2\/2021\/03\/hudo-app-2.png","width":2185,"height":2167,"caption":"VSN Media"},"image":{"@id":"https:\/\/hudo.com\/si\/#\/schema\/logo\/image\/"},"sameAs":["https:\/\/www.facebook.com\/hudo.si","https:\/\/twitter.com\/hudo_si"]},{"@type":"Person","@id":"https:\/\/hudo.com\/si\/#\/schema\/person\/601cf3379633985b20f7e50f2bb47707","name":"hudo","image":{"@type":"ImageObject","inLanguage":"sl-SI","@id":"https:\/\/hudo.com\/si\/#\/schema\/person\/image\/","url":"https:\/\/secure.gravatar.com\/avatar\/c4ca25fa72cace7a696b52ff5db9e095?s=96&d=mm&r=g","contentUrl":"https:\/\/secure.gravatar.com\/avatar\/c4ca25fa72cace7a696b52ff5db9e095?s=96&d=mm&r=g","caption":"hudo"},"url":"https:\/\/hudo.com\/si\/author\/hudo\/"}]}},"amp_enabled":true,"_links":{"self":[{"href":"https:\/\/hudo.com\/si\/wp-json\/wp\/v2\/posts\/251087"}],"collection":[{"href":"https:\/\/hudo.com\/si\/wp-json\/wp\/v2\/posts"}],"about":[{"href":"https:\/\/hudo.com\/si\/wp-json\/wp\/v2\/types\/post"}],"author":[{"embeddable":true,"href":"https:\/\/hudo.com\/si\/wp-json\/wp\/v2\/users\/1"}],"replies":[{"embeddable":true,"href":"https:\/\/hudo.com\/si\/wp-json\/wp\/v2\/comments?post=251087"}],"version-history":[{"count":0,"href":"https:\/\/hudo.com\/si\/wp-json\/wp\/v2\/posts\/251087\/revisions"}],"wp:attachment":[{"href":"https:\/\/hudo.com\/si\/wp-json\/wp\/v2\/media?parent=251087"}],"wp:term":[{"taxonomy":"category","embeddable":true,"href":"https:\/\/hudo.com\/si\/wp-json\/wp\/v2\/categories?post=251087"},{"taxonomy":"post_tag","embeddable":true,"href":"https:\/\/hudo.com\/si\/wp-json\/wp\/v2\/tags?post=251087"},{"taxonomy":"source","embeddable":true,"href":"https:\/\/hudo.com\/si\/wp-json\/wp\/v2\/source?post=251087"},{"taxonomy":"supertag","embeddable":true,"href":"https:\/\/hudo.com\/si\/wp-json\/wp\/v2\/supertag?post=251087"}],"curies":[{"name":"wp","href":"https:\/\/api.w.org\/{rel}","templated":true}]}}