{"id":251089,"date":"2017-05-04T15:01:52","date_gmt":"2017-05-04T13:01:52","guid":{"rendered":"http:\/\/hudo.com\/si\/2017\/05\/04\/na-skofijah-bodo-razsirili-osnovno-solo\/"},"modified":"2017-05-04T15:01:52","modified_gmt":"2017-05-04T13:01:52","slug":"na-skofijah-bodo-razsirili-osnovno-solo","status":"publish","type":"post","link":"https:\/\/hudo.com\/si\/aktualno\/na-skofijah-bodo-razsirili-osnovno-solo\/","title":{"rendered":"Na \u0160kofijah bodo raz\u0161irili osnovno \u0161olo"},"content":{"rendered":"<p>S prostorsko stisko se zadnja leta soo\u010dajo tudi v Osnovni \u0161oli Oskarja Kova\u010di\u010da na \u0160kofijah, kjer zaradi trenda priseljevanja in pove\u010dane natalitete bele\u017eijo vse ve\u010dji vpis. Koprska ob\u010dina se je zaradi tega odlo\u010dila, da bo \u0161olo dozidala. Dela se bodo za\u010dela v naslednjih dneh, prostori pa naj bi bili nared do novega \u0161olskega leta.<\/p>\n","protected":false},"excerpt":{"rendered":"<p>S prostorsko stisko se zadnja leta soo\u010dajo tudi v Osnovni \u0161oli Oskarja Kova\u010di\u010da na \u0160kofijah, kjer zaradi trenda priseljevanja in pove\u010dane natalitete bele\u017eijo vse ve\u010dji vpis. Koprska ob\u010dina se je zaradi tega odlo\u010dila, da bo \u0161olo dozidala. Dela se bodo za\u010dela v naslednjih dneh, prostori pa naj bi bili nared do novega \u0161olskega leta.<\/p>\n","protected":false},"author":1,"featured_media":0,"comment_status":"closed","ping_status":"closed","sticky":false,"template":"","format":"standard","meta":{"footnotes":""},"categories":[1179],"tags":[],"source":[1707],"supertag":[],"acf":[],"yoast_head":"<!-- This site is optimized with the Yoast SEO plugin v21.3 - https:\/\/yoast.com\/wordpress\/plugins\/seo\/ -->\n<title>Na \u0160kofijah bodo raz\u0161irili osnovno \u0161olo - Hudo Slovenija<\/title>\n<meta name=\"robots\" content=\"index, follow, max-snippet:-1, max-image-preview:large, max-video-preview:-1\" \/>\n<link rel=\"canonical\" href=\"https:\/\/hudo.com\/si\/aktualno\/na-skofijah-bodo-razsirili-osnovno-solo\/\" \/>\n<meta property=\"og:locale\" content=\"sl_SI\" \/>\n<meta property=\"og:type\" content=\"article\" \/>\n<meta property=\"og:title\" content=\"Na \u0160kofijah bodo raz\u0161irili osnovno \u0161olo - Hudo Slovenija\" \/>\n<meta property=\"og:description\" content=\"S prostorsko stisko se zadnja leta soo\u010dajo tudi v Osnovni \u0161oli Oskarja Kova\u010di\u010da na \u0160kofijah, kjer zaradi trenda priseljevanja in pove\u010dane natalitete bele\u017eijo vse ve\u010dji vpis. Koprska ob\u010dina se je zaradi tega odlo\u010dila, da bo \u0161olo dozidala. Dela se bodo za\u010dela v naslednjih dneh, prostori pa naj bi bili nared do novega \u0161olskega leta.\" \/>\n<meta property=\"og:url\" content=\"https:\/\/hudo.com\/si\/aktualno\/na-skofijah-bodo-razsirili-osnovno-solo\/\" \/>\n<meta property=\"og:site_name\" content=\"Hudo Slovenija\" \/>\n<meta property=\"article:publisher\" content=\"https:\/\/www.facebook.com\/hudo.si\" \/>\n<meta property=\"article:published_time\" content=\"2017-05-04T13:01:52+00:00\" \/>\n<meta property=\"og:image\" content=\"https:\/\/hudo.com\/si\/wp-content\/uploads\/sites\/2\/2017\/05\/100-sola.jpg\" \/>\n\t<meta property=\"og:image:width\" content=\"620\" \/>\n\t<meta property=\"og:image:height\" content=\"307\" \/>\n\t<meta property=\"og:image:type\" content=\"image\/jpeg\" \/>\n<meta name=\"author\" content=\"hudo\" \/>\n<meta name=\"twitter:card\" content=\"summary_large_image\" \/>\n<meta name=\"twitter:creator\" content=\"@hudo_si\" \/>\n<meta name=\"twitter:site\" content=\"@hudo_si\" \/>\n<meta name=\"twitter:label1\" content=\"Written by\" \/>\n\t<meta name=\"twitter:data1\" content=\"hudo\" \/>\n<script type=\"application\/ld+json\" class=\"yoast-schema-graph\">{\"@context\":\"https:\/\/schema.org\",\"@graph\":[{\"@type\":\"Article\",\"@id\":\"https:\/\/hudo.com\/si\/aktualno\/na-skofijah-bodo-razsirili-osnovno-solo\/#article\",\"isPartOf\":{\"@id\":\"https:\/\/hudo.com\/si\/aktualno\/na-skofijah-bodo-razsirili-osnovno-solo\/\"},\"author\":{\"name\":\"hudo\",\"@id\":\"https:\/\/hudo.com\/si\/#\/schema\/person\/601cf3379633985b20f7e50f2bb47707\"},\"headline\":\"Na \u0160kofijah bodo raz\u0161irili osnovno \u0161olo\",\"datePublished\":\"2017-05-04T13:01:52+00:00\",\"dateModified\":\"2017-05-04T13:01:52+00:00\",\"mainEntityOfPage\":{\"@id\":\"https:\/\/hudo.com\/si\/aktualno\/na-skofijah-bodo-razsirili-osnovno-solo\/\"},\"wordCount\":70,\"publisher\":{\"@id\":\"https:\/\/hudo.com\/si\/#organization\"},\"articleSection\":[\"Aktualno\"],\"inLanguage\":\"sl-SI\"},{\"@type\":\"WebPage\",\"@id\":\"https:\/\/hudo.com\/si\/aktualno\/na-skofijah-bodo-razsirili-osnovno-solo\/\",\"url\":\"https:\/\/hudo.com\/si\/aktualno\/na-skofijah-bodo-razsirili-osnovno-solo\/\",\"name\":\"Na \u0160kofijah bodo raz\u0161irili osnovno \u0161olo - Hudo Slovenija\",\"isPartOf\":{\"@id\":\"https:\/\/hudo.com\/si\/#website\"},\"datePublished\":\"2017-05-04T13:01:52+00:00\",\"dateModified\":\"2017-05-04T13:01:52+00:00\",\"breadcrumb\":{\"@id\":\"https:\/\/hudo.com\/si\/aktualno\/na-skofijah-bodo-razsirili-osnovno-solo\/#breadcrumb\"},\"inLanguage\":\"sl-SI\",\"potentialAction\":[{\"@type\":\"ReadAction\",\"target\":[\"https:\/\/hudo.com\/si\/aktualno\/na-skofijah-bodo-razsirili-osnovno-solo\/\"]}]},{\"@type\":\"BreadcrumbList\",\"@id\":\"https:\/\/hudo.com\/si\/aktualno\/na-skofijah-bodo-razsirili-osnovno-solo\/#breadcrumb\",\"itemListElement\":[{\"@type\":\"ListItem\",\"position\":1,\"name\":\"Home\",\"item\":\"https:\/\/hudo.com\/si\/\"},{\"@type\":\"ListItem\",\"position\":2,\"name\":\"Na \u0160kofijah bodo raz\u0161irili osnovno \u0161olo\"}]},{\"@type\":\"WebSite\",\"@id\":\"https:\/\/hudo.com\/si\/#website\",\"url\":\"https:\/\/hudo.com\/si\/\",\"name\":\"Hudo Slovenija\",\"description\":\"Vse novice iz Slovenije in sveta\",\"publisher\":{\"@id\":\"https:\/\/hudo.com\/si\/#organization\"},\"potentialAction\":[{\"@type\":\"SearchAction\",\"target\":{\"@type\":\"EntryPoint\",\"urlTemplate\":\"https:\/\/hudo.com\/si\/?s={search_term_string}\"},\"query-input\":\"required name=search_term_string\"}],\"inLanguage\":\"sl-SI\"},{\"@type\":\"Organization\",\"@id\":\"https:\/\/hudo.com\/si\/#organization\",\"name\":\"VSN Media\",\"url\":\"https:\/\/hudo.com\/si\/\",\"logo\":{\"@type\":\"ImageObject\",\"inLanguage\":\"sl-SI\",\"@id\":\"https:\/\/hudo.com\/si\/#\/schema\/logo\/image\/\",\"url\":\"https:\/\/hudo.com\/si\/wp-content\/uploads\/sites\/2\/2021\/03\/hudo-app-2.png\",\"contentUrl\":\"https:\/\/hudo.com\/si\/wp-content\/uploads\/sites\/2\/2021\/03\/hudo-app-2.png\",\"width\":2185,\"height\":2167,\"caption\":\"VSN Media\"},\"image\":{\"@id\":\"https:\/\/hudo.com\/si\/#\/schema\/logo\/image\/\"},\"sameAs\":[\"https:\/\/www.facebook.com\/hudo.si\",\"https:\/\/twitter.com\/hudo_si\"]},{\"@type\":\"Person\",\"@id\":\"https:\/\/hudo.com\/si\/#\/schema\/person\/601cf3379633985b20f7e50f2bb47707\",\"name\":\"hudo\",\"image\":{\"@type\":\"ImageObject\",\"inLanguage\":\"sl-SI\",\"@id\":\"https:\/\/hudo.com\/si\/#\/schema\/person\/image\/\",\"url\":\"https:\/\/secure.gravatar.com\/avatar\/c4ca25fa72cace7a696b52ff5db9e095?s=96&d=mm&r=g\",\"contentUrl\":\"https:\/\/secure.gravatar.com\/avatar\/c4ca25fa72cace7a696b52ff5db9e095?s=96&d=mm&r=g\",\"caption\":\"hudo\"},\"url\":\"https:\/\/hudo.com\/si\/author\/hudo\/\"}]}<\/script>\n<!-- \/ Yoast SEO plugin. -->","yoast_head_json":{"title":"Na \u0160kofijah bodo raz\u0161irili osnovno \u0161olo - Hudo Slovenija","robots":{"index":"index","follow":"follow","max-snippet":"max-snippet:-1","max-image-preview":"max-image-preview:large","max-video-preview":"max-video-preview:-1"},"canonical":"https:\/\/hudo.com\/si\/aktualno\/na-skofijah-bodo-razsirili-osnovno-solo\/","og_locale":"sl_SI","og_type":"article","og_title":"Na \u0160kofijah bodo raz\u0161irili osnovno \u0161olo - Hudo Slovenija","og_description":"S prostorsko stisko se zadnja leta soo\u010dajo tudi v Osnovni \u0161oli Oskarja Kova\u010di\u010da na \u0160kofijah, kjer zaradi trenda priseljevanja in pove\u010dane natalitete bele\u017eijo vse ve\u010dji vpis. Koprska ob\u010dina se je zaradi tega odlo\u010dila, da bo \u0161olo dozidala. Dela se bodo za\u010dela v naslednjih dneh, prostori pa naj bi bili nared do novega \u0161olskega leta.","og_url":"https:\/\/hudo.com\/si\/aktualno\/na-skofijah-bodo-razsirili-osnovno-solo\/","og_site_name":"Hudo Slovenija","article_publisher":"https:\/\/www.facebook.com\/hudo.si","article_published_time":"2017-05-04T13:01:52+00:00","og_image":[{"width":620,"height":307,"url":"https:\/\/hudo.com\/si\/wp-content\/uploads\/sites\/2\/2017\/05\/100-sola.jpg","type":"image\/jpeg"}],"author":"hudo","twitter_card":"summary_large_image","twitter_creator":"@hudo_si","twitter_site":"@hudo_si","twitter_misc":{"Written by":"hudo"},"schema":{"@context":"https:\/\/schema.org","@graph":[{"@type":"Article","@id":"https:\/\/hudo.com\/si\/aktualno\/na-skofijah-bodo-razsirili-osnovno-solo\/#article","isPartOf":{"@id":"https:\/\/hudo.com\/si\/aktualno\/na-skofijah-bodo-razsirili-osnovno-solo\/"},"author":{"name":"hudo","@id":"https:\/\/hudo.com\/si\/#\/schema\/person\/601cf3379633985b20f7e50f2bb47707"},"headline":"Na \u0160kofijah bodo raz\u0161irili osnovno \u0161olo","datePublished":"2017-05-04T13:01:52+00:00","dateModified":"2017-05-04T13:01:52+00:00","mainEntityOfPage":{"@id":"https:\/\/hudo.com\/si\/aktualno\/na-skofijah-bodo-razsirili-osnovno-solo\/"},"wordCount":70,"publisher":{"@id":"https:\/\/hudo.com\/si\/#organization"},"articleSection":["Aktualno"],"inLanguage":"sl-SI"},{"@type":"WebPage","@id":"https:\/\/hudo.com\/si\/aktualno\/na-skofijah-bodo-razsirili-osnovno-solo\/","url":"https:\/\/hudo.com\/si\/aktualno\/na-skofijah-bodo-razsirili-osnovno-solo\/","name":"Na \u0160kofijah bodo raz\u0161irili osnovno \u0161olo - Hudo Slovenija","isPartOf":{"@id":"https:\/\/hudo.com\/si\/#website"},"datePublished":"2017-05-04T13:01:52+00:00","dateModified":"2017-05-04T13:01:52+00:00","breadcrumb":{"@id":"https:\/\/hudo.com\/si\/aktualno\/na-skofijah-bodo-razsirili-osnovno-solo\/#breadcrumb"},"inLanguage":"sl-SI","potentialAction":[{"@type":"ReadAction","target":["https:\/\/hudo.com\/si\/aktualno\/na-skofijah-bodo-razsirili-osnovno-solo\/"]}]},{"@type":"BreadcrumbList","@id":"https:\/\/hudo.com\/si\/aktualno\/na-skofijah-bodo-razsirili-osnovno-solo\/#breadcrumb","itemListElement":[{"@type":"ListItem","position":1,"name":"Home","item":"https:\/\/hudo.com\/si\/"},{"@type":"ListItem","position":2,"name":"Na \u0160kofijah bodo raz\u0161irili osnovno \u0161olo"}]},{"@type":"WebSite","@id":"https:\/\/hudo.com\/si\/#website","url":"https:\/\/hudo.com\/si\/","name":"Hudo Slovenija","description":"Vse novice iz Slovenije in sveta","publisher":{"@id":"https:\/\/hudo.com\/si\/#organization"},"potentialAction":[{"@type":"SearchAction","target":{"@type":"EntryPoint","urlTemplate":"https:\/\/hudo.com\/si\/?s={search_term_string}"},"query-input":"required name=search_term_string"}],"inLanguage":"sl-SI"},{"@type":"Organization","@id":"https:\/\/hudo.com\/si\/#organization","name":"VSN Media","url":"https:\/\/hudo.com\/si\/","logo":{"@type":"ImageObject","inLanguage":"sl-SI","@id":"https:\/\/hudo.com\/si\/#\/schema\/logo\/image\/","url":"https:\/\/hudo.com\/si\/wp-content\/uploads\/sites\/2\/2021\/03\/hudo-app-2.png","contentUrl":"https:\/\/hudo.com\/si\/wp-content\/uploads\/sites\/2\/2021\/03\/hudo-app-2.png","width":2185,"height":2167,"caption":"VSN Media"},"image":{"@id":"https:\/\/hudo.com\/si\/#\/schema\/logo\/image\/"},"sameAs":["https:\/\/www.facebook.com\/hudo.si","https:\/\/twitter.com\/hudo_si"]},{"@type":"Person","@id":"https:\/\/hudo.com\/si\/#\/schema\/person\/601cf3379633985b20f7e50f2bb47707","name":"hudo","image":{"@type":"ImageObject","inLanguage":"sl-SI","@id":"https:\/\/hudo.com\/si\/#\/schema\/person\/image\/","url":"https:\/\/secure.gravatar.com\/avatar\/c4ca25fa72cace7a696b52ff5db9e095?s=96&d=mm&r=g","contentUrl":"https:\/\/secure.gravatar.com\/avatar\/c4ca25fa72cace7a696b52ff5db9e095?s=96&d=mm&r=g","caption":"hudo"},"url":"https:\/\/hudo.com\/si\/author\/hudo\/"}]}},"amp_enabled":true,"_links":{"self":[{"href":"https:\/\/hudo.com\/si\/wp-json\/wp\/v2\/posts\/251089"}],"collection":[{"href":"https:\/\/hudo.com\/si\/wp-json\/wp\/v2\/posts"}],"about":[{"href":"https:\/\/hudo.com\/si\/wp-json\/wp\/v2\/types\/post"}],"author":[{"embeddable":true,"href":"https:\/\/hudo.com\/si\/wp-json\/wp\/v2\/users\/1"}],"replies":[{"embeddable":true,"href":"https:\/\/hudo.com\/si\/wp-json\/wp\/v2\/comments?post=251089"}],"version-history":[{"count":0,"href":"https:\/\/hudo.com\/si\/wp-json\/wp\/v2\/posts\/251089\/revisions"}],"wp:attachment":[{"href":"https:\/\/hudo.com\/si\/wp-json\/wp\/v2\/media?parent=251089"}],"wp:term":[{"taxonomy":"category","embeddable":true,"href":"https:\/\/hudo.com\/si\/wp-json\/wp\/v2\/categories?post=251089"},{"taxonomy":"post_tag","embeddable":true,"href":"https:\/\/hudo.com\/si\/wp-json\/wp\/v2\/tags?post=251089"},{"taxonomy":"source","embeddable":true,"href":"https:\/\/hudo.com\/si\/wp-json\/wp\/v2\/source?post=251089"},{"taxonomy":"supertag","embeddable":true,"href":"https:\/\/hudo.com\/si\/wp-json\/wp\/v2\/supertag?post=251089"}],"curies":[{"name":"wp","href":"https:\/\/api.w.org\/{rel}","templated":true}]}}