{"id":251203,"date":"2017-05-05T05:00:00","date_gmt":"2017-05-05T03:00:00","guid":{"rendered":"http:\/\/hudo.com\/si\/2017\/05\/05\/novi-direktor-bo-znan-najkasneje-junija\/"},"modified":"2017-05-05T05:00:00","modified_gmt":"2017-05-05T03:00:00","slug":"novi-direktor-bo-znan-najkasneje-junija","status":"publish","type":"post","link":"https:\/\/hudo.com\/si\/aktualno\/novi-direktor-bo-znan-najkasneje-junija\/","title":{"rendered":"Novi direktor bo znan najkasneje junija"},"content":{"rendered":"<p>Kategorija: Slovenija Fri, 05 May 2017 07:00:00 +0200  Trbovlje &#8211; Za nehvale\u017eno vlogo direktorja Zdravstvenega doma Trbovlje (ZDT), ki se je po ve\u010d letih izgub zdaj finan\u010dno konsolidiral, \u0161e naprej pa ga pesti pomanjkanje zdravnikov, se neuradno potegujejo pravnica Jasmina Cepi\u010d, ekonomistka Marjeta Garantini in doktor znanosti, fakultetni predavatelj za podro\u010dje tr\u017eenja Denis Tom\u0161e, tudi ob\u010dinski svetnik SMC. Predsednik sveta ZDT Samo Guzej je za Delo potrdil, da vsi trije kandidati izpolnjujejo pogoje in da bodo razgovore z njimi ter predvidoma \u017ee tudi izbor opravili prihodnji \u010detrtek. Glede na to, da je seja ob\u010dinskega sveta, ki se mora zadnji izre\u010di o izbiri sveta ZDT in ob\u010dinskega kviaza, sklicana \u0161ele za 17. junij, bo \u0161lo precej na tesno. \u00bbMi smo pohiteli, ker moramo kandidatom odgovoriti v tridesetih dneh od zaklju\u010dka razpisa, vodstvo ob\u010dine pa se bo moralo odlo\u010diti, ali bo\u00a0&#8230;<\/p>\n","protected":false},"excerpt":{"rendered":"<p>Kategorija: Slovenija Fri, 05 May 2017 07:00:00 +0200  Trbovlje &#8211; Za nehvale\u017eno vlogo direktorja Zdravstvenega doma Trbovlje (ZDT), ki se je po ve\u010d letih izgub zdaj finan\u010dno konsolidiral, \u0161e naprej pa ga pesti pomanjkanje zdravnikov, se neuradno potegujejo pravnica Jasmina Cepi\u010d, ekonomistka Marjeta Garantini in doktor znanosti, fakultetni predavatelj za podro\u010dje tr\u017eenja Denis Tom\u0161e, tudi ob\u010dinski svetnik SMC. Predsednik sveta ZDT Samo Guzej je za Delo potrdil, da vsi trije kandidati izpolnjujejo pogoje in da bodo razgovore z njimi ter predvidoma \u017ee tudi izbor opravili prihodnji \u010detrtek. Glede na to, da je seja ob\u010dinskega sveta, ki se mora zadnji izre\u010di o izbiri sveta ZDT in ob\u010dinskega kviaza, sklicana \u0161ele za 17. junij, bo \u0161lo precej na tesno. \u00bbMi smo pohiteli, ker moramo kandidatom odgovoriti v tridesetih dneh od zaklju\u010dka razpisa, vodstvo ob\u010dine pa se bo moralo odlo\u010diti, ali bo\u00a0&#8230;<\/p>\n","protected":false},"author":1,"featured_media":0,"comment_status":"closed","ping_status":"closed","sticky":false,"template":"","format":"standard","meta":{"footnotes":""},"categories":[1179],"tags":[],"source":[1703],"supertag":[],"acf":[],"yoast_head":"<!-- This site is optimized with the Yoast SEO plugin v21.3 - https:\/\/yoast.com\/wordpress\/plugins\/seo\/ -->\n<title>Novi direktor bo znan najkasneje junija - Hudo Slovenija<\/title>\n<meta name=\"robots\" content=\"index, follow, max-snippet:-1, max-image-preview:large, max-video-preview:-1\" \/>\n<link rel=\"canonical\" href=\"https:\/\/hudo.com\/si\/aktualno\/novi-direktor-bo-znan-najkasneje-junija\/\" \/>\n<meta property=\"og:locale\" content=\"sl_SI\" \/>\n<meta property=\"og:type\" content=\"article\" \/>\n<meta property=\"og:title\" content=\"Novi direktor bo znan najkasneje junija - Hudo Slovenija\" \/>\n<meta property=\"og:description\" content=\"Kategorija: Slovenija Fri, 05 May 2017 07:00:00 +0200 Trbovlje - Za nehvale\u017eno vlogo direktorja Zdravstvenega doma Trbovlje (ZDT), ki se je po ve\u010d letih izgub zdaj finan\u010dno konsolidiral, \u0161e naprej pa ga pesti pomanjkanje zdravnikov, se neuradno potegujejo pravnica Jasmina Cepi\u010d, ekonomistka Marjeta Garantini in doktor znanosti, fakultetni predavatelj za podro\u010dje tr\u017eenja Denis Tom\u0161e, tudi ob\u010dinski svetnik SMC. Predsednik sveta ZDT Samo Guzej je za Delo potrdil, da vsi trije kandidati izpolnjujejo pogoje in da bodo razgovore z njimi ter predvidoma \u017ee tudi izbor opravili prihodnji \u010detrtek. Glede na to, da je seja ob\u010dinskega sveta, ki se mora zadnji izre\u010di o izbiri sveta ZDT in ob\u010dinskega kviaza, sklicana \u0161ele za 17. junij, bo \u0161lo precej na tesno. \u00bbMi smo pohiteli, ker moramo kandidatom odgovoriti v tridesetih dneh od zaklju\u010dka razpisa, vodstvo ob\u010dine pa se bo moralo odlo\u010diti, ali bo\u00a0...\" \/>\n<meta property=\"og:url\" content=\"https:\/\/hudo.com\/si\/aktualno\/novi-direktor-bo-znan-najkasneje-junija\/\" \/>\n<meta property=\"og:site_name\" content=\"Hudo Slovenija\" \/>\n<meta property=\"article:publisher\" content=\"https:\/\/www.facebook.com\/hudo.si\" \/>\n<meta property=\"article:published_time\" content=\"2017-05-05T03:00:00+00:00\" \/>\n<meta property=\"og:image\" content=\"https:\/\/hudo.com\/si\/wp-content\/uploads\/sites\/2\/2017\/05\/480x290_djvu_1865843_petancic_lvu-trbovlje.jpeg\" \/>\n\t<meta property=\"og:image:width\" content=\"480\" \/>\n\t<meta property=\"og:image:height\" content=\"290\" \/>\n\t<meta property=\"og:image:type\" content=\"image\/jpeg\" \/>\n<meta name=\"author\" content=\"hudo\" \/>\n<meta name=\"twitter:card\" content=\"summary_large_image\" \/>\n<meta name=\"twitter:creator\" content=\"@hudo_si\" \/>\n<meta name=\"twitter:site\" content=\"@hudo_si\" \/>\n<meta name=\"twitter:label1\" content=\"Written by\" \/>\n\t<meta name=\"twitter:data1\" content=\"hudo\" \/>\n\t<meta name=\"twitter:label2\" content=\"Est. reading time\" \/>\n\t<meta name=\"twitter:data2\" content=\"1 minuta\" \/>\n<script type=\"application\/ld+json\" class=\"yoast-schema-graph\">{\"@context\":\"https:\/\/schema.org\",\"@graph\":[{\"@type\":\"Article\",\"@id\":\"https:\/\/hudo.com\/si\/aktualno\/novi-direktor-bo-znan-najkasneje-junija\/#article\",\"isPartOf\":{\"@id\":\"https:\/\/hudo.com\/si\/aktualno\/novi-direktor-bo-znan-najkasneje-junija\/\"},\"author\":{\"name\":\"hudo\",\"@id\":\"https:\/\/hudo.com\/si\/#\/schema\/person\/601cf3379633985b20f7e50f2bb47707\"},\"headline\":\"Novi direktor bo znan najkasneje junija\",\"datePublished\":\"2017-05-05T03:00:00+00:00\",\"dateModified\":\"2017-05-05T03:00:00+00:00\",\"mainEntityOfPage\":{\"@id\":\"https:\/\/hudo.com\/si\/aktualno\/novi-direktor-bo-znan-najkasneje-junija\/\"},\"wordCount\":152,\"publisher\":{\"@id\":\"https:\/\/hudo.com\/si\/#organization\"},\"articleSection\":[\"Aktualno\"],\"inLanguage\":\"sl-SI\"},{\"@type\":\"WebPage\",\"@id\":\"https:\/\/hudo.com\/si\/aktualno\/novi-direktor-bo-znan-najkasneje-junija\/\",\"url\":\"https:\/\/hudo.com\/si\/aktualno\/novi-direktor-bo-znan-najkasneje-junija\/\",\"name\":\"Novi direktor bo znan najkasneje junija - Hudo Slovenija\",\"isPartOf\":{\"@id\":\"https:\/\/hudo.com\/si\/#website\"},\"datePublished\":\"2017-05-05T03:00:00+00:00\",\"dateModified\":\"2017-05-05T03:00:00+00:00\",\"breadcrumb\":{\"@id\":\"https:\/\/hudo.com\/si\/aktualno\/novi-direktor-bo-znan-najkasneje-junija\/#breadcrumb\"},\"inLanguage\":\"sl-SI\",\"potentialAction\":[{\"@type\":\"ReadAction\",\"target\":[\"https:\/\/hudo.com\/si\/aktualno\/novi-direktor-bo-znan-najkasneje-junija\/\"]}]},{\"@type\":\"BreadcrumbList\",\"@id\":\"https:\/\/hudo.com\/si\/aktualno\/novi-direktor-bo-znan-najkasneje-junija\/#breadcrumb\",\"itemListElement\":[{\"@type\":\"ListItem\",\"position\":1,\"name\":\"Home\",\"item\":\"https:\/\/hudo.com\/si\/\"},{\"@type\":\"ListItem\",\"position\":2,\"name\":\"Novi direktor bo znan najkasneje junija\"}]},{\"@type\":\"WebSite\",\"@id\":\"https:\/\/hudo.com\/si\/#website\",\"url\":\"https:\/\/hudo.com\/si\/\",\"name\":\"Hudo Slovenija\",\"description\":\"Vse novice iz Slovenije in sveta\",\"publisher\":{\"@id\":\"https:\/\/hudo.com\/si\/#organization\"},\"potentialAction\":[{\"@type\":\"SearchAction\",\"target\":{\"@type\":\"EntryPoint\",\"urlTemplate\":\"https:\/\/hudo.com\/si\/?s={search_term_string}\"},\"query-input\":\"required name=search_term_string\"}],\"inLanguage\":\"sl-SI\"},{\"@type\":\"Organization\",\"@id\":\"https:\/\/hudo.com\/si\/#organization\",\"name\":\"VSN Media\",\"url\":\"https:\/\/hudo.com\/si\/\",\"logo\":{\"@type\":\"ImageObject\",\"inLanguage\":\"sl-SI\",\"@id\":\"https:\/\/hudo.com\/si\/#\/schema\/logo\/image\/\",\"url\":\"https:\/\/hudo.com\/si\/wp-content\/uploads\/sites\/2\/2021\/03\/hudo-app-2.png\",\"contentUrl\":\"https:\/\/hudo.com\/si\/wp-content\/uploads\/sites\/2\/2021\/03\/hudo-app-2.png\",\"width\":2185,\"height\":2167,\"caption\":\"VSN Media\"},\"image\":{\"@id\":\"https:\/\/hudo.com\/si\/#\/schema\/logo\/image\/\"},\"sameAs\":[\"https:\/\/www.facebook.com\/hudo.si\",\"https:\/\/twitter.com\/hudo_si\"]},{\"@type\":\"Person\",\"@id\":\"https:\/\/hudo.com\/si\/#\/schema\/person\/601cf3379633985b20f7e50f2bb47707\",\"name\":\"hudo\",\"image\":{\"@type\":\"ImageObject\",\"inLanguage\":\"sl-SI\",\"@id\":\"https:\/\/hudo.com\/si\/#\/schema\/person\/image\/\",\"url\":\"https:\/\/secure.gravatar.com\/avatar\/c4ca25fa72cace7a696b52ff5db9e095?s=96&d=mm&r=g\",\"contentUrl\":\"https:\/\/secure.gravatar.com\/avatar\/c4ca25fa72cace7a696b52ff5db9e095?s=96&d=mm&r=g\",\"caption\":\"hudo\"},\"url\":\"https:\/\/hudo.com\/si\/author\/hudo\/\"}]}<\/script>\n<!-- \/ Yoast SEO plugin. -->","yoast_head_json":{"title":"Novi direktor bo znan najkasneje junija - Hudo Slovenija","robots":{"index":"index","follow":"follow","max-snippet":"max-snippet:-1","max-image-preview":"max-image-preview:large","max-video-preview":"max-video-preview:-1"},"canonical":"https:\/\/hudo.com\/si\/aktualno\/novi-direktor-bo-znan-najkasneje-junija\/","og_locale":"sl_SI","og_type":"article","og_title":"Novi direktor bo znan najkasneje junija - Hudo Slovenija","og_description":"Kategorija: Slovenija Fri, 05 May 2017 07:00:00 +0200 Trbovlje - Za nehvale\u017eno vlogo direktorja Zdravstvenega doma Trbovlje (ZDT), ki se je po ve\u010d letih izgub zdaj finan\u010dno konsolidiral, \u0161e naprej pa ga pesti pomanjkanje zdravnikov, se neuradno potegujejo pravnica Jasmina Cepi\u010d, ekonomistka Marjeta Garantini in doktor znanosti, fakultetni predavatelj za podro\u010dje tr\u017eenja Denis Tom\u0161e, tudi ob\u010dinski svetnik SMC. Predsednik sveta ZDT Samo Guzej je za Delo potrdil, da vsi trije kandidati izpolnjujejo pogoje in da bodo razgovore z njimi ter predvidoma \u017ee tudi izbor opravili prihodnji \u010detrtek. Glede na to, da je seja ob\u010dinskega sveta, ki se mora zadnji izre\u010di o izbiri sveta ZDT in ob\u010dinskega kviaza, sklicana \u0161ele za 17. junij, bo \u0161lo precej na tesno. \u00bbMi smo pohiteli, ker moramo kandidatom odgovoriti v tridesetih dneh od zaklju\u010dka razpisa, vodstvo ob\u010dine pa se bo moralo odlo\u010diti, ali bo\u00a0...","og_url":"https:\/\/hudo.com\/si\/aktualno\/novi-direktor-bo-znan-najkasneje-junija\/","og_site_name":"Hudo Slovenija","article_publisher":"https:\/\/www.facebook.com\/hudo.si","article_published_time":"2017-05-05T03:00:00+00:00","og_image":[{"width":480,"height":290,"url":"https:\/\/hudo.com\/si\/wp-content\/uploads\/sites\/2\/2017\/05\/480x290_djvu_1865843_petancic_lvu-trbovlje.jpeg","type":"image\/jpeg"}],"author":"hudo","twitter_card":"summary_large_image","twitter_creator":"@hudo_si","twitter_site":"@hudo_si","twitter_misc":{"Written by":"hudo","Est. reading time":"1 minuta"},"schema":{"@context":"https:\/\/schema.org","@graph":[{"@type":"Article","@id":"https:\/\/hudo.com\/si\/aktualno\/novi-direktor-bo-znan-najkasneje-junija\/#article","isPartOf":{"@id":"https:\/\/hudo.com\/si\/aktualno\/novi-direktor-bo-znan-najkasneje-junija\/"},"author":{"name":"hudo","@id":"https:\/\/hudo.com\/si\/#\/schema\/person\/601cf3379633985b20f7e50f2bb47707"},"headline":"Novi direktor bo znan najkasneje junija","datePublished":"2017-05-05T03:00:00+00:00","dateModified":"2017-05-05T03:00:00+00:00","mainEntityOfPage":{"@id":"https:\/\/hudo.com\/si\/aktualno\/novi-direktor-bo-znan-najkasneje-junija\/"},"wordCount":152,"publisher":{"@id":"https:\/\/hudo.com\/si\/#organization"},"articleSection":["Aktualno"],"inLanguage":"sl-SI"},{"@type":"WebPage","@id":"https:\/\/hudo.com\/si\/aktualno\/novi-direktor-bo-znan-najkasneje-junija\/","url":"https:\/\/hudo.com\/si\/aktualno\/novi-direktor-bo-znan-najkasneje-junija\/","name":"Novi direktor bo znan najkasneje junija - Hudo Slovenija","isPartOf":{"@id":"https:\/\/hudo.com\/si\/#website"},"datePublished":"2017-05-05T03:00:00+00:00","dateModified":"2017-05-05T03:00:00+00:00","breadcrumb":{"@id":"https:\/\/hudo.com\/si\/aktualno\/novi-direktor-bo-znan-najkasneje-junija\/#breadcrumb"},"inLanguage":"sl-SI","potentialAction":[{"@type":"ReadAction","target":["https:\/\/hudo.com\/si\/aktualno\/novi-direktor-bo-znan-najkasneje-junija\/"]}]},{"@type":"BreadcrumbList","@id":"https:\/\/hudo.com\/si\/aktualno\/novi-direktor-bo-znan-najkasneje-junija\/#breadcrumb","itemListElement":[{"@type":"ListItem","position":1,"name":"Home","item":"https:\/\/hudo.com\/si\/"},{"@type":"ListItem","position":2,"name":"Novi direktor bo znan najkasneje junija"}]},{"@type":"WebSite","@id":"https:\/\/hudo.com\/si\/#website","url":"https:\/\/hudo.com\/si\/","name":"Hudo Slovenija","description":"Vse novice iz Slovenije in sveta","publisher":{"@id":"https:\/\/hudo.com\/si\/#organization"},"potentialAction":[{"@type":"SearchAction","target":{"@type":"EntryPoint","urlTemplate":"https:\/\/hudo.com\/si\/?s={search_term_string}"},"query-input":"required name=search_term_string"}],"inLanguage":"sl-SI"},{"@type":"Organization","@id":"https:\/\/hudo.com\/si\/#organization","name":"VSN Media","url":"https:\/\/hudo.com\/si\/","logo":{"@type":"ImageObject","inLanguage":"sl-SI","@id":"https:\/\/hudo.com\/si\/#\/schema\/logo\/image\/","url":"https:\/\/hudo.com\/si\/wp-content\/uploads\/sites\/2\/2021\/03\/hudo-app-2.png","contentUrl":"https:\/\/hudo.com\/si\/wp-content\/uploads\/sites\/2\/2021\/03\/hudo-app-2.png","width":2185,"height":2167,"caption":"VSN Media"},"image":{"@id":"https:\/\/hudo.com\/si\/#\/schema\/logo\/image\/"},"sameAs":["https:\/\/www.facebook.com\/hudo.si","https:\/\/twitter.com\/hudo_si"]},{"@type":"Person","@id":"https:\/\/hudo.com\/si\/#\/schema\/person\/601cf3379633985b20f7e50f2bb47707","name":"hudo","image":{"@type":"ImageObject","inLanguage":"sl-SI","@id":"https:\/\/hudo.com\/si\/#\/schema\/person\/image\/","url":"https:\/\/secure.gravatar.com\/avatar\/c4ca25fa72cace7a696b52ff5db9e095?s=96&d=mm&r=g","contentUrl":"https:\/\/secure.gravatar.com\/avatar\/c4ca25fa72cace7a696b52ff5db9e095?s=96&d=mm&r=g","caption":"hudo"},"url":"https:\/\/hudo.com\/si\/author\/hudo\/"}]}},"amp_enabled":true,"_links":{"self":[{"href":"https:\/\/hudo.com\/si\/wp-json\/wp\/v2\/posts\/251203"}],"collection":[{"href":"https:\/\/hudo.com\/si\/wp-json\/wp\/v2\/posts"}],"about":[{"href":"https:\/\/hudo.com\/si\/wp-json\/wp\/v2\/types\/post"}],"author":[{"embeddable":true,"href":"https:\/\/hudo.com\/si\/wp-json\/wp\/v2\/users\/1"}],"replies":[{"embeddable":true,"href":"https:\/\/hudo.com\/si\/wp-json\/wp\/v2\/comments?post=251203"}],"version-history":[{"count":0,"href":"https:\/\/hudo.com\/si\/wp-json\/wp\/v2\/posts\/251203\/revisions"}],"wp:attachment":[{"href":"https:\/\/hudo.com\/si\/wp-json\/wp\/v2\/media?parent=251203"}],"wp:term":[{"taxonomy":"category","embeddable":true,"href":"https:\/\/hudo.com\/si\/wp-json\/wp\/v2\/categories?post=251203"},{"taxonomy":"post_tag","embeddable":true,"href":"https:\/\/hudo.com\/si\/wp-json\/wp\/v2\/tags?post=251203"},{"taxonomy":"source","embeddable":true,"href":"https:\/\/hudo.com\/si\/wp-json\/wp\/v2\/source?post=251203"},{"taxonomy":"supertag","embeddable":true,"href":"https:\/\/hudo.com\/si\/wp-json\/wp\/v2\/supertag?post=251203"}],"curies":[{"name":"wp","href":"https:\/\/api.w.org\/{rel}","templated":true}]}}