{"id":251445,"date":"2017-05-05T14:19:00","date_gmt":"2017-05-05T12:19:00","guid":{"rendered":"http:\/\/hudo.com\/si\/2017\/05\/05\/macronu-tik-pred-volilno-nedeljo-kaze-se-kancek-bolje\/"},"modified":"2017-05-05T14:19:00","modified_gmt":"2017-05-05T12:19:00","slug":"macronu-tik-pred-volilno-nedeljo-kaze-se-kancek-bolje","status":"publish","type":"post","link":"https:\/\/hudo.com\/si\/aktualno\/macronu-tik-pred-volilno-nedeljo-kaze-se-kancek-bolje\/","title":{"rendered":"Macronu tik pred volilno nedeljo ka\u017ee \u0161e kan\u010dek bolje"},"content":{"rendered":"<p>Kategorija: Evropa Fri, 05 May 2017 16:19:00 +0200  Malo pred velikim finalom predsedni\u0161kih volitev v Franciji je sredinski kandidat Emmanuel Macron \u0161e pove\u010dal svojo prednost pred skrajno desno Marine Le Pen, je razvidno iz danes objavljene javnomnenjske raziskave in\u0161tituta Ipsos. Macrona bi volilo kar 61,5 odstotka vpra\u0161anih, kar je 2,5 odstotka ve\u010d kot na za\u010detku tedna. Le Penovo bi podprlo 38,5 odstotka vpra\u0161anih, ki bi se odlo\u010dili za enega od obeh kandidatov. Kar 17 odstotkov vpra\u0161anih, ki bi \u0161lo na voli\u0161\u010da, je \u0161e neodlo\u010denih. Ankete Macronu \u017ee vseskozi napovedujejo zmago proti Le Penovi, to sta podprli \u0161e dve raziskavi in\u0161tituta Elabe in Opinionwaya, ki Macronu pripisujeta 62-odstotno podporo. Ob polno\u010di uradno za\u010dne veljati volilni molk, po tem ne bo ve\u010d dovoljeno objavljati javnomnenjskih raziskav ali nagovarjati francoske volivce. Prvi bodo\u00a0&#8230;<\/p>\n","protected":false},"excerpt":{"rendered":"<p>Kategorija: Evropa Fri, 05 May 2017 16:19:00 +0200  Malo pred velikim finalom predsedni\u0161kih volitev v Franciji je sredinski kandidat Emmanuel Macron \u0161e pove\u010dal svojo prednost pred skrajno desno Marine Le Pen, je razvidno iz danes objavljene javnomnenjske raziskave in\u0161tituta Ipsos. Macrona bi volilo kar 61,5 odstotka vpra\u0161anih, kar je 2,5 odstotka ve\u010d kot na za\u010detku tedna. Le Penovo bi podprlo 38,5 odstotka vpra\u0161anih, ki bi se odlo\u010dili za enega od obeh kandidatov. Kar 17 odstotkov vpra\u0161anih, ki bi \u0161lo na voli\u0161\u010da, je \u0161e neodlo\u010denih. Ankete Macronu \u017ee vseskozi napovedujejo zmago proti Le Penovi, to sta podprli \u0161e dve raziskavi in\u0161tituta Elabe in Opinionwaya, ki Macronu pripisujeta 62-odstotno podporo. Ob polno\u010di uradno za\u010dne veljati volilni molk, po tem ne bo ve\u010d dovoljeno objavljati javnomnenjskih raziskav ali nagovarjati francoske volivce. Prvi bodo\u00a0&#8230;<\/p>\n","protected":false},"author":1,"featured_media":0,"comment_status":"closed","ping_status":"closed","sticky":false,"template":"","format":"standard","meta":{"footnotes":""},"categories":[1179],"tags":[],"source":[1703],"supertag":[],"acf":[],"yoast_head":"<!-- This site is optimized with the Yoast SEO plugin v21.3 - https:\/\/yoast.com\/wordpress\/plugins\/seo\/ -->\n<title>Macronu tik pred volilno nedeljo ka\u017ee \u0161e kan\u010dek bolje - Hudo Slovenija<\/title>\n<meta name=\"robots\" content=\"index, follow, max-snippet:-1, max-image-preview:large, max-video-preview:-1\" \/>\n<link rel=\"canonical\" href=\"https:\/\/hudo.com\/si\/aktualno\/macronu-tik-pred-volilno-nedeljo-kaze-se-kancek-bolje\/\" \/>\n<meta property=\"og:locale\" content=\"sl_SI\" \/>\n<meta property=\"og:type\" content=\"article\" \/>\n<meta property=\"og:title\" content=\"Macronu tik pred volilno nedeljo ka\u017ee \u0161e kan\u010dek bolje - Hudo Slovenija\" \/>\n<meta property=\"og:description\" content=\"Kategorija: Evropa Fri, 05 May 2017 16:19:00 +0200 Malo pred velikim finalom predsedni\u0161kih volitev v Franciji je sredinski kandidat Emmanuel Macron \u0161e pove\u010dal svojo prednost pred skrajno desno Marine Le Pen, je razvidno iz danes objavljene javnomnenjske raziskave in\u0161tituta Ipsos. Macrona bi volilo kar 61,5 odstotka vpra\u0161anih, kar je 2,5 odstotka ve\u010d kot na za\u010detku tedna. Le Penovo bi podprlo 38,5 odstotka vpra\u0161anih, ki bi se odlo\u010dili za enega od obeh kandidatov. Kar 17 odstotkov vpra\u0161anih, ki bi \u0161lo na voli\u0161\u010da, je \u0161e neodlo\u010denih. Ankete Macronu \u017ee vseskozi napovedujejo zmago proti Le Penovi, to sta podprli \u0161e dve raziskavi in\u0161tituta Elabe in Opinionwaya, ki Macronu pripisujeta 62-odstotno podporo. Ob polno\u010di uradno za\u010dne veljati volilni molk, po tem ne bo ve\u010d dovoljeno objavljati javnomnenjskih raziskav ali nagovarjati francoske volivce. Prvi bodo\u00a0...\" \/>\n<meta property=\"og:url\" content=\"https:\/\/hudo.com\/si\/aktualno\/macronu-tik-pred-volilno-nedeljo-kaze-se-kancek-bolje\/\" \/>\n<meta property=\"og:site_name\" content=\"Hudo Slovenija\" \/>\n<meta property=\"article:publisher\" content=\"https:\/\/www.facebook.com\/hudo.si\" \/>\n<meta property=\"article:published_time\" content=\"2017-05-05T12:19:00+00:00\" \/>\n<meta property=\"og:image\" content=\"https:\/\/hudo.com\/si\/wp-content\/uploads\/sites\/2\/2017\/05\/480x290_AFP_Photo-20170505150200-02636000.jpeg\" \/>\n\t<meta property=\"og:image:width\" content=\"480\" \/>\n\t<meta property=\"og:image:height\" content=\"290\" \/>\n\t<meta property=\"og:image:type\" content=\"image\/jpeg\" \/>\n<meta name=\"author\" content=\"hudo\" \/>\n<meta name=\"twitter:card\" content=\"summary_large_image\" \/>\n<meta name=\"twitter:creator\" content=\"@hudo_si\" \/>\n<meta name=\"twitter:site\" content=\"@hudo_si\" \/>\n<meta name=\"twitter:label1\" content=\"Written by\" \/>\n\t<meta name=\"twitter:data1\" content=\"hudo\" \/>\n\t<meta name=\"twitter:label2\" content=\"Est. reading time\" \/>\n\t<meta name=\"twitter:data2\" content=\"1 minuta\" \/>\n<script type=\"application\/ld+json\" class=\"yoast-schema-graph\">{\"@context\":\"https:\/\/schema.org\",\"@graph\":[{\"@type\":\"Article\",\"@id\":\"https:\/\/hudo.com\/si\/aktualno\/macronu-tik-pred-volilno-nedeljo-kaze-se-kancek-bolje\/#article\",\"isPartOf\":{\"@id\":\"https:\/\/hudo.com\/si\/aktualno\/macronu-tik-pred-volilno-nedeljo-kaze-se-kancek-bolje\/\"},\"author\":{\"name\":\"hudo\",\"@id\":\"https:\/\/hudo.com\/si\/#\/schema\/person\/601cf3379633985b20f7e50f2bb47707\"},\"headline\":\"Macronu tik pred volilno nedeljo ka\u017ee \u0161e kan\u010dek bolje\",\"datePublished\":\"2017-05-05T12:19:00+00:00\",\"dateModified\":\"2017-05-05T12:19:00+00:00\",\"mainEntityOfPage\":{\"@id\":\"https:\/\/hudo.com\/si\/aktualno\/macronu-tik-pred-volilno-nedeljo-kaze-se-kancek-bolje\/\"},\"wordCount\":146,\"publisher\":{\"@id\":\"https:\/\/hudo.com\/si\/#organization\"},\"articleSection\":[\"Aktualno\"],\"inLanguage\":\"sl-SI\"},{\"@type\":\"WebPage\",\"@id\":\"https:\/\/hudo.com\/si\/aktualno\/macronu-tik-pred-volilno-nedeljo-kaze-se-kancek-bolje\/\",\"url\":\"https:\/\/hudo.com\/si\/aktualno\/macronu-tik-pred-volilno-nedeljo-kaze-se-kancek-bolje\/\",\"name\":\"Macronu tik pred volilno nedeljo ka\u017ee \u0161e kan\u010dek bolje - Hudo Slovenija\",\"isPartOf\":{\"@id\":\"https:\/\/hudo.com\/si\/#website\"},\"datePublished\":\"2017-05-05T12:19:00+00:00\",\"dateModified\":\"2017-05-05T12:19:00+00:00\",\"breadcrumb\":{\"@id\":\"https:\/\/hudo.com\/si\/aktualno\/macronu-tik-pred-volilno-nedeljo-kaze-se-kancek-bolje\/#breadcrumb\"},\"inLanguage\":\"sl-SI\",\"potentialAction\":[{\"@type\":\"ReadAction\",\"target\":[\"https:\/\/hudo.com\/si\/aktualno\/macronu-tik-pred-volilno-nedeljo-kaze-se-kancek-bolje\/\"]}]},{\"@type\":\"BreadcrumbList\",\"@id\":\"https:\/\/hudo.com\/si\/aktualno\/macronu-tik-pred-volilno-nedeljo-kaze-se-kancek-bolje\/#breadcrumb\",\"itemListElement\":[{\"@type\":\"ListItem\",\"position\":1,\"name\":\"Home\",\"item\":\"https:\/\/hudo.com\/si\/\"},{\"@type\":\"ListItem\",\"position\":2,\"name\":\"Macronu tik pred volilno nedeljo ka\u017ee \u0161e kan\u010dek bolje\"}]},{\"@type\":\"WebSite\",\"@id\":\"https:\/\/hudo.com\/si\/#website\",\"url\":\"https:\/\/hudo.com\/si\/\",\"name\":\"Hudo Slovenija\",\"description\":\"Vse novice iz Slovenije in sveta\",\"publisher\":{\"@id\":\"https:\/\/hudo.com\/si\/#organization\"},\"potentialAction\":[{\"@type\":\"SearchAction\",\"target\":{\"@type\":\"EntryPoint\",\"urlTemplate\":\"https:\/\/hudo.com\/si\/?s={search_term_string}\"},\"query-input\":\"required name=search_term_string\"}],\"inLanguage\":\"sl-SI\"},{\"@type\":\"Organization\",\"@id\":\"https:\/\/hudo.com\/si\/#organization\",\"name\":\"VSN Media\",\"url\":\"https:\/\/hudo.com\/si\/\",\"logo\":{\"@type\":\"ImageObject\",\"inLanguage\":\"sl-SI\",\"@id\":\"https:\/\/hudo.com\/si\/#\/schema\/logo\/image\/\",\"url\":\"https:\/\/hudo.com\/si\/wp-content\/uploads\/sites\/2\/2021\/03\/hudo-app-2.png\",\"contentUrl\":\"https:\/\/hudo.com\/si\/wp-content\/uploads\/sites\/2\/2021\/03\/hudo-app-2.png\",\"width\":2185,\"height\":2167,\"caption\":\"VSN Media\"},\"image\":{\"@id\":\"https:\/\/hudo.com\/si\/#\/schema\/logo\/image\/\"},\"sameAs\":[\"https:\/\/www.facebook.com\/hudo.si\",\"https:\/\/twitter.com\/hudo_si\"]},{\"@type\":\"Person\",\"@id\":\"https:\/\/hudo.com\/si\/#\/schema\/person\/601cf3379633985b20f7e50f2bb47707\",\"name\":\"hudo\",\"image\":{\"@type\":\"ImageObject\",\"inLanguage\":\"sl-SI\",\"@id\":\"https:\/\/hudo.com\/si\/#\/schema\/person\/image\/\",\"url\":\"https:\/\/secure.gravatar.com\/avatar\/c4ca25fa72cace7a696b52ff5db9e095?s=96&d=mm&r=g\",\"contentUrl\":\"https:\/\/secure.gravatar.com\/avatar\/c4ca25fa72cace7a696b52ff5db9e095?s=96&d=mm&r=g\",\"caption\":\"hudo\"},\"url\":\"https:\/\/hudo.com\/si\/author\/hudo\/\"}]}<\/script>\n<!-- \/ Yoast SEO plugin. -->","yoast_head_json":{"title":"Macronu tik pred volilno nedeljo ka\u017ee \u0161e kan\u010dek bolje - Hudo Slovenija","robots":{"index":"index","follow":"follow","max-snippet":"max-snippet:-1","max-image-preview":"max-image-preview:large","max-video-preview":"max-video-preview:-1"},"canonical":"https:\/\/hudo.com\/si\/aktualno\/macronu-tik-pred-volilno-nedeljo-kaze-se-kancek-bolje\/","og_locale":"sl_SI","og_type":"article","og_title":"Macronu tik pred volilno nedeljo ka\u017ee \u0161e kan\u010dek bolje - Hudo Slovenija","og_description":"Kategorija: Evropa Fri, 05 May 2017 16:19:00 +0200 Malo pred velikim finalom predsedni\u0161kih volitev v Franciji je sredinski kandidat Emmanuel Macron \u0161e pove\u010dal svojo prednost pred skrajno desno Marine Le Pen, je razvidno iz danes objavljene javnomnenjske raziskave in\u0161tituta Ipsos. Macrona bi volilo kar 61,5 odstotka vpra\u0161anih, kar je 2,5 odstotka ve\u010d kot na za\u010detku tedna. Le Penovo bi podprlo 38,5 odstotka vpra\u0161anih, ki bi se odlo\u010dili za enega od obeh kandidatov. Kar 17 odstotkov vpra\u0161anih, ki bi \u0161lo na voli\u0161\u010da, je \u0161e neodlo\u010denih. Ankete Macronu \u017ee vseskozi napovedujejo zmago proti Le Penovi, to sta podprli \u0161e dve raziskavi in\u0161tituta Elabe in Opinionwaya, ki Macronu pripisujeta 62-odstotno podporo. Ob polno\u010di uradno za\u010dne veljati volilni molk, po tem ne bo ve\u010d dovoljeno objavljati javnomnenjskih raziskav ali nagovarjati francoske volivce. Prvi bodo\u00a0...","og_url":"https:\/\/hudo.com\/si\/aktualno\/macronu-tik-pred-volilno-nedeljo-kaze-se-kancek-bolje\/","og_site_name":"Hudo Slovenija","article_publisher":"https:\/\/www.facebook.com\/hudo.si","article_published_time":"2017-05-05T12:19:00+00:00","og_image":[{"width":480,"height":290,"url":"https:\/\/hudo.com\/si\/wp-content\/uploads\/sites\/2\/2017\/05\/480x290_AFP_Photo-20170505150200-02636000.jpeg","type":"image\/jpeg"}],"author":"hudo","twitter_card":"summary_large_image","twitter_creator":"@hudo_si","twitter_site":"@hudo_si","twitter_misc":{"Written by":"hudo","Est. reading time":"1 minuta"},"schema":{"@context":"https:\/\/schema.org","@graph":[{"@type":"Article","@id":"https:\/\/hudo.com\/si\/aktualno\/macronu-tik-pred-volilno-nedeljo-kaze-se-kancek-bolje\/#article","isPartOf":{"@id":"https:\/\/hudo.com\/si\/aktualno\/macronu-tik-pred-volilno-nedeljo-kaze-se-kancek-bolje\/"},"author":{"name":"hudo","@id":"https:\/\/hudo.com\/si\/#\/schema\/person\/601cf3379633985b20f7e50f2bb47707"},"headline":"Macronu tik pred volilno nedeljo ka\u017ee \u0161e kan\u010dek bolje","datePublished":"2017-05-05T12:19:00+00:00","dateModified":"2017-05-05T12:19:00+00:00","mainEntityOfPage":{"@id":"https:\/\/hudo.com\/si\/aktualno\/macronu-tik-pred-volilno-nedeljo-kaze-se-kancek-bolje\/"},"wordCount":146,"publisher":{"@id":"https:\/\/hudo.com\/si\/#organization"},"articleSection":["Aktualno"],"inLanguage":"sl-SI"},{"@type":"WebPage","@id":"https:\/\/hudo.com\/si\/aktualno\/macronu-tik-pred-volilno-nedeljo-kaze-se-kancek-bolje\/","url":"https:\/\/hudo.com\/si\/aktualno\/macronu-tik-pred-volilno-nedeljo-kaze-se-kancek-bolje\/","name":"Macronu tik pred volilno nedeljo ka\u017ee \u0161e kan\u010dek bolje - Hudo Slovenija","isPartOf":{"@id":"https:\/\/hudo.com\/si\/#website"},"datePublished":"2017-05-05T12:19:00+00:00","dateModified":"2017-05-05T12:19:00+00:00","breadcrumb":{"@id":"https:\/\/hudo.com\/si\/aktualno\/macronu-tik-pred-volilno-nedeljo-kaze-se-kancek-bolje\/#breadcrumb"},"inLanguage":"sl-SI","potentialAction":[{"@type":"ReadAction","target":["https:\/\/hudo.com\/si\/aktualno\/macronu-tik-pred-volilno-nedeljo-kaze-se-kancek-bolje\/"]}]},{"@type":"BreadcrumbList","@id":"https:\/\/hudo.com\/si\/aktualno\/macronu-tik-pred-volilno-nedeljo-kaze-se-kancek-bolje\/#breadcrumb","itemListElement":[{"@type":"ListItem","position":1,"name":"Home","item":"https:\/\/hudo.com\/si\/"},{"@type":"ListItem","position":2,"name":"Macronu tik pred volilno nedeljo ka\u017ee \u0161e kan\u010dek bolje"}]},{"@type":"WebSite","@id":"https:\/\/hudo.com\/si\/#website","url":"https:\/\/hudo.com\/si\/","name":"Hudo Slovenija","description":"Vse novice iz Slovenije in sveta","publisher":{"@id":"https:\/\/hudo.com\/si\/#organization"},"potentialAction":[{"@type":"SearchAction","target":{"@type":"EntryPoint","urlTemplate":"https:\/\/hudo.com\/si\/?s={search_term_string}"},"query-input":"required name=search_term_string"}],"inLanguage":"sl-SI"},{"@type":"Organization","@id":"https:\/\/hudo.com\/si\/#organization","name":"VSN Media","url":"https:\/\/hudo.com\/si\/","logo":{"@type":"ImageObject","inLanguage":"sl-SI","@id":"https:\/\/hudo.com\/si\/#\/schema\/logo\/image\/","url":"https:\/\/hudo.com\/si\/wp-content\/uploads\/sites\/2\/2021\/03\/hudo-app-2.png","contentUrl":"https:\/\/hudo.com\/si\/wp-content\/uploads\/sites\/2\/2021\/03\/hudo-app-2.png","width":2185,"height":2167,"caption":"VSN Media"},"image":{"@id":"https:\/\/hudo.com\/si\/#\/schema\/logo\/image\/"},"sameAs":["https:\/\/www.facebook.com\/hudo.si","https:\/\/twitter.com\/hudo_si"]},{"@type":"Person","@id":"https:\/\/hudo.com\/si\/#\/schema\/person\/601cf3379633985b20f7e50f2bb47707","name":"hudo","image":{"@type":"ImageObject","inLanguage":"sl-SI","@id":"https:\/\/hudo.com\/si\/#\/schema\/person\/image\/","url":"https:\/\/secure.gravatar.com\/avatar\/c4ca25fa72cace7a696b52ff5db9e095?s=96&d=mm&r=g","contentUrl":"https:\/\/secure.gravatar.com\/avatar\/c4ca25fa72cace7a696b52ff5db9e095?s=96&d=mm&r=g","caption":"hudo"},"url":"https:\/\/hudo.com\/si\/author\/hudo\/"}]}},"amp_enabled":true,"_links":{"self":[{"href":"https:\/\/hudo.com\/si\/wp-json\/wp\/v2\/posts\/251445"}],"collection":[{"href":"https:\/\/hudo.com\/si\/wp-json\/wp\/v2\/posts"}],"about":[{"href":"https:\/\/hudo.com\/si\/wp-json\/wp\/v2\/types\/post"}],"author":[{"embeddable":true,"href":"https:\/\/hudo.com\/si\/wp-json\/wp\/v2\/users\/1"}],"replies":[{"embeddable":true,"href":"https:\/\/hudo.com\/si\/wp-json\/wp\/v2\/comments?post=251445"}],"version-history":[{"count":0,"href":"https:\/\/hudo.com\/si\/wp-json\/wp\/v2\/posts\/251445\/revisions"}],"wp:attachment":[{"href":"https:\/\/hudo.com\/si\/wp-json\/wp\/v2\/media?parent=251445"}],"wp:term":[{"taxonomy":"category","embeddable":true,"href":"https:\/\/hudo.com\/si\/wp-json\/wp\/v2\/categories?post=251445"},{"taxonomy":"post_tag","embeddable":true,"href":"https:\/\/hudo.com\/si\/wp-json\/wp\/v2\/tags?post=251445"},{"taxonomy":"source","embeddable":true,"href":"https:\/\/hudo.com\/si\/wp-json\/wp\/v2\/source?post=251445"},{"taxonomy":"supertag","embeddable":true,"href":"https:\/\/hudo.com\/si\/wp-json\/wp\/v2\/supertag?post=251445"}],"curies":[{"name":"wp","href":"https:\/\/api.w.org\/{rel}","templated":true}]}}