{"id":25232,"date":"2016-04-09T09:40:00","date_gmt":"2016-04-09T07:40:00","guid":{"rendered":"http:\/\/hudo.com\/si\/2016\/04\/09\/nevsakdanja-nezgoda-nekdanjega-sampiona-gilberta\/"},"modified":"2016-04-10T06:16:27","modified_gmt":"2016-04-10T04:16:27","slug":"nevsakdanja-nezgoda-nekdanjega-sampiona-gilberta","status":"publish","type":"post","link":"https:\/\/hudo.com\/si\/aktualno\/nevsakdanja-nezgoda-nekdanjega-sampiona-gilberta\/","title":{"rendered":"Nevsakdanja nezgoda nekdanjega \u0161ampiona Gilberta"},"content":{"rendered":"<p>Kategorija: Kolesarstvo Sat, 09 Apr 2016 11:40:00 +0200  Bruselj &#8211; Nekdanji svetovni prvak v cestnem kolesarstvu iz leta 2012, izku\u0161eni 33-letni Belgijec Philippe Gilbert, ki se je pred tednom dni veselil tretjega mesta na enodnevni dirki v nizozemskem Limburgu, je bil &#8211; ne po lastni krivdi &#8211; v Bruslju vpleten v nevsakdanji pripetljaj. Med treningom z mo\u0161tvenim kolegom pri BMC in rojakom Lo\u00efcom Vliegnom sta ga namre\u010d napadla dva vinjena mo\u0161ka, ki sta se mimo pripeljala z osebnim vozilom. Kolesarja je nista huje skupila, Gilberta bo na nenavadno nezgodo, pri kateri so morali posredovati mo\u017eje postave in napadalca (eden je tudi izstopil iz avtomobila in se zapletel \u0161e v besedni spor s \u0161portnikoma) aretirali, spominjal le zlomljen sredinec leve roke. \u00bbTa \u010das sem \u0161e pod hudim \u0161okom. da je do tovrstnega dogodka sploh pri\u0161lo. Ko se odpravi\u0161 na cesto,\u00a0&#8230;<\/p>\n","protected":false},"excerpt":{"rendered":"<p>Kategorija: Kolesarstvo Sat, 09 Apr 2016 11:40:00 +0200  Bruselj &#8211; Nekdanji svetovni prvak v cestnem kolesarstvu iz leta 2012, izku\u0161eni 33-letni Belgijec Philippe Gilbert, ki se je pred tednom dni veselil tretjega mesta na enodnevni dirki v nizozemskem Limburgu, je bil &#8211; ne po lastni krivdi &#8211; v Bruslju vpleten v nevsakdanji pripetljaj. Med treningom z mo\u0161tvenim kolegom pri BMC in rojakom Lo\u00efcom Vliegnom sta ga namre\u010d napadla dva vinjena mo\u0161ka, ki sta se mimo pripeljala z osebnim vozilom. Kolesarja je nista huje skupila, Gilberta bo na nenavadno nezgodo, pri kateri so morali posredovati mo\u017eje postave in napadalca (eden je tudi izstopil iz avtomobila in se zapletel \u0161e v besedni spor s \u0161portnikoma) aretirali, spominjal le zlomljen sredinec leve roke. \u00bbTa \u010das sem \u0161e pod hudim \u0161okom. da je do tovrstnega dogodka sploh pri\u0161lo. Ko se odpravi\u0161 na cesto,\u00a0&#8230;<\/p>\n","protected":false},"author":1,"featured_media":0,"comment_status":"closed","ping_status":"closed","sticky":false,"template":"","format":"standard","meta":{"footnotes":""},"categories":[1179],"tags":[],"source":[4511],"supertag":[],"acf":[],"yoast_head":"<!-- This site is optimized with the Yoast SEO plugin v21.3 - https:\/\/yoast.com\/wordpress\/plugins\/seo\/ -->\n<title>Nevsakdanja nezgoda nekdanjega \u0161ampiona Gilberta - Hudo Slovenija<\/title>\n<meta name=\"robots\" content=\"index, follow, max-snippet:-1, max-image-preview:large, max-video-preview:-1\" \/>\n<link rel=\"canonical\" href=\"https:\/\/hudo.com\/si\/aktualno\/nevsakdanja-nezgoda-nekdanjega-sampiona-gilberta\/\" \/>\n<meta property=\"og:locale\" content=\"sl_SI\" \/>\n<meta property=\"og:type\" content=\"article\" \/>\n<meta property=\"og:title\" content=\"Nevsakdanja nezgoda nekdanjega \u0161ampiona Gilberta - Hudo Slovenija\" \/>\n<meta property=\"og:description\" content=\"Kategorija: Kolesarstvo Sat, 09 Apr 2016 11:40:00 +0200 Bruselj - Nekdanji svetovni prvak v cestnem kolesarstvu iz leta 2012, izku\u0161eni 33-letni Belgijec Philippe Gilbert, ki se je pred tednom dni veselil tretjega mesta na enodnevni dirki v nizozemskem Limburgu, je bil - ne po lastni krivdi - v Bruslju vpleten v nevsakdanji pripetljaj. Med treningom z mo\u0161tvenim kolegom pri BMC in rojakom Lo\u00efcom Vliegnom sta ga namre\u010d napadla dva vinjena mo\u0161ka, ki sta se mimo pripeljala z osebnim vozilom. Kolesarja je nista huje skupila, Gilberta bo na nenavadno nezgodo, pri kateri so morali posredovati mo\u017eje postave in napadalca (eden je tudi izstopil iz avtomobila in se zapletel \u0161e v besedni spor s \u0161portnikoma) aretirali, spominjal le zlomljen sredinec leve roke. \u00bbTa \u010das sem \u0161e pod hudim \u0161okom. da je do tovrstnega dogodka sploh pri\u0161lo. Ko se odpravi\u0161 na cesto,\u00a0...\" \/>\n<meta property=\"og:url\" content=\"https:\/\/hudo.com\/si\/aktualno\/nevsakdanja-nezgoda-nekdanjega-sampiona-gilberta\/\" \/>\n<meta property=\"og:site_name\" content=\"Hudo Slovenija\" \/>\n<meta property=\"article:publisher\" content=\"https:\/\/www.facebook.com\/hudo.si\" \/>\n<meta property=\"article:published_time\" content=\"2016-04-09T07:40:00+00:00\" \/>\n<meta property=\"article:modified_time\" content=\"2016-04-10T04:16:27+00:00\" \/>\n<meta property=\"og:image\" content=\"https:\/\/hudo.com\/si\/wp-content\/uploads\/sites\/2\/2016\/04\/480x290_djvu_1556296_janezp_reu-CYCLING-WORLD.jpeg\" \/>\n\t<meta property=\"og:image:width\" content=\"480\" \/>\n\t<meta property=\"og:image:height\" content=\"290\" \/>\n\t<meta property=\"og:image:type\" content=\"image\/jpeg\" \/>\n<meta name=\"author\" content=\"hudo\" \/>\n<meta name=\"twitter:card\" content=\"summary_large_image\" \/>\n<meta name=\"twitter:creator\" content=\"@hudo_si\" \/>\n<meta name=\"twitter:site\" content=\"@hudo_si\" \/>\n<meta name=\"twitter:label1\" content=\"Written by\" \/>\n\t<meta name=\"twitter:data1\" content=\"hudo\" \/>\n\t<meta name=\"twitter:label2\" content=\"Est. reading time\" \/>\n\t<meta name=\"twitter:data2\" content=\"1 minuta\" \/>\n<script type=\"application\/ld+json\" class=\"yoast-schema-graph\">{\"@context\":\"https:\/\/schema.org\",\"@graph\":[{\"@type\":\"Article\",\"@id\":\"https:\/\/hudo.com\/si\/aktualno\/nevsakdanja-nezgoda-nekdanjega-sampiona-gilberta\/#article\",\"isPartOf\":{\"@id\":\"https:\/\/hudo.com\/si\/aktualno\/nevsakdanja-nezgoda-nekdanjega-sampiona-gilberta\/\"},\"author\":{\"name\":\"hudo\",\"@id\":\"https:\/\/hudo.com\/si\/#\/schema\/person\/601cf3379633985b20f7e50f2bb47707\"},\"headline\":\"Nevsakdanja nezgoda nekdanjega \u0161ampiona Gilberta\",\"datePublished\":\"2016-04-09T07:40:00+00:00\",\"dateModified\":\"2016-04-10T04:16:27+00:00\",\"mainEntityOfPage\":{\"@id\":\"https:\/\/hudo.com\/si\/aktualno\/nevsakdanja-nezgoda-nekdanjega-sampiona-gilberta\/\"},\"wordCount\":145,\"publisher\":{\"@id\":\"https:\/\/hudo.com\/si\/#organization\"},\"articleSection\":[\"Aktualno\"],\"inLanguage\":\"sl-SI\"},{\"@type\":\"WebPage\",\"@id\":\"https:\/\/hudo.com\/si\/aktualno\/nevsakdanja-nezgoda-nekdanjega-sampiona-gilberta\/\",\"url\":\"https:\/\/hudo.com\/si\/aktualno\/nevsakdanja-nezgoda-nekdanjega-sampiona-gilberta\/\",\"name\":\"Nevsakdanja nezgoda nekdanjega \u0161ampiona Gilberta - Hudo Slovenija\",\"isPartOf\":{\"@id\":\"https:\/\/hudo.com\/si\/#website\"},\"datePublished\":\"2016-04-09T07:40:00+00:00\",\"dateModified\":\"2016-04-10T04:16:27+00:00\",\"breadcrumb\":{\"@id\":\"https:\/\/hudo.com\/si\/aktualno\/nevsakdanja-nezgoda-nekdanjega-sampiona-gilberta\/#breadcrumb\"},\"inLanguage\":\"sl-SI\",\"potentialAction\":[{\"@type\":\"ReadAction\",\"target\":[\"https:\/\/hudo.com\/si\/aktualno\/nevsakdanja-nezgoda-nekdanjega-sampiona-gilberta\/\"]}]},{\"@type\":\"BreadcrumbList\",\"@id\":\"https:\/\/hudo.com\/si\/aktualno\/nevsakdanja-nezgoda-nekdanjega-sampiona-gilberta\/#breadcrumb\",\"itemListElement\":[{\"@type\":\"ListItem\",\"position\":1,\"name\":\"Home\",\"item\":\"https:\/\/hudo.com\/si\/\"},{\"@type\":\"ListItem\",\"position\":2,\"name\":\"Nevsakdanja nezgoda nekdanjega \u0161ampiona Gilberta\"}]},{\"@type\":\"WebSite\",\"@id\":\"https:\/\/hudo.com\/si\/#website\",\"url\":\"https:\/\/hudo.com\/si\/\",\"name\":\"Hudo Slovenija\",\"description\":\"Vse novice iz Slovenije in sveta\",\"publisher\":{\"@id\":\"https:\/\/hudo.com\/si\/#organization\"},\"potentialAction\":[{\"@type\":\"SearchAction\",\"target\":{\"@type\":\"EntryPoint\",\"urlTemplate\":\"https:\/\/hudo.com\/si\/?s={search_term_string}\"},\"query-input\":\"required name=search_term_string\"}],\"inLanguage\":\"sl-SI\"},{\"@type\":\"Organization\",\"@id\":\"https:\/\/hudo.com\/si\/#organization\",\"name\":\"VSN Media\",\"url\":\"https:\/\/hudo.com\/si\/\",\"logo\":{\"@type\":\"ImageObject\",\"inLanguage\":\"sl-SI\",\"@id\":\"https:\/\/hudo.com\/si\/#\/schema\/logo\/image\/\",\"url\":\"https:\/\/hudo.com\/si\/wp-content\/uploads\/sites\/2\/2021\/03\/hudo-app-2.png\",\"contentUrl\":\"https:\/\/hudo.com\/si\/wp-content\/uploads\/sites\/2\/2021\/03\/hudo-app-2.png\",\"width\":2185,\"height\":2167,\"caption\":\"VSN Media\"},\"image\":{\"@id\":\"https:\/\/hudo.com\/si\/#\/schema\/logo\/image\/\"},\"sameAs\":[\"https:\/\/www.facebook.com\/hudo.si\",\"https:\/\/twitter.com\/hudo_si\"]},{\"@type\":\"Person\",\"@id\":\"https:\/\/hudo.com\/si\/#\/schema\/person\/601cf3379633985b20f7e50f2bb47707\",\"name\":\"hudo\",\"image\":{\"@type\":\"ImageObject\",\"inLanguage\":\"sl-SI\",\"@id\":\"https:\/\/hudo.com\/si\/#\/schema\/person\/image\/\",\"url\":\"https:\/\/secure.gravatar.com\/avatar\/c4ca25fa72cace7a696b52ff5db9e095?s=96&d=mm&r=g\",\"contentUrl\":\"https:\/\/secure.gravatar.com\/avatar\/c4ca25fa72cace7a696b52ff5db9e095?s=96&d=mm&r=g\",\"caption\":\"hudo\"},\"url\":\"https:\/\/hudo.com\/si\/author\/hudo\/\"}]}<\/script>\n<!-- \/ Yoast SEO plugin. -->","yoast_head_json":{"title":"Nevsakdanja nezgoda nekdanjega \u0161ampiona Gilberta - Hudo Slovenija","robots":{"index":"index","follow":"follow","max-snippet":"max-snippet:-1","max-image-preview":"max-image-preview:large","max-video-preview":"max-video-preview:-1"},"canonical":"https:\/\/hudo.com\/si\/aktualno\/nevsakdanja-nezgoda-nekdanjega-sampiona-gilberta\/","og_locale":"sl_SI","og_type":"article","og_title":"Nevsakdanja nezgoda nekdanjega \u0161ampiona Gilberta - Hudo Slovenija","og_description":"Kategorija: Kolesarstvo Sat, 09 Apr 2016 11:40:00 +0200 Bruselj - Nekdanji svetovni prvak v cestnem kolesarstvu iz leta 2012, izku\u0161eni 33-letni Belgijec Philippe Gilbert, ki se je pred tednom dni veselil tretjega mesta na enodnevni dirki v nizozemskem Limburgu, je bil - ne po lastni krivdi - v Bruslju vpleten v nevsakdanji pripetljaj. Med treningom z mo\u0161tvenim kolegom pri BMC in rojakom Lo\u00efcom Vliegnom sta ga namre\u010d napadla dva vinjena mo\u0161ka, ki sta se mimo pripeljala z osebnim vozilom. Kolesarja je nista huje skupila, Gilberta bo na nenavadno nezgodo, pri kateri so morali posredovati mo\u017eje postave in napadalca (eden je tudi izstopil iz avtomobila in se zapletel \u0161e v besedni spor s \u0161portnikoma) aretirali, spominjal le zlomljen sredinec leve roke. \u00bbTa \u010das sem \u0161e pod hudim \u0161okom. da je do tovrstnega dogodka sploh pri\u0161lo. Ko se odpravi\u0161 na cesto,\u00a0...","og_url":"https:\/\/hudo.com\/si\/aktualno\/nevsakdanja-nezgoda-nekdanjega-sampiona-gilberta\/","og_site_name":"Hudo Slovenija","article_publisher":"https:\/\/www.facebook.com\/hudo.si","article_published_time":"2016-04-09T07:40:00+00:00","article_modified_time":"2016-04-10T04:16:27+00:00","og_image":[{"width":480,"height":290,"url":"https:\/\/hudo.com\/si\/wp-content\/uploads\/sites\/2\/2016\/04\/480x290_djvu_1556296_janezp_reu-CYCLING-WORLD.jpeg","type":"image\/jpeg"}],"author":"hudo","twitter_card":"summary_large_image","twitter_creator":"@hudo_si","twitter_site":"@hudo_si","twitter_misc":{"Written by":"hudo","Est. reading time":"1 minuta"},"schema":{"@context":"https:\/\/schema.org","@graph":[{"@type":"Article","@id":"https:\/\/hudo.com\/si\/aktualno\/nevsakdanja-nezgoda-nekdanjega-sampiona-gilberta\/#article","isPartOf":{"@id":"https:\/\/hudo.com\/si\/aktualno\/nevsakdanja-nezgoda-nekdanjega-sampiona-gilberta\/"},"author":{"name":"hudo","@id":"https:\/\/hudo.com\/si\/#\/schema\/person\/601cf3379633985b20f7e50f2bb47707"},"headline":"Nevsakdanja nezgoda nekdanjega \u0161ampiona Gilberta","datePublished":"2016-04-09T07:40:00+00:00","dateModified":"2016-04-10T04:16:27+00:00","mainEntityOfPage":{"@id":"https:\/\/hudo.com\/si\/aktualno\/nevsakdanja-nezgoda-nekdanjega-sampiona-gilberta\/"},"wordCount":145,"publisher":{"@id":"https:\/\/hudo.com\/si\/#organization"},"articleSection":["Aktualno"],"inLanguage":"sl-SI"},{"@type":"WebPage","@id":"https:\/\/hudo.com\/si\/aktualno\/nevsakdanja-nezgoda-nekdanjega-sampiona-gilberta\/","url":"https:\/\/hudo.com\/si\/aktualno\/nevsakdanja-nezgoda-nekdanjega-sampiona-gilberta\/","name":"Nevsakdanja nezgoda nekdanjega \u0161ampiona Gilberta - Hudo Slovenija","isPartOf":{"@id":"https:\/\/hudo.com\/si\/#website"},"datePublished":"2016-04-09T07:40:00+00:00","dateModified":"2016-04-10T04:16:27+00:00","breadcrumb":{"@id":"https:\/\/hudo.com\/si\/aktualno\/nevsakdanja-nezgoda-nekdanjega-sampiona-gilberta\/#breadcrumb"},"inLanguage":"sl-SI","potentialAction":[{"@type":"ReadAction","target":["https:\/\/hudo.com\/si\/aktualno\/nevsakdanja-nezgoda-nekdanjega-sampiona-gilberta\/"]}]},{"@type":"BreadcrumbList","@id":"https:\/\/hudo.com\/si\/aktualno\/nevsakdanja-nezgoda-nekdanjega-sampiona-gilberta\/#breadcrumb","itemListElement":[{"@type":"ListItem","position":1,"name":"Home","item":"https:\/\/hudo.com\/si\/"},{"@type":"ListItem","position":2,"name":"Nevsakdanja nezgoda nekdanjega \u0161ampiona Gilberta"}]},{"@type":"WebSite","@id":"https:\/\/hudo.com\/si\/#website","url":"https:\/\/hudo.com\/si\/","name":"Hudo Slovenija","description":"Vse novice iz Slovenije in sveta","publisher":{"@id":"https:\/\/hudo.com\/si\/#organization"},"potentialAction":[{"@type":"SearchAction","target":{"@type":"EntryPoint","urlTemplate":"https:\/\/hudo.com\/si\/?s={search_term_string}"},"query-input":"required name=search_term_string"}],"inLanguage":"sl-SI"},{"@type":"Organization","@id":"https:\/\/hudo.com\/si\/#organization","name":"VSN Media","url":"https:\/\/hudo.com\/si\/","logo":{"@type":"ImageObject","inLanguage":"sl-SI","@id":"https:\/\/hudo.com\/si\/#\/schema\/logo\/image\/","url":"https:\/\/hudo.com\/si\/wp-content\/uploads\/sites\/2\/2021\/03\/hudo-app-2.png","contentUrl":"https:\/\/hudo.com\/si\/wp-content\/uploads\/sites\/2\/2021\/03\/hudo-app-2.png","width":2185,"height":2167,"caption":"VSN Media"},"image":{"@id":"https:\/\/hudo.com\/si\/#\/schema\/logo\/image\/"},"sameAs":["https:\/\/www.facebook.com\/hudo.si","https:\/\/twitter.com\/hudo_si"]},{"@type":"Person","@id":"https:\/\/hudo.com\/si\/#\/schema\/person\/601cf3379633985b20f7e50f2bb47707","name":"hudo","image":{"@type":"ImageObject","inLanguage":"sl-SI","@id":"https:\/\/hudo.com\/si\/#\/schema\/person\/image\/","url":"https:\/\/secure.gravatar.com\/avatar\/c4ca25fa72cace7a696b52ff5db9e095?s=96&d=mm&r=g","contentUrl":"https:\/\/secure.gravatar.com\/avatar\/c4ca25fa72cace7a696b52ff5db9e095?s=96&d=mm&r=g","caption":"hudo"},"url":"https:\/\/hudo.com\/si\/author\/hudo\/"}]}},"amp_enabled":true,"_links":{"self":[{"href":"https:\/\/hudo.com\/si\/wp-json\/wp\/v2\/posts\/25232"}],"collection":[{"href":"https:\/\/hudo.com\/si\/wp-json\/wp\/v2\/posts"}],"about":[{"href":"https:\/\/hudo.com\/si\/wp-json\/wp\/v2\/types\/post"}],"author":[{"embeddable":true,"href":"https:\/\/hudo.com\/si\/wp-json\/wp\/v2\/users\/1"}],"replies":[{"embeddable":true,"href":"https:\/\/hudo.com\/si\/wp-json\/wp\/v2\/comments?post=25232"}],"version-history":[{"count":1,"href":"https:\/\/hudo.com\/si\/wp-json\/wp\/v2\/posts\/25232\/revisions"}],"predecessor-version":[{"id":25287,"href":"https:\/\/hudo.com\/si\/wp-json\/wp\/v2\/posts\/25232\/revisions\/25287"}],"wp:attachment":[{"href":"https:\/\/hudo.com\/si\/wp-json\/wp\/v2\/media?parent=25232"}],"wp:term":[{"taxonomy":"category","embeddable":true,"href":"https:\/\/hudo.com\/si\/wp-json\/wp\/v2\/categories?post=25232"},{"taxonomy":"post_tag","embeddable":true,"href":"https:\/\/hudo.com\/si\/wp-json\/wp\/v2\/tags?post=25232"},{"taxonomy":"source","embeddable":true,"href":"https:\/\/hudo.com\/si\/wp-json\/wp\/v2\/source?post=25232"},{"taxonomy":"supertag","embeddable":true,"href":"https:\/\/hudo.com\/si\/wp-json\/wp\/v2\/supertag?post=25232"}],"curies":[{"name":"wp","href":"https:\/\/api.w.org\/{rel}","templated":true}]}}