{"id":252552,"date":"2017-05-08T12:04:00","date_gmt":"2017-05-08T10:04:00","guid":{"rendered":"http:\/\/hudo.com\/si\/2017\/05\/08\/v-montrealu-zaradi-poplav-izredne-razmere\/"},"modified":"2017-05-08T12:04:00","modified_gmt":"2017-05-08T10:04:00","slug":"v-montrealu-zaradi-poplav-izredne-razmere","status":"publish","type":"post","link":"https:\/\/hudo.com\/si\/aktualno\/v-montrealu-zaradi-poplav-izredne-razmere\/","title":{"rendered":"V Montrealu zaradi poplav izredne razmere"},"content":{"rendered":"<p>Kategorija: Globalno Mon, 08 May 2017 14:04:00 +0200  V kanadskem mestu Montreal so zaradi poplav, ki jih povzro\u010data hudourni\u0161ko de\u017eevje in taljenje snega, razglasili izredne razmere. Oblasti so ukrep sprejele v nedeljo popoldne in bo veljal naslednjih 48 ur, poro\u010da Slovenska tiskovna agencija. Po provinci Quebec je \u017ee poplavilo 126 naselij oziroma 1900 domov. Na pomo\u010d je na poplavljena obmo\u010dja prisko\u010dilo 1200 vojakov, ki pomagajo pri evakuaciji. Izredne razmere so razglasili tudi v mestu Rigaud na zahodu Montreala, kjer je najhuje. \u00bbLjudi moramo evakuirati, ko smo jih dali v \u010dolne, so jokali kot otroci. \u017dal mi je, ampak na tej to\u010dki ljudje ne morejo sami odlo\u010dati o svoji prihodnosti,\u00ab je povedal \u017eupan mesta Hans Gruenwald Jr. Mo\u010dno de\u017eevje in visok vodostaj rek je tudi v provinci Ontario. Jezero Ontario je doseglo najvi\u0161ji vodostaj\u00a0&#8230;<\/p>\n","protected":false},"excerpt":{"rendered":"<p>Kategorija: Globalno Mon, 08 May 2017 14:04:00 +0200  V kanadskem mestu Montreal so zaradi poplav, ki jih povzro\u010data hudourni\u0161ko de\u017eevje in taljenje snega, razglasili izredne razmere. Oblasti so ukrep sprejele v nedeljo popoldne in bo veljal naslednjih 48 ur, poro\u010da Slovenska tiskovna agencija. Po provinci Quebec je \u017ee poplavilo 126 naselij oziroma 1900 domov. Na pomo\u010d je na poplavljena obmo\u010dja prisko\u010dilo 1200 vojakov, ki pomagajo pri evakuaciji. Izredne razmere so razglasili tudi v mestu Rigaud na zahodu Montreala, kjer je najhuje. \u00bbLjudi moramo evakuirati, ko smo jih dali v \u010dolne, so jokali kot otroci. \u017dal mi je, ampak na tej to\u010dki ljudje ne morejo sami odlo\u010dati o svoji prihodnosti,\u00ab je povedal \u017eupan mesta Hans Gruenwald Jr. Mo\u010dno de\u017eevje in visok vodostaj rek je tudi v provinci Ontario. Jezero Ontario je doseglo najvi\u0161ji vodostaj\u00a0&#8230;<\/p>\n","protected":false},"author":1,"featured_media":0,"comment_status":"closed","ping_status":"closed","sticky":false,"template":"","format":"standard","meta":{"footnotes":""},"categories":[1179],"tags":[],"source":[1703],"supertag":[],"acf":[],"yoast_head":"<!-- This site is optimized with the Yoast SEO plugin v21.3 - https:\/\/yoast.com\/wordpress\/plugins\/seo\/ -->\n<title>V Montrealu zaradi poplav izredne razmere - Hudo Slovenija<\/title>\n<meta name=\"robots\" content=\"index, follow, max-snippet:-1, max-image-preview:large, max-video-preview:-1\" \/>\n<link rel=\"canonical\" href=\"https:\/\/hudo.com\/si\/aktualno\/v-montrealu-zaradi-poplav-izredne-razmere\/\" \/>\n<meta property=\"og:locale\" content=\"sl_SI\" \/>\n<meta property=\"og:type\" content=\"article\" \/>\n<meta property=\"og:title\" content=\"V Montrealu zaradi poplav izredne razmere - Hudo Slovenija\" \/>\n<meta property=\"og:description\" content=\"Kategorija: Globalno Mon, 08 May 2017 14:04:00 +0200 V kanadskem mestu Montreal so zaradi poplav, ki jih povzro\u010data hudourni\u0161ko de\u017eevje in taljenje snega, razglasili izredne razmere. Oblasti so ukrep sprejele v nedeljo popoldne in bo veljal naslednjih 48 ur, poro\u010da Slovenska tiskovna agencija. Po provinci Quebec je \u017ee poplavilo 126 naselij oziroma 1900 domov. Na pomo\u010d je na poplavljena obmo\u010dja prisko\u010dilo 1200 vojakov, ki pomagajo pri evakuaciji. Izredne razmere so razglasili tudi v mestu Rigaud na zahodu Montreala, kjer je najhuje. \u00bbLjudi moramo evakuirati, ko smo jih dali v \u010dolne, so jokali kot otroci. \u017dal mi je, ampak na tej to\u010dki ljudje ne morejo sami odlo\u010dati o svoji prihodnosti,\u00ab je povedal \u017eupan mesta Hans Gruenwald Jr. Mo\u010dno de\u017eevje in visok vodostaj rek je tudi v provinci Ontario. Jezero Ontario je doseglo najvi\u0161ji vodostaj\u00a0...\" \/>\n<meta property=\"og:url\" content=\"https:\/\/hudo.com\/si\/aktualno\/v-montrealu-zaradi-poplav-izredne-razmere\/\" \/>\n<meta property=\"og:site_name\" content=\"Hudo Slovenija\" \/>\n<meta property=\"article:publisher\" content=\"https:\/\/www.facebook.com\/hudo.si\" \/>\n<meta property=\"article:published_time\" content=\"2017-05-08T10:04:00+00:00\" \/>\n<meta property=\"og:image\" content=\"https:\/\/hudo.com\/si\/wp-content\/uploads\/sites\/2\/2017\/05\/480x290_AP_Pictures-20170507175650-34452600.jpeg\" \/>\n\t<meta property=\"og:image:width\" content=\"480\" \/>\n\t<meta property=\"og:image:height\" content=\"290\" \/>\n\t<meta property=\"og:image:type\" content=\"image\/jpeg\" \/>\n<meta name=\"author\" content=\"hudo\" \/>\n<meta name=\"twitter:card\" content=\"summary_large_image\" \/>\n<meta name=\"twitter:creator\" content=\"@hudo_si\" \/>\n<meta name=\"twitter:site\" content=\"@hudo_si\" \/>\n<meta name=\"twitter:label1\" content=\"Written by\" \/>\n\t<meta name=\"twitter:data1\" content=\"hudo\" \/>\n\t<meta name=\"twitter:label2\" content=\"Est. reading time\" \/>\n\t<meta name=\"twitter:data2\" content=\"1 minuta\" \/>\n<script type=\"application\/ld+json\" class=\"yoast-schema-graph\">{\"@context\":\"https:\/\/schema.org\",\"@graph\":[{\"@type\":\"Article\",\"@id\":\"https:\/\/hudo.com\/si\/aktualno\/v-montrealu-zaradi-poplav-izredne-razmere\/#article\",\"isPartOf\":{\"@id\":\"https:\/\/hudo.com\/si\/aktualno\/v-montrealu-zaradi-poplav-izredne-razmere\/\"},\"author\":{\"name\":\"hudo\",\"@id\":\"https:\/\/hudo.com\/si\/#\/schema\/person\/601cf3379633985b20f7e50f2bb47707\"},\"headline\":\"V Montrealu zaradi poplav izredne razmere\",\"datePublished\":\"2017-05-08T10:04:00+00:00\",\"dateModified\":\"2017-05-08T10:04:00+00:00\",\"mainEntityOfPage\":{\"@id\":\"https:\/\/hudo.com\/si\/aktualno\/v-montrealu-zaradi-poplav-izredne-razmere\/\"},\"wordCount\":142,\"publisher\":{\"@id\":\"https:\/\/hudo.com\/si\/#organization\"},\"articleSection\":[\"Aktualno\"],\"inLanguage\":\"sl-SI\"},{\"@type\":\"WebPage\",\"@id\":\"https:\/\/hudo.com\/si\/aktualno\/v-montrealu-zaradi-poplav-izredne-razmere\/\",\"url\":\"https:\/\/hudo.com\/si\/aktualno\/v-montrealu-zaradi-poplav-izredne-razmere\/\",\"name\":\"V Montrealu zaradi poplav izredne razmere - Hudo Slovenija\",\"isPartOf\":{\"@id\":\"https:\/\/hudo.com\/si\/#website\"},\"datePublished\":\"2017-05-08T10:04:00+00:00\",\"dateModified\":\"2017-05-08T10:04:00+00:00\",\"breadcrumb\":{\"@id\":\"https:\/\/hudo.com\/si\/aktualno\/v-montrealu-zaradi-poplav-izredne-razmere\/#breadcrumb\"},\"inLanguage\":\"sl-SI\",\"potentialAction\":[{\"@type\":\"ReadAction\",\"target\":[\"https:\/\/hudo.com\/si\/aktualno\/v-montrealu-zaradi-poplav-izredne-razmere\/\"]}]},{\"@type\":\"BreadcrumbList\",\"@id\":\"https:\/\/hudo.com\/si\/aktualno\/v-montrealu-zaradi-poplav-izredne-razmere\/#breadcrumb\",\"itemListElement\":[{\"@type\":\"ListItem\",\"position\":1,\"name\":\"Home\",\"item\":\"https:\/\/hudo.com\/si\/\"},{\"@type\":\"ListItem\",\"position\":2,\"name\":\"V Montrealu zaradi poplav izredne razmere\"}]},{\"@type\":\"WebSite\",\"@id\":\"https:\/\/hudo.com\/si\/#website\",\"url\":\"https:\/\/hudo.com\/si\/\",\"name\":\"Hudo Slovenija\",\"description\":\"Vse novice iz Slovenije in sveta\",\"publisher\":{\"@id\":\"https:\/\/hudo.com\/si\/#organization\"},\"potentialAction\":[{\"@type\":\"SearchAction\",\"target\":{\"@type\":\"EntryPoint\",\"urlTemplate\":\"https:\/\/hudo.com\/si\/?s={search_term_string}\"},\"query-input\":\"required name=search_term_string\"}],\"inLanguage\":\"sl-SI\"},{\"@type\":\"Organization\",\"@id\":\"https:\/\/hudo.com\/si\/#organization\",\"name\":\"VSN Media\",\"url\":\"https:\/\/hudo.com\/si\/\",\"logo\":{\"@type\":\"ImageObject\",\"inLanguage\":\"sl-SI\",\"@id\":\"https:\/\/hudo.com\/si\/#\/schema\/logo\/image\/\",\"url\":\"https:\/\/hudo.com\/si\/wp-content\/uploads\/sites\/2\/2021\/03\/hudo-app-2.png\",\"contentUrl\":\"https:\/\/hudo.com\/si\/wp-content\/uploads\/sites\/2\/2021\/03\/hudo-app-2.png\",\"width\":2185,\"height\":2167,\"caption\":\"VSN Media\"},\"image\":{\"@id\":\"https:\/\/hudo.com\/si\/#\/schema\/logo\/image\/\"},\"sameAs\":[\"https:\/\/www.facebook.com\/hudo.si\",\"https:\/\/twitter.com\/hudo_si\"]},{\"@type\":\"Person\",\"@id\":\"https:\/\/hudo.com\/si\/#\/schema\/person\/601cf3379633985b20f7e50f2bb47707\",\"name\":\"hudo\",\"image\":{\"@type\":\"ImageObject\",\"inLanguage\":\"sl-SI\",\"@id\":\"https:\/\/hudo.com\/si\/#\/schema\/person\/image\/\",\"url\":\"https:\/\/secure.gravatar.com\/avatar\/c4ca25fa72cace7a696b52ff5db9e095?s=96&d=mm&r=g\",\"contentUrl\":\"https:\/\/secure.gravatar.com\/avatar\/c4ca25fa72cace7a696b52ff5db9e095?s=96&d=mm&r=g\",\"caption\":\"hudo\"},\"url\":\"https:\/\/hudo.com\/si\/author\/hudo\/\"}]}<\/script>\n<!-- \/ Yoast SEO plugin. -->","yoast_head_json":{"title":"V Montrealu zaradi poplav izredne razmere - Hudo Slovenija","robots":{"index":"index","follow":"follow","max-snippet":"max-snippet:-1","max-image-preview":"max-image-preview:large","max-video-preview":"max-video-preview:-1"},"canonical":"https:\/\/hudo.com\/si\/aktualno\/v-montrealu-zaradi-poplav-izredne-razmere\/","og_locale":"sl_SI","og_type":"article","og_title":"V Montrealu zaradi poplav izredne razmere - Hudo Slovenija","og_description":"Kategorija: Globalno Mon, 08 May 2017 14:04:00 +0200 V kanadskem mestu Montreal so zaradi poplav, ki jih povzro\u010data hudourni\u0161ko de\u017eevje in taljenje snega, razglasili izredne razmere. Oblasti so ukrep sprejele v nedeljo popoldne in bo veljal naslednjih 48 ur, poro\u010da Slovenska tiskovna agencija. Po provinci Quebec je \u017ee poplavilo 126 naselij oziroma 1900 domov. Na pomo\u010d je na poplavljena obmo\u010dja prisko\u010dilo 1200 vojakov, ki pomagajo pri evakuaciji. Izredne razmere so razglasili tudi v mestu Rigaud na zahodu Montreala, kjer je najhuje. \u00bbLjudi moramo evakuirati, ko smo jih dali v \u010dolne, so jokali kot otroci. \u017dal mi je, ampak na tej to\u010dki ljudje ne morejo sami odlo\u010dati o svoji prihodnosti,\u00ab je povedal \u017eupan mesta Hans Gruenwald Jr. Mo\u010dno de\u017eevje in visok vodostaj rek je tudi v provinci Ontario. Jezero Ontario je doseglo najvi\u0161ji vodostaj\u00a0...","og_url":"https:\/\/hudo.com\/si\/aktualno\/v-montrealu-zaradi-poplav-izredne-razmere\/","og_site_name":"Hudo Slovenija","article_publisher":"https:\/\/www.facebook.com\/hudo.si","article_published_time":"2017-05-08T10:04:00+00:00","og_image":[{"width":480,"height":290,"url":"https:\/\/hudo.com\/si\/wp-content\/uploads\/sites\/2\/2017\/05\/480x290_AP_Pictures-20170507175650-34452600.jpeg","type":"image\/jpeg"}],"author":"hudo","twitter_card":"summary_large_image","twitter_creator":"@hudo_si","twitter_site":"@hudo_si","twitter_misc":{"Written by":"hudo","Est. reading time":"1 minuta"},"schema":{"@context":"https:\/\/schema.org","@graph":[{"@type":"Article","@id":"https:\/\/hudo.com\/si\/aktualno\/v-montrealu-zaradi-poplav-izredne-razmere\/#article","isPartOf":{"@id":"https:\/\/hudo.com\/si\/aktualno\/v-montrealu-zaradi-poplav-izredne-razmere\/"},"author":{"name":"hudo","@id":"https:\/\/hudo.com\/si\/#\/schema\/person\/601cf3379633985b20f7e50f2bb47707"},"headline":"V Montrealu zaradi poplav izredne razmere","datePublished":"2017-05-08T10:04:00+00:00","dateModified":"2017-05-08T10:04:00+00:00","mainEntityOfPage":{"@id":"https:\/\/hudo.com\/si\/aktualno\/v-montrealu-zaradi-poplav-izredne-razmere\/"},"wordCount":142,"publisher":{"@id":"https:\/\/hudo.com\/si\/#organization"},"articleSection":["Aktualno"],"inLanguage":"sl-SI"},{"@type":"WebPage","@id":"https:\/\/hudo.com\/si\/aktualno\/v-montrealu-zaradi-poplav-izredne-razmere\/","url":"https:\/\/hudo.com\/si\/aktualno\/v-montrealu-zaradi-poplav-izredne-razmere\/","name":"V Montrealu zaradi poplav izredne razmere - Hudo Slovenija","isPartOf":{"@id":"https:\/\/hudo.com\/si\/#website"},"datePublished":"2017-05-08T10:04:00+00:00","dateModified":"2017-05-08T10:04:00+00:00","breadcrumb":{"@id":"https:\/\/hudo.com\/si\/aktualno\/v-montrealu-zaradi-poplav-izredne-razmere\/#breadcrumb"},"inLanguage":"sl-SI","potentialAction":[{"@type":"ReadAction","target":["https:\/\/hudo.com\/si\/aktualno\/v-montrealu-zaradi-poplav-izredne-razmere\/"]}]},{"@type":"BreadcrumbList","@id":"https:\/\/hudo.com\/si\/aktualno\/v-montrealu-zaradi-poplav-izredne-razmere\/#breadcrumb","itemListElement":[{"@type":"ListItem","position":1,"name":"Home","item":"https:\/\/hudo.com\/si\/"},{"@type":"ListItem","position":2,"name":"V Montrealu zaradi poplav izredne razmere"}]},{"@type":"WebSite","@id":"https:\/\/hudo.com\/si\/#website","url":"https:\/\/hudo.com\/si\/","name":"Hudo Slovenija","description":"Vse novice iz Slovenije in sveta","publisher":{"@id":"https:\/\/hudo.com\/si\/#organization"},"potentialAction":[{"@type":"SearchAction","target":{"@type":"EntryPoint","urlTemplate":"https:\/\/hudo.com\/si\/?s={search_term_string}"},"query-input":"required name=search_term_string"}],"inLanguage":"sl-SI"},{"@type":"Organization","@id":"https:\/\/hudo.com\/si\/#organization","name":"VSN Media","url":"https:\/\/hudo.com\/si\/","logo":{"@type":"ImageObject","inLanguage":"sl-SI","@id":"https:\/\/hudo.com\/si\/#\/schema\/logo\/image\/","url":"https:\/\/hudo.com\/si\/wp-content\/uploads\/sites\/2\/2021\/03\/hudo-app-2.png","contentUrl":"https:\/\/hudo.com\/si\/wp-content\/uploads\/sites\/2\/2021\/03\/hudo-app-2.png","width":2185,"height":2167,"caption":"VSN Media"},"image":{"@id":"https:\/\/hudo.com\/si\/#\/schema\/logo\/image\/"},"sameAs":["https:\/\/www.facebook.com\/hudo.si","https:\/\/twitter.com\/hudo_si"]},{"@type":"Person","@id":"https:\/\/hudo.com\/si\/#\/schema\/person\/601cf3379633985b20f7e50f2bb47707","name":"hudo","image":{"@type":"ImageObject","inLanguage":"sl-SI","@id":"https:\/\/hudo.com\/si\/#\/schema\/person\/image\/","url":"https:\/\/secure.gravatar.com\/avatar\/c4ca25fa72cace7a696b52ff5db9e095?s=96&d=mm&r=g","contentUrl":"https:\/\/secure.gravatar.com\/avatar\/c4ca25fa72cace7a696b52ff5db9e095?s=96&d=mm&r=g","caption":"hudo"},"url":"https:\/\/hudo.com\/si\/author\/hudo\/"}]}},"amp_enabled":true,"_links":{"self":[{"href":"https:\/\/hudo.com\/si\/wp-json\/wp\/v2\/posts\/252552"}],"collection":[{"href":"https:\/\/hudo.com\/si\/wp-json\/wp\/v2\/posts"}],"about":[{"href":"https:\/\/hudo.com\/si\/wp-json\/wp\/v2\/types\/post"}],"author":[{"embeddable":true,"href":"https:\/\/hudo.com\/si\/wp-json\/wp\/v2\/users\/1"}],"replies":[{"embeddable":true,"href":"https:\/\/hudo.com\/si\/wp-json\/wp\/v2\/comments?post=252552"}],"version-history":[{"count":0,"href":"https:\/\/hudo.com\/si\/wp-json\/wp\/v2\/posts\/252552\/revisions"}],"wp:attachment":[{"href":"https:\/\/hudo.com\/si\/wp-json\/wp\/v2\/media?parent=252552"}],"wp:term":[{"taxonomy":"category","embeddable":true,"href":"https:\/\/hudo.com\/si\/wp-json\/wp\/v2\/categories?post=252552"},{"taxonomy":"post_tag","embeddable":true,"href":"https:\/\/hudo.com\/si\/wp-json\/wp\/v2\/tags?post=252552"},{"taxonomy":"source","embeddable":true,"href":"https:\/\/hudo.com\/si\/wp-json\/wp\/v2\/source?post=252552"},{"taxonomy":"supertag","embeddable":true,"href":"https:\/\/hudo.com\/si\/wp-json\/wp\/v2\/supertag?post=252552"}],"curies":[{"name":"wp","href":"https:\/\/api.w.org\/{rel}","templated":true}]}}