{"id":252556,"date":"2017-05-08T11:57:00","date_gmt":"2017-05-08T09:57:00","guid":{"rendered":"http:\/\/hudo.com\/si\/2017\/05\/08\/v-makedoniji-obtozili-vec-ljudi-udelezenih-v-incident-v-parlamentu\/"},"modified":"2017-05-08T11:57:00","modified_gmt":"2017-05-08T09:57:00","slug":"v-makedoniji-obtozili-vec-ljudi-udelezenih-v-incident-v-parlamentu","status":"publish","type":"post","link":"https:\/\/hudo.com\/si\/aktualno\/v-makedoniji-obtozili-vec-ljudi-udelezenih-v-incident-v-parlamentu\/","title":{"rendered":"V Makedoniji obto\u017eili ve\u010d ljudi, udele\u017eenih v incident v parlamentu"},"content":{"rendered":"<p>To\u017eilstvo v Skopju je danes proti devetim ljudem vlo\u017eilo obto\u017enice zaradi sodelovanja v nasilju v makedonskem parlamentu po izvolitvi novega predsednika sobranja konec aprila. Obto\u017eeni so sodelovanja v mno\u017eici, ki je uradni osebi prepre\u010dila uradno dejanje, so sporo\u010dili s to\u017eilstva. Dvema osebam so podalj\u0161ali pripor, za dve so odredili hi\u0161ni pripor, pet pa jih je pod posebnim nadzorom, so \u0161e sporo\u010dili. To\u017eilstvo je medtem zavrnilo obto\u017enice proti trem posameznikom, ki jih je predlagalo makedonsko notranje ministrstvo. &#8220;Dva od njih sta bila narobe identificirana, pri tretjem pa se zdi, da ni storil kaznivih dejanj&#8221; so zapisali. Incident v sobranju je izbruhnil, ko so socialdemokrati (SDSM) in stranke albanske manj\u0161ine teden za novega predsednika parlamenta izvolile Talata Xhaferija, \u010dlana albanske Demokratske unije (DUI). Njegova izvolitev je spro\u017eila vdor jeznih podpornikov VMRO-DPMNE v parlament. V incidentu je bilo po\u0161kodovanih ve\u010d kot sto ljudi. Makedonija je sicer \u017ee ve\u010d kot dve leti v slepi ulici, stanje pa se ni spremenilo niti po pred\u010dasnih parlamentarnih volitvah decembra lani.<\/p>\n","protected":false},"excerpt":{"rendered":"<p>To\u017eilstvo v Skopju je danes proti devetim ljudem vlo\u017eilo obto\u017enice zaradi sodelovanja v nasilju v makedonskem parlamentu po izvolitvi novega predsednika sobranja konec aprila. Obto\u017eeni so sodelovanja v mno\u017eici, ki je uradni osebi prepre\u010dila uradno dejanje, so sporo\u010dili s to\u017eilstva. Dvema osebam so podalj\u0161ali pripor, za dve so odredili hi\u0161ni pripor, pet pa jih je pod posebnim nadzorom, so \u0161e sporo\u010dili. To\u017eilstvo je medtem zavrnilo obto\u017enice proti trem posameznikom, ki jih je predlagalo makedonsko notranje ministrstvo. &#8220;Dva od njih sta bila narobe identificirana, pri tretjem pa se zdi, da ni storil kaznivih dejanj&#8221; so zapisali. Incident v sobranju je izbruhnil, ko so socialdemokrati (SDSM) in stranke albanske manj\u0161ine teden za novega predsednika parlamenta izvolile Talata Xhaferija, \u010dlana albanske Demokratske unije (DUI). Njegova izvolitev je spro\u017eila vdor jeznih podpornikov VMRO-DPMNE v parlament. V incidentu je bilo po\u0161kodovanih ve\u010d kot sto ljudi. Makedonija je sicer \u017ee ve\u010d kot dve leti v slepi ulici, stanje pa se ni spremenilo niti po pred\u010dasnih parlamentarnih volitvah decembra lani.<\/p>\n","protected":false},"author":1,"featured_media":0,"comment_status":"closed","ping_status":"closed","sticky":false,"template":"","format":"standard","meta":{"footnotes":""},"categories":[1179],"tags":[],"source":[1711],"supertag":[],"acf":[],"yoast_head":"<!-- This site is optimized with the Yoast SEO plugin v21.3 - https:\/\/yoast.com\/wordpress\/plugins\/seo\/ -->\n<title>V Makedoniji obto\u017eili ve\u010d ljudi, udele\u017eenih v incident v parlamentu - Hudo Slovenija<\/title>\n<meta name=\"robots\" content=\"index, follow, max-snippet:-1, max-image-preview:large, max-video-preview:-1\" \/>\n<link rel=\"canonical\" href=\"https:\/\/hudo.com\/si\/aktualno\/v-makedoniji-obtozili-vec-ljudi-udelezenih-v-incident-v-parlamentu\/\" \/>\n<meta property=\"og:locale\" content=\"sl_SI\" \/>\n<meta property=\"og:type\" content=\"article\" \/>\n<meta property=\"og:title\" content=\"V Makedoniji obto\u017eili ve\u010d ljudi, udele\u017eenih v incident v parlamentu - Hudo Slovenija\" \/>\n<meta property=\"og:description\" content=\"To\u017eilstvo v Skopju je danes proti devetim ljudem vlo\u017eilo obto\u017enice zaradi sodelovanja v nasilju v makedonskem parlamentu po izvolitvi novega predsednika sobranja konec aprila. Obto\u017eeni so sodelovanja v mno\u017eici, ki je uradni osebi prepre\u010dila uradno dejanje, so sporo\u010dili s to\u017eilstva. Dvema osebam so podalj\u0161ali pripor, za dve so odredili hi\u0161ni pripor, pet pa jih je pod posebnim nadzorom, so \u0161e sporo\u010dili. To\u017eilstvo je medtem zavrnilo obto\u017enice proti trem posameznikom, ki jih je predlagalo makedonsko notranje ministrstvo. &quot;Dva od njih sta bila narobe identificirana, pri tretjem pa se zdi, da ni storil kaznivih dejanj&quot; so zapisali. Incident v sobranju je izbruhnil, ko so socialdemokrati (SDSM) in stranke albanske manj\u0161ine teden za novega predsednika parlamenta izvolile Talata Xhaferija, \u010dlana albanske Demokratske unije (DUI). Njegova izvolitev je spro\u017eila vdor jeznih podpornikov VMRO-DPMNE v parlament. V incidentu je bilo po\u0161kodovanih ve\u010d kot sto ljudi. Makedonija je sicer \u017ee ve\u010d kot dve leti v slepi ulici, stanje pa se ni spremenilo niti po pred\u010dasnih parlamentarnih volitvah decembra lani.\" \/>\n<meta property=\"og:url\" content=\"https:\/\/hudo.com\/si\/aktualno\/v-makedoniji-obtozili-vec-ljudi-udelezenih-v-incident-v-parlamentu\/\" \/>\n<meta property=\"og:site_name\" content=\"Hudo Slovenija\" \/>\n<meta property=\"article:publisher\" content=\"https:\/\/www.facebook.com\/hudo.si\" \/>\n<meta property=\"article:published_time\" content=\"2017-05-08T09:57:00+00:00\" \/>\n<meta property=\"og:image\" content=\"https:\/\/hudo.com\/si\/wp-content\/uploads\/sites\/2\/2017\/05\/05931545-300.jpg\" \/>\n\t<meta property=\"og:image:width\" content=\"450\" \/>\n\t<meta property=\"og:image:height\" content=\"259\" \/>\n\t<meta property=\"og:image:type\" content=\"image\/jpeg\" \/>\n<meta name=\"author\" content=\"hudo\" \/>\n<meta name=\"twitter:card\" content=\"summary_large_image\" \/>\n<meta name=\"twitter:creator\" content=\"@hudo_si\" \/>\n<meta name=\"twitter:site\" content=\"@hudo_si\" \/>\n<meta name=\"twitter:label1\" content=\"Written by\" \/>\n\t<meta name=\"twitter:data1\" content=\"hudo\" \/>\n\t<meta name=\"twitter:label2\" content=\"Est. reading time\" \/>\n\t<meta name=\"twitter:data2\" content=\"1 minuta\" \/>\n<script type=\"application\/ld+json\" class=\"yoast-schema-graph\">{\"@context\":\"https:\/\/schema.org\",\"@graph\":[{\"@type\":\"Article\",\"@id\":\"https:\/\/hudo.com\/si\/aktualno\/v-makedoniji-obtozili-vec-ljudi-udelezenih-v-incident-v-parlamentu\/#article\",\"isPartOf\":{\"@id\":\"https:\/\/hudo.com\/si\/aktualno\/v-makedoniji-obtozili-vec-ljudi-udelezenih-v-incident-v-parlamentu\/\"},\"author\":{\"name\":\"hudo\",\"@id\":\"https:\/\/hudo.com\/si\/#\/schema\/person\/601cf3379633985b20f7e50f2bb47707\"},\"headline\":\"V Makedoniji obto\u017eili ve\u010d ljudi, udele\u017eenih v incident v parlamentu\",\"datePublished\":\"2017-05-08T09:57:00+00:00\",\"dateModified\":\"2017-05-08T09:57:00+00:00\",\"mainEntityOfPage\":{\"@id\":\"https:\/\/hudo.com\/si\/aktualno\/v-makedoniji-obtozili-vec-ljudi-udelezenih-v-incident-v-parlamentu\/\"},\"wordCount\":192,\"publisher\":{\"@id\":\"https:\/\/hudo.com\/si\/#organization\"},\"articleSection\":[\"Aktualno\"],\"inLanguage\":\"sl-SI\"},{\"@type\":\"WebPage\",\"@id\":\"https:\/\/hudo.com\/si\/aktualno\/v-makedoniji-obtozili-vec-ljudi-udelezenih-v-incident-v-parlamentu\/\",\"url\":\"https:\/\/hudo.com\/si\/aktualno\/v-makedoniji-obtozili-vec-ljudi-udelezenih-v-incident-v-parlamentu\/\",\"name\":\"V Makedoniji obto\u017eili ve\u010d ljudi, udele\u017eenih v incident v parlamentu - Hudo Slovenija\",\"isPartOf\":{\"@id\":\"https:\/\/hudo.com\/si\/#website\"},\"datePublished\":\"2017-05-08T09:57:00+00:00\",\"dateModified\":\"2017-05-08T09:57:00+00:00\",\"breadcrumb\":{\"@id\":\"https:\/\/hudo.com\/si\/aktualno\/v-makedoniji-obtozili-vec-ljudi-udelezenih-v-incident-v-parlamentu\/#breadcrumb\"},\"inLanguage\":\"sl-SI\",\"potentialAction\":[{\"@type\":\"ReadAction\",\"target\":[\"https:\/\/hudo.com\/si\/aktualno\/v-makedoniji-obtozili-vec-ljudi-udelezenih-v-incident-v-parlamentu\/\"]}]},{\"@type\":\"BreadcrumbList\",\"@id\":\"https:\/\/hudo.com\/si\/aktualno\/v-makedoniji-obtozili-vec-ljudi-udelezenih-v-incident-v-parlamentu\/#breadcrumb\",\"itemListElement\":[{\"@type\":\"ListItem\",\"position\":1,\"name\":\"Home\",\"item\":\"https:\/\/hudo.com\/si\/\"},{\"@type\":\"ListItem\",\"position\":2,\"name\":\"V Makedoniji obto\u017eili ve\u010d ljudi, udele\u017eenih v incident v parlamentu\"}]},{\"@type\":\"WebSite\",\"@id\":\"https:\/\/hudo.com\/si\/#website\",\"url\":\"https:\/\/hudo.com\/si\/\",\"name\":\"Hudo Slovenija\",\"description\":\"Vse novice iz Slovenije in sveta\",\"publisher\":{\"@id\":\"https:\/\/hudo.com\/si\/#organization\"},\"potentialAction\":[{\"@type\":\"SearchAction\",\"target\":{\"@type\":\"EntryPoint\",\"urlTemplate\":\"https:\/\/hudo.com\/si\/?s={search_term_string}\"},\"query-input\":\"required name=search_term_string\"}],\"inLanguage\":\"sl-SI\"},{\"@type\":\"Organization\",\"@id\":\"https:\/\/hudo.com\/si\/#organization\",\"name\":\"VSN Media\",\"url\":\"https:\/\/hudo.com\/si\/\",\"logo\":{\"@type\":\"ImageObject\",\"inLanguage\":\"sl-SI\",\"@id\":\"https:\/\/hudo.com\/si\/#\/schema\/logo\/image\/\",\"url\":\"https:\/\/hudo.com\/si\/wp-content\/uploads\/sites\/2\/2021\/03\/hudo-app-2.png\",\"contentUrl\":\"https:\/\/hudo.com\/si\/wp-content\/uploads\/sites\/2\/2021\/03\/hudo-app-2.png\",\"width\":2185,\"height\":2167,\"caption\":\"VSN Media\"},\"image\":{\"@id\":\"https:\/\/hudo.com\/si\/#\/schema\/logo\/image\/\"},\"sameAs\":[\"https:\/\/www.facebook.com\/hudo.si\",\"https:\/\/twitter.com\/hudo_si\"]},{\"@type\":\"Person\",\"@id\":\"https:\/\/hudo.com\/si\/#\/schema\/person\/601cf3379633985b20f7e50f2bb47707\",\"name\":\"hudo\",\"image\":{\"@type\":\"ImageObject\",\"inLanguage\":\"sl-SI\",\"@id\":\"https:\/\/hudo.com\/si\/#\/schema\/person\/image\/\",\"url\":\"https:\/\/secure.gravatar.com\/avatar\/c4ca25fa72cace7a696b52ff5db9e095?s=96&d=mm&r=g\",\"contentUrl\":\"https:\/\/secure.gravatar.com\/avatar\/c4ca25fa72cace7a696b52ff5db9e095?s=96&d=mm&r=g\",\"caption\":\"hudo\"},\"url\":\"https:\/\/hudo.com\/si\/author\/hudo\/\"}]}<\/script>\n<!-- \/ Yoast SEO plugin. -->","yoast_head_json":{"title":"V Makedoniji obto\u017eili ve\u010d ljudi, udele\u017eenih v incident v parlamentu - Hudo Slovenija","robots":{"index":"index","follow":"follow","max-snippet":"max-snippet:-1","max-image-preview":"max-image-preview:large","max-video-preview":"max-video-preview:-1"},"canonical":"https:\/\/hudo.com\/si\/aktualno\/v-makedoniji-obtozili-vec-ljudi-udelezenih-v-incident-v-parlamentu\/","og_locale":"sl_SI","og_type":"article","og_title":"V Makedoniji obto\u017eili ve\u010d ljudi, udele\u017eenih v incident v parlamentu - Hudo Slovenija","og_description":"To\u017eilstvo v Skopju je danes proti devetim ljudem vlo\u017eilo obto\u017enice zaradi sodelovanja v nasilju v makedonskem parlamentu po izvolitvi novega predsednika sobranja konec aprila. Obto\u017eeni so sodelovanja v mno\u017eici, ki je uradni osebi prepre\u010dila uradno dejanje, so sporo\u010dili s to\u017eilstva. Dvema osebam so podalj\u0161ali pripor, za dve so odredili hi\u0161ni pripor, pet pa jih je pod posebnim nadzorom, so \u0161e sporo\u010dili. To\u017eilstvo je medtem zavrnilo obto\u017enice proti trem posameznikom, ki jih je predlagalo makedonsko notranje ministrstvo. \"Dva od njih sta bila narobe identificirana, pri tretjem pa se zdi, da ni storil kaznivih dejanj\" so zapisali. Incident v sobranju je izbruhnil, ko so socialdemokrati (SDSM) in stranke albanske manj\u0161ine teden za novega predsednika parlamenta izvolile Talata Xhaferija, \u010dlana albanske Demokratske unije (DUI). Njegova izvolitev je spro\u017eila vdor jeznih podpornikov VMRO-DPMNE v parlament. V incidentu je bilo po\u0161kodovanih ve\u010d kot sto ljudi. Makedonija je sicer \u017ee ve\u010d kot dve leti v slepi ulici, stanje pa se ni spremenilo niti po pred\u010dasnih parlamentarnih volitvah decembra lani.","og_url":"https:\/\/hudo.com\/si\/aktualno\/v-makedoniji-obtozili-vec-ljudi-udelezenih-v-incident-v-parlamentu\/","og_site_name":"Hudo Slovenija","article_publisher":"https:\/\/www.facebook.com\/hudo.si","article_published_time":"2017-05-08T09:57:00+00:00","og_image":[{"width":450,"height":259,"url":"https:\/\/hudo.com\/si\/wp-content\/uploads\/sites\/2\/2017\/05\/05931545-300.jpg","type":"image\/jpeg"}],"author":"hudo","twitter_card":"summary_large_image","twitter_creator":"@hudo_si","twitter_site":"@hudo_si","twitter_misc":{"Written by":"hudo","Est. reading time":"1 minuta"},"schema":{"@context":"https:\/\/schema.org","@graph":[{"@type":"Article","@id":"https:\/\/hudo.com\/si\/aktualno\/v-makedoniji-obtozili-vec-ljudi-udelezenih-v-incident-v-parlamentu\/#article","isPartOf":{"@id":"https:\/\/hudo.com\/si\/aktualno\/v-makedoniji-obtozili-vec-ljudi-udelezenih-v-incident-v-parlamentu\/"},"author":{"name":"hudo","@id":"https:\/\/hudo.com\/si\/#\/schema\/person\/601cf3379633985b20f7e50f2bb47707"},"headline":"V Makedoniji obto\u017eili ve\u010d ljudi, udele\u017eenih v incident v parlamentu","datePublished":"2017-05-08T09:57:00+00:00","dateModified":"2017-05-08T09:57:00+00:00","mainEntityOfPage":{"@id":"https:\/\/hudo.com\/si\/aktualno\/v-makedoniji-obtozili-vec-ljudi-udelezenih-v-incident-v-parlamentu\/"},"wordCount":192,"publisher":{"@id":"https:\/\/hudo.com\/si\/#organization"},"articleSection":["Aktualno"],"inLanguage":"sl-SI"},{"@type":"WebPage","@id":"https:\/\/hudo.com\/si\/aktualno\/v-makedoniji-obtozili-vec-ljudi-udelezenih-v-incident-v-parlamentu\/","url":"https:\/\/hudo.com\/si\/aktualno\/v-makedoniji-obtozili-vec-ljudi-udelezenih-v-incident-v-parlamentu\/","name":"V Makedoniji obto\u017eili ve\u010d ljudi, udele\u017eenih v incident v parlamentu - Hudo Slovenija","isPartOf":{"@id":"https:\/\/hudo.com\/si\/#website"},"datePublished":"2017-05-08T09:57:00+00:00","dateModified":"2017-05-08T09:57:00+00:00","breadcrumb":{"@id":"https:\/\/hudo.com\/si\/aktualno\/v-makedoniji-obtozili-vec-ljudi-udelezenih-v-incident-v-parlamentu\/#breadcrumb"},"inLanguage":"sl-SI","potentialAction":[{"@type":"ReadAction","target":["https:\/\/hudo.com\/si\/aktualno\/v-makedoniji-obtozili-vec-ljudi-udelezenih-v-incident-v-parlamentu\/"]}]},{"@type":"BreadcrumbList","@id":"https:\/\/hudo.com\/si\/aktualno\/v-makedoniji-obtozili-vec-ljudi-udelezenih-v-incident-v-parlamentu\/#breadcrumb","itemListElement":[{"@type":"ListItem","position":1,"name":"Home","item":"https:\/\/hudo.com\/si\/"},{"@type":"ListItem","position":2,"name":"V Makedoniji obto\u017eili ve\u010d ljudi, udele\u017eenih v incident v parlamentu"}]},{"@type":"WebSite","@id":"https:\/\/hudo.com\/si\/#website","url":"https:\/\/hudo.com\/si\/","name":"Hudo Slovenija","description":"Vse novice iz Slovenije in sveta","publisher":{"@id":"https:\/\/hudo.com\/si\/#organization"},"potentialAction":[{"@type":"SearchAction","target":{"@type":"EntryPoint","urlTemplate":"https:\/\/hudo.com\/si\/?s={search_term_string}"},"query-input":"required name=search_term_string"}],"inLanguage":"sl-SI"},{"@type":"Organization","@id":"https:\/\/hudo.com\/si\/#organization","name":"VSN Media","url":"https:\/\/hudo.com\/si\/","logo":{"@type":"ImageObject","inLanguage":"sl-SI","@id":"https:\/\/hudo.com\/si\/#\/schema\/logo\/image\/","url":"https:\/\/hudo.com\/si\/wp-content\/uploads\/sites\/2\/2021\/03\/hudo-app-2.png","contentUrl":"https:\/\/hudo.com\/si\/wp-content\/uploads\/sites\/2\/2021\/03\/hudo-app-2.png","width":2185,"height":2167,"caption":"VSN Media"},"image":{"@id":"https:\/\/hudo.com\/si\/#\/schema\/logo\/image\/"},"sameAs":["https:\/\/www.facebook.com\/hudo.si","https:\/\/twitter.com\/hudo_si"]},{"@type":"Person","@id":"https:\/\/hudo.com\/si\/#\/schema\/person\/601cf3379633985b20f7e50f2bb47707","name":"hudo","image":{"@type":"ImageObject","inLanguage":"sl-SI","@id":"https:\/\/hudo.com\/si\/#\/schema\/person\/image\/","url":"https:\/\/secure.gravatar.com\/avatar\/c4ca25fa72cace7a696b52ff5db9e095?s=96&d=mm&r=g","contentUrl":"https:\/\/secure.gravatar.com\/avatar\/c4ca25fa72cace7a696b52ff5db9e095?s=96&d=mm&r=g","caption":"hudo"},"url":"https:\/\/hudo.com\/si\/author\/hudo\/"}]}},"amp_enabled":true,"_links":{"self":[{"href":"https:\/\/hudo.com\/si\/wp-json\/wp\/v2\/posts\/252556"}],"collection":[{"href":"https:\/\/hudo.com\/si\/wp-json\/wp\/v2\/posts"}],"about":[{"href":"https:\/\/hudo.com\/si\/wp-json\/wp\/v2\/types\/post"}],"author":[{"embeddable":true,"href":"https:\/\/hudo.com\/si\/wp-json\/wp\/v2\/users\/1"}],"replies":[{"embeddable":true,"href":"https:\/\/hudo.com\/si\/wp-json\/wp\/v2\/comments?post=252556"}],"version-history":[{"count":0,"href":"https:\/\/hudo.com\/si\/wp-json\/wp\/v2\/posts\/252556\/revisions"}],"wp:attachment":[{"href":"https:\/\/hudo.com\/si\/wp-json\/wp\/v2\/media?parent=252556"}],"wp:term":[{"taxonomy":"category","embeddable":true,"href":"https:\/\/hudo.com\/si\/wp-json\/wp\/v2\/categories?post=252556"},{"taxonomy":"post_tag","embeddable":true,"href":"https:\/\/hudo.com\/si\/wp-json\/wp\/v2\/tags?post=252556"},{"taxonomy":"source","embeddable":true,"href":"https:\/\/hudo.com\/si\/wp-json\/wp\/v2\/source?post=252556"},{"taxonomy":"supertag","embeddable":true,"href":"https:\/\/hudo.com\/si\/wp-json\/wp\/v2\/supertag?post=252556"}],"curies":[{"name":"wp","href":"https:\/\/api.w.org\/{rel}","templated":true}]}}