{"id":252580,"date":"2017-05-08T13:00:00","date_gmt":"2017-05-08T11:00:00","guid":{"rendered":"http:\/\/hudo.com\/si\/2017\/05\/08\/kje-je-danes-katarina-kresal\/"},"modified":"2017-05-08T13:00:00","modified_gmt":"2017-05-08T11:00:00","slug":"kje-je-danes-katarina-kresal","status":"publish","type":"post","link":"https:\/\/hudo.com\/si\/aktualno\/kje-je-danes-katarina-kresal\/","title":{"rendered":"Kje je danes Katarina Kresal?"},"content":{"rendered":"<p>Kategorija: Ozadja Mon, 08 May 2017 15:00:00 +0200  Junija bo minilo natanko deset let, odkar je bila danes 44-letna Katarina Kresal izvoljena za predsednico tedaj \u0161e vplivne politi\u010dne stranke \u2013 Liberalne demokracije Slovenije. \u017de naslednje leto, 2008., je bila na volitvah izvoljena za poslanko, toda v parlamentarne klopi nikoli ni sedla. Kajti v tedanji vladi Boruta Pahorja je postala ministrica za notranje zadeve. V \u010dasu ministrovanja je prestala tudi dve parlamentarni interpelaciji: prvo so februarja 2009 vlo\u017eili poslanci SDS zaradi njenega ravnanja glede izbrisanih, medtem ko so drugo februarja 2010 vlo\u017eili poslanci SDS, SLS in SNS zaradi njenega delovanja v aferi Bari\u010devi\u010d in glede najema prostorov za nacionalni preiskovalni urad. Leto 2011 pa je bilo prelomno. Avgusta tega leta je namre\u010d komisija za prepre\u010devanje korupcije izdala na\u010delni mnenji glede postopka najema stavbe NPU, pri \u010demer je ugotovila koruptivno\u00a0&#8230;<\/p>\n","protected":false},"excerpt":{"rendered":"<p>Kategorija: Ozadja Mon, 08 May 2017 15:00:00 +0200  Junija bo minilo natanko deset let, odkar je bila danes 44-letna Katarina Kresal izvoljena za predsednico tedaj \u0161e vplivne politi\u010dne stranke \u2013 Liberalne demokracije Slovenije. \u017de naslednje leto, 2008., je bila na volitvah izvoljena za poslanko, toda v parlamentarne klopi nikoli ni sedla. Kajti v tedanji vladi Boruta Pahorja je postala ministrica za notranje zadeve. V \u010dasu ministrovanja je prestala tudi dve parlamentarni interpelaciji: prvo so februarja 2009 vlo\u017eili poslanci SDS zaradi njenega ravnanja glede izbrisanih, medtem ko so drugo februarja 2010 vlo\u017eili poslanci SDS, SLS in SNS zaradi njenega delovanja v aferi Bari\u010devi\u010d in glede najema prostorov za nacionalni preiskovalni urad. Leto 2011 pa je bilo prelomno. Avgusta tega leta je namre\u010d komisija za prepre\u010devanje korupcije izdala na\u010delni mnenji glede postopka najema stavbe NPU, pri \u010demer je ugotovila koruptivno\u00a0&#8230;<\/p>\n","protected":false},"author":1,"featured_media":0,"comment_status":"closed","ping_status":"closed","sticky":false,"template":"","format":"standard","meta":{"footnotes":""},"categories":[1179],"tags":[],"source":[1703],"supertag":[],"acf":[],"yoast_head":"<!-- This site is optimized with the Yoast SEO plugin v21.3 - https:\/\/yoast.com\/wordpress\/plugins\/seo\/ -->\n<title>Kje je danes Katarina Kresal? - Hudo Slovenija<\/title>\n<meta name=\"robots\" content=\"index, follow, max-snippet:-1, max-image-preview:large, max-video-preview:-1\" \/>\n<link rel=\"canonical\" href=\"https:\/\/hudo.com\/si\/aktualno\/kje-je-danes-katarina-kresal\/\" \/>\n<meta property=\"og:locale\" content=\"sl_SI\" \/>\n<meta property=\"og:type\" content=\"article\" \/>\n<meta property=\"og:title\" content=\"Kje je danes Katarina Kresal? - Hudo Slovenija\" \/>\n<meta property=\"og:description\" content=\"Kategorija: Ozadja Mon, 08 May 2017 15:00:00 +0200 Junija bo minilo natanko deset let, odkar je bila danes 44-letna Katarina Kresal izvoljena za predsednico tedaj \u0161e vplivne politi\u010dne stranke \u2013 Liberalne demokracije Slovenije. \u017de naslednje leto, 2008., je bila na volitvah izvoljena za poslanko, toda v parlamentarne klopi nikoli ni sedla. Kajti v tedanji vladi Boruta Pahorja je postala ministrica za notranje zadeve. V \u010dasu ministrovanja je prestala tudi dve parlamentarni interpelaciji: prvo so februarja 2009 vlo\u017eili poslanci SDS zaradi njenega ravnanja glede izbrisanih, medtem ko so drugo februarja 2010 vlo\u017eili poslanci SDS, SLS in SNS zaradi njenega delovanja v aferi Bari\u010devi\u010d in glede najema prostorov za nacionalni preiskovalni urad. Leto 2011 pa je bilo prelomno. Avgusta tega leta je namre\u010d komisija za prepre\u010devanje korupcije izdala na\u010delni mnenji glede postopka najema stavbe NPU, pri \u010demer je ugotovila koruptivno\u00a0...\" \/>\n<meta property=\"og:url\" content=\"https:\/\/hudo.com\/si\/aktualno\/kje-je-danes-katarina-kresal\/\" \/>\n<meta property=\"og:site_name\" content=\"Hudo Slovenija\" \/>\n<meta property=\"article:publisher\" content=\"https:\/\/www.facebook.com\/hudo.si\" \/>\n<meta property=\"article:published_time\" content=\"2017-05-08T11:00:00+00:00\" \/>\n<meta property=\"og:image\" content=\"https:\/\/hudo.com\/si\/wp-content\/uploads\/sites\/2\/2017\/05\/480x290_Ozadja__djvu_1914657_mdr_bs_hires0.jpeg\" \/>\n\t<meta property=\"og:image:width\" content=\"480\" \/>\n\t<meta property=\"og:image:height\" content=\"290\" \/>\n\t<meta property=\"og:image:type\" content=\"image\/jpeg\" \/>\n<meta name=\"author\" content=\"hudo\" \/>\n<meta name=\"twitter:card\" content=\"summary_large_image\" \/>\n<meta name=\"twitter:creator\" content=\"@hudo_si\" \/>\n<meta name=\"twitter:site\" content=\"@hudo_si\" \/>\n<meta name=\"twitter:label1\" content=\"Written by\" \/>\n\t<meta name=\"twitter:data1\" content=\"hudo\" \/>\n\t<meta name=\"twitter:label2\" content=\"Est. reading time\" \/>\n\t<meta name=\"twitter:data2\" content=\"1 minuta\" \/>\n<script type=\"application\/ld+json\" class=\"yoast-schema-graph\">{\"@context\":\"https:\/\/schema.org\",\"@graph\":[{\"@type\":\"Article\",\"@id\":\"https:\/\/hudo.com\/si\/aktualno\/kje-je-danes-katarina-kresal\/#article\",\"isPartOf\":{\"@id\":\"https:\/\/hudo.com\/si\/aktualno\/kje-je-danes-katarina-kresal\/\"},\"author\":{\"name\":\"hudo\",\"@id\":\"https:\/\/hudo.com\/si\/#\/schema\/person\/601cf3379633985b20f7e50f2bb47707\"},\"headline\":\"Kje je danes Katarina Kresal?\",\"datePublished\":\"2017-05-08T11:00:00+00:00\",\"dateModified\":\"2017-05-08T11:00:00+00:00\",\"mainEntityOfPage\":{\"@id\":\"https:\/\/hudo.com\/si\/aktualno\/kje-je-danes-katarina-kresal\/\"},\"wordCount\":140,\"publisher\":{\"@id\":\"https:\/\/hudo.com\/si\/#organization\"},\"articleSection\":[\"Aktualno\"],\"inLanguage\":\"sl-SI\"},{\"@type\":\"WebPage\",\"@id\":\"https:\/\/hudo.com\/si\/aktualno\/kje-je-danes-katarina-kresal\/\",\"url\":\"https:\/\/hudo.com\/si\/aktualno\/kje-je-danes-katarina-kresal\/\",\"name\":\"Kje je danes Katarina Kresal? - Hudo Slovenija\",\"isPartOf\":{\"@id\":\"https:\/\/hudo.com\/si\/#website\"},\"datePublished\":\"2017-05-08T11:00:00+00:00\",\"dateModified\":\"2017-05-08T11:00:00+00:00\",\"breadcrumb\":{\"@id\":\"https:\/\/hudo.com\/si\/aktualno\/kje-je-danes-katarina-kresal\/#breadcrumb\"},\"inLanguage\":\"sl-SI\",\"potentialAction\":[{\"@type\":\"ReadAction\",\"target\":[\"https:\/\/hudo.com\/si\/aktualno\/kje-je-danes-katarina-kresal\/\"]}]},{\"@type\":\"BreadcrumbList\",\"@id\":\"https:\/\/hudo.com\/si\/aktualno\/kje-je-danes-katarina-kresal\/#breadcrumb\",\"itemListElement\":[{\"@type\":\"ListItem\",\"position\":1,\"name\":\"Home\",\"item\":\"https:\/\/hudo.com\/si\/\"},{\"@type\":\"ListItem\",\"position\":2,\"name\":\"Kje je danes Katarina Kresal?\"}]},{\"@type\":\"WebSite\",\"@id\":\"https:\/\/hudo.com\/si\/#website\",\"url\":\"https:\/\/hudo.com\/si\/\",\"name\":\"Hudo Slovenija\",\"description\":\"Vse novice iz Slovenije in sveta\",\"publisher\":{\"@id\":\"https:\/\/hudo.com\/si\/#organization\"},\"potentialAction\":[{\"@type\":\"SearchAction\",\"target\":{\"@type\":\"EntryPoint\",\"urlTemplate\":\"https:\/\/hudo.com\/si\/?s={search_term_string}\"},\"query-input\":\"required name=search_term_string\"}],\"inLanguage\":\"sl-SI\"},{\"@type\":\"Organization\",\"@id\":\"https:\/\/hudo.com\/si\/#organization\",\"name\":\"VSN Media\",\"url\":\"https:\/\/hudo.com\/si\/\",\"logo\":{\"@type\":\"ImageObject\",\"inLanguage\":\"sl-SI\",\"@id\":\"https:\/\/hudo.com\/si\/#\/schema\/logo\/image\/\",\"url\":\"https:\/\/hudo.com\/si\/wp-content\/uploads\/sites\/2\/2021\/03\/hudo-app-2.png\",\"contentUrl\":\"https:\/\/hudo.com\/si\/wp-content\/uploads\/sites\/2\/2021\/03\/hudo-app-2.png\",\"width\":2185,\"height\":2167,\"caption\":\"VSN Media\"},\"image\":{\"@id\":\"https:\/\/hudo.com\/si\/#\/schema\/logo\/image\/\"},\"sameAs\":[\"https:\/\/www.facebook.com\/hudo.si\",\"https:\/\/twitter.com\/hudo_si\"]},{\"@type\":\"Person\",\"@id\":\"https:\/\/hudo.com\/si\/#\/schema\/person\/601cf3379633985b20f7e50f2bb47707\",\"name\":\"hudo\",\"image\":{\"@type\":\"ImageObject\",\"inLanguage\":\"sl-SI\",\"@id\":\"https:\/\/hudo.com\/si\/#\/schema\/person\/image\/\",\"url\":\"https:\/\/secure.gravatar.com\/avatar\/c4ca25fa72cace7a696b52ff5db9e095?s=96&d=mm&r=g\",\"contentUrl\":\"https:\/\/secure.gravatar.com\/avatar\/c4ca25fa72cace7a696b52ff5db9e095?s=96&d=mm&r=g\",\"caption\":\"hudo\"},\"url\":\"https:\/\/hudo.com\/si\/author\/hudo\/\"}]}<\/script>\n<!-- \/ Yoast SEO plugin. -->","yoast_head_json":{"title":"Kje je danes Katarina Kresal? - Hudo Slovenija","robots":{"index":"index","follow":"follow","max-snippet":"max-snippet:-1","max-image-preview":"max-image-preview:large","max-video-preview":"max-video-preview:-1"},"canonical":"https:\/\/hudo.com\/si\/aktualno\/kje-je-danes-katarina-kresal\/","og_locale":"sl_SI","og_type":"article","og_title":"Kje je danes Katarina Kresal? - Hudo Slovenija","og_description":"Kategorija: Ozadja Mon, 08 May 2017 15:00:00 +0200 Junija bo minilo natanko deset let, odkar je bila danes 44-letna Katarina Kresal izvoljena za predsednico tedaj \u0161e vplivne politi\u010dne stranke \u2013 Liberalne demokracije Slovenije. \u017de naslednje leto, 2008., je bila na volitvah izvoljena za poslanko, toda v parlamentarne klopi nikoli ni sedla. Kajti v tedanji vladi Boruta Pahorja je postala ministrica za notranje zadeve. V \u010dasu ministrovanja je prestala tudi dve parlamentarni interpelaciji: prvo so februarja 2009 vlo\u017eili poslanci SDS zaradi njenega ravnanja glede izbrisanih, medtem ko so drugo februarja 2010 vlo\u017eili poslanci SDS, SLS in SNS zaradi njenega delovanja v aferi Bari\u010devi\u010d in glede najema prostorov za nacionalni preiskovalni urad. Leto 2011 pa je bilo prelomno. Avgusta tega leta je namre\u010d komisija za prepre\u010devanje korupcije izdala na\u010delni mnenji glede postopka najema stavbe NPU, pri \u010demer je ugotovila koruptivno\u00a0...","og_url":"https:\/\/hudo.com\/si\/aktualno\/kje-je-danes-katarina-kresal\/","og_site_name":"Hudo Slovenija","article_publisher":"https:\/\/www.facebook.com\/hudo.si","article_published_time":"2017-05-08T11:00:00+00:00","og_image":[{"width":480,"height":290,"url":"https:\/\/hudo.com\/si\/wp-content\/uploads\/sites\/2\/2017\/05\/480x290_Ozadja__djvu_1914657_mdr_bs_hires0.jpeg","type":"image\/jpeg"}],"author":"hudo","twitter_card":"summary_large_image","twitter_creator":"@hudo_si","twitter_site":"@hudo_si","twitter_misc":{"Written by":"hudo","Est. reading time":"1 minuta"},"schema":{"@context":"https:\/\/schema.org","@graph":[{"@type":"Article","@id":"https:\/\/hudo.com\/si\/aktualno\/kje-je-danes-katarina-kresal\/#article","isPartOf":{"@id":"https:\/\/hudo.com\/si\/aktualno\/kje-je-danes-katarina-kresal\/"},"author":{"name":"hudo","@id":"https:\/\/hudo.com\/si\/#\/schema\/person\/601cf3379633985b20f7e50f2bb47707"},"headline":"Kje je danes Katarina Kresal?","datePublished":"2017-05-08T11:00:00+00:00","dateModified":"2017-05-08T11:00:00+00:00","mainEntityOfPage":{"@id":"https:\/\/hudo.com\/si\/aktualno\/kje-je-danes-katarina-kresal\/"},"wordCount":140,"publisher":{"@id":"https:\/\/hudo.com\/si\/#organization"},"articleSection":["Aktualno"],"inLanguage":"sl-SI"},{"@type":"WebPage","@id":"https:\/\/hudo.com\/si\/aktualno\/kje-je-danes-katarina-kresal\/","url":"https:\/\/hudo.com\/si\/aktualno\/kje-je-danes-katarina-kresal\/","name":"Kje je danes Katarina Kresal? - Hudo Slovenija","isPartOf":{"@id":"https:\/\/hudo.com\/si\/#website"},"datePublished":"2017-05-08T11:00:00+00:00","dateModified":"2017-05-08T11:00:00+00:00","breadcrumb":{"@id":"https:\/\/hudo.com\/si\/aktualno\/kje-je-danes-katarina-kresal\/#breadcrumb"},"inLanguage":"sl-SI","potentialAction":[{"@type":"ReadAction","target":["https:\/\/hudo.com\/si\/aktualno\/kje-je-danes-katarina-kresal\/"]}]},{"@type":"BreadcrumbList","@id":"https:\/\/hudo.com\/si\/aktualno\/kje-je-danes-katarina-kresal\/#breadcrumb","itemListElement":[{"@type":"ListItem","position":1,"name":"Home","item":"https:\/\/hudo.com\/si\/"},{"@type":"ListItem","position":2,"name":"Kje je danes Katarina Kresal?"}]},{"@type":"WebSite","@id":"https:\/\/hudo.com\/si\/#website","url":"https:\/\/hudo.com\/si\/","name":"Hudo Slovenija","description":"Vse novice iz Slovenije in sveta","publisher":{"@id":"https:\/\/hudo.com\/si\/#organization"},"potentialAction":[{"@type":"SearchAction","target":{"@type":"EntryPoint","urlTemplate":"https:\/\/hudo.com\/si\/?s={search_term_string}"},"query-input":"required name=search_term_string"}],"inLanguage":"sl-SI"},{"@type":"Organization","@id":"https:\/\/hudo.com\/si\/#organization","name":"VSN Media","url":"https:\/\/hudo.com\/si\/","logo":{"@type":"ImageObject","inLanguage":"sl-SI","@id":"https:\/\/hudo.com\/si\/#\/schema\/logo\/image\/","url":"https:\/\/hudo.com\/si\/wp-content\/uploads\/sites\/2\/2021\/03\/hudo-app-2.png","contentUrl":"https:\/\/hudo.com\/si\/wp-content\/uploads\/sites\/2\/2021\/03\/hudo-app-2.png","width":2185,"height":2167,"caption":"VSN Media"},"image":{"@id":"https:\/\/hudo.com\/si\/#\/schema\/logo\/image\/"},"sameAs":["https:\/\/www.facebook.com\/hudo.si","https:\/\/twitter.com\/hudo_si"]},{"@type":"Person","@id":"https:\/\/hudo.com\/si\/#\/schema\/person\/601cf3379633985b20f7e50f2bb47707","name":"hudo","image":{"@type":"ImageObject","inLanguage":"sl-SI","@id":"https:\/\/hudo.com\/si\/#\/schema\/person\/image\/","url":"https:\/\/secure.gravatar.com\/avatar\/c4ca25fa72cace7a696b52ff5db9e095?s=96&d=mm&r=g","contentUrl":"https:\/\/secure.gravatar.com\/avatar\/c4ca25fa72cace7a696b52ff5db9e095?s=96&d=mm&r=g","caption":"hudo"},"url":"https:\/\/hudo.com\/si\/author\/hudo\/"}]}},"amp_enabled":true,"_links":{"self":[{"href":"https:\/\/hudo.com\/si\/wp-json\/wp\/v2\/posts\/252580"}],"collection":[{"href":"https:\/\/hudo.com\/si\/wp-json\/wp\/v2\/posts"}],"about":[{"href":"https:\/\/hudo.com\/si\/wp-json\/wp\/v2\/types\/post"}],"author":[{"embeddable":true,"href":"https:\/\/hudo.com\/si\/wp-json\/wp\/v2\/users\/1"}],"replies":[{"embeddable":true,"href":"https:\/\/hudo.com\/si\/wp-json\/wp\/v2\/comments?post=252580"}],"version-history":[{"count":0,"href":"https:\/\/hudo.com\/si\/wp-json\/wp\/v2\/posts\/252580\/revisions"}],"wp:attachment":[{"href":"https:\/\/hudo.com\/si\/wp-json\/wp\/v2\/media?parent=252580"}],"wp:term":[{"taxonomy":"category","embeddable":true,"href":"https:\/\/hudo.com\/si\/wp-json\/wp\/v2\/categories?post=252580"},{"taxonomy":"post_tag","embeddable":true,"href":"https:\/\/hudo.com\/si\/wp-json\/wp\/v2\/tags?post=252580"},{"taxonomy":"source","embeddable":true,"href":"https:\/\/hudo.com\/si\/wp-json\/wp\/v2\/source?post=252580"},{"taxonomy":"supertag","embeddable":true,"href":"https:\/\/hudo.com\/si\/wp-json\/wp\/v2\/supertag?post=252580"}],"curies":[{"name":"wp","href":"https:\/\/api.w.org\/{rel}","templated":true}]}}