{"id":253209,"date":"2017-05-10T05:00:00","date_gmt":"2017-05-10T03:00:00","guid":{"rendered":"http:\/\/hudo.com\/si\/2017\/05\/10\/v-kranjski-porodnisnici-na-okopih\/"},"modified":"2017-05-10T05:00:00","modified_gmt":"2017-05-10T03:00:00","slug":"v-kranjski-porodnisnici-na-okopih","status":"publish","type":"post","link":"https:\/\/hudo.com\/si\/aktualno\/v-kranjski-porodnisnici-na-okopih\/","title":{"rendered":"V kranjski porodni\u0161nici na okopih"},"content":{"rendered":"<p>Kategorija: Slovenija Wed, 10 May 2017 07:00:00 +0200  Kranj \u2013 Odnosi med zaposlenimi v Bolni\u0161nici za ginekologijo in porodni\u0161tvo (BGP) Kranj po odstopu direktorice Andreje Cerkvenik \u0160kafar ostajajo napeti, po petkovem zboru delavcev so se \u0161e zaostrili. Zaposleni so se izrekli proti pred kratkim imenovani v. d. direktorice Poloni Podnar in zahtevajo njeno zamenjavo, hkrati pa nasprotujejo na\u010drtu ministrstva za zdravje o pripojitvi BGP k SB Jesenice. Zbor delavcev je bil sklican na na\u010din, ki ga zakon ne predvideva, je dejala predsednica sveta zavoda Alenka Brada\u010d, ki pa ni pojasnila, zakaj so za v\u010deraj predvideno sejo sveta zavoda odpovedali. Na seji naj bi predstavnik zaposlenih Ale\u0161 Rozman namre\u010d predlagal razre\u0161itev predsednice sveta zavoda, predlagal zamenjavo v. d. direktorice z osebo, ki bo imela ustrezne \u00bbvodstvene, strokovne in upravljavske reference\u00ab, in zahteval, \u00bbda se spo\u0161tuje odbor petih strokovnjakov, zaposlenih\u00a0&#8230;<\/p>\n","protected":false},"excerpt":{"rendered":"<p>Kategorija: Slovenija Wed, 10 May 2017 07:00:00 +0200  Kranj \u2013 Odnosi med zaposlenimi v Bolni\u0161nici za ginekologijo in porodni\u0161tvo (BGP) Kranj po odstopu direktorice Andreje Cerkvenik \u0160kafar ostajajo napeti, po petkovem zboru delavcev so se \u0161e zaostrili. Zaposleni so se izrekli proti pred kratkim imenovani v. d. direktorice Poloni Podnar in zahtevajo njeno zamenjavo, hkrati pa nasprotujejo na\u010drtu ministrstva za zdravje o pripojitvi BGP k SB Jesenice. Zbor delavcev je bil sklican na na\u010din, ki ga zakon ne predvideva, je dejala predsednica sveta zavoda Alenka Brada\u010d, ki pa ni pojasnila, zakaj so za v\u010deraj predvideno sejo sveta zavoda odpovedali. Na seji naj bi predstavnik zaposlenih Ale\u0161 Rozman namre\u010d predlagal razre\u0161itev predsednice sveta zavoda, predlagal zamenjavo v. d. direktorice z osebo, ki bo imela ustrezne \u00bbvodstvene, strokovne in upravljavske reference\u00ab, in zahteval, \u00bbda se spo\u0161tuje odbor petih strokovnjakov, zaposlenih\u00a0&#8230;<\/p>\n","protected":false},"author":1,"featured_media":0,"comment_status":"closed","ping_status":"closed","sticky":false,"template":"","format":"standard","meta":{"footnotes":""},"categories":[1179],"tags":[],"source":[1703],"supertag":[],"acf":[],"yoast_head":"<!-- This site is optimized with the Yoast SEO plugin v21.3 - https:\/\/yoast.com\/wordpress\/plugins\/seo\/ -->\n<title>V kranjski porodni\u0161nici na okopih - Hudo Slovenija<\/title>\n<meta name=\"robots\" content=\"index, follow, max-snippet:-1, max-image-preview:large, max-video-preview:-1\" \/>\n<link rel=\"canonical\" href=\"https:\/\/hudo.com\/si\/aktualno\/v-kranjski-porodnisnici-na-okopih\/\" \/>\n<meta property=\"og:locale\" content=\"sl_SI\" \/>\n<meta property=\"og:type\" content=\"article\" \/>\n<meta property=\"og:title\" content=\"V kranjski porodni\u0161nici na okopih - Hudo Slovenija\" \/>\n<meta property=\"og:description\" content=\"Kategorija: Slovenija Wed, 10 May 2017 07:00:00 +0200 Kranj \u2013 Odnosi med zaposlenimi v Bolni\u0161nici za ginekologijo in porodni\u0161tvo (BGP) Kranj po odstopu direktorice Andreje Cerkvenik \u0160kafar ostajajo napeti, po petkovem zboru delavcev so se \u0161e zaostrili. Zaposleni so se izrekli proti pred kratkim imenovani v. d. direktorice Poloni Podnar in zahtevajo njeno zamenjavo, hkrati pa nasprotujejo na\u010drtu ministrstva za zdravje o pripojitvi BGP k SB Jesenice. Zbor delavcev je bil sklican na na\u010din, ki ga zakon ne predvideva, je dejala predsednica sveta zavoda Alenka Brada\u010d, ki pa ni pojasnila, zakaj so za v\u010deraj predvideno sejo sveta zavoda odpovedali. Na seji naj bi predstavnik zaposlenih Ale\u0161 Rozman namre\u010d predlagal razre\u0161itev predsednice sveta zavoda, predlagal zamenjavo v. d. direktorice z osebo, ki bo imela ustrezne \u00bbvodstvene, strokovne in upravljavske reference\u00ab, in zahteval, \u00bbda se spo\u0161tuje odbor petih strokovnjakov, zaposlenih\u00a0...\" \/>\n<meta property=\"og:url\" content=\"https:\/\/hudo.com\/si\/aktualno\/v-kranjski-porodnisnici-na-okopih\/\" \/>\n<meta property=\"og:site_name\" content=\"Hudo Slovenija\" \/>\n<meta property=\"article:publisher\" content=\"https:\/\/www.facebook.com\/hudo.si\" \/>\n<meta property=\"article:published_time\" content=\"2017-05-10T03:00:00+00:00\" \/>\n<meta property=\"og:image\" content=\"https:\/\/hudo.com\/si\/wp-content\/uploads\/sites\/2\/2017\/05\/480x290_4_stran__AR_170429948.jpg_l_hires0.jpeg\" \/>\n\t<meta property=\"og:image:width\" content=\"480\" \/>\n\t<meta property=\"og:image:height\" content=\"290\" \/>\n\t<meta property=\"og:image:type\" content=\"image\/jpeg\" \/>\n<meta name=\"author\" content=\"hudo\" \/>\n<meta name=\"twitter:card\" content=\"summary_large_image\" \/>\n<meta name=\"twitter:creator\" content=\"@hudo_si\" \/>\n<meta name=\"twitter:site\" content=\"@hudo_si\" \/>\n<meta name=\"twitter:label1\" content=\"Written by\" \/>\n\t<meta name=\"twitter:data1\" content=\"hudo\" \/>\n\t<meta name=\"twitter:label2\" content=\"Est. reading time\" \/>\n\t<meta name=\"twitter:data2\" content=\"1 minuta\" \/>\n<script type=\"application\/ld+json\" class=\"yoast-schema-graph\">{\"@context\":\"https:\/\/schema.org\",\"@graph\":[{\"@type\":\"Article\",\"@id\":\"https:\/\/hudo.com\/si\/aktualno\/v-kranjski-porodnisnici-na-okopih\/#article\",\"isPartOf\":{\"@id\":\"https:\/\/hudo.com\/si\/aktualno\/v-kranjski-porodnisnici-na-okopih\/\"},\"author\":{\"name\":\"hudo\",\"@id\":\"https:\/\/hudo.com\/si\/#\/schema\/person\/601cf3379633985b20f7e50f2bb47707\"},\"headline\":\"V kranjski porodni\u0161nici na okopih\",\"datePublished\":\"2017-05-10T03:00:00+00:00\",\"dateModified\":\"2017-05-10T03:00:00+00:00\",\"mainEntityOfPage\":{\"@id\":\"https:\/\/hudo.com\/si\/aktualno\/v-kranjski-porodnisnici-na-okopih\/\"},\"wordCount\":146,\"publisher\":{\"@id\":\"https:\/\/hudo.com\/si\/#organization\"},\"articleSection\":[\"Aktualno\"],\"inLanguage\":\"sl-SI\"},{\"@type\":\"WebPage\",\"@id\":\"https:\/\/hudo.com\/si\/aktualno\/v-kranjski-porodnisnici-na-okopih\/\",\"url\":\"https:\/\/hudo.com\/si\/aktualno\/v-kranjski-porodnisnici-na-okopih\/\",\"name\":\"V kranjski porodni\u0161nici na okopih - Hudo Slovenija\",\"isPartOf\":{\"@id\":\"https:\/\/hudo.com\/si\/#website\"},\"datePublished\":\"2017-05-10T03:00:00+00:00\",\"dateModified\":\"2017-05-10T03:00:00+00:00\",\"breadcrumb\":{\"@id\":\"https:\/\/hudo.com\/si\/aktualno\/v-kranjski-porodnisnici-na-okopih\/#breadcrumb\"},\"inLanguage\":\"sl-SI\",\"potentialAction\":[{\"@type\":\"ReadAction\",\"target\":[\"https:\/\/hudo.com\/si\/aktualno\/v-kranjski-porodnisnici-na-okopih\/\"]}]},{\"@type\":\"BreadcrumbList\",\"@id\":\"https:\/\/hudo.com\/si\/aktualno\/v-kranjski-porodnisnici-na-okopih\/#breadcrumb\",\"itemListElement\":[{\"@type\":\"ListItem\",\"position\":1,\"name\":\"Home\",\"item\":\"https:\/\/hudo.com\/si\/\"},{\"@type\":\"ListItem\",\"position\":2,\"name\":\"V kranjski porodni\u0161nici na okopih\"}]},{\"@type\":\"WebSite\",\"@id\":\"https:\/\/hudo.com\/si\/#website\",\"url\":\"https:\/\/hudo.com\/si\/\",\"name\":\"Hudo Slovenija\",\"description\":\"Vse novice iz Slovenije in sveta\",\"publisher\":{\"@id\":\"https:\/\/hudo.com\/si\/#organization\"},\"potentialAction\":[{\"@type\":\"SearchAction\",\"target\":{\"@type\":\"EntryPoint\",\"urlTemplate\":\"https:\/\/hudo.com\/si\/?s={search_term_string}\"},\"query-input\":\"required name=search_term_string\"}],\"inLanguage\":\"sl-SI\"},{\"@type\":\"Organization\",\"@id\":\"https:\/\/hudo.com\/si\/#organization\",\"name\":\"VSN Media\",\"url\":\"https:\/\/hudo.com\/si\/\",\"logo\":{\"@type\":\"ImageObject\",\"inLanguage\":\"sl-SI\",\"@id\":\"https:\/\/hudo.com\/si\/#\/schema\/logo\/image\/\",\"url\":\"https:\/\/hudo.com\/si\/wp-content\/uploads\/sites\/2\/2021\/03\/hudo-app-2.png\",\"contentUrl\":\"https:\/\/hudo.com\/si\/wp-content\/uploads\/sites\/2\/2021\/03\/hudo-app-2.png\",\"width\":2185,\"height\":2167,\"caption\":\"VSN Media\"},\"image\":{\"@id\":\"https:\/\/hudo.com\/si\/#\/schema\/logo\/image\/\"},\"sameAs\":[\"https:\/\/www.facebook.com\/hudo.si\",\"https:\/\/twitter.com\/hudo_si\"]},{\"@type\":\"Person\",\"@id\":\"https:\/\/hudo.com\/si\/#\/schema\/person\/601cf3379633985b20f7e50f2bb47707\",\"name\":\"hudo\",\"image\":{\"@type\":\"ImageObject\",\"inLanguage\":\"sl-SI\",\"@id\":\"https:\/\/hudo.com\/si\/#\/schema\/person\/image\/\",\"url\":\"https:\/\/secure.gravatar.com\/avatar\/c4ca25fa72cace7a696b52ff5db9e095?s=96&d=mm&r=g\",\"contentUrl\":\"https:\/\/secure.gravatar.com\/avatar\/c4ca25fa72cace7a696b52ff5db9e095?s=96&d=mm&r=g\",\"caption\":\"hudo\"},\"url\":\"https:\/\/hudo.com\/si\/author\/hudo\/\"}]}<\/script>\n<!-- \/ Yoast SEO plugin. -->","yoast_head_json":{"title":"V kranjski porodni\u0161nici na okopih - Hudo Slovenija","robots":{"index":"index","follow":"follow","max-snippet":"max-snippet:-1","max-image-preview":"max-image-preview:large","max-video-preview":"max-video-preview:-1"},"canonical":"https:\/\/hudo.com\/si\/aktualno\/v-kranjski-porodnisnici-na-okopih\/","og_locale":"sl_SI","og_type":"article","og_title":"V kranjski porodni\u0161nici na okopih - Hudo Slovenija","og_description":"Kategorija: Slovenija Wed, 10 May 2017 07:00:00 +0200 Kranj \u2013 Odnosi med zaposlenimi v Bolni\u0161nici za ginekologijo in porodni\u0161tvo (BGP) Kranj po odstopu direktorice Andreje Cerkvenik \u0160kafar ostajajo napeti, po petkovem zboru delavcev so se \u0161e zaostrili. Zaposleni so se izrekli proti pred kratkim imenovani v. d. direktorice Poloni Podnar in zahtevajo njeno zamenjavo, hkrati pa nasprotujejo na\u010drtu ministrstva za zdravje o pripojitvi BGP k SB Jesenice. Zbor delavcev je bil sklican na na\u010din, ki ga zakon ne predvideva, je dejala predsednica sveta zavoda Alenka Brada\u010d, ki pa ni pojasnila, zakaj so za v\u010deraj predvideno sejo sveta zavoda odpovedali. Na seji naj bi predstavnik zaposlenih Ale\u0161 Rozman namre\u010d predlagal razre\u0161itev predsednice sveta zavoda, predlagal zamenjavo v. d. direktorice z osebo, ki bo imela ustrezne \u00bbvodstvene, strokovne in upravljavske reference\u00ab, in zahteval, \u00bbda se spo\u0161tuje odbor petih strokovnjakov, zaposlenih\u00a0...","og_url":"https:\/\/hudo.com\/si\/aktualno\/v-kranjski-porodnisnici-na-okopih\/","og_site_name":"Hudo Slovenija","article_publisher":"https:\/\/www.facebook.com\/hudo.si","article_published_time":"2017-05-10T03:00:00+00:00","og_image":[{"width":480,"height":290,"url":"https:\/\/hudo.com\/si\/wp-content\/uploads\/sites\/2\/2017\/05\/480x290_4_stran__AR_170429948.jpg_l_hires0.jpeg","type":"image\/jpeg"}],"author":"hudo","twitter_card":"summary_large_image","twitter_creator":"@hudo_si","twitter_site":"@hudo_si","twitter_misc":{"Written by":"hudo","Est. reading time":"1 minuta"},"schema":{"@context":"https:\/\/schema.org","@graph":[{"@type":"Article","@id":"https:\/\/hudo.com\/si\/aktualno\/v-kranjski-porodnisnici-na-okopih\/#article","isPartOf":{"@id":"https:\/\/hudo.com\/si\/aktualno\/v-kranjski-porodnisnici-na-okopih\/"},"author":{"name":"hudo","@id":"https:\/\/hudo.com\/si\/#\/schema\/person\/601cf3379633985b20f7e50f2bb47707"},"headline":"V kranjski porodni\u0161nici na okopih","datePublished":"2017-05-10T03:00:00+00:00","dateModified":"2017-05-10T03:00:00+00:00","mainEntityOfPage":{"@id":"https:\/\/hudo.com\/si\/aktualno\/v-kranjski-porodnisnici-na-okopih\/"},"wordCount":146,"publisher":{"@id":"https:\/\/hudo.com\/si\/#organization"},"articleSection":["Aktualno"],"inLanguage":"sl-SI"},{"@type":"WebPage","@id":"https:\/\/hudo.com\/si\/aktualno\/v-kranjski-porodnisnici-na-okopih\/","url":"https:\/\/hudo.com\/si\/aktualno\/v-kranjski-porodnisnici-na-okopih\/","name":"V kranjski porodni\u0161nici na okopih - Hudo Slovenija","isPartOf":{"@id":"https:\/\/hudo.com\/si\/#website"},"datePublished":"2017-05-10T03:00:00+00:00","dateModified":"2017-05-10T03:00:00+00:00","breadcrumb":{"@id":"https:\/\/hudo.com\/si\/aktualno\/v-kranjski-porodnisnici-na-okopih\/#breadcrumb"},"inLanguage":"sl-SI","potentialAction":[{"@type":"ReadAction","target":["https:\/\/hudo.com\/si\/aktualno\/v-kranjski-porodnisnici-na-okopih\/"]}]},{"@type":"BreadcrumbList","@id":"https:\/\/hudo.com\/si\/aktualno\/v-kranjski-porodnisnici-na-okopih\/#breadcrumb","itemListElement":[{"@type":"ListItem","position":1,"name":"Home","item":"https:\/\/hudo.com\/si\/"},{"@type":"ListItem","position":2,"name":"V kranjski porodni\u0161nici na okopih"}]},{"@type":"WebSite","@id":"https:\/\/hudo.com\/si\/#website","url":"https:\/\/hudo.com\/si\/","name":"Hudo Slovenija","description":"Vse novice iz Slovenije in sveta","publisher":{"@id":"https:\/\/hudo.com\/si\/#organization"},"potentialAction":[{"@type":"SearchAction","target":{"@type":"EntryPoint","urlTemplate":"https:\/\/hudo.com\/si\/?s={search_term_string}"},"query-input":"required name=search_term_string"}],"inLanguage":"sl-SI"},{"@type":"Organization","@id":"https:\/\/hudo.com\/si\/#organization","name":"VSN Media","url":"https:\/\/hudo.com\/si\/","logo":{"@type":"ImageObject","inLanguage":"sl-SI","@id":"https:\/\/hudo.com\/si\/#\/schema\/logo\/image\/","url":"https:\/\/hudo.com\/si\/wp-content\/uploads\/sites\/2\/2021\/03\/hudo-app-2.png","contentUrl":"https:\/\/hudo.com\/si\/wp-content\/uploads\/sites\/2\/2021\/03\/hudo-app-2.png","width":2185,"height":2167,"caption":"VSN Media"},"image":{"@id":"https:\/\/hudo.com\/si\/#\/schema\/logo\/image\/"},"sameAs":["https:\/\/www.facebook.com\/hudo.si","https:\/\/twitter.com\/hudo_si"]},{"@type":"Person","@id":"https:\/\/hudo.com\/si\/#\/schema\/person\/601cf3379633985b20f7e50f2bb47707","name":"hudo","image":{"@type":"ImageObject","inLanguage":"sl-SI","@id":"https:\/\/hudo.com\/si\/#\/schema\/person\/image\/","url":"https:\/\/secure.gravatar.com\/avatar\/c4ca25fa72cace7a696b52ff5db9e095?s=96&d=mm&r=g","contentUrl":"https:\/\/secure.gravatar.com\/avatar\/c4ca25fa72cace7a696b52ff5db9e095?s=96&d=mm&r=g","caption":"hudo"},"url":"https:\/\/hudo.com\/si\/author\/hudo\/"}]}},"amp_enabled":true,"_links":{"self":[{"href":"https:\/\/hudo.com\/si\/wp-json\/wp\/v2\/posts\/253209"}],"collection":[{"href":"https:\/\/hudo.com\/si\/wp-json\/wp\/v2\/posts"}],"about":[{"href":"https:\/\/hudo.com\/si\/wp-json\/wp\/v2\/types\/post"}],"author":[{"embeddable":true,"href":"https:\/\/hudo.com\/si\/wp-json\/wp\/v2\/users\/1"}],"replies":[{"embeddable":true,"href":"https:\/\/hudo.com\/si\/wp-json\/wp\/v2\/comments?post=253209"}],"version-history":[{"count":0,"href":"https:\/\/hudo.com\/si\/wp-json\/wp\/v2\/posts\/253209\/revisions"}],"wp:attachment":[{"href":"https:\/\/hudo.com\/si\/wp-json\/wp\/v2\/media?parent=253209"}],"wp:term":[{"taxonomy":"category","embeddable":true,"href":"https:\/\/hudo.com\/si\/wp-json\/wp\/v2\/categories?post=253209"},{"taxonomy":"post_tag","embeddable":true,"href":"https:\/\/hudo.com\/si\/wp-json\/wp\/v2\/tags?post=253209"},{"taxonomy":"source","embeddable":true,"href":"https:\/\/hudo.com\/si\/wp-json\/wp\/v2\/source?post=253209"},{"taxonomy":"supertag","embeddable":true,"href":"https:\/\/hudo.com\/si\/wp-json\/wp\/v2\/supertag?post=253209"}],"curies":[{"name":"wp","href":"https:\/\/api.w.org\/{rel}","templated":true}]}}