{"id":25405,"date":"2016-04-09T12:29:00","date_gmt":"2016-04-09T10:29:00","guid":{"rendered":"http:\/\/hudo.com\/si\/2016\/04\/09\/v-prihodnji-sezoni-ljubno-sredi-februarja-planica-konec-marca\/"},"modified":"2016-04-10T05:16:20","modified_gmt":"2016-04-10T03:16:20","slug":"v-prihodnji-sezoni-ljubno-sredi-februarja-planica-konec-marca","status":"publish","type":"post","link":"https:\/\/hudo.com\/si\/aktualno\/v-prihodnji-sezoni-ljubno-sredi-februarja-planica-konec-marca\/","title":{"rendered":"V prihodnji sezoni Ljubno sredi februarja, Planica konec marca"},"content":{"rendered":"<p>Kategorija: Zimski Sat, 09 Apr 2016 14:29:00 +0200  Z\u00fcrich &#8211; Znan je koledar prihodnje sezone svetovnega pokala v smu\u010darskih skokih, ki ga je Mednarodna smu\u010darska zveza (FIS) potrdila na sestanku v Z\u00fcrichu, toda ob predpostavki, da vse sprejete odlo\u010ditve \u0161e niso dokon\u010dne, saj mora zeleno lu\u010d pri\u017egati \u0161e junijski kongres zveze. V primerjavi z minulo sezono je predvideni program deloma pevetren. Uvodno dejanje nove tekmovalne zime naj bi tako 3. in 4. decembra &#8211; torej dva tedna pozneje kot v prej\u0161nji sezoni &#8211; vnovi\u010d gostil Klingenthal, je pa Nem\u010dija prostovoljno izgubila drugega prireditelja, Titisee-Neustadt, kjer so se odlo\u010dili za obnovo objektov, prav tako sta iz koledarja izpadla tudi finska Kuusamo in Kuopio. Novost bo norve\u0161ka turneja \u0161tirih skakalnic, karavana se bo tako med 11. in 19. marcem prihodnje leto selila od Osla in Lillehammerja do Trondheima in Vikersunda. Tik pred\u00a0&#8230;<\/p>\n","protected":false},"excerpt":{"rendered":"<p>Kategorija: Zimski Sat, 09 Apr 2016 14:29:00 +0200  Z\u00fcrich &#8211; Znan je koledar prihodnje sezone svetovnega pokala v smu\u010darskih skokih, ki ga je Mednarodna smu\u010darska zveza (FIS) potrdila na sestanku v Z\u00fcrichu, toda ob predpostavki, da vse sprejete odlo\u010ditve \u0161e niso dokon\u010dne, saj mora zeleno lu\u010d pri\u017egati \u0161e junijski kongres zveze. V primerjavi z minulo sezono je predvideni program deloma pevetren. Uvodno dejanje nove tekmovalne zime naj bi tako 3. in 4. decembra &#8211; torej dva tedna pozneje kot v prej\u0161nji sezoni &#8211; vnovi\u010d gostil Klingenthal, je pa Nem\u010dija prostovoljno izgubila drugega prireditelja, Titisee-Neustadt, kjer so se odlo\u010dili za obnovo objektov, prav tako sta iz koledarja izpadla tudi finska Kuusamo in Kuopio. Novost bo norve\u0161ka turneja \u0161tirih skakalnic, karavana se bo tako med 11. in 19. marcem prihodnje leto selila od Osla in Lillehammerja do Trondheima in Vikersunda. Tik pred\u00a0&#8230;<\/p>\n","protected":false},"author":1,"featured_media":0,"comment_status":"closed","ping_status":"closed","sticky":false,"template":"","format":"standard","meta":{"footnotes":""},"categories":[1179],"tags":[],"source":[4511],"supertag":[],"acf":[],"yoast_head":"<!-- This site is optimized with the Yoast SEO plugin v21.3 - https:\/\/yoast.com\/wordpress\/plugins\/seo\/ -->\n<title>V prihodnji sezoni Ljubno sredi februarja, Planica konec marca - Hudo Slovenija<\/title>\n<meta name=\"robots\" content=\"index, follow, max-snippet:-1, max-image-preview:large, max-video-preview:-1\" \/>\n<link rel=\"canonical\" href=\"https:\/\/hudo.com\/si\/aktualno\/v-prihodnji-sezoni-ljubno-sredi-februarja-planica-konec-marca\/\" \/>\n<meta property=\"og:locale\" content=\"sl_SI\" \/>\n<meta property=\"og:type\" content=\"article\" \/>\n<meta property=\"og:title\" content=\"V prihodnji sezoni Ljubno sredi februarja, Planica konec marca - Hudo Slovenija\" \/>\n<meta property=\"og:description\" content=\"Kategorija: Zimski Sat, 09 Apr 2016 14:29:00 +0200 Z\u00fcrich - Znan je koledar prihodnje sezone svetovnega pokala v smu\u010darskih skokih, ki ga je Mednarodna smu\u010darska zveza (FIS) potrdila na sestanku v Z\u00fcrichu, toda ob predpostavki, da vse sprejete odlo\u010ditve \u0161e niso dokon\u010dne, saj mora zeleno lu\u010d pri\u017egati \u0161e junijski kongres zveze. V primerjavi z minulo sezono je predvideni program deloma pevetren. Uvodno dejanje nove tekmovalne zime naj bi tako 3. in 4. decembra - torej dva tedna pozneje kot v prej\u0161nji sezoni - vnovi\u010d gostil Klingenthal, je pa Nem\u010dija prostovoljno izgubila drugega prireditelja, Titisee-Neustadt, kjer so se odlo\u010dili za obnovo objektov, prav tako sta iz koledarja izpadla tudi finska Kuusamo in Kuopio. Novost bo norve\u0161ka turneja \u0161tirih skakalnic, karavana se bo tako med 11. in 19. marcem prihodnje leto selila od Osla in Lillehammerja do Trondheima in Vikersunda. Tik pred\u00a0...\" \/>\n<meta property=\"og:url\" content=\"https:\/\/hudo.com\/si\/aktualno\/v-prihodnji-sezoni-ljubno-sredi-februarja-planica-konec-marca\/\" \/>\n<meta property=\"og:site_name\" content=\"Hudo Slovenija\" \/>\n<meta property=\"article:publisher\" content=\"https:\/\/www.facebook.com\/hudo.si\" \/>\n<meta property=\"article:published_time\" content=\"2016-04-09T10:29:00+00:00\" \/>\n<meta property=\"article:modified_time\" content=\"2016-04-10T03:16:20+00:00\" \/>\n<meta property=\"og:image\" content=\"https:\/\/hudo.com\/si\/wp-content\/uploads\/sites\/2\/2016\/04\/480x290_djvu_2291922_janezp_mdr-Prevc-Planica.jpeg\" \/>\n\t<meta property=\"og:image:width\" content=\"480\" \/>\n\t<meta property=\"og:image:height\" content=\"290\" \/>\n\t<meta property=\"og:image:type\" content=\"image\/jpeg\" \/>\n<meta name=\"author\" content=\"hudo\" \/>\n<meta name=\"twitter:card\" content=\"summary_large_image\" \/>\n<meta name=\"twitter:creator\" content=\"@hudo_si\" \/>\n<meta name=\"twitter:site\" content=\"@hudo_si\" \/>\n<meta name=\"twitter:label1\" content=\"Written by\" \/>\n\t<meta name=\"twitter:data1\" content=\"hudo\" \/>\n\t<meta name=\"twitter:label2\" content=\"Est. reading time\" \/>\n\t<meta name=\"twitter:data2\" content=\"1 minuta\" \/>\n<script type=\"application\/ld+json\" class=\"yoast-schema-graph\">{\"@context\":\"https:\/\/schema.org\",\"@graph\":[{\"@type\":\"Article\",\"@id\":\"https:\/\/hudo.com\/si\/aktualno\/v-prihodnji-sezoni-ljubno-sredi-februarja-planica-konec-marca\/#article\",\"isPartOf\":{\"@id\":\"https:\/\/hudo.com\/si\/aktualno\/v-prihodnji-sezoni-ljubno-sredi-februarja-planica-konec-marca\/\"},\"author\":{\"name\":\"hudo\",\"@id\":\"https:\/\/hudo.com\/si\/#\/schema\/person\/601cf3379633985b20f7e50f2bb47707\"},\"headline\":\"V prihodnji sezoni Ljubno sredi februarja, Planica konec marca\",\"datePublished\":\"2016-04-09T10:29:00+00:00\",\"dateModified\":\"2016-04-10T03:16:20+00:00\",\"mainEntityOfPage\":{\"@id\":\"https:\/\/hudo.com\/si\/aktualno\/v-prihodnji-sezoni-ljubno-sredi-februarja-planica-konec-marca\/\"},\"wordCount\":152,\"publisher\":{\"@id\":\"https:\/\/hudo.com\/si\/#organization\"},\"articleSection\":[\"Aktualno\"],\"inLanguage\":\"sl-SI\"},{\"@type\":\"WebPage\",\"@id\":\"https:\/\/hudo.com\/si\/aktualno\/v-prihodnji-sezoni-ljubno-sredi-februarja-planica-konec-marca\/\",\"url\":\"https:\/\/hudo.com\/si\/aktualno\/v-prihodnji-sezoni-ljubno-sredi-februarja-planica-konec-marca\/\",\"name\":\"V prihodnji sezoni Ljubno sredi februarja, Planica konec marca - Hudo Slovenija\",\"isPartOf\":{\"@id\":\"https:\/\/hudo.com\/si\/#website\"},\"datePublished\":\"2016-04-09T10:29:00+00:00\",\"dateModified\":\"2016-04-10T03:16:20+00:00\",\"breadcrumb\":{\"@id\":\"https:\/\/hudo.com\/si\/aktualno\/v-prihodnji-sezoni-ljubno-sredi-februarja-planica-konec-marca\/#breadcrumb\"},\"inLanguage\":\"sl-SI\",\"potentialAction\":[{\"@type\":\"ReadAction\",\"target\":[\"https:\/\/hudo.com\/si\/aktualno\/v-prihodnji-sezoni-ljubno-sredi-februarja-planica-konec-marca\/\"]}]},{\"@type\":\"BreadcrumbList\",\"@id\":\"https:\/\/hudo.com\/si\/aktualno\/v-prihodnji-sezoni-ljubno-sredi-februarja-planica-konec-marca\/#breadcrumb\",\"itemListElement\":[{\"@type\":\"ListItem\",\"position\":1,\"name\":\"Home\",\"item\":\"https:\/\/hudo.com\/si\/\"},{\"@type\":\"ListItem\",\"position\":2,\"name\":\"V prihodnji sezoni Ljubno sredi februarja, Planica konec marca\"}]},{\"@type\":\"WebSite\",\"@id\":\"https:\/\/hudo.com\/si\/#website\",\"url\":\"https:\/\/hudo.com\/si\/\",\"name\":\"Hudo Slovenija\",\"description\":\"Vse novice iz Slovenije in sveta\",\"publisher\":{\"@id\":\"https:\/\/hudo.com\/si\/#organization\"},\"potentialAction\":[{\"@type\":\"SearchAction\",\"target\":{\"@type\":\"EntryPoint\",\"urlTemplate\":\"https:\/\/hudo.com\/si\/?s={search_term_string}\"},\"query-input\":\"required name=search_term_string\"}],\"inLanguage\":\"sl-SI\"},{\"@type\":\"Organization\",\"@id\":\"https:\/\/hudo.com\/si\/#organization\",\"name\":\"VSN Media\",\"url\":\"https:\/\/hudo.com\/si\/\",\"logo\":{\"@type\":\"ImageObject\",\"inLanguage\":\"sl-SI\",\"@id\":\"https:\/\/hudo.com\/si\/#\/schema\/logo\/image\/\",\"url\":\"https:\/\/hudo.com\/si\/wp-content\/uploads\/sites\/2\/2021\/03\/hudo-app-2.png\",\"contentUrl\":\"https:\/\/hudo.com\/si\/wp-content\/uploads\/sites\/2\/2021\/03\/hudo-app-2.png\",\"width\":2185,\"height\":2167,\"caption\":\"VSN Media\"},\"image\":{\"@id\":\"https:\/\/hudo.com\/si\/#\/schema\/logo\/image\/\"},\"sameAs\":[\"https:\/\/www.facebook.com\/hudo.si\",\"https:\/\/twitter.com\/hudo_si\"]},{\"@type\":\"Person\",\"@id\":\"https:\/\/hudo.com\/si\/#\/schema\/person\/601cf3379633985b20f7e50f2bb47707\",\"name\":\"hudo\",\"image\":{\"@type\":\"ImageObject\",\"inLanguage\":\"sl-SI\",\"@id\":\"https:\/\/hudo.com\/si\/#\/schema\/person\/image\/\",\"url\":\"https:\/\/secure.gravatar.com\/avatar\/c4ca25fa72cace7a696b52ff5db9e095?s=96&d=mm&r=g\",\"contentUrl\":\"https:\/\/secure.gravatar.com\/avatar\/c4ca25fa72cace7a696b52ff5db9e095?s=96&d=mm&r=g\",\"caption\":\"hudo\"},\"url\":\"https:\/\/hudo.com\/si\/author\/hudo\/\"}]}<\/script>\n<!-- \/ Yoast SEO plugin. -->","yoast_head_json":{"title":"V prihodnji sezoni Ljubno sredi februarja, Planica konec marca - Hudo Slovenija","robots":{"index":"index","follow":"follow","max-snippet":"max-snippet:-1","max-image-preview":"max-image-preview:large","max-video-preview":"max-video-preview:-1"},"canonical":"https:\/\/hudo.com\/si\/aktualno\/v-prihodnji-sezoni-ljubno-sredi-februarja-planica-konec-marca\/","og_locale":"sl_SI","og_type":"article","og_title":"V prihodnji sezoni Ljubno sredi februarja, Planica konec marca - Hudo Slovenija","og_description":"Kategorija: Zimski Sat, 09 Apr 2016 14:29:00 +0200 Z\u00fcrich - Znan je koledar prihodnje sezone svetovnega pokala v smu\u010darskih skokih, ki ga je Mednarodna smu\u010darska zveza (FIS) potrdila na sestanku v Z\u00fcrichu, toda ob predpostavki, da vse sprejete odlo\u010ditve \u0161e niso dokon\u010dne, saj mora zeleno lu\u010d pri\u017egati \u0161e junijski kongres zveze. V primerjavi z minulo sezono je predvideni program deloma pevetren. Uvodno dejanje nove tekmovalne zime naj bi tako 3. in 4. decembra - torej dva tedna pozneje kot v prej\u0161nji sezoni - vnovi\u010d gostil Klingenthal, je pa Nem\u010dija prostovoljno izgubila drugega prireditelja, Titisee-Neustadt, kjer so se odlo\u010dili za obnovo objektov, prav tako sta iz koledarja izpadla tudi finska Kuusamo in Kuopio. Novost bo norve\u0161ka turneja \u0161tirih skakalnic, karavana se bo tako med 11. in 19. marcem prihodnje leto selila od Osla in Lillehammerja do Trondheima in Vikersunda. Tik pred\u00a0...","og_url":"https:\/\/hudo.com\/si\/aktualno\/v-prihodnji-sezoni-ljubno-sredi-februarja-planica-konec-marca\/","og_site_name":"Hudo Slovenija","article_publisher":"https:\/\/www.facebook.com\/hudo.si","article_published_time":"2016-04-09T10:29:00+00:00","article_modified_time":"2016-04-10T03:16:20+00:00","og_image":[{"width":480,"height":290,"url":"https:\/\/hudo.com\/si\/wp-content\/uploads\/sites\/2\/2016\/04\/480x290_djvu_2291922_janezp_mdr-Prevc-Planica.jpeg","type":"image\/jpeg"}],"author":"hudo","twitter_card":"summary_large_image","twitter_creator":"@hudo_si","twitter_site":"@hudo_si","twitter_misc":{"Written by":"hudo","Est. reading time":"1 minuta"},"schema":{"@context":"https:\/\/schema.org","@graph":[{"@type":"Article","@id":"https:\/\/hudo.com\/si\/aktualno\/v-prihodnji-sezoni-ljubno-sredi-februarja-planica-konec-marca\/#article","isPartOf":{"@id":"https:\/\/hudo.com\/si\/aktualno\/v-prihodnji-sezoni-ljubno-sredi-februarja-planica-konec-marca\/"},"author":{"name":"hudo","@id":"https:\/\/hudo.com\/si\/#\/schema\/person\/601cf3379633985b20f7e50f2bb47707"},"headline":"V prihodnji sezoni Ljubno sredi februarja, Planica konec marca","datePublished":"2016-04-09T10:29:00+00:00","dateModified":"2016-04-10T03:16:20+00:00","mainEntityOfPage":{"@id":"https:\/\/hudo.com\/si\/aktualno\/v-prihodnji-sezoni-ljubno-sredi-februarja-planica-konec-marca\/"},"wordCount":152,"publisher":{"@id":"https:\/\/hudo.com\/si\/#organization"},"articleSection":["Aktualno"],"inLanguage":"sl-SI"},{"@type":"WebPage","@id":"https:\/\/hudo.com\/si\/aktualno\/v-prihodnji-sezoni-ljubno-sredi-februarja-planica-konec-marca\/","url":"https:\/\/hudo.com\/si\/aktualno\/v-prihodnji-sezoni-ljubno-sredi-februarja-planica-konec-marca\/","name":"V prihodnji sezoni Ljubno sredi februarja, Planica konec marca - Hudo Slovenija","isPartOf":{"@id":"https:\/\/hudo.com\/si\/#website"},"datePublished":"2016-04-09T10:29:00+00:00","dateModified":"2016-04-10T03:16:20+00:00","breadcrumb":{"@id":"https:\/\/hudo.com\/si\/aktualno\/v-prihodnji-sezoni-ljubno-sredi-februarja-planica-konec-marca\/#breadcrumb"},"inLanguage":"sl-SI","potentialAction":[{"@type":"ReadAction","target":["https:\/\/hudo.com\/si\/aktualno\/v-prihodnji-sezoni-ljubno-sredi-februarja-planica-konec-marca\/"]}]},{"@type":"BreadcrumbList","@id":"https:\/\/hudo.com\/si\/aktualno\/v-prihodnji-sezoni-ljubno-sredi-februarja-planica-konec-marca\/#breadcrumb","itemListElement":[{"@type":"ListItem","position":1,"name":"Home","item":"https:\/\/hudo.com\/si\/"},{"@type":"ListItem","position":2,"name":"V prihodnji sezoni Ljubno sredi februarja, Planica konec marca"}]},{"@type":"WebSite","@id":"https:\/\/hudo.com\/si\/#website","url":"https:\/\/hudo.com\/si\/","name":"Hudo Slovenija","description":"Vse novice iz Slovenije in sveta","publisher":{"@id":"https:\/\/hudo.com\/si\/#organization"},"potentialAction":[{"@type":"SearchAction","target":{"@type":"EntryPoint","urlTemplate":"https:\/\/hudo.com\/si\/?s={search_term_string}"},"query-input":"required name=search_term_string"}],"inLanguage":"sl-SI"},{"@type":"Organization","@id":"https:\/\/hudo.com\/si\/#organization","name":"VSN Media","url":"https:\/\/hudo.com\/si\/","logo":{"@type":"ImageObject","inLanguage":"sl-SI","@id":"https:\/\/hudo.com\/si\/#\/schema\/logo\/image\/","url":"https:\/\/hudo.com\/si\/wp-content\/uploads\/sites\/2\/2021\/03\/hudo-app-2.png","contentUrl":"https:\/\/hudo.com\/si\/wp-content\/uploads\/sites\/2\/2021\/03\/hudo-app-2.png","width":2185,"height":2167,"caption":"VSN Media"},"image":{"@id":"https:\/\/hudo.com\/si\/#\/schema\/logo\/image\/"},"sameAs":["https:\/\/www.facebook.com\/hudo.si","https:\/\/twitter.com\/hudo_si"]},{"@type":"Person","@id":"https:\/\/hudo.com\/si\/#\/schema\/person\/601cf3379633985b20f7e50f2bb47707","name":"hudo","image":{"@type":"ImageObject","inLanguage":"sl-SI","@id":"https:\/\/hudo.com\/si\/#\/schema\/person\/image\/","url":"https:\/\/secure.gravatar.com\/avatar\/c4ca25fa72cace7a696b52ff5db9e095?s=96&d=mm&r=g","contentUrl":"https:\/\/secure.gravatar.com\/avatar\/c4ca25fa72cace7a696b52ff5db9e095?s=96&d=mm&r=g","caption":"hudo"},"url":"https:\/\/hudo.com\/si\/author\/hudo\/"}]}},"amp_enabled":true,"_links":{"self":[{"href":"https:\/\/hudo.com\/si\/wp-json\/wp\/v2\/posts\/25405"}],"collection":[{"href":"https:\/\/hudo.com\/si\/wp-json\/wp\/v2\/posts"}],"about":[{"href":"https:\/\/hudo.com\/si\/wp-json\/wp\/v2\/types\/post"}],"author":[{"embeddable":true,"href":"https:\/\/hudo.com\/si\/wp-json\/wp\/v2\/users\/1"}],"replies":[{"embeddable":true,"href":"https:\/\/hudo.com\/si\/wp-json\/wp\/v2\/comments?post=25405"}],"version-history":[{"count":1,"href":"https:\/\/hudo.com\/si\/wp-json\/wp\/v2\/posts\/25405\/revisions"}],"predecessor-version":[{"id":25451,"href":"https:\/\/hudo.com\/si\/wp-json\/wp\/v2\/posts\/25405\/revisions\/25451"}],"wp:attachment":[{"href":"https:\/\/hudo.com\/si\/wp-json\/wp\/v2\/media?parent=25405"}],"wp:term":[{"taxonomy":"category","embeddable":true,"href":"https:\/\/hudo.com\/si\/wp-json\/wp\/v2\/categories?post=25405"},{"taxonomy":"post_tag","embeddable":true,"href":"https:\/\/hudo.com\/si\/wp-json\/wp\/v2\/tags?post=25405"},{"taxonomy":"source","embeddable":true,"href":"https:\/\/hudo.com\/si\/wp-json\/wp\/v2\/source?post=25405"},{"taxonomy":"supertag","embeddable":true,"href":"https:\/\/hudo.com\/si\/wp-json\/wp\/v2\/supertag?post=25405"}],"curies":[{"name":"wp","href":"https:\/\/api.w.org\/{rel}","templated":true}]}}