{"id":254057,"date":"2017-05-11T16:29:00","date_gmt":"2017-05-11T14:29:00","guid":{"rendered":"http:\/\/hudo.com\/si\/2017\/05\/11\/umor-v-izoli-sin-obglavil-oceta\/"},"modified":"2017-05-11T16:29:00","modified_gmt":"2017-05-11T14:29:00","slug":"umor-v-izoli-sin-obglavil-oceta","status":"publish","type":"post","link":"https:\/\/hudo.com\/si\/aktualno\/umor-v-izoli-sin-obglavil-oceta\/","title":{"rendered":"Umor v Izoli: Sin obglavil o\u010deta"},"content":{"rendered":"<p>Kategorija: Kronika Thu, 11 May 2017 18:29:00 +0200  Izola &#8211; V stanovanju na naslovu Ulica Sergeja Ma\u0161era v Izoli se je danes zgodil umor. 31-letni sin je pretepel in obglavil svojega 59-letnega o\u010deta, nam je povedal tiskovni predstavnik PU Koper Dimitrij Maru\u0161i\u010d. Ob prihodu policije je bila 31-letniku odvzeta prostost. Kot nam je \u0161e povedal Maru\u0161i\u010d, natan\u010den vzrok smrti \u0161e ni znan. Trenutno torej \u0161e ni jasno ali je o\u010de umrl zaradi pretepa in je bil nato obglavljen ali je bil vzrok smrti obglavljenje.<\/p>\n","protected":false},"excerpt":{"rendered":"<p>Kategorija: Kronika Thu, 11 May 2017 18:29:00 +0200  Izola &#8211; V stanovanju na naslovu Ulica Sergeja Ma\u0161era v Izoli se je danes zgodil umor. 31-letni sin je pretepel in obglavil svojega 59-letnega o\u010deta, nam je povedal tiskovni predstavnik PU Koper Dimitrij Maru\u0161i\u010d. Ob prihodu policije je bila 31-letniku odvzeta prostost. Kot nam je \u0161e povedal Maru\u0161i\u010d, natan\u010den vzrok smrti \u0161e ni znan. Trenutno torej \u0161e ni jasno ali je o\u010de umrl zaradi pretepa in je bil nato obglavljen ali je bil vzrok smrti obglavljenje.<\/p>\n","protected":false},"author":1,"featured_media":0,"comment_status":"closed","ping_status":"closed","sticky":false,"template":"","format":"standard","meta":{"footnotes":""},"categories":[1179],"tags":[],"source":[1703],"supertag":[],"acf":[],"yoast_head":"<!-- This site is optimized with the Yoast SEO plugin v21.3 - https:\/\/yoast.com\/wordpress\/plugins\/seo\/ -->\n<title>Umor v Izoli: Sin obglavil o\u010deta - Hudo Slovenija<\/title>\n<meta name=\"robots\" content=\"index, follow, max-snippet:-1, max-image-preview:large, max-video-preview:-1\" \/>\n<link rel=\"canonical\" href=\"https:\/\/hudo.com\/si\/aktualno\/umor-v-izoli-sin-obglavil-oceta\/\" \/>\n<meta property=\"og:locale\" content=\"sl_SI\" \/>\n<meta property=\"og:type\" content=\"article\" \/>\n<meta property=\"og:title\" content=\"Umor v Izoli: Sin obglavil o\u010deta - Hudo Slovenija\" \/>\n<meta property=\"og:description\" content=\"Kategorija: Kronika Thu, 11 May 2017 18:29:00 +0200 Izola - V stanovanju na naslovu Ulica Sergeja Ma\u0161era v Izoli se je danes zgodil umor. 31-letni sin je pretepel in obglavil svojega 59-letnega o\u010deta, nam je povedal tiskovni predstavnik PU Koper Dimitrij Maru\u0161i\u010d. Ob prihodu policije je bila 31-letniku odvzeta prostost. Kot nam je \u0161e povedal Maru\u0161i\u010d, natan\u010den vzrok smrti \u0161e ni znan. Trenutno torej \u0161e ni jasno ali je o\u010de umrl zaradi pretepa in je bil nato obglavljen ali je bil vzrok smrti obglavljenje.\" \/>\n<meta property=\"og:url\" content=\"https:\/\/hudo.com\/si\/aktualno\/umor-v-izoli-sin-obglavil-oceta\/\" \/>\n<meta property=\"og:site_name\" content=\"Hudo Slovenija\" \/>\n<meta property=\"article:publisher\" content=\"https:\/\/www.facebook.com\/hudo.si\" \/>\n<meta property=\"article:published_time\" content=\"2017-05-11T14:29:00+00:00\" \/>\n<meta property=\"og:image\" content=\"https:\/\/hudo.com\/si\/wp-content\/uploads\/sites\/2\/2017\/05\/480x290_Delo_Foto-20170306103508-66306900.jpeg\" \/>\n\t<meta property=\"og:image:width\" content=\"480\" \/>\n\t<meta property=\"og:image:height\" content=\"290\" \/>\n\t<meta property=\"og:image:type\" content=\"image\/jpeg\" \/>\n<meta name=\"author\" content=\"hudo\" \/>\n<meta name=\"twitter:card\" content=\"summary_large_image\" \/>\n<meta name=\"twitter:creator\" content=\"@hudo_si\" \/>\n<meta name=\"twitter:site\" content=\"@hudo_si\" \/>\n<meta name=\"twitter:label1\" content=\"Written by\" \/>\n\t<meta name=\"twitter:data1\" content=\"hudo\" \/>\n<script type=\"application\/ld+json\" class=\"yoast-schema-graph\">{\"@context\":\"https:\/\/schema.org\",\"@graph\":[{\"@type\":\"Article\",\"@id\":\"https:\/\/hudo.com\/si\/aktualno\/umor-v-izoli-sin-obglavil-oceta\/#article\",\"isPartOf\":{\"@id\":\"https:\/\/hudo.com\/si\/aktualno\/umor-v-izoli-sin-obglavil-oceta\/\"},\"author\":{\"name\":\"hudo\",\"@id\":\"https:\/\/hudo.com\/si\/#\/schema\/person\/601cf3379633985b20f7e50f2bb47707\"},\"headline\":\"Umor v Izoli: Sin obglavil o\u010deta\",\"datePublished\":\"2017-05-11T14:29:00+00:00\",\"dateModified\":\"2017-05-11T14:29:00+00:00\",\"mainEntityOfPage\":{\"@id\":\"https:\/\/hudo.com\/si\/aktualno\/umor-v-izoli-sin-obglavil-oceta\/\"},\"wordCount\":93,\"publisher\":{\"@id\":\"https:\/\/hudo.com\/si\/#organization\"},\"articleSection\":[\"Aktualno\"],\"inLanguage\":\"sl-SI\"},{\"@type\":\"WebPage\",\"@id\":\"https:\/\/hudo.com\/si\/aktualno\/umor-v-izoli-sin-obglavil-oceta\/\",\"url\":\"https:\/\/hudo.com\/si\/aktualno\/umor-v-izoli-sin-obglavil-oceta\/\",\"name\":\"Umor v Izoli: Sin obglavil o\u010deta - Hudo Slovenija\",\"isPartOf\":{\"@id\":\"https:\/\/hudo.com\/si\/#website\"},\"datePublished\":\"2017-05-11T14:29:00+00:00\",\"dateModified\":\"2017-05-11T14:29:00+00:00\",\"breadcrumb\":{\"@id\":\"https:\/\/hudo.com\/si\/aktualno\/umor-v-izoli-sin-obglavil-oceta\/#breadcrumb\"},\"inLanguage\":\"sl-SI\",\"potentialAction\":[{\"@type\":\"ReadAction\",\"target\":[\"https:\/\/hudo.com\/si\/aktualno\/umor-v-izoli-sin-obglavil-oceta\/\"]}]},{\"@type\":\"BreadcrumbList\",\"@id\":\"https:\/\/hudo.com\/si\/aktualno\/umor-v-izoli-sin-obglavil-oceta\/#breadcrumb\",\"itemListElement\":[{\"@type\":\"ListItem\",\"position\":1,\"name\":\"Home\",\"item\":\"https:\/\/hudo.com\/si\/\"},{\"@type\":\"ListItem\",\"position\":2,\"name\":\"Umor v Izoli: Sin obglavil o\u010deta\"}]},{\"@type\":\"WebSite\",\"@id\":\"https:\/\/hudo.com\/si\/#website\",\"url\":\"https:\/\/hudo.com\/si\/\",\"name\":\"Hudo Slovenija\",\"description\":\"Vse novice iz Slovenije in sveta\",\"publisher\":{\"@id\":\"https:\/\/hudo.com\/si\/#organization\"},\"potentialAction\":[{\"@type\":\"SearchAction\",\"target\":{\"@type\":\"EntryPoint\",\"urlTemplate\":\"https:\/\/hudo.com\/si\/?s={search_term_string}\"},\"query-input\":\"required name=search_term_string\"}],\"inLanguage\":\"sl-SI\"},{\"@type\":\"Organization\",\"@id\":\"https:\/\/hudo.com\/si\/#organization\",\"name\":\"VSN Media\",\"url\":\"https:\/\/hudo.com\/si\/\",\"logo\":{\"@type\":\"ImageObject\",\"inLanguage\":\"sl-SI\",\"@id\":\"https:\/\/hudo.com\/si\/#\/schema\/logo\/image\/\",\"url\":\"https:\/\/hudo.com\/si\/wp-content\/uploads\/sites\/2\/2021\/03\/hudo-app-2.png\",\"contentUrl\":\"https:\/\/hudo.com\/si\/wp-content\/uploads\/sites\/2\/2021\/03\/hudo-app-2.png\",\"width\":2185,\"height\":2167,\"caption\":\"VSN Media\"},\"image\":{\"@id\":\"https:\/\/hudo.com\/si\/#\/schema\/logo\/image\/\"},\"sameAs\":[\"https:\/\/www.facebook.com\/hudo.si\",\"https:\/\/twitter.com\/hudo_si\"]},{\"@type\":\"Person\",\"@id\":\"https:\/\/hudo.com\/si\/#\/schema\/person\/601cf3379633985b20f7e50f2bb47707\",\"name\":\"hudo\",\"image\":{\"@type\":\"ImageObject\",\"inLanguage\":\"sl-SI\",\"@id\":\"https:\/\/hudo.com\/si\/#\/schema\/person\/image\/\",\"url\":\"https:\/\/secure.gravatar.com\/avatar\/c4ca25fa72cace7a696b52ff5db9e095?s=96&d=mm&r=g\",\"contentUrl\":\"https:\/\/secure.gravatar.com\/avatar\/c4ca25fa72cace7a696b52ff5db9e095?s=96&d=mm&r=g\",\"caption\":\"hudo\"},\"url\":\"https:\/\/hudo.com\/si\/author\/hudo\/\"}]}<\/script>\n<!-- \/ Yoast SEO plugin. -->","yoast_head_json":{"title":"Umor v Izoli: Sin obglavil o\u010deta - Hudo Slovenija","robots":{"index":"index","follow":"follow","max-snippet":"max-snippet:-1","max-image-preview":"max-image-preview:large","max-video-preview":"max-video-preview:-1"},"canonical":"https:\/\/hudo.com\/si\/aktualno\/umor-v-izoli-sin-obglavil-oceta\/","og_locale":"sl_SI","og_type":"article","og_title":"Umor v Izoli: Sin obglavil o\u010deta - Hudo Slovenija","og_description":"Kategorija: Kronika Thu, 11 May 2017 18:29:00 +0200 Izola - V stanovanju na naslovu Ulica Sergeja Ma\u0161era v Izoli se je danes zgodil umor. 31-letni sin je pretepel in obglavil svojega 59-letnega o\u010deta, nam je povedal tiskovni predstavnik PU Koper Dimitrij Maru\u0161i\u010d. Ob prihodu policije je bila 31-letniku odvzeta prostost. Kot nam je \u0161e povedal Maru\u0161i\u010d, natan\u010den vzrok smrti \u0161e ni znan. Trenutno torej \u0161e ni jasno ali je o\u010de umrl zaradi pretepa in je bil nato obglavljen ali je bil vzrok smrti obglavljenje.","og_url":"https:\/\/hudo.com\/si\/aktualno\/umor-v-izoli-sin-obglavil-oceta\/","og_site_name":"Hudo Slovenija","article_publisher":"https:\/\/www.facebook.com\/hudo.si","article_published_time":"2017-05-11T14:29:00+00:00","og_image":[{"width":480,"height":290,"url":"https:\/\/hudo.com\/si\/wp-content\/uploads\/sites\/2\/2017\/05\/480x290_Delo_Foto-20170306103508-66306900.jpeg","type":"image\/jpeg"}],"author":"hudo","twitter_card":"summary_large_image","twitter_creator":"@hudo_si","twitter_site":"@hudo_si","twitter_misc":{"Written by":"hudo"},"schema":{"@context":"https:\/\/schema.org","@graph":[{"@type":"Article","@id":"https:\/\/hudo.com\/si\/aktualno\/umor-v-izoli-sin-obglavil-oceta\/#article","isPartOf":{"@id":"https:\/\/hudo.com\/si\/aktualno\/umor-v-izoli-sin-obglavil-oceta\/"},"author":{"name":"hudo","@id":"https:\/\/hudo.com\/si\/#\/schema\/person\/601cf3379633985b20f7e50f2bb47707"},"headline":"Umor v Izoli: Sin obglavil o\u010deta","datePublished":"2017-05-11T14:29:00+00:00","dateModified":"2017-05-11T14:29:00+00:00","mainEntityOfPage":{"@id":"https:\/\/hudo.com\/si\/aktualno\/umor-v-izoli-sin-obglavil-oceta\/"},"wordCount":93,"publisher":{"@id":"https:\/\/hudo.com\/si\/#organization"},"articleSection":["Aktualno"],"inLanguage":"sl-SI"},{"@type":"WebPage","@id":"https:\/\/hudo.com\/si\/aktualno\/umor-v-izoli-sin-obglavil-oceta\/","url":"https:\/\/hudo.com\/si\/aktualno\/umor-v-izoli-sin-obglavil-oceta\/","name":"Umor v Izoli: Sin obglavil o\u010deta - Hudo Slovenija","isPartOf":{"@id":"https:\/\/hudo.com\/si\/#website"},"datePublished":"2017-05-11T14:29:00+00:00","dateModified":"2017-05-11T14:29:00+00:00","breadcrumb":{"@id":"https:\/\/hudo.com\/si\/aktualno\/umor-v-izoli-sin-obglavil-oceta\/#breadcrumb"},"inLanguage":"sl-SI","potentialAction":[{"@type":"ReadAction","target":["https:\/\/hudo.com\/si\/aktualno\/umor-v-izoli-sin-obglavil-oceta\/"]}]},{"@type":"BreadcrumbList","@id":"https:\/\/hudo.com\/si\/aktualno\/umor-v-izoli-sin-obglavil-oceta\/#breadcrumb","itemListElement":[{"@type":"ListItem","position":1,"name":"Home","item":"https:\/\/hudo.com\/si\/"},{"@type":"ListItem","position":2,"name":"Umor v Izoli: Sin obglavil o\u010deta"}]},{"@type":"WebSite","@id":"https:\/\/hudo.com\/si\/#website","url":"https:\/\/hudo.com\/si\/","name":"Hudo Slovenija","description":"Vse novice iz Slovenije in sveta","publisher":{"@id":"https:\/\/hudo.com\/si\/#organization"},"potentialAction":[{"@type":"SearchAction","target":{"@type":"EntryPoint","urlTemplate":"https:\/\/hudo.com\/si\/?s={search_term_string}"},"query-input":"required name=search_term_string"}],"inLanguage":"sl-SI"},{"@type":"Organization","@id":"https:\/\/hudo.com\/si\/#organization","name":"VSN Media","url":"https:\/\/hudo.com\/si\/","logo":{"@type":"ImageObject","inLanguage":"sl-SI","@id":"https:\/\/hudo.com\/si\/#\/schema\/logo\/image\/","url":"https:\/\/hudo.com\/si\/wp-content\/uploads\/sites\/2\/2021\/03\/hudo-app-2.png","contentUrl":"https:\/\/hudo.com\/si\/wp-content\/uploads\/sites\/2\/2021\/03\/hudo-app-2.png","width":2185,"height":2167,"caption":"VSN Media"},"image":{"@id":"https:\/\/hudo.com\/si\/#\/schema\/logo\/image\/"},"sameAs":["https:\/\/www.facebook.com\/hudo.si","https:\/\/twitter.com\/hudo_si"]},{"@type":"Person","@id":"https:\/\/hudo.com\/si\/#\/schema\/person\/601cf3379633985b20f7e50f2bb47707","name":"hudo","image":{"@type":"ImageObject","inLanguage":"sl-SI","@id":"https:\/\/hudo.com\/si\/#\/schema\/person\/image\/","url":"https:\/\/secure.gravatar.com\/avatar\/c4ca25fa72cace7a696b52ff5db9e095?s=96&d=mm&r=g","contentUrl":"https:\/\/secure.gravatar.com\/avatar\/c4ca25fa72cace7a696b52ff5db9e095?s=96&d=mm&r=g","caption":"hudo"},"url":"https:\/\/hudo.com\/si\/author\/hudo\/"}]}},"amp_enabled":true,"_links":{"self":[{"href":"https:\/\/hudo.com\/si\/wp-json\/wp\/v2\/posts\/254057"}],"collection":[{"href":"https:\/\/hudo.com\/si\/wp-json\/wp\/v2\/posts"}],"about":[{"href":"https:\/\/hudo.com\/si\/wp-json\/wp\/v2\/types\/post"}],"author":[{"embeddable":true,"href":"https:\/\/hudo.com\/si\/wp-json\/wp\/v2\/users\/1"}],"replies":[{"embeddable":true,"href":"https:\/\/hudo.com\/si\/wp-json\/wp\/v2\/comments?post=254057"}],"version-history":[{"count":0,"href":"https:\/\/hudo.com\/si\/wp-json\/wp\/v2\/posts\/254057\/revisions"}],"wp:attachment":[{"href":"https:\/\/hudo.com\/si\/wp-json\/wp\/v2\/media?parent=254057"}],"wp:term":[{"taxonomy":"category","embeddable":true,"href":"https:\/\/hudo.com\/si\/wp-json\/wp\/v2\/categories?post=254057"},{"taxonomy":"post_tag","embeddable":true,"href":"https:\/\/hudo.com\/si\/wp-json\/wp\/v2\/tags?post=254057"},{"taxonomy":"source","embeddable":true,"href":"https:\/\/hudo.com\/si\/wp-json\/wp\/v2\/source?post=254057"},{"taxonomy":"supertag","embeddable":true,"href":"https:\/\/hudo.com\/si\/wp-json\/wp\/v2\/supertag?post=254057"}],"curies":[{"name":"wp","href":"https:\/\/api.w.org\/{rel}","templated":true}]}}