{"id":254549,"date":"2017-05-12T16:40:00","date_gmt":"2017-05-12T14:40:00","guid":{"rendered":"http:\/\/hudo.com\/si\/2017\/05\/12\/dodatek-za-stalno-pripravljenost-afero-bodo-zakljucila-sodisca\/"},"modified":"2017-05-12T16:40:00","modified_gmt":"2017-05-12T14:40:00","slug":"dodatek-za-stalno-pripravljenost-afero-bodo-zakljucila-sodisca","status":"publish","type":"post","link":"https:\/\/hudo.com\/si\/aktualno\/dodatek-za-stalno-pripravljenost-afero-bodo-zakljucila-sodisca\/","title":{"rendered":"Dodatek za stalno pripravljenost: afero bodo zaklju\u010dila sodi\u0161\u010da"},"content":{"rendered":"<p>Afera o dodatkih za stalno pripravljenost tudi po letu in pol od razkritja \u0161e ni dobila epiloga. Potem ko so zaposleni, ki so dodatek prejemali, tega vrnili posami\u010dnim fakultetam, Univerza v Ljubljani zbranega denarja ni \u017eelela vrniti v dr\u017eavno blagajno. Danes je na ljubljanskem Okro\u017enem sodi\u0161\u010du tako potekal prvi narok v to\u017ebi, s katero \u017eeli ministrstvo za izobra\u017eevanje, znanost in \u0161port od univerze nekaj manj kot 781 tiso\u010d evrov. &#8220;Lahko potrdimo, da bomo vztrajali pri nevra\u010dilu dodatka za stalno pripravljenost dr\u017eavi do sodne odlo\u010dbe. Med drugim zato, ker se nenehno govori o protizakonitem izpla\u010devanju, ki pa ni bilo sodno potrjeno. Zato ker je prvi nadzorni organ potrdil nespornost izpla\u010devanja dodatkov, kolikor je urejena s pravilniki, potem pa je drugi nadzorni organ to mnenje spremenil kljub pravilniku. Ker sredstva niso bila porabljena nenamensko. Ker \u0161e sedaj brez podlage v kolektivni pogodbi za podro\u010dje izobra\u017eevanja nekateri ta dodatek prejemajo,&#8221; so pred dnevi z ljubljanske univerze nanizali razloge, zakaj vztrajajo v sporu z dr\u017eavo.   781 tiso\u010d evrov pribli\u017eno dr\u017eava zahteva od ljubljanske univerze zaradi dodatkov za stalno pripravljenost    Da nobena stran o\u010ditno ne bo popustila, je danes po obravnavi dejal tudi odvetnik ljubljanske univerze Dino Bauk: &#8220;Dr\u017eavno pravobranilstvo danes ni dokazalo tistega, kar trdi, to je, da so bili dodatki izpla\u010dani iz prora\u010dunskega denarja. Glede na to, da je univerza v financiranju osnovne, torej \u0161tudijske dejavnosti, iz prora\u010duna tako ali tako podfinancirana in da mora sama iskati sredstva na trgu z izrednim \u0161tudijem in podobno, ni logi\u010dno oziroma vzdr\u017eno, da je za dodatke za stalno pripravljenost dobila denar iz prora\u010duna.&#8221; Univerza torej \u017eeli, da ji dr\u017eava doka\u017ee, da je bil denar, ki ga je porabila za dodatke, res v celoti tisti, ki jim ga je odmerila dr\u017eava. Za tisti del, ki je bil izpla\u010dan iz prora\u010duna, bi se univerzitetna stran bila pripravljena poravnati, a o tem, kolik\u0161en je bil ta dele\u017e, odvetnik univerze v\u010dera<\/p>\n","protected":false},"excerpt":{"rendered":"<p>Afera o dodatkih za stalno pripravljenost tudi po letu in pol od razkritja \u0161e ni dobila epiloga. Potem ko so zaposleni, ki so dodatek prejemali, tega vrnili posami\u010dnim fakultetam, Univerza v Ljubljani zbranega denarja ni \u017eelela vrniti v dr\u017eavno blagajno. Danes je na ljubljanskem Okro\u017enem sodi\u0161\u010du tako potekal prvi narok v to\u017ebi, s katero \u017eeli ministrstvo za izobra\u017eevanje, znanost in \u0161port od univerze nekaj manj kot 781 tiso\u010d evrov. &#8220;Lahko potrdimo, da bomo vztrajali pri nevra\u010dilu dodatka za stalno pripravljenost dr\u017eavi do sodne odlo\u010dbe. Med drugim zato, ker se nenehno govori o protizakonitem izpla\u010devanju, ki pa ni bilo sodno potrjeno. Zato ker je prvi nadzorni organ potrdil nespornost izpla\u010devanja dodatkov, kolikor je urejena s pravilniki, potem pa je drugi nadzorni organ to mnenje spremenil kljub pravilniku. Ker sredstva niso bila porabljena nenamensko. Ker \u0161e sedaj brez podlage v kolektivni pogodbi za podro\u010dje izobra\u017eevanja nekateri ta dodatek prejemajo,&#8221; so pred dnevi z ljubljanske univerze nanizali razloge, zakaj vztrajajo v sporu z dr\u017eavo.   781 tiso\u010d evrov pribli\u017eno dr\u017eava zahteva od ljubljanske univerze zaradi dodatkov za stalno pripravljenost    Da nobena stran o\u010ditno ne bo popustila, je danes po obravnavi dejal tudi odvetnik ljubljanske univerze Dino Bauk: &#8220;Dr\u017eavno pravobranilstvo danes ni dokazalo tistega, kar trdi, to je, da so bili dodatki izpla\u010dani iz prora\u010dunskega denarja. Glede na to, da je univerza v financiranju osnovne, torej \u0161tudijske dejavnosti, iz prora\u010duna tako ali tako podfinancirana in da mora sama iskati sredstva na trgu z izrednim \u0161tudijem in podobno, ni logi\u010dno oziroma vzdr\u017eno, da je za dodatke za stalno pripravljenost dobila denar iz prora\u010duna.&#8221; Univerza torej \u017eeli, da ji dr\u017eava doka\u017ee, da je bil denar, ki ga je porabila za dodatke, res v celoti tisti, ki jim ga je odmerila dr\u017eava. Za tisti del, ki je bil izpla\u010dan iz prora\u010duna, bi se univerzitetna stran bila pripravljena poravnati, a o tem, kolik\u0161en je bil ta dele\u017e, odvetnik univerze v\u010dera<\/p>\n","protected":false},"author":1,"featured_media":0,"comment_status":"closed","ping_status":"closed","sticky":false,"template":"","format":"standard","meta":{"footnotes":""},"categories":[1179],"tags":[],"source":[1711],"supertag":[],"acf":[],"yoast_head":"<!-- This site is optimized with the Yoast SEO plugin v21.3 - https:\/\/yoast.com\/wordpress\/plugins\/seo\/ -->\n<title>Dodatek za stalno pripravljenost: afero bodo zaklju\u010dila sodi\u0161\u010da - Hudo Slovenija<\/title>\n<meta name=\"robots\" content=\"index, follow, max-snippet:-1, max-image-preview:large, max-video-preview:-1\" \/>\n<link rel=\"canonical\" href=\"https:\/\/hudo.com\/si\/aktualno\/dodatek-za-stalno-pripravljenost-afero-bodo-zakljucila-sodisca\/\" \/>\n<meta property=\"og:locale\" content=\"sl_SI\" \/>\n<meta property=\"og:type\" content=\"article\" \/>\n<meta property=\"og:title\" content=\"Dodatek za stalno pripravljenost: afero bodo zaklju\u010dila sodi\u0161\u010da - Hudo Slovenija\" \/>\n<meta property=\"og:description\" content=\"Afera o dodatkih za stalno pripravljenost tudi po letu in pol od razkritja \u0161e ni dobila epiloga. Potem ko so zaposleni, ki so dodatek prejemali, tega vrnili posami\u010dnim fakultetam, Univerza v Ljubljani zbranega denarja ni \u017eelela vrniti v dr\u017eavno blagajno. Danes je na ljubljanskem Okro\u017enem sodi\u0161\u010du tako potekal prvi narok v to\u017ebi, s katero \u017eeli ministrstvo za izobra\u017eevanje, znanost in \u0161port od univerze nekaj manj kot 781 tiso\u010d evrov. &quot;Lahko potrdimo, da bomo vztrajali pri nevra\u010dilu dodatka za stalno pripravljenost dr\u017eavi do sodne odlo\u010dbe. Med drugim zato, ker se nenehno govori o protizakonitem izpla\u010devanju, ki pa ni bilo sodno potrjeno. Zato ker je prvi nadzorni organ potrdil nespornost izpla\u010devanja dodatkov, kolikor je urejena s pravilniki, potem pa je drugi nadzorni organ to mnenje spremenil kljub pravilniku. Ker sredstva niso bila porabljena nenamensko. Ker \u0161e sedaj brez podlage v kolektivni pogodbi za podro\u010dje izobra\u017eevanja nekateri ta dodatek prejemajo,&quot; so pred dnevi z ljubljanske univerze nanizali razloge, zakaj vztrajajo v sporu z dr\u017eavo.  781 tiso\u010d evrov pribli\u017eno dr\u017eava zahteva od ljubljanske univerze zaradi dodatkov za stalno pripravljenost  Da nobena stran o\u010ditno ne bo popustila, je danes po obravnavi dejal tudi odvetnik ljubljanske univerze Dino Bauk: &quot;Dr\u017eavno pravobranilstvo danes ni dokazalo tistega, kar trdi, to je, da so bili dodatki izpla\u010dani iz prora\u010dunskega denarja. Glede na to, da je univerza v financiranju osnovne, torej \u0161tudijske dejavnosti, iz prora\u010duna tako ali tako podfinancirana in da mora sama iskati sredstva na trgu z izrednim \u0161tudijem in podobno, ni logi\u010dno oziroma vzdr\u017eno, da je za dodatke za stalno pripravljenost dobila denar iz prora\u010duna.&quot; Univerza torej \u017eeli, da ji dr\u017eava doka\u017ee, da je bil denar, ki ga je porabila za dodatke, res v celoti tisti, ki jim ga je odmerila dr\u017eava. Za tisti del, ki je bil izpla\u010dan iz prora\u010duna, bi se univerzitetna stran bila pripravljena poravnati, a o tem, kolik\u0161en je bil ta dele\u017e, odvetnik univerze v\u010dera\" \/>\n<meta property=\"og:url\" content=\"https:\/\/hudo.com\/si\/aktualno\/dodatek-za-stalno-pripravljenost-afero-bodo-zakljucila-sodisca\/\" \/>\n<meta property=\"og:site_name\" content=\"Hudo Slovenija\" \/>\n<meta property=\"article:publisher\" content=\"https:\/\/www.facebook.com\/hudo.si\" \/>\n<meta property=\"article:published_time\" content=\"2017-05-12T14:40:00+00:00\" \/>\n<meta property=\"og:image\" content=\"https:\/\/hudo.com\/si\/wp-content\/uploads\/sites\/2\/2017\/05\/00304555F-300.jpg\" \/>\n\t<meta property=\"og:image:width\" content=\"450\" \/>\n\t<meta property=\"og:image:height\" content=\"301\" \/>\n\t<meta property=\"og:image:type\" content=\"image\/jpeg\" \/>\n<meta name=\"author\" content=\"hudo\" \/>\n<meta name=\"twitter:card\" content=\"summary_large_image\" \/>\n<meta name=\"twitter:creator\" content=\"@hudo_si\" \/>\n<meta name=\"twitter:site\" content=\"@hudo_si\" \/>\n<meta name=\"twitter:label1\" content=\"Written by\" \/>\n\t<meta name=\"twitter:data1\" content=\"hudo\" \/>\n\t<meta name=\"twitter:label2\" content=\"Est. reading time\" \/>\n\t<meta name=\"twitter:data2\" content=\"2 minuti\" \/>\n<script type=\"application\/ld+json\" class=\"yoast-schema-graph\">{\"@context\":\"https:\/\/schema.org\",\"@graph\":[{\"@type\":\"Article\",\"@id\":\"https:\/\/hudo.com\/si\/aktualno\/dodatek-za-stalno-pripravljenost-afero-bodo-zakljucila-sodisca\/#article\",\"isPartOf\":{\"@id\":\"https:\/\/hudo.com\/si\/aktualno\/dodatek-za-stalno-pripravljenost-afero-bodo-zakljucila-sodisca\/\"},\"author\":{\"name\":\"hudo\",\"@id\":\"https:\/\/hudo.com\/si\/#\/schema\/person\/601cf3379633985b20f7e50f2bb47707\"},\"headline\":\"Dodatek za stalno pripravljenost: afero bodo zaklju\u010dila sodi\u0161\u010da\",\"datePublished\":\"2017-05-12T14:40:00+00:00\",\"dateModified\":\"2017-05-12T14:40:00+00:00\",\"mainEntityOfPage\":{\"@id\":\"https:\/\/hudo.com\/si\/aktualno\/dodatek-za-stalno-pripravljenost-afero-bodo-zakljucila-sodisca\/\"},\"wordCount\":350,\"publisher\":{\"@id\":\"https:\/\/hudo.com\/si\/#organization\"},\"articleSection\":[\"Aktualno\"],\"inLanguage\":\"sl-SI\"},{\"@type\":\"WebPage\",\"@id\":\"https:\/\/hudo.com\/si\/aktualno\/dodatek-za-stalno-pripravljenost-afero-bodo-zakljucila-sodisca\/\",\"url\":\"https:\/\/hudo.com\/si\/aktualno\/dodatek-za-stalno-pripravljenost-afero-bodo-zakljucila-sodisca\/\",\"name\":\"Dodatek za stalno pripravljenost: afero bodo zaklju\u010dila sodi\u0161\u010da - Hudo Slovenija\",\"isPartOf\":{\"@id\":\"https:\/\/hudo.com\/si\/#website\"},\"datePublished\":\"2017-05-12T14:40:00+00:00\",\"dateModified\":\"2017-05-12T14:40:00+00:00\",\"breadcrumb\":{\"@id\":\"https:\/\/hudo.com\/si\/aktualno\/dodatek-za-stalno-pripravljenost-afero-bodo-zakljucila-sodisca\/#breadcrumb\"},\"inLanguage\":\"sl-SI\",\"potentialAction\":[{\"@type\":\"ReadAction\",\"target\":[\"https:\/\/hudo.com\/si\/aktualno\/dodatek-za-stalno-pripravljenost-afero-bodo-zakljucila-sodisca\/\"]}]},{\"@type\":\"BreadcrumbList\",\"@id\":\"https:\/\/hudo.com\/si\/aktualno\/dodatek-za-stalno-pripravljenost-afero-bodo-zakljucila-sodisca\/#breadcrumb\",\"itemListElement\":[{\"@type\":\"ListItem\",\"position\":1,\"name\":\"Home\",\"item\":\"https:\/\/hudo.com\/si\/\"},{\"@type\":\"ListItem\",\"position\":2,\"name\":\"Dodatek za stalno pripravljenost: afero bodo zaklju\u010dila sodi\u0161\u010da\"}]},{\"@type\":\"WebSite\",\"@id\":\"https:\/\/hudo.com\/si\/#website\",\"url\":\"https:\/\/hudo.com\/si\/\",\"name\":\"Hudo Slovenija\",\"description\":\"Vse novice iz Slovenije in sveta\",\"publisher\":{\"@id\":\"https:\/\/hudo.com\/si\/#organization\"},\"potentialAction\":[{\"@type\":\"SearchAction\",\"target\":{\"@type\":\"EntryPoint\",\"urlTemplate\":\"https:\/\/hudo.com\/si\/?s={search_term_string}\"},\"query-input\":\"required name=search_term_string\"}],\"inLanguage\":\"sl-SI\"},{\"@type\":\"Organization\",\"@id\":\"https:\/\/hudo.com\/si\/#organization\",\"name\":\"VSN Media\",\"url\":\"https:\/\/hudo.com\/si\/\",\"logo\":{\"@type\":\"ImageObject\",\"inLanguage\":\"sl-SI\",\"@id\":\"https:\/\/hudo.com\/si\/#\/schema\/logo\/image\/\",\"url\":\"https:\/\/hudo.com\/si\/wp-content\/uploads\/sites\/2\/2021\/03\/hudo-app-2.png\",\"contentUrl\":\"https:\/\/hudo.com\/si\/wp-content\/uploads\/sites\/2\/2021\/03\/hudo-app-2.png\",\"width\":2185,\"height\":2167,\"caption\":\"VSN Media\"},\"image\":{\"@id\":\"https:\/\/hudo.com\/si\/#\/schema\/logo\/image\/\"},\"sameAs\":[\"https:\/\/www.facebook.com\/hudo.si\",\"https:\/\/twitter.com\/hudo_si\"]},{\"@type\":\"Person\",\"@id\":\"https:\/\/hudo.com\/si\/#\/schema\/person\/601cf3379633985b20f7e50f2bb47707\",\"name\":\"hudo\",\"image\":{\"@type\":\"ImageObject\",\"inLanguage\":\"sl-SI\",\"@id\":\"https:\/\/hudo.com\/si\/#\/schema\/person\/image\/\",\"url\":\"https:\/\/secure.gravatar.com\/avatar\/c4ca25fa72cace7a696b52ff5db9e095?s=96&d=mm&r=g\",\"contentUrl\":\"https:\/\/secure.gravatar.com\/avatar\/c4ca25fa72cace7a696b52ff5db9e095?s=96&d=mm&r=g\",\"caption\":\"hudo\"},\"url\":\"https:\/\/hudo.com\/si\/author\/hudo\/\"}]}<\/script>\n<!-- \/ Yoast SEO plugin. -->","yoast_head_json":{"title":"Dodatek za stalno pripravljenost: afero bodo zaklju\u010dila sodi\u0161\u010da - Hudo Slovenija","robots":{"index":"index","follow":"follow","max-snippet":"max-snippet:-1","max-image-preview":"max-image-preview:large","max-video-preview":"max-video-preview:-1"},"canonical":"https:\/\/hudo.com\/si\/aktualno\/dodatek-za-stalno-pripravljenost-afero-bodo-zakljucila-sodisca\/","og_locale":"sl_SI","og_type":"article","og_title":"Dodatek za stalno pripravljenost: afero bodo zaklju\u010dila sodi\u0161\u010da - Hudo Slovenija","og_description":"Afera o dodatkih za stalno pripravljenost tudi po letu in pol od razkritja \u0161e ni dobila epiloga. Potem ko so zaposleni, ki so dodatek prejemali, tega vrnili posami\u010dnim fakultetam, Univerza v Ljubljani zbranega denarja ni \u017eelela vrniti v dr\u017eavno blagajno. Danes je na ljubljanskem Okro\u017enem sodi\u0161\u010du tako potekal prvi narok v to\u017ebi, s katero \u017eeli ministrstvo za izobra\u017eevanje, znanost in \u0161port od univerze nekaj manj kot 781 tiso\u010d evrov. \"Lahko potrdimo, da bomo vztrajali pri nevra\u010dilu dodatka za stalno pripravljenost dr\u017eavi do sodne odlo\u010dbe. Med drugim zato, ker se nenehno govori o protizakonitem izpla\u010devanju, ki pa ni bilo sodno potrjeno. Zato ker je prvi nadzorni organ potrdil nespornost izpla\u010devanja dodatkov, kolikor je urejena s pravilniki, potem pa je drugi nadzorni organ to mnenje spremenil kljub pravilniku. Ker sredstva niso bila porabljena nenamensko. Ker \u0161e sedaj brez podlage v kolektivni pogodbi za podro\u010dje izobra\u017eevanja nekateri ta dodatek prejemajo,\" so pred dnevi z ljubljanske univerze nanizali razloge, zakaj vztrajajo v sporu z dr\u017eavo.  781 tiso\u010d evrov pribli\u017eno dr\u017eava zahteva od ljubljanske univerze zaradi dodatkov za stalno pripravljenost  Da nobena stran o\u010ditno ne bo popustila, je danes po obravnavi dejal tudi odvetnik ljubljanske univerze Dino Bauk: \"Dr\u017eavno pravobranilstvo danes ni dokazalo tistega, kar trdi, to je, da so bili dodatki izpla\u010dani iz prora\u010dunskega denarja. Glede na to, da je univerza v financiranju osnovne, torej \u0161tudijske dejavnosti, iz prora\u010duna tako ali tako podfinancirana in da mora sama iskati sredstva na trgu z izrednim \u0161tudijem in podobno, ni logi\u010dno oziroma vzdr\u017eno, da je za dodatke za stalno pripravljenost dobila denar iz prora\u010duna.\" Univerza torej \u017eeli, da ji dr\u017eava doka\u017ee, da je bil denar, ki ga je porabila za dodatke, res v celoti tisti, ki jim ga je odmerila dr\u017eava. Za tisti del, ki je bil izpla\u010dan iz prora\u010duna, bi se univerzitetna stran bila pripravljena poravnati, a o tem, kolik\u0161en je bil ta dele\u017e, odvetnik univerze v\u010dera","og_url":"https:\/\/hudo.com\/si\/aktualno\/dodatek-za-stalno-pripravljenost-afero-bodo-zakljucila-sodisca\/","og_site_name":"Hudo Slovenija","article_publisher":"https:\/\/www.facebook.com\/hudo.si","article_published_time":"2017-05-12T14:40:00+00:00","og_image":[{"width":450,"height":301,"url":"https:\/\/hudo.com\/si\/wp-content\/uploads\/sites\/2\/2017\/05\/00304555F-300.jpg","type":"image\/jpeg"}],"author":"hudo","twitter_card":"summary_large_image","twitter_creator":"@hudo_si","twitter_site":"@hudo_si","twitter_misc":{"Written by":"hudo","Est. reading time":"2 minuti"},"schema":{"@context":"https:\/\/schema.org","@graph":[{"@type":"Article","@id":"https:\/\/hudo.com\/si\/aktualno\/dodatek-za-stalno-pripravljenost-afero-bodo-zakljucila-sodisca\/#article","isPartOf":{"@id":"https:\/\/hudo.com\/si\/aktualno\/dodatek-za-stalno-pripravljenost-afero-bodo-zakljucila-sodisca\/"},"author":{"name":"hudo","@id":"https:\/\/hudo.com\/si\/#\/schema\/person\/601cf3379633985b20f7e50f2bb47707"},"headline":"Dodatek za stalno pripravljenost: afero bodo zaklju\u010dila sodi\u0161\u010da","datePublished":"2017-05-12T14:40:00+00:00","dateModified":"2017-05-12T14:40:00+00:00","mainEntityOfPage":{"@id":"https:\/\/hudo.com\/si\/aktualno\/dodatek-za-stalno-pripravljenost-afero-bodo-zakljucila-sodisca\/"},"wordCount":350,"publisher":{"@id":"https:\/\/hudo.com\/si\/#organization"},"articleSection":["Aktualno"],"inLanguage":"sl-SI"},{"@type":"WebPage","@id":"https:\/\/hudo.com\/si\/aktualno\/dodatek-za-stalno-pripravljenost-afero-bodo-zakljucila-sodisca\/","url":"https:\/\/hudo.com\/si\/aktualno\/dodatek-za-stalno-pripravljenost-afero-bodo-zakljucila-sodisca\/","name":"Dodatek za stalno pripravljenost: afero bodo zaklju\u010dila sodi\u0161\u010da - Hudo Slovenija","isPartOf":{"@id":"https:\/\/hudo.com\/si\/#website"},"datePublished":"2017-05-12T14:40:00+00:00","dateModified":"2017-05-12T14:40:00+00:00","breadcrumb":{"@id":"https:\/\/hudo.com\/si\/aktualno\/dodatek-za-stalno-pripravljenost-afero-bodo-zakljucila-sodisca\/#breadcrumb"},"inLanguage":"sl-SI","potentialAction":[{"@type":"ReadAction","target":["https:\/\/hudo.com\/si\/aktualno\/dodatek-za-stalno-pripravljenost-afero-bodo-zakljucila-sodisca\/"]}]},{"@type":"BreadcrumbList","@id":"https:\/\/hudo.com\/si\/aktualno\/dodatek-za-stalno-pripravljenost-afero-bodo-zakljucila-sodisca\/#breadcrumb","itemListElement":[{"@type":"ListItem","position":1,"name":"Home","item":"https:\/\/hudo.com\/si\/"},{"@type":"ListItem","position":2,"name":"Dodatek za stalno pripravljenost: afero bodo zaklju\u010dila sodi\u0161\u010da"}]},{"@type":"WebSite","@id":"https:\/\/hudo.com\/si\/#website","url":"https:\/\/hudo.com\/si\/","name":"Hudo Slovenija","description":"Vse novice iz Slovenije in sveta","publisher":{"@id":"https:\/\/hudo.com\/si\/#organization"},"potentialAction":[{"@type":"SearchAction","target":{"@type":"EntryPoint","urlTemplate":"https:\/\/hudo.com\/si\/?s={search_term_string}"},"query-input":"required name=search_term_string"}],"inLanguage":"sl-SI"},{"@type":"Organization","@id":"https:\/\/hudo.com\/si\/#organization","name":"VSN Media","url":"https:\/\/hudo.com\/si\/","logo":{"@type":"ImageObject","inLanguage":"sl-SI","@id":"https:\/\/hudo.com\/si\/#\/schema\/logo\/image\/","url":"https:\/\/hudo.com\/si\/wp-content\/uploads\/sites\/2\/2021\/03\/hudo-app-2.png","contentUrl":"https:\/\/hudo.com\/si\/wp-content\/uploads\/sites\/2\/2021\/03\/hudo-app-2.png","width":2185,"height":2167,"caption":"VSN Media"},"image":{"@id":"https:\/\/hudo.com\/si\/#\/schema\/logo\/image\/"},"sameAs":["https:\/\/www.facebook.com\/hudo.si","https:\/\/twitter.com\/hudo_si"]},{"@type":"Person","@id":"https:\/\/hudo.com\/si\/#\/schema\/person\/601cf3379633985b20f7e50f2bb47707","name":"hudo","image":{"@type":"ImageObject","inLanguage":"sl-SI","@id":"https:\/\/hudo.com\/si\/#\/schema\/person\/image\/","url":"https:\/\/secure.gravatar.com\/avatar\/c4ca25fa72cace7a696b52ff5db9e095?s=96&d=mm&r=g","contentUrl":"https:\/\/secure.gravatar.com\/avatar\/c4ca25fa72cace7a696b52ff5db9e095?s=96&d=mm&r=g","caption":"hudo"},"url":"https:\/\/hudo.com\/si\/author\/hudo\/"}]}},"amp_enabled":true,"_links":{"self":[{"href":"https:\/\/hudo.com\/si\/wp-json\/wp\/v2\/posts\/254549"}],"collection":[{"href":"https:\/\/hudo.com\/si\/wp-json\/wp\/v2\/posts"}],"about":[{"href":"https:\/\/hudo.com\/si\/wp-json\/wp\/v2\/types\/post"}],"author":[{"embeddable":true,"href":"https:\/\/hudo.com\/si\/wp-json\/wp\/v2\/users\/1"}],"replies":[{"embeddable":true,"href":"https:\/\/hudo.com\/si\/wp-json\/wp\/v2\/comments?post=254549"}],"version-history":[{"count":0,"href":"https:\/\/hudo.com\/si\/wp-json\/wp\/v2\/posts\/254549\/revisions"}],"wp:attachment":[{"href":"https:\/\/hudo.com\/si\/wp-json\/wp\/v2\/media?parent=254549"}],"wp:term":[{"taxonomy":"category","embeddable":true,"href":"https:\/\/hudo.com\/si\/wp-json\/wp\/v2\/categories?post=254549"},{"taxonomy":"post_tag","embeddable":true,"href":"https:\/\/hudo.com\/si\/wp-json\/wp\/v2\/tags?post=254549"},{"taxonomy":"source","embeddable":true,"href":"https:\/\/hudo.com\/si\/wp-json\/wp\/v2\/source?post=254549"},{"taxonomy":"supertag","embeddable":true,"href":"https:\/\/hudo.com\/si\/wp-json\/wp\/v2\/supertag?post=254549"}],"curies":[{"name":"wp","href":"https:\/\/api.w.org\/{rel}","templated":true}]}}