{"id":254579,"date":"2017-05-12T17:15:00","date_gmt":"2017-05-12T15:15:00","guid":{"rendered":"http:\/\/hudo.com\/si\/2017\/05\/12\/nov-uspeh-za-slovenske-colni-ekipni-naslov-evropskih-prvakov\/"},"modified":"2017-05-12T17:15:00","modified_gmt":"2017-05-12T15:15:00","slug":"nov-uspeh-za-slovenske-colni-ekipni-naslov-evropskih-prvakov","status":"publish","type":"post","link":"https:\/\/hudo.com\/si\/aktualno\/nov-uspeh-za-slovenske-colni-ekipni-naslov-evropskih-prvakov\/","title":{"rendered":"Nov uspeh za slovenske \u010dolni &#8211; ekipni naslov evropskih prvakov!"},"content":{"rendered":"<p>Kategorija: Drugi \u0161porti Fri, 12 May 2017 19:15:00 +0200  Vardar &#8211; Slovenska reprezentanca v spustu na divjih vodah je tudi drugi dan evropskega prvenstva v Skopju posegla po kolajni, in to naj\u017elahtnej\u0161i. Nejc \u017dnidar\u010di\u010d, An\u017ee Urankar in Simon Oven so na Vardarju ugnali vso konkurenco in se veselili prve ekipne zlate kolajne v klasi\u010dnem spustu na dosedanjih evropskih prvenstvih. Slovenska trojica je na evropskem prvenstvu v spustu na divjih vodah, ki ta konec tedna poteka v Makedoniji, pokazala izjemno ekipno vo\u017enjo, lahko bi rekli tak\u0161no iz u\u010dbenikov, in se zaslu\u017eeno veselila kolajne naj\u017elahtnej\u0161ega leska. \u017dnidar\u010di\u010d, Urankar in Oven so v cilju slavili z dobre pol sekunde naskoka pred Nemci Nicom Pauflerjem, Finnom Hartsteinom in Andreasom Heilingerjem. Ekipa Francije, za katero so veslali Paul Graton, Damien Guyonnet in Paul Jean, je bila tretja. \u00bbZelo sem vesel, da smo premagali Nemce, \u0161e posebej zato,\u00a0&#8230;<\/p>\n","protected":false},"excerpt":{"rendered":"<p>Kategorija: Drugi \u0161porti Fri, 12 May 2017 19:15:00 +0200  Vardar &#8211; Slovenska reprezentanca v spustu na divjih vodah je tudi drugi dan evropskega prvenstva v Skopju posegla po kolajni, in to naj\u017elahtnej\u0161i. Nejc \u017dnidar\u010di\u010d, An\u017ee Urankar in Simon Oven so na Vardarju ugnali vso konkurenco in se veselili prve ekipne zlate kolajne v klasi\u010dnem spustu na dosedanjih evropskih prvenstvih. Slovenska trojica je na evropskem prvenstvu v spustu na divjih vodah, ki ta konec tedna poteka v Makedoniji, pokazala izjemno ekipno vo\u017enjo, lahko bi rekli tak\u0161no iz u\u010dbenikov, in se zaslu\u017eeno veselila kolajne naj\u017elahtnej\u0161ega leska. \u017dnidar\u010di\u010d, Urankar in Oven so v cilju slavili z dobre pol sekunde naskoka pred Nemci Nicom Pauflerjem, Finnom Hartsteinom in Andreasom Heilingerjem. Ekipa Francije, za katero so veslali Paul Graton, Damien Guyonnet in Paul Jean, je bila tretja. \u00bbZelo sem vesel, da smo premagali Nemce, \u0161e posebej zato,\u00a0&#8230;<\/p>\n","protected":false},"author":1,"featured_media":0,"comment_status":"closed","ping_status":"closed","sticky":false,"template":"","format":"standard","meta":{"footnotes":""},"categories":[1179],"tags":[],"source":[1703],"supertag":[],"acf":[],"yoast_head":"<!-- This site is optimized with the Yoast SEO plugin v21.3 - https:\/\/yoast.com\/wordpress\/plugins\/seo\/ -->\n<title>Nov uspeh za slovenske \u010dolni - ekipni naslov evropskih prvakov! - Hudo Slovenija<\/title>\n<meta name=\"robots\" content=\"index, follow, max-snippet:-1, max-image-preview:large, max-video-preview:-1\" \/>\n<link rel=\"canonical\" href=\"https:\/\/hudo.com\/si\/aktualno\/nov-uspeh-za-slovenske-colni-ekipni-naslov-evropskih-prvakov\/\" \/>\n<meta property=\"og:locale\" content=\"sl_SI\" \/>\n<meta property=\"og:type\" content=\"article\" \/>\n<meta property=\"og:title\" content=\"Nov uspeh za slovenske \u010dolni - ekipni naslov evropskih prvakov! - Hudo Slovenija\" \/>\n<meta property=\"og:description\" content=\"Kategorija: Drugi \u0161porti Fri, 12 May 2017 19:15:00 +0200 Vardar - Slovenska reprezentanca v spustu na divjih vodah je tudi drugi dan evropskega prvenstva v Skopju posegla po kolajni, in to naj\u017elahtnej\u0161i. Nejc \u017dnidar\u010di\u010d, An\u017ee Urankar in Simon Oven so na Vardarju ugnali vso konkurenco in se veselili prve ekipne zlate kolajne v klasi\u010dnem spustu na dosedanjih evropskih prvenstvih. Slovenska trojica je na evropskem prvenstvu v spustu na divjih vodah, ki ta konec tedna poteka v Makedoniji, pokazala izjemno ekipno vo\u017enjo, lahko bi rekli tak\u0161no iz u\u010dbenikov, in se zaslu\u017eeno veselila kolajne naj\u017elahtnej\u0161ega leska. \u017dnidar\u010di\u010d, Urankar in Oven so v cilju slavili z dobre pol sekunde naskoka pred Nemci Nicom Pauflerjem, Finnom Hartsteinom in Andreasom Heilingerjem. Ekipa Francije, za katero so veslali Paul Graton, Damien Guyonnet in Paul Jean, je bila tretja. \u00bbZelo sem vesel, da smo premagali Nemce, \u0161e posebej zato,\u00a0...\" \/>\n<meta property=\"og:url\" content=\"https:\/\/hudo.com\/si\/aktualno\/nov-uspeh-za-slovenske-colni-ekipni-naslov-evropskih-prvakov\/\" \/>\n<meta property=\"og:site_name\" content=\"Hudo Slovenija\" \/>\n<meta property=\"article:publisher\" content=\"https:\/\/www.facebook.com\/hudo.si\" \/>\n<meta property=\"article:published_time\" content=\"2017-05-12T15:15:00+00:00\" \/>\n<meta property=\"og:image\" content=\"https:\/\/hudo.com\/si\/wp-content\/uploads\/sites\/2\/2017\/05\/480x290_Delo_Foto-20130615190801-08554800.jpeg\" \/>\n\t<meta property=\"og:image:width\" content=\"480\" \/>\n\t<meta property=\"og:image:height\" content=\"290\" \/>\n\t<meta property=\"og:image:type\" content=\"image\/jpeg\" \/>\n<meta name=\"author\" content=\"hudo\" \/>\n<meta name=\"twitter:card\" content=\"summary_large_image\" \/>\n<meta name=\"twitter:creator\" content=\"@hudo_si\" \/>\n<meta name=\"twitter:site\" content=\"@hudo_si\" \/>\n<meta name=\"twitter:label1\" content=\"Written by\" \/>\n\t<meta name=\"twitter:data1\" content=\"hudo\" \/>\n\t<meta name=\"twitter:label2\" content=\"Est. reading time\" \/>\n\t<meta name=\"twitter:data2\" content=\"1 minuta\" \/>\n<script type=\"application\/ld+json\" class=\"yoast-schema-graph\">{\"@context\":\"https:\/\/schema.org\",\"@graph\":[{\"@type\":\"Article\",\"@id\":\"https:\/\/hudo.com\/si\/aktualno\/nov-uspeh-za-slovenske-colni-ekipni-naslov-evropskih-prvakov\/#article\",\"isPartOf\":{\"@id\":\"https:\/\/hudo.com\/si\/aktualno\/nov-uspeh-za-slovenske-colni-ekipni-naslov-evropskih-prvakov\/\"},\"author\":{\"name\":\"hudo\",\"@id\":\"https:\/\/hudo.com\/si\/#\/schema\/person\/601cf3379633985b20f7e50f2bb47707\"},\"headline\":\"Nov uspeh za slovenske \u010dolni &#8211; ekipni naslov evropskih prvakov!\",\"datePublished\":\"2017-05-12T15:15:00+00:00\",\"dateModified\":\"2017-05-12T15:15:00+00:00\",\"mainEntityOfPage\":{\"@id\":\"https:\/\/hudo.com\/si\/aktualno\/nov-uspeh-za-slovenske-colni-ekipni-naslov-evropskih-prvakov\/\"},\"wordCount\":160,\"publisher\":{\"@id\":\"https:\/\/hudo.com\/si\/#organization\"},\"articleSection\":[\"Aktualno\"],\"inLanguage\":\"sl-SI\"},{\"@type\":\"WebPage\",\"@id\":\"https:\/\/hudo.com\/si\/aktualno\/nov-uspeh-za-slovenske-colni-ekipni-naslov-evropskih-prvakov\/\",\"url\":\"https:\/\/hudo.com\/si\/aktualno\/nov-uspeh-za-slovenske-colni-ekipni-naslov-evropskih-prvakov\/\",\"name\":\"Nov uspeh za slovenske \u010dolni - ekipni naslov evropskih prvakov! - Hudo Slovenija\",\"isPartOf\":{\"@id\":\"https:\/\/hudo.com\/si\/#website\"},\"datePublished\":\"2017-05-12T15:15:00+00:00\",\"dateModified\":\"2017-05-12T15:15:00+00:00\",\"breadcrumb\":{\"@id\":\"https:\/\/hudo.com\/si\/aktualno\/nov-uspeh-za-slovenske-colni-ekipni-naslov-evropskih-prvakov\/#breadcrumb\"},\"inLanguage\":\"sl-SI\",\"potentialAction\":[{\"@type\":\"ReadAction\",\"target\":[\"https:\/\/hudo.com\/si\/aktualno\/nov-uspeh-za-slovenske-colni-ekipni-naslov-evropskih-prvakov\/\"]}]},{\"@type\":\"BreadcrumbList\",\"@id\":\"https:\/\/hudo.com\/si\/aktualno\/nov-uspeh-za-slovenske-colni-ekipni-naslov-evropskih-prvakov\/#breadcrumb\",\"itemListElement\":[{\"@type\":\"ListItem\",\"position\":1,\"name\":\"Home\",\"item\":\"https:\/\/hudo.com\/si\/\"},{\"@type\":\"ListItem\",\"position\":2,\"name\":\"Nov uspeh za slovenske \u010dolni &#8211; ekipni naslov evropskih prvakov!\"}]},{\"@type\":\"WebSite\",\"@id\":\"https:\/\/hudo.com\/si\/#website\",\"url\":\"https:\/\/hudo.com\/si\/\",\"name\":\"Hudo Slovenija\",\"description\":\"Vse novice iz Slovenije in sveta\",\"publisher\":{\"@id\":\"https:\/\/hudo.com\/si\/#organization\"},\"potentialAction\":[{\"@type\":\"SearchAction\",\"target\":{\"@type\":\"EntryPoint\",\"urlTemplate\":\"https:\/\/hudo.com\/si\/?s={search_term_string}\"},\"query-input\":\"required name=search_term_string\"}],\"inLanguage\":\"sl-SI\"},{\"@type\":\"Organization\",\"@id\":\"https:\/\/hudo.com\/si\/#organization\",\"name\":\"VSN Media\",\"url\":\"https:\/\/hudo.com\/si\/\",\"logo\":{\"@type\":\"ImageObject\",\"inLanguage\":\"sl-SI\",\"@id\":\"https:\/\/hudo.com\/si\/#\/schema\/logo\/image\/\",\"url\":\"https:\/\/hudo.com\/si\/wp-content\/uploads\/sites\/2\/2021\/03\/hudo-app-2.png\",\"contentUrl\":\"https:\/\/hudo.com\/si\/wp-content\/uploads\/sites\/2\/2021\/03\/hudo-app-2.png\",\"width\":2185,\"height\":2167,\"caption\":\"VSN Media\"},\"image\":{\"@id\":\"https:\/\/hudo.com\/si\/#\/schema\/logo\/image\/\"},\"sameAs\":[\"https:\/\/www.facebook.com\/hudo.si\",\"https:\/\/twitter.com\/hudo_si\"]},{\"@type\":\"Person\",\"@id\":\"https:\/\/hudo.com\/si\/#\/schema\/person\/601cf3379633985b20f7e50f2bb47707\",\"name\":\"hudo\",\"image\":{\"@type\":\"ImageObject\",\"inLanguage\":\"sl-SI\",\"@id\":\"https:\/\/hudo.com\/si\/#\/schema\/person\/image\/\",\"url\":\"https:\/\/secure.gravatar.com\/avatar\/c4ca25fa72cace7a696b52ff5db9e095?s=96&d=mm&r=g\",\"contentUrl\":\"https:\/\/secure.gravatar.com\/avatar\/c4ca25fa72cace7a696b52ff5db9e095?s=96&d=mm&r=g\",\"caption\":\"hudo\"},\"url\":\"https:\/\/hudo.com\/si\/author\/hudo\/\"}]}<\/script>\n<!-- \/ Yoast SEO plugin. -->","yoast_head_json":{"title":"Nov uspeh za slovenske \u010dolni - ekipni naslov evropskih prvakov! - Hudo Slovenija","robots":{"index":"index","follow":"follow","max-snippet":"max-snippet:-1","max-image-preview":"max-image-preview:large","max-video-preview":"max-video-preview:-1"},"canonical":"https:\/\/hudo.com\/si\/aktualno\/nov-uspeh-za-slovenske-colni-ekipni-naslov-evropskih-prvakov\/","og_locale":"sl_SI","og_type":"article","og_title":"Nov uspeh za slovenske \u010dolni - ekipni naslov evropskih prvakov! - Hudo Slovenija","og_description":"Kategorija: Drugi \u0161porti Fri, 12 May 2017 19:15:00 +0200 Vardar - Slovenska reprezentanca v spustu na divjih vodah je tudi drugi dan evropskega prvenstva v Skopju posegla po kolajni, in to naj\u017elahtnej\u0161i. Nejc \u017dnidar\u010di\u010d, An\u017ee Urankar in Simon Oven so na Vardarju ugnali vso konkurenco in se veselili prve ekipne zlate kolajne v klasi\u010dnem spustu na dosedanjih evropskih prvenstvih. Slovenska trojica je na evropskem prvenstvu v spustu na divjih vodah, ki ta konec tedna poteka v Makedoniji, pokazala izjemno ekipno vo\u017enjo, lahko bi rekli tak\u0161no iz u\u010dbenikov, in se zaslu\u017eeno veselila kolajne naj\u017elahtnej\u0161ega leska. \u017dnidar\u010di\u010d, Urankar in Oven so v cilju slavili z dobre pol sekunde naskoka pred Nemci Nicom Pauflerjem, Finnom Hartsteinom in Andreasom Heilingerjem. Ekipa Francije, za katero so veslali Paul Graton, Damien Guyonnet in Paul Jean, je bila tretja. \u00bbZelo sem vesel, da smo premagali Nemce, \u0161e posebej zato,\u00a0...","og_url":"https:\/\/hudo.com\/si\/aktualno\/nov-uspeh-za-slovenske-colni-ekipni-naslov-evropskih-prvakov\/","og_site_name":"Hudo Slovenija","article_publisher":"https:\/\/www.facebook.com\/hudo.si","article_published_time":"2017-05-12T15:15:00+00:00","og_image":[{"width":480,"height":290,"url":"https:\/\/hudo.com\/si\/wp-content\/uploads\/sites\/2\/2017\/05\/480x290_Delo_Foto-20130615190801-08554800.jpeg","type":"image\/jpeg"}],"author":"hudo","twitter_card":"summary_large_image","twitter_creator":"@hudo_si","twitter_site":"@hudo_si","twitter_misc":{"Written by":"hudo","Est. reading time":"1 minuta"},"schema":{"@context":"https:\/\/schema.org","@graph":[{"@type":"Article","@id":"https:\/\/hudo.com\/si\/aktualno\/nov-uspeh-za-slovenske-colni-ekipni-naslov-evropskih-prvakov\/#article","isPartOf":{"@id":"https:\/\/hudo.com\/si\/aktualno\/nov-uspeh-za-slovenske-colni-ekipni-naslov-evropskih-prvakov\/"},"author":{"name":"hudo","@id":"https:\/\/hudo.com\/si\/#\/schema\/person\/601cf3379633985b20f7e50f2bb47707"},"headline":"Nov uspeh za slovenske \u010dolni &#8211; ekipni naslov evropskih prvakov!","datePublished":"2017-05-12T15:15:00+00:00","dateModified":"2017-05-12T15:15:00+00:00","mainEntityOfPage":{"@id":"https:\/\/hudo.com\/si\/aktualno\/nov-uspeh-za-slovenske-colni-ekipni-naslov-evropskih-prvakov\/"},"wordCount":160,"publisher":{"@id":"https:\/\/hudo.com\/si\/#organization"},"articleSection":["Aktualno"],"inLanguage":"sl-SI"},{"@type":"WebPage","@id":"https:\/\/hudo.com\/si\/aktualno\/nov-uspeh-za-slovenske-colni-ekipni-naslov-evropskih-prvakov\/","url":"https:\/\/hudo.com\/si\/aktualno\/nov-uspeh-za-slovenske-colni-ekipni-naslov-evropskih-prvakov\/","name":"Nov uspeh za slovenske \u010dolni - ekipni naslov evropskih prvakov! - Hudo Slovenija","isPartOf":{"@id":"https:\/\/hudo.com\/si\/#website"},"datePublished":"2017-05-12T15:15:00+00:00","dateModified":"2017-05-12T15:15:00+00:00","breadcrumb":{"@id":"https:\/\/hudo.com\/si\/aktualno\/nov-uspeh-za-slovenske-colni-ekipni-naslov-evropskih-prvakov\/#breadcrumb"},"inLanguage":"sl-SI","potentialAction":[{"@type":"ReadAction","target":["https:\/\/hudo.com\/si\/aktualno\/nov-uspeh-za-slovenske-colni-ekipni-naslov-evropskih-prvakov\/"]}]},{"@type":"BreadcrumbList","@id":"https:\/\/hudo.com\/si\/aktualno\/nov-uspeh-za-slovenske-colni-ekipni-naslov-evropskih-prvakov\/#breadcrumb","itemListElement":[{"@type":"ListItem","position":1,"name":"Home","item":"https:\/\/hudo.com\/si\/"},{"@type":"ListItem","position":2,"name":"Nov uspeh za slovenske \u010dolni &#8211; ekipni naslov evropskih prvakov!"}]},{"@type":"WebSite","@id":"https:\/\/hudo.com\/si\/#website","url":"https:\/\/hudo.com\/si\/","name":"Hudo Slovenija","description":"Vse novice iz Slovenije in sveta","publisher":{"@id":"https:\/\/hudo.com\/si\/#organization"},"potentialAction":[{"@type":"SearchAction","target":{"@type":"EntryPoint","urlTemplate":"https:\/\/hudo.com\/si\/?s={search_term_string}"},"query-input":"required name=search_term_string"}],"inLanguage":"sl-SI"},{"@type":"Organization","@id":"https:\/\/hudo.com\/si\/#organization","name":"VSN Media","url":"https:\/\/hudo.com\/si\/","logo":{"@type":"ImageObject","inLanguage":"sl-SI","@id":"https:\/\/hudo.com\/si\/#\/schema\/logo\/image\/","url":"https:\/\/hudo.com\/si\/wp-content\/uploads\/sites\/2\/2021\/03\/hudo-app-2.png","contentUrl":"https:\/\/hudo.com\/si\/wp-content\/uploads\/sites\/2\/2021\/03\/hudo-app-2.png","width":2185,"height":2167,"caption":"VSN Media"},"image":{"@id":"https:\/\/hudo.com\/si\/#\/schema\/logo\/image\/"},"sameAs":["https:\/\/www.facebook.com\/hudo.si","https:\/\/twitter.com\/hudo_si"]},{"@type":"Person","@id":"https:\/\/hudo.com\/si\/#\/schema\/person\/601cf3379633985b20f7e50f2bb47707","name":"hudo","image":{"@type":"ImageObject","inLanguage":"sl-SI","@id":"https:\/\/hudo.com\/si\/#\/schema\/person\/image\/","url":"https:\/\/secure.gravatar.com\/avatar\/c4ca25fa72cace7a696b52ff5db9e095?s=96&d=mm&r=g","contentUrl":"https:\/\/secure.gravatar.com\/avatar\/c4ca25fa72cace7a696b52ff5db9e095?s=96&d=mm&r=g","caption":"hudo"},"url":"https:\/\/hudo.com\/si\/author\/hudo\/"}]}},"amp_enabled":true,"_links":{"self":[{"href":"https:\/\/hudo.com\/si\/wp-json\/wp\/v2\/posts\/254579"}],"collection":[{"href":"https:\/\/hudo.com\/si\/wp-json\/wp\/v2\/posts"}],"about":[{"href":"https:\/\/hudo.com\/si\/wp-json\/wp\/v2\/types\/post"}],"author":[{"embeddable":true,"href":"https:\/\/hudo.com\/si\/wp-json\/wp\/v2\/users\/1"}],"replies":[{"embeddable":true,"href":"https:\/\/hudo.com\/si\/wp-json\/wp\/v2\/comments?post=254579"}],"version-history":[{"count":0,"href":"https:\/\/hudo.com\/si\/wp-json\/wp\/v2\/posts\/254579\/revisions"}],"wp:attachment":[{"href":"https:\/\/hudo.com\/si\/wp-json\/wp\/v2\/media?parent=254579"}],"wp:term":[{"taxonomy":"category","embeddable":true,"href":"https:\/\/hudo.com\/si\/wp-json\/wp\/v2\/categories?post=254579"},{"taxonomy":"post_tag","embeddable":true,"href":"https:\/\/hudo.com\/si\/wp-json\/wp\/v2\/tags?post=254579"},{"taxonomy":"source","embeddable":true,"href":"https:\/\/hudo.com\/si\/wp-json\/wp\/v2\/source?post=254579"},{"taxonomy":"supertag","embeddable":true,"href":"https:\/\/hudo.com\/si\/wp-json\/wp\/v2\/supertag?post=254579"}],"curies":[{"name":"wp","href":"https:\/\/api.w.org\/{rel}","templated":true}]}}