{"id":254603,"date":"2017-05-12T18:20:00","date_gmt":"2017-05-12T16:20:00","guid":{"rendered":"http:\/\/hudo.com\/si\/2017\/05\/12\/rogoski-gozd-namesto-secnje-darsova-separacija\/"},"modified":"2017-05-12T18:20:00","modified_gmt":"2017-05-12T16:20:00","slug":"rogoski-gozd-namesto-secnje-darsova-separacija","status":"publish","type":"post","link":"https:\/\/hudo.com\/si\/aktualno\/rogoski-gozd-namesto-secnje-darsova-separacija\/","title":{"rendered":"Rogo\u0161ki gozd: namesto se\u010dnje Darsova separacija"},"content":{"rendered":"<p>\u010cetrtkov sestanek, ki naj bi pomiril prebivalce Ho\u010d in okolice, je resda pojasnil nekaj dilem, a veliko vpra\u0161anj glede Magnine investicije je ostalo neodgovorjenih. Je pa bil dober signal za iniciativo Re\u0161imo rogo\u0161ki gozd, ki je prej\u0161nji petek s 130 glasovi za sprejela odlo\u010ditev: &#8220;Gozda ne damo!&#8221; Re\u0161itev so poiskali kar sami v iniciativi in za zdaj ministrstvo nima pripomb: &#8220;Ministrstvo za kmetijstvo, gozdarstvo in prehrano je prejelo apel oziroma pobudo civilne inciative, v katerem se zavzemajo za preklic se\u010dnje rogo\u0161kega gozda. Civilna iniciativa predlaga sklic sestanka skupaj s predstavniki ob\u010dine in ministrstva na to temo.&#8221; Predstavniki kmetijskega ministrstva so se v zvezi s tem pripravljeni sestati s predstavniki civilne iniciative, ko bo usklajen termin tudi z ob\u010dino Ho\u010de-Slivnica, so v\u010deraj zadr\u017eano sporo\u010dili z ministrstva.  &#8220;Vsi se trudijo iskati re\u0161itve, celo preve\u010d&#8221;Na sestanku v Kulturnem domu Ho\u010de, kjer so predstavniki dr\u017eave, ob\u010dine in Magne Steyr pojasnjevali krajanom projekt in odgovarjali na \u0161tevilna vpra\u0161anja ob\u010danov, ni bilo mogo\u010de prezreti odsotnosti predstavnikov Mestne ob\u010dine Maribor, ki je v za\u010detku podpirala projekt, ki bi v regijo prinesel \u0161tevilna delovna mesta. Mariborski pod\u017eupan Sa\u0161a Pelko na vpra\u0161anje, zakaj se vodstvo mariborske ob\u010dine ni udele\u017eilo sestanka, odgovarja: &#8220;Ne vem. \u017dupan je bil na konferenci PODIM, tam je bil tudi premier, ostali pa nismo dobili nobenih navodil, da bi morali obiskati kak\u0161no prireditev.&#8221;Stali\u0161\u010de ob\u010dine do prihoda Magne vsekakor ostaja enako, zatrjuje Pelko: &#8220;Se\u010dnje gozda sicer osebno ne podpiram, prepri\u010dan sem namre\u010d, da bi bilo mogo\u010de najti nadomestne kmetijske povr\u0161ine tudi kje drugje, samo volja mora biti. Kot je znano, sem bil pred leti strasten zagovornik ohranitve miklav\u0161kega gozda. Zdi se mi, da se sicer vsi trudijo najti ustrezne re\u0161itve, celo malo preve\u010d, kar potem vodi v ad hoc re\u0161itve, te pa niso nikoli dobre. Kolikor sem seznanjen, so neko kompromisno re\u0161itev vendarle na\u0161li. Zanesljivo se da ured<\/p>\n","protected":false},"excerpt":{"rendered":"<p>\u010cetrtkov sestanek, ki naj bi pomiril prebivalce Ho\u010d in okolice, je resda pojasnil nekaj dilem, a veliko vpra\u0161anj glede Magnine investicije je ostalo neodgovorjenih. Je pa bil dober signal za iniciativo Re\u0161imo rogo\u0161ki gozd, ki je prej\u0161nji petek s 130 glasovi za sprejela odlo\u010ditev: &#8220;Gozda ne damo!&#8221; Re\u0161itev so poiskali kar sami v iniciativi in za zdaj ministrstvo nima pripomb: &#8220;Ministrstvo za kmetijstvo, gozdarstvo in prehrano je prejelo apel oziroma pobudo civilne inciative, v katerem se zavzemajo za preklic se\u010dnje rogo\u0161kega gozda. Civilna iniciativa predlaga sklic sestanka skupaj s predstavniki ob\u010dine in ministrstva na to temo.&#8221; Predstavniki kmetijskega ministrstva so se v zvezi s tem pripravljeni sestati s predstavniki civilne iniciative, ko bo usklajen termin tudi z ob\u010dino Ho\u010de-Slivnica, so v\u010deraj zadr\u017eano sporo\u010dili z ministrstva.  &#8220;Vsi se trudijo iskati re\u0161itve, celo preve\u010d&#8221;Na sestanku v Kulturnem domu Ho\u010de, kjer so predstavniki dr\u017eave, ob\u010dine in Magne Steyr pojasnjevali krajanom projekt in odgovarjali na \u0161tevilna vpra\u0161anja ob\u010danov, ni bilo mogo\u010de prezreti odsotnosti predstavnikov Mestne ob\u010dine Maribor, ki je v za\u010detku podpirala projekt, ki bi v regijo prinesel \u0161tevilna delovna mesta. Mariborski pod\u017eupan Sa\u0161a Pelko na vpra\u0161anje, zakaj se vodstvo mariborske ob\u010dine ni udele\u017eilo sestanka, odgovarja: &#8220;Ne vem. \u017dupan je bil na konferenci PODIM, tam je bil tudi premier, ostali pa nismo dobili nobenih navodil, da bi morali obiskati kak\u0161no prireditev.&#8221;Stali\u0161\u010de ob\u010dine do prihoda Magne vsekakor ostaja enako, zatrjuje Pelko: &#8220;Se\u010dnje gozda sicer osebno ne podpiram, prepri\u010dan sem namre\u010d, da bi bilo mogo\u010de najti nadomestne kmetijske povr\u0161ine tudi kje drugje, samo volja mora biti. Kot je znano, sem bil pred leti strasten zagovornik ohranitve miklav\u0161kega gozda. Zdi se mi, da se sicer vsi trudijo najti ustrezne re\u0161itve, celo malo preve\u010d, kar potem vodi v ad hoc re\u0161itve, te pa niso nikoli dobre. Kolikor sem seznanjen, so neko kompromisno re\u0161itev vendarle na\u0161li. Zanesljivo se da ured<\/p>\n","protected":false},"author":1,"featured_media":0,"comment_status":"closed","ping_status":"closed","sticky":false,"template":"","format":"standard","meta":{"footnotes":""},"categories":[1179],"tags":[],"source":[1711],"supertag":[],"acf":[],"yoast_head":"<!-- This site is optimized with the Yoast SEO plugin v21.3 - https:\/\/yoast.com\/wordpress\/plugins\/seo\/ -->\n<title>Rogo\u0161ki gozd: namesto se\u010dnje Darsova separacija - Hudo Slovenija<\/title>\n<meta name=\"robots\" content=\"index, follow, max-snippet:-1, max-image-preview:large, max-video-preview:-1\" \/>\n<link rel=\"canonical\" href=\"https:\/\/hudo.com\/si\/aktualno\/rogoski-gozd-namesto-secnje-darsova-separacija\/\" \/>\n<meta property=\"og:locale\" content=\"sl_SI\" \/>\n<meta property=\"og:type\" content=\"article\" \/>\n<meta property=\"og:title\" content=\"Rogo\u0161ki gozd: namesto se\u010dnje Darsova separacija - Hudo Slovenija\" \/>\n<meta property=\"og:description\" content=\"\u010cetrtkov sestanek, ki naj bi pomiril prebivalce Ho\u010d in okolice, je resda pojasnil nekaj dilem, a veliko vpra\u0161anj glede Magnine investicije je ostalo neodgovorjenih. Je pa bil dober signal za iniciativo Re\u0161imo rogo\u0161ki gozd, ki je prej\u0161nji petek s 130 glasovi za sprejela odlo\u010ditev: &quot;Gozda ne damo!&quot; Re\u0161itev so poiskali kar sami v iniciativi in za zdaj ministrstvo nima pripomb: &quot;Ministrstvo za kmetijstvo, gozdarstvo in prehrano je prejelo apel oziroma pobudo civilne inciative, v katerem se zavzemajo za preklic se\u010dnje rogo\u0161kega gozda. Civilna iniciativa predlaga sklic sestanka skupaj s predstavniki ob\u010dine in ministrstva na to temo.&quot; Predstavniki kmetijskega ministrstva so se v zvezi s tem pripravljeni sestati s predstavniki civilne iniciative, ko bo usklajen termin tudi z ob\u010dino Ho\u010de-Slivnica, so v\u010deraj zadr\u017eano sporo\u010dili z ministrstva. &quot;Vsi se trudijo iskati re\u0161itve, celo preve\u010d&quot;Na sestanku v Kulturnem domu Ho\u010de, kjer so predstavniki dr\u017eave, ob\u010dine in Magne Steyr pojasnjevali krajanom projekt in odgovarjali na \u0161tevilna vpra\u0161anja ob\u010danov, ni bilo mogo\u010de prezreti odsotnosti predstavnikov Mestne ob\u010dine Maribor, ki je v za\u010detku podpirala projekt, ki bi v regijo prinesel \u0161tevilna delovna mesta. Mariborski pod\u017eupan Sa\u0161a Pelko na vpra\u0161anje, zakaj se vodstvo mariborske ob\u010dine ni udele\u017eilo sestanka, odgovarja: &quot;Ne vem. \u017dupan je bil na konferenci PODIM, tam je bil tudi premier, ostali pa nismo dobili nobenih navodil, da bi morali obiskati kak\u0161no prireditev.&quot;Stali\u0161\u010de ob\u010dine do prihoda Magne vsekakor ostaja enako, zatrjuje Pelko: &quot;Se\u010dnje gozda sicer osebno ne podpiram, prepri\u010dan sem namre\u010d, da bi bilo mogo\u010de najti nadomestne kmetijske povr\u0161ine tudi kje drugje, samo volja mora biti. Kot je znano, sem bil pred leti strasten zagovornik ohranitve miklav\u0161kega gozda. Zdi se mi, da se sicer vsi trudijo najti ustrezne re\u0161itve, celo malo preve\u010d, kar potem vodi v ad hoc re\u0161itve, te pa niso nikoli dobre. Kolikor sem seznanjen, so neko kompromisno re\u0161itev vendarle na\u0161li. Zanesljivo se da ured\" \/>\n<meta property=\"og:url\" content=\"https:\/\/hudo.com\/si\/aktualno\/rogoski-gozd-namesto-secnje-darsova-separacija\/\" \/>\n<meta property=\"og:site_name\" content=\"Hudo Slovenija\" \/>\n<meta property=\"article:publisher\" content=\"https:\/\/www.facebook.com\/hudo.si\" \/>\n<meta property=\"article:published_time\" content=\"2017-05-12T16:20:00+00:00\" \/>\n<meta property=\"og:image\" content=\"https:\/\/hudo.com\/si\/wp-content\/uploads\/sites\/2\/2017\/05\/0419M14-300.jpg\" \/>\n\t<meta property=\"og:image:width\" content=\"450\" \/>\n\t<meta property=\"og:image:height\" content=\"300\" \/>\n\t<meta property=\"og:image:type\" content=\"image\/jpeg\" \/>\n<meta name=\"author\" content=\"hudo\" \/>\n<meta name=\"twitter:card\" content=\"summary_large_image\" \/>\n<meta name=\"twitter:creator\" content=\"@hudo_si\" \/>\n<meta name=\"twitter:site\" content=\"@hudo_si\" \/>\n<meta name=\"twitter:label1\" content=\"Written by\" \/>\n\t<meta name=\"twitter:data1\" content=\"hudo\" \/>\n\t<meta name=\"twitter:label2\" content=\"Est. reading time\" \/>\n\t<meta name=\"twitter:data2\" content=\"2 minuti\" \/>\n<script type=\"application\/ld+json\" class=\"yoast-schema-graph\">{\"@context\":\"https:\/\/schema.org\",\"@graph\":[{\"@type\":\"Article\",\"@id\":\"https:\/\/hudo.com\/si\/aktualno\/rogoski-gozd-namesto-secnje-darsova-separacija\/#article\",\"isPartOf\":{\"@id\":\"https:\/\/hudo.com\/si\/aktualno\/rogoski-gozd-namesto-secnje-darsova-separacija\/\"},\"author\":{\"name\":\"hudo\",\"@id\":\"https:\/\/hudo.com\/si\/#\/schema\/person\/601cf3379633985b20f7e50f2bb47707\"},\"headline\":\"Rogo\u0161ki gozd: namesto se\u010dnje Darsova separacija\",\"datePublished\":\"2017-05-12T16:20:00+00:00\",\"dateModified\":\"2017-05-12T16:20:00+00:00\",\"mainEntityOfPage\":{\"@id\":\"https:\/\/hudo.com\/si\/aktualno\/rogoski-gozd-namesto-secnje-darsova-separacija\/\"},\"wordCount\":350,\"publisher\":{\"@id\":\"https:\/\/hudo.com\/si\/#organization\"},\"articleSection\":[\"Aktualno\"],\"inLanguage\":\"sl-SI\"},{\"@type\":\"WebPage\",\"@id\":\"https:\/\/hudo.com\/si\/aktualno\/rogoski-gozd-namesto-secnje-darsova-separacija\/\",\"url\":\"https:\/\/hudo.com\/si\/aktualno\/rogoski-gozd-namesto-secnje-darsova-separacija\/\",\"name\":\"Rogo\u0161ki gozd: namesto se\u010dnje Darsova separacija - Hudo Slovenija\",\"isPartOf\":{\"@id\":\"https:\/\/hudo.com\/si\/#website\"},\"datePublished\":\"2017-05-12T16:20:00+00:00\",\"dateModified\":\"2017-05-12T16:20:00+00:00\",\"breadcrumb\":{\"@id\":\"https:\/\/hudo.com\/si\/aktualno\/rogoski-gozd-namesto-secnje-darsova-separacija\/#breadcrumb\"},\"inLanguage\":\"sl-SI\",\"potentialAction\":[{\"@type\":\"ReadAction\",\"target\":[\"https:\/\/hudo.com\/si\/aktualno\/rogoski-gozd-namesto-secnje-darsova-separacija\/\"]}]},{\"@type\":\"BreadcrumbList\",\"@id\":\"https:\/\/hudo.com\/si\/aktualno\/rogoski-gozd-namesto-secnje-darsova-separacija\/#breadcrumb\",\"itemListElement\":[{\"@type\":\"ListItem\",\"position\":1,\"name\":\"Home\",\"item\":\"https:\/\/hudo.com\/si\/\"},{\"@type\":\"ListItem\",\"position\":2,\"name\":\"Rogo\u0161ki gozd: namesto se\u010dnje Darsova separacija\"}]},{\"@type\":\"WebSite\",\"@id\":\"https:\/\/hudo.com\/si\/#website\",\"url\":\"https:\/\/hudo.com\/si\/\",\"name\":\"Hudo Slovenija\",\"description\":\"Vse novice iz Slovenije in sveta\",\"publisher\":{\"@id\":\"https:\/\/hudo.com\/si\/#organization\"},\"potentialAction\":[{\"@type\":\"SearchAction\",\"target\":{\"@type\":\"EntryPoint\",\"urlTemplate\":\"https:\/\/hudo.com\/si\/?s={search_term_string}\"},\"query-input\":\"required name=search_term_string\"}],\"inLanguage\":\"sl-SI\"},{\"@type\":\"Organization\",\"@id\":\"https:\/\/hudo.com\/si\/#organization\",\"name\":\"VSN Media\",\"url\":\"https:\/\/hudo.com\/si\/\",\"logo\":{\"@type\":\"ImageObject\",\"inLanguage\":\"sl-SI\",\"@id\":\"https:\/\/hudo.com\/si\/#\/schema\/logo\/image\/\",\"url\":\"https:\/\/hudo.com\/si\/wp-content\/uploads\/sites\/2\/2021\/03\/hudo-app-2.png\",\"contentUrl\":\"https:\/\/hudo.com\/si\/wp-content\/uploads\/sites\/2\/2021\/03\/hudo-app-2.png\",\"width\":2185,\"height\":2167,\"caption\":\"VSN Media\"},\"image\":{\"@id\":\"https:\/\/hudo.com\/si\/#\/schema\/logo\/image\/\"},\"sameAs\":[\"https:\/\/www.facebook.com\/hudo.si\",\"https:\/\/twitter.com\/hudo_si\"]},{\"@type\":\"Person\",\"@id\":\"https:\/\/hudo.com\/si\/#\/schema\/person\/601cf3379633985b20f7e50f2bb47707\",\"name\":\"hudo\",\"image\":{\"@type\":\"ImageObject\",\"inLanguage\":\"sl-SI\",\"@id\":\"https:\/\/hudo.com\/si\/#\/schema\/person\/image\/\",\"url\":\"https:\/\/secure.gravatar.com\/avatar\/c4ca25fa72cace7a696b52ff5db9e095?s=96&d=mm&r=g\",\"contentUrl\":\"https:\/\/secure.gravatar.com\/avatar\/c4ca25fa72cace7a696b52ff5db9e095?s=96&d=mm&r=g\",\"caption\":\"hudo\"},\"url\":\"https:\/\/hudo.com\/si\/author\/hudo\/\"}]}<\/script>\n<!-- \/ Yoast SEO plugin. -->","yoast_head_json":{"title":"Rogo\u0161ki gozd: namesto se\u010dnje Darsova separacija - Hudo Slovenija","robots":{"index":"index","follow":"follow","max-snippet":"max-snippet:-1","max-image-preview":"max-image-preview:large","max-video-preview":"max-video-preview:-1"},"canonical":"https:\/\/hudo.com\/si\/aktualno\/rogoski-gozd-namesto-secnje-darsova-separacija\/","og_locale":"sl_SI","og_type":"article","og_title":"Rogo\u0161ki gozd: namesto se\u010dnje Darsova separacija - Hudo Slovenija","og_description":"\u010cetrtkov sestanek, ki naj bi pomiril prebivalce Ho\u010d in okolice, je resda pojasnil nekaj dilem, a veliko vpra\u0161anj glede Magnine investicije je ostalo neodgovorjenih. Je pa bil dober signal za iniciativo Re\u0161imo rogo\u0161ki gozd, ki je prej\u0161nji petek s 130 glasovi za sprejela odlo\u010ditev: \"Gozda ne damo!\" Re\u0161itev so poiskali kar sami v iniciativi in za zdaj ministrstvo nima pripomb: \"Ministrstvo za kmetijstvo, gozdarstvo in prehrano je prejelo apel oziroma pobudo civilne inciative, v katerem se zavzemajo za preklic se\u010dnje rogo\u0161kega gozda. Civilna iniciativa predlaga sklic sestanka skupaj s predstavniki ob\u010dine in ministrstva na to temo.\" Predstavniki kmetijskega ministrstva so se v zvezi s tem pripravljeni sestati s predstavniki civilne iniciative, ko bo usklajen termin tudi z ob\u010dino Ho\u010de-Slivnica, so v\u010deraj zadr\u017eano sporo\u010dili z ministrstva. \"Vsi se trudijo iskati re\u0161itve, celo preve\u010d\"Na sestanku v Kulturnem domu Ho\u010de, kjer so predstavniki dr\u017eave, ob\u010dine in Magne Steyr pojasnjevali krajanom projekt in odgovarjali na \u0161tevilna vpra\u0161anja ob\u010danov, ni bilo mogo\u010de prezreti odsotnosti predstavnikov Mestne ob\u010dine Maribor, ki je v za\u010detku podpirala projekt, ki bi v regijo prinesel \u0161tevilna delovna mesta. Mariborski pod\u017eupan Sa\u0161a Pelko na vpra\u0161anje, zakaj se vodstvo mariborske ob\u010dine ni udele\u017eilo sestanka, odgovarja: \"Ne vem. \u017dupan je bil na konferenci PODIM, tam je bil tudi premier, ostali pa nismo dobili nobenih navodil, da bi morali obiskati kak\u0161no prireditev.\"Stali\u0161\u010de ob\u010dine do prihoda Magne vsekakor ostaja enako, zatrjuje Pelko: \"Se\u010dnje gozda sicer osebno ne podpiram, prepri\u010dan sem namre\u010d, da bi bilo mogo\u010de najti nadomestne kmetijske povr\u0161ine tudi kje drugje, samo volja mora biti. Kot je znano, sem bil pred leti strasten zagovornik ohranitve miklav\u0161kega gozda. Zdi se mi, da se sicer vsi trudijo najti ustrezne re\u0161itve, celo malo preve\u010d, kar potem vodi v ad hoc re\u0161itve, te pa niso nikoli dobre. Kolikor sem seznanjen, so neko kompromisno re\u0161itev vendarle na\u0161li. Zanesljivo se da ured","og_url":"https:\/\/hudo.com\/si\/aktualno\/rogoski-gozd-namesto-secnje-darsova-separacija\/","og_site_name":"Hudo Slovenija","article_publisher":"https:\/\/www.facebook.com\/hudo.si","article_published_time":"2017-05-12T16:20:00+00:00","og_image":[{"width":450,"height":300,"url":"https:\/\/hudo.com\/si\/wp-content\/uploads\/sites\/2\/2017\/05\/0419M14-300.jpg","type":"image\/jpeg"}],"author":"hudo","twitter_card":"summary_large_image","twitter_creator":"@hudo_si","twitter_site":"@hudo_si","twitter_misc":{"Written by":"hudo","Est. reading time":"2 minuti"},"schema":{"@context":"https:\/\/schema.org","@graph":[{"@type":"Article","@id":"https:\/\/hudo.com\/si\/aktualno\/rogoski-gozd-namesto-secnje-darsova-separacija\/#article","isPartOf":{"@id":"https:\/\/hudo.com\/si\/aktualno\/rogoski-gozd-namesto-secnje-darsova-separacija\/"},"author":{"name":"hudo","@id":"https:\/\/hudo.com\/si\/#\/schema\/person\/601cf3379633985b20f7e50f2bb47707"},"headline":"Rogo\u0161ki gozd: namesto se\u010dnje Darsova separacija","datePublished":"2017-05-12T16:20:00+00:00","dateModified":"2017-05-12T16:20:00+00:00","mainEntityOfPage":{"@id":"https:\/\/hudo.com\/si\/aktualno\/rogoski-gozd-namesto-secnje-darsova-separacija\/"},"wordCount":350,"publisher":{"@id":"https:\/\/hudo.com\/si\/#organization"},"articleSection":["Aktualno"],"inLanguage":"sl-SI"},{"@type":"WebPage","@id":"https:\/\/hudo.com\/si\/aktualno\/rogoski-gozd-namesto-secnje-darsova-separacija\/","url":"https:\/\/hudo.com\/si\/aktualno\/rogoski-gozd-namesto-secnje-darsova-separacija\/","name":"Rogo\u0161ki gozd: namesto se\u010dnje Darsova separacija - Hudo Slovenija","isPartOf":{"@id":"https:\/\/hudo.com\/si\/#website"},"datePublished":"2017-05-12T16:20:00+00:00","dateModified":"2017-05-12T16:20:00+00:00","breadcrumb":{"@id":"https:\/\/hudo.com\/si\/aktualno\/rogoski-gozd-namesto-secnje-darsova-separacija\/#breadcrumb"},"inLanguage":"sl-SI","potentialAction":[{"@type":"ReadAction","target":["https:\/\/hudo.com\/si\/aktualno\/rogoski-gozd-namesto-secnje-darsova-separacija\/"]}]},{"@type":"BreadcrumbList","@id":"https:\/\/hudo.com\/si\/aktualno\/rogoski-gozd-namesto-secnje-darsova-separacija\/#breadcrumb","itemListElement":[{"@type":"ListItem","position":1,"name":"Home","item":"https:\/\/hudo.com\/si\/"},{"@type":"ListItem","position":2,"name":"Rogo\u0161ki gozd: namesto se\u010dnje Darsova separacija"}]},{"@type":"WebSite","@id":"https:\/\/hudo.com\/si\/#website","url":"https:\/\/hudo.com\/si\/","name":"Hudo Slovenija","description":"Vse novice iz Slovenije in sveta","publisher":{"@id":"https:\/\/hudo.com\/si\/#organization"},"potentialAction":[{"@type":"SearchAction","target":{"@type":"EntryPoint","urlTemplate":"https:\/\/hudo.com\/si\/?s={search_term_string}"},"query-input":"required name=search_term_string"}],"inLanguage":"sl-SI"},{"@type":"Organization","@id":"https:\/\/hudo.com\/si\/#organization","name":"VSN Media","url":"https:\/\/hudo.com\/si\/","logo":{"@type":"ImageObject","inLanguage":"sl-SI","@id":"https:\/\/hudo.com\/si\/#\/schema\/logo\/image\/","url":"https:\/\/hudo.com\/si\/wp-content\/uploads\/sites\/2\/2021\/03\/hudo-app-2.png","contentUrl":"https:\/\/hudo.com\/si\/wp-content\/uploads\/sites\/2\/2021\/03\/hudo-app-2.png","width":2185,"height":2167,"caption":"VSN Media"},"image":{"@id":"https:\/\/hudo.com\/si\/#\/schema\/logo\/image\/"},"sameAs":["https:\/\/www.facebook.com\/hudo.si","https:\/\/twitter.com\/hudo_si"]},{"@type":"Person","@id":"https:\/\/hudo.com\/si\/#\/schema\/person\/601cf3379633985b20f7e50f2bb47707","name":"hudo","image":{"@type":"ImageObject","inLanguage":"sl-SI","@id":"https:\/\/hudo.com\/si\/#\/schema\/person\/image\/","url":"https:\/\/secure.gravatar.com\/avatar\/c4ca25fa72cace7a696b52ff5db9e095?s=96&d=mm&r=g","contentUrl":"https:\/\/secure.gravatar.com\/avatar\/c4ca25fa72cace7a696b52ff5db9e095?s=96&d=mm&r=g","caption":"hudo"},"url":"https:\/\/hudo.com\/si\/author\/hudo\/"}]}},"amp_enabled":true,"_links":{"self":[{"href":"https:\/\/hudo.com\/si\/wp-json\/wp\/v2\/posts\/254603"}],"collection":[{"href":"https:\/\/hudo.com\/si\/wp-json\/wp\/v2\/posts"}],"about":[{"href":"https:\/\/hudo.com\/si\/wp-json\/wp\/v2\/types\/post"}],"author":[{"embeddable":true,"href":"https:\/\/hudo.com\/si\/wp-json\/wp\/v2\/users\/1"}],"replies":[{"embeddable":true,"href":"https:\/\/hudo.com\/si\/wp-json\/wp\/v2\/comments?post=254603"}],"version-history":[{"count":0,"href":"https:\/\/hudo.com\/si\/wp-json\/wp\/v2\/posts\/254603\/revisions"}],"wp:attachment":[{"href":"https:\/\/hudo.com\/si\/wp-json\/wp\/v2\/media?parent=254603"}],"wp:term":[{"taxonomy":"category","embeddable":true,"href":"https:\/\/hudo.com\/si\/wp-json\/wp\/v2\/categories?post=254603"},{"taxonomy":"post_tag","embeddable":true,"href":"https:\/\/hudo.com\/si\/wp-json\/wp\/v2\/tags?post=254603"},{"taxonomy":"source","embeddable":true,"href":"https:\/\/hudo.com\/si\/wp-json\/wp\/v2\/source?post=254603"},{"taxonomy":"supertag","embeddable":true,"href":"https:\/\/hudo.com\/si\/wp-json\/wp\/v2\/supertag?post=254603"}],"curies":[{"name":"wp","href":"https:\/\/api.w.org\/{rel}","templated":true}]}}