{"id":254605,"date":"2017-05-12T18:17:00","date_gmt":"2017-05-12T16:17:00","guid":{"rendered":"http:\/\/hudo.com\/si\/2017\/05\/12\/sodisce-potrdilo-16-let-zapora-za-kapitana-coste-concordie\/"},"modified":"2017-05-12T18:17:00","modified_gmt":"2017-05-12T16:17:00","slug":"sodisce-potrdilo-16-let-zapora-za-kapitana-coste-concordie","status":"publish","type":"post","link":"https:\/\/hudo.com\/si\/aktualno\/sodisce-potrdilo-16-let-zapora-za-kapitana-coste-concordie\/","title":{"rendered":"Sodi\u0161\u010de potrdilo 16 let zapora za kapitana Coste Concordie"},"content":{"rendered":"<p>Kasacijsko sodi\u0161\u010de v Rimu je danes potrdilo obsodbo kapitana ladje za kri\u017earjenje Coste Concordie Francesca Schettina na 16 let zapora. Schettino je bil zaradi nesre\u010de leta 2012, v kateri je umrlo 32 ljudi, \u017ee na prvi in drugi stopnji obsojen na 16 let, a se je na sodbo prito\u017eil. Kasacijsko sodi\u0161\u010de, ki je najvi\u0161ja prito\u017ebena instanca v Italiji, je zdaj sodbo potrdilo. Schettinov odvetnik Saverio Senese je danes pred sodi\u0161\u010dem rekel, da je kapitan, \u010digar ladja je s 4200 ljudmi na krovu nasedla pred oto\u010dkom Giglio, \u017ertev zarote \u010dastnikov ladje, ki naj bi bili izgubili nadzor nad ladjo, \u0161e preden je Schettino tik pred nesre\u010do prevzel krmilo. Indonezijski krmar prav tako naj ne bi bil dojel Schettinovih navodil. Na\u0161tel je tudi ve\u010d postopkovnih napak v lanskem postopku na prizivnem sodi\u0161\u010du v Firencah, na katerem so potrdili obsodbo Schettina na 16 let zapora, ki so mu jo na prvi stopnji izrekli leta 2015. Odvetnik je zaradi tega zahteval nov sodni proces. Schettino je ob nesre\u010di eden prvih zapustil ladjo. Sam je zatrdil, da je po nesre\u010di padel v re\u0161evalni \u010doln. 56-letnega kapitana, ki se ga je zaradi njegovega ravnanja ob nesre\u010di oprijel vzdevek kapitan strahopetec, danes ni bilo na sodi\u0161\u010du. Na razsodbo je \u010dakal na svojem domu v kraju Meta di Sorrento blizu Neaplja. Kot je povedal njegov odvetnik, se je, takoj ko je izvedel, da je obsodba potrjena, odpravil v zapor Rebibbia v Rimu. To\u017eilstvo je nesre\u010do ladje pripisalo Schettinovo malomarnosti. Ladja za kri\u017earjenje Costa Concordia je zaradi plutja preblizu obale nasedla na \u010der. V nesre\u010di je umrlo 32 ljudi.<\/p>\n","protected":false},"excerpt":{"rendered":"<p>Kasacijsko sodi\u0161\u010de v Rimu je danes potrdilo obsodbo kapitana ladje za kri\u017earjenje Coste Concordie Francesca Schettina na 16 let zapora. Schettino je bil zaradi nesre\u010de leta 2012, v kateri je umrlo 32 ljudi, \u017ee na prvi in drugi stopnji obsojen na 16 let, a se je na sodbo prito\u017eil. Kasacijsko sodi\u0161\u010de, ki je najvi\u0161ja prito\u017ebena instanca v Italiji, je zdaj sodbo potrdilo. Schettinov odvetnik Saverio Senese je danes pred sodi\u0161\u010dem rekel, da je kapitan, \u010digar ladja je s 4200 ljudmi na krovu nasedla pred oto\u010dkom Giglio, \u017ertev zarote \u010dastnikov ladje, ki naj bi bili izgubili nadzor nad ladjo, \u0161e preden je Schettino tik pred nesre\u010do prevzel krmilo. Indonezijski krmar prav tako naj ne bi bil dojel Schettinovih navodil. Na\u0161tel je tudi ve\u010d postopkovnih napak v lanskem postopku na prizivnem sodi\u0161\u010du v Firencah, na katerem so potrdili obsodbo Schettina na 16 let zapora, ki so mu jo na prvi stopnji izrekli leta 2015. Odvetnik je zaradi tega zahteval nov sodni proces. Schettino je ob nesre\u010di eden prvih zapustil ladjo. Sam je zatrdil, da je po nesre\u010di padel v re\u0161evalni \u010doln. 56-letnega kapitana, ki se ga je zaradi njegovega ravnanja ob nesre\u010di oprijel vzdevek kapitan strahopetec, danes ni bilo na sodi\u0161\u010du. Na razsodbo je \u010dakal na svojem domu v kraju Meta di Sorrento blizu Neaplja. Kot je povedal njegov odvetnik, se je, takoj ko je izvedel, da je obsodba potrjena, odpravil v zapor Rebibbia v Rimu. To\u017eilstvo je nesre\u010do ladje pripisalo Schettinovo malomarnosti. Ladja za kri\u017earjenje Costa Concordia je zaradi plutja preblizu obale nasedla na \u010der. V nesre\u010di je umrlo 32 ljudi.<\/p>\n","protected":false},"author":1,"featured_media":0,"comment_status":"closed","ping_status":"closed","sticky":false,"template":"","format":"standard","meta":{"footnotes":""},"categories":[1179],"tags":[],"source":[1711],"supertag":[],"acf":[],"yoast_head":"<!-- This site is optimized with the Yoast SEO plugin v21.3 - https:\/\/yoast.com\/wordpress\/plugins\/seo\/ -->\n<title>Sodi\u0161\u010de potrdilo 16 let zapora za kapitana Coste Concordie - Hudo Slovenija<\/title>\n<meta name=\"robots\" content=\"index, follow, max-snippet:-1, max-image-preview:large, max-video-preview:-1\" \/>\n<link rel=\"canonical\" href=\"https:\/\/hudo.com\/si\/aktualno\/sodisce-potrdilo-16-let-zapora-za-kapitana-coste-concordie\/\" \/>\n<meta property=\"og:locale\" content=\"sl_SI\" \/>\n<meta property=\"og:type\" content=\"article\" \/>\n<meta property=\"og:title\" content=\"Sodi\u0161\u010de potrdilo 16 let zapora za kapitana Coste Concordie - Hudo Slovenija\" \/>\n<meta property=\"og:description\" content=\"Kasacijsko sodi\u0161\u010de v Rimu je danes potrdilo obsodbo kapitana ladje za kri\u017earjenje Coste Concordie Francesca Schettina na 16 let zapora. Schettino je bil zaradi nesre\u010de leta 2012, v kateri je umrlo 32 ljudi, \u017ee na prvi in drugi stopnji obsojen na 16 let, a se je na sodbo prito\u017eil. Kasacijsko sodi\u0161\u010de, ki je najvi\u0161ja prito\u017ebena instanca v Italiji, je zdaj sodbo potrdilo. Schettinov odvetnik Saverio Senese je danes pred sodi\u0161\u010dem rekel, da je kapitan, \u010digar ladja je s 4200 ljudmi na krovu nasedla pred oto\u010dkom Giglio, \u017ertev zarote \u010dastnikov ladje, ki naj bi bili izgubili nadzor nad ladjo, \u0161e preden je Schettino tik pred nesre\u010do prevzel krmilo. Indonezijski krmar prav tako naj ne bi bil dojel Schettinovih navodil. Na\u0161tel je tudi ve\u010d postopkovnih napak v lanskem postopku na prizivnem sodi\u0161\u010du v Firencah, na katerem so potrdili obsodbo Schettina na 16 let zapora, ki so mu jo na prvi stopnji izrekli leta 2015. Odvetnik je zaradi tega zahteval nov sodni proces. Schettino je ob nesre\u010di eden prvih zapustil ladjo. Sam je zatrdil, da je po nesre\u010di padel v re\u0161evalni \u010doln. 56-letnega kapitana, ki se ga je zaradi njegovega ravnanja ob nesre\u010di oprijel vzdevek kapitan strahopetec, danes ni bilo na sodi\u0161\u010du. Na razsodbo je \u010dakal na svojem domu v kraju Meta di Sorrento blizu Neaplja. Kot je povedal njegov odvetnik, se je, takoj ko je izvedel, da je obsodba potrjena, odpravil v zapor Rebibbia v Rimu. To\u017eilstvo je nesre\u010do ladje pripisalo Schettinovo malomarnosti. Ladja za kri\u017earjenje Costa Concordia je zaradi plutja preblizu obale nasedla na \u010der. V nesre\u010di je umrlo 32 ljudi.\" \/>\n<meta property=\"og:url\" content=\"https:\/\/hudo.com\/si\/aktualno\/sodisce-potrdilo-16-let-zapora-za-kapitana-coste-concordie\/\" \/>\n<meta property=\"og:site_name\" content=\"Hudo Slovenija\" \/>\n<meta property=\"article:publisher\" content=\"https:\/\/www.facebook.com\/hudo.si\" \/>\n<meta property=\"article:published_time\" content=\"2017-05-12T16:17:00+00:00\" \/>\n<meta property=\"og:image\" content=\"https:\/\/hudo.com\/si\/wp-content\/uploads\/sites\/2\/2017\/05\/01343306F-300.jpg\" \/>\n\t<meta property=\"og:image:width\" content=\"450\" \/>\n\t<meta property=\"og:image:height\" content=\"291\" \/>\n\t<meta property=\"og:image:type\" content=\"image\/jpeg\" \/>\n<meta name=\"author\" content=\"hudo\" \/>\n<meta name=\"twitter:card\" content=\"summary_large_image\" \/>\n<meta name=\"twitter:creator\" content=\"@hudo_si\" \/>\n<meta name=\"twitter:site\" content=\"@hudo_si\" \/>\n<meta name=\"twitter:label1\" content=\"Written by\" \/>\n\t<meta name=\"twitter:data1\" content=\"hudo\" \/>\n\t<meta name=\"twitter:label2\" content=\"Est. reading time\" \/>\n\t<meta name=\"twitter:data2\" content=\"1 minuta\" \/>\n<script type=\"application\/ld+json\" class=\"yoast-schema-graph\">{\"@context\":\"https:\/\/schema.org\",\"@graph\":[{\"@type\":\"Article\",\"@id\":\"https:\/\/hudo.com\/si\/aktualno\/sodisce-potrdilo-16-let-zapora-za-kapitana-coste-concordie\/#article\",\"isPartOf\":{\"@id\":\"https:\/\/hudo.com\/si\/aktualno\/sodisce-potrdilo-16-let-zapora-za-kapitana-coste-concordie\/\"},\"author\":{\"name\":\"hudo\",\"@id\":\"https:\/\/hudo.com\/si\/#\/schema\/person\/601cf3379633985b20f7e50f2bb47707\"},\"headline\":\"Sodi\u0161\u010de potrdilo 16 let zapora za kapitana Coste Concordie\",\"datePublished\":\"2017-05-12T16:17:00+00:00\",\"dateModified\":\"2017-05-12T16:17:00+00:00\",\"mainEntityOfPage\":{\"@id\":\"https:\/\/hudo.com\/si\/aktualno\/sodisce-potrdilo-16-let-zapora-za-kapitana-coste-concordie\/\"},\"wordCount\":282,\"publisher\":{\"@id\":\"https:\/\/hudo.com\/si\/#organization\"},\"articleSection\":[\"Aktualno\"],\"inLanguage\":\"sl-SI\"},{\"@type\":\"WebPage\",\"@id\":\"https:\/\/hudo.com\/si\/aktualno\/sodisce-potrdilo-16-let-zapora-za-kapitana-coste-concordie\/\",\"url\":\"https:\/\/hudo.com\/si\/aktualno\/sodisce-potrdilo-16-let-zapora-za-kapitana-coste-concordie\/\",\"name\":\"Sodi\u0161\u010de potrdilo 16 let zapora za kapitana Coste Concordie - Hudo Slovenija\",\"isPartOf\":{\"@id\":\"https:\/\/hudo.com\/si\/#website\"},\"datePublished\":\"2017-05-12T16:17:00+00:00\",\"dateModified\":\"2017-05-12T16:17:00+00:00\",\"breadcrumb\":{\"@id\":\"https:\/\/hudo.com\/si\/aktualno\/sodisce-potrdilo-16-let-zapora-za-kapitana-coste-concordie\/#breadcrumb\"},\"inLanguage\":\"sl-SI\",\"potentialAction\":[{\"@type\":\"ReadAction\",\"target\":[\"https:\/\/hudo.com\/si\/aktualno\/sodisce-potrdilo-16-let-zapora-za-kapitana-coste-concordie\/\"]}]},{\"@type\":\"BreadcrumbList\",\"@id\":\"https:\/\/hudo.com\/si\/aktualno\/sodisce-potrdilo-16-let-zapora-za-kapitana-coste-concordie\/#breadcrumb\",\"itemListElement\":[{\"@type\":\"ListItem\",\"position\":1,\"name\":\"Home\",\"item\":\"https:\/\/hudo.com\/si\/\"},{\"@type\":\"ListItem\",\"position\":2,\"name\":\"Sodi\u0161\u010de potrdilo 16 let zapora za kapitana Coste Concordie\"}]},{\"@type\":\"WebSite\",\"@id\":\"https:\/\/hudo.com\/si\/#website\",\"url\":\"https:\/\/hudo.com\/si\/\",\"name\":\"Hudo Slovenija\",\"description\":\"Vse novice iz Slovenije in sveta\",\"publisher\":{\"@id\":\"https:\/\/hudo.com\/si\/#organization\"},\"potentialAction\":[{\"@type\":\"SearchAction\",\"target\":{\"@type\":\"EntryPoint\",\"urlTemplate\":\"https:\/\/hudo.com\/si\/?s={search_term_string}\"},\"query-input\":\"required name=search_term_string\"}],\"inLanguage\":\"sl-SI\"},{\"@type\":\"Organization\",\"@id\":\"https:\/\/hudo.com\/si\/#organization\",\"name\":\"VSN Media\",\"url\":\"https:\/\/hudo.com\/si\/\",\"logo\":{\"@type\":\"ImageObject\",\"inLanguage\":\"sl-SI\",\"@id\":\"https:\/\/hudo.com\/si\/#\/schema\/logo\/image\/\",\"url\":\"https:\/\/hudo.com\/si\/wp-content\/uploads\/sites\/2\/2021\/03\/hudo-app-2.png\",\"contentUrl\":\"https:\/\/hudo.com\/si\/wp-content\/uploads\/sites\/2\/2021\/03\/hudo-app-2.png\",\"width\":2185,\"height\":2167,\"caption\":\"VSN Media\"},\"image\":{\"@id\":\"https:\/\/hudo.com\/si\/#\/schema\/logo\/image\/\"},\"sameAs\":[\"https:\/\/www.facebook.com\/hudo.si\",\"https:\/\/twitter.com\/hudo_si\"]},{\"@type\":\"Person\",\"@id\":\"https:\/\/hudo.com\/si\/#\/schema\/person\/601cf3379633985b20f7e50f2bb47707\",\"name\":\"hudo\",\"image\":{\"@type\":\"ImageObject\",\"inLanguage\":\"sl-SI\",\"@id\":\"https:\/\/hudo.com\/si\/#\/schema\/person\/image\/\",\"url\":\"https:\/\/secure.gravatar.com\/avatar\/c4ca25fa72cace7a696b52ff5db9e095?s=96&d=mm&r=g\",\"contentUrl\":\"https:\/\/secure.gravatar.com\/avatar\/c4ca25fa72cace7a696b52ff5db9e095?s=96&d=mm&r=g\",\"caption\":\"hudo\"},\"url\":\"https:\/\/hudo.com\/si\/author\/hudo\/\"}]}<\/script>\n<!-- \/ Yoast SEO plugin. -->","yoast_head_json":{"title":"Sodi\u0161\u010de potrdilo 16 let zapora za kapitana Coste Concordie - Hudo Slovenija","robots":{"index":"index","follow":"follow","max-snippet":"max-snippet:-1","max-image-preview":"max-image-preview:large","max-video-preview":"max-video-preview:-1"},"canonical":"https:\/\/hudo.com\/si\/aktualno\/sodisce-potrdilo-16-let-zapora-za-kapitana-coste-concordie\/","og_locale":"sl_SI","og_type":"article","og_title":"Sodi\u0161\u010de potrdilo 16 let zapora za kapitana Coste Concordie - Hudo Slovenija","og_description":"Kasacijsko sodi\u0161\u010de v Rimu je danes potrdilo obsodbo kapitana ladje za kri\u017earjenje Coste Concordie Francesca Schettina na 16 let zapora. Schettino je bil zaradi nesre\u010de leta 2012, v kateri je umrlo 32 ljudi, \u017ee na prvi in drugi stopnji obsojen na 16 let, a se je na sodbo prito\u017eil. Kasacijsko sodi\u0161\u010de, ki je najvi\u0161ja prito\u017ebena instanca v Italiji, je zdaj sodbo potrdilo. Schettinov odvetnik Saverio Senese je danes pred sodi\u0161\u010dem rekel, da je kapitan, \u010digar ladja je s 4200 ljudmi na krovu nasedla pred oto\u010dkom Giglio, \u017ertev zarote \u010dastnikov ladje, ki naj bi bili izgubili nadzor nad ladjo, \u0161e preden je Schettino tik pred nesre\u010do prevzel krmilo. Indonezijski krmar prav tako naj ne bi bil dojel Schettinovih navodil. Na\u0161tel je tudi ve\u010d postopkovnih napak v lanskem postopku na prizivnem sodi\u0161\u010du v Firencah, na katerem so potrdili obsodbo Schettina na 16 let zapora, ki so mu jo na prvi stopnji izrekli leta 2015. Odvetnik je zaradi tega zahteval nov sodni proces. Schettino je ob nesre\u010di eden prvih zapustil ladjo. Sam je zatrdil, da je po nesre\u010di padel v re\u0161evalni \u010doln. 56-letnega kapitana, ki se ga je zaradi njegovega ravnanja ob nesre\u010di oprijel vzdevek kapitan strahopetec, danes ni bilo na sodi\u0161\u010du. Na razsodbo je \u010dakal na svojem domu v kraju Meta di Sorrento blizu Neaplja. Kot je povedal njegov odvetnik, se je, takoj ko je izvedel, da je obsodba potrjena, odpravil v zapor Rebibbia v Rimu. To\u017eilstvo je nesre\u010do ladje pripisalo Schettinovo malomarnosti. Ladja za kri\u017earjenje Costa Concordia je zaradi plutja preblizu obale nasedla na \u010der. V nesre\u010di je umrlo 32 ljudi.","og_url":"https:\/\/hudo.com\/si\/aktualno\/sodisce-potrdilo-16-let-zapora-za-kapitana-coste-concordie\/","og_site_name":"Hudo Slovenija","article_publisher":"https:\/\/www.facebook.com\/hudo.si","article_published_time":"2017-05-12T16:17:00+00:00","og_image":[{"width":450,"height":291,"url":"https:\/\/hudo.com\/si\/wp-content\/uploads\/sites\/2\/2017\/05\/01343306F-300.jpg","type":"image\/jpeg"}],"author":"hudo","twitter_card":"summary_large_image","twitter_creator":"@hudo_si","twitter_site":"@hudo_si","twitter_misc":{"Written by":"hudo","Est. reading time":"1 minuta"},"schema":{"@context":"https:\/\/schema.org","@graph":[{"@type":"Article","@id":"https:\/\/hudo.com\/si\/aktualno\/sodisce-potrdilo-16-let-zapora-za-kapitana-coste-concordie\/#article","isPartOf":{"@id":"https:\/\/hudo.com\/si\/aktualno\/sodisce-potrdilo-16-let-zapora-za-kapitana-coste-concordie\/"},"author":{"name":"hudo","@id":"https:\/\/hudo.com\/si\/#\/schema\/person\/601cf3379633985b20f7e50f2bb47707"},"headline":"Sodi\u0161\u010de potrdilo 16 let zapora za kapitana Coste Concordie","datePublished":"2017-05-12T16:17:00+00:00","dateModified":"2017-05-12T16:17:00+00:00","mainEntityOfPage":{"@id":"https:\/\/hudo.com\/si\/aktualno\/sodisce-potrdilo-16-let-zapora-za-kapitana-coste-concordie\/"},"wordCount":282,"publisher":{"@id":"https:\/\/hudo.com\/si\/#organization"},"articleSection":["Aktualno"],"inLanguage":"sl-SI"},{"@type":"WebPage","@id":"https:\/\/hudo.com\/si\/aktualno\/sodisce-potrdilo-16-let-zapora-za-kapitana-coste-concordie\/","url":"https:\/\/hudo.com\/si\/aktualno\/sodisce-potrdilo-16-let-zapora-za-kapitana-coste-concordie\/","name":"Sodi\u0161\u010de potrdilo 16 let zapora za kapitana Coste Concordie - Hudo Slovenija","isPartOf":{"@id":"https:\/\/hudo.com\/si\/#website"},"datePublished":"2017-05-12T16:17:00+00:00","dateModified":"2017-05-12T16:17:00+00:00","breadcrumb":{"@id":"https:\/\/hudo.com\/si\/aktualno\/sodisce-potrdilo-16-let-zapora-za-kapitana-coste-concordie\/#breadcrumb"},"inLanguage":"sl-SI","potentialAction":[{"@type":"ReadAction","target":["https:\/\/hudo.com\/si\/aktualno\/sodisce-potrdilo-16-let-zapora-za-kapitana-coste-concordie\/"]}]},{"@type":"BreadcrumbList","@id":"https:\/\/hudo.com\/si\/aktualno\/sodisce-potrdilo-16-let-zapora-za-kapitana-coste-concordie\/#breadcrumb","itemListElement":[{"@type":"ListItem","position":1,"name":"Home","item":"https:\/\/hudo.com\/si\/"},{"@type":"ListItem","position":2,"name":"Sodi\u0161\u010de potrdilo 16 let zapora za kapitana Coste Concordie"}]},{"@type":"WebSite","@id":"https:\/\/hudo.com\/si\/#website","url":"https:\/\/hudo.com\/si\/","name":"Hudo Slovenija","description":"Vse novice iz Slovenije in sveta","publisher":{"@id":"https:\/\/hudo.com\/si\/#organization"},"potentialAction":[{"@type":"SearchAction","target":{"@type":"EntryPoint","urlTemplate":"https:\/\/hudo.com\/si\/?s={search_term_string}"},"query-input":"required name=search_term_string"}],"inLanguage":"sl-SI"},{"@type":"Organization","@id":"https:\/\/hudo.com\/si\/#organization","name":"VSN Media","url":"https:\/\/hudo.com\/si\/","logo":{"@type":"ImageObject","inLanguage":"sl-SI","@id":"https:\/\/hudo.com\/si\/#\/schema\/logo\/image\/","url":"https:\/\/hudo.com\/si\/wp-content\/uploads\/sites\/2\/2021\/03\/hudo-app-2.png","contentUrl":"https:\/\/hudo.com\/si\/wp-content\/uploads\/sites\/2\/2021\/03\/hudo-app-2.png","width":2185,"height":2167,"caption":"VSN Media"},"image":{"@id":"https:\/\/hudo.com\/si\/#\/schema\/logo\/image\/"},"sameAs":["https:\/\/www.facebook.com\/hudo.si","https:\/\/twitter.com\/hudo_si"]},{"@type":"Person","@id":"https:\/\/hudo.com\/si\/#\/schema\/person\/601cf3379633985b20f7e50f2bb47707","name":"hudo","image":{"@type":"ImageObject","inLanguage":"sl-SI","@id":"https:\/\/hudo.com\/si\/#\/schema\/person\/image\/","url":"https:\/\/secure.gravatar.com\/avatar\/c4ca25fa72cace7a696b52ff5db9e095?s=96&d=mm&r=g","contentUrl":"https:\/\/secure.gravatar.com\/avatar\/c4ca25fa72cace7a696b52ff5db9e095?s=96&d=mm&r=g","caption":"hudo"},"url":"https:\/\/hudo.com\/si\/author\/hudo\/"}]}},"amp_enabled":true,"_links":{"self":[{"href":"https:\/\/hudo.com\/si\/wp-json\/wp\/v2\/posts\/254605"}],"collection":[{"href":"https:\/\/hudo.com\/si\/wp-json\/wp\/v2\/posts"}],"about":[{"href":"https:\/\/hudo.com\/si\/wp-json\/wp\/v2\/types\/post"}],"author":[{"embeddable":true,"href":"https:\/\/hudo.com\/si\/wp-json\/wp\/v2\/users\/1"}],"replies":[{"embeddable":true,"href":"https:\/\/hudo.com\/si\/wp-json\/wp\/v2\/comments?post=254605"}],"version-history":[{"count":0,"href":"https:\/\/hudo.com\/si\/wp-json\/wp\/v2\/posts\/254605\/revisions"}],"wp:attachment":[{"href":"https:\/\/hudo.com\/si\/wp-json\/wp\/v2\/media?parent=254605"}],"wp:term":[{"taxonomy":"category","embeddable":true,"href":"https:\/\/hudo.com\/si\/wp-json\/wp\/v2\/categories?post=254605"},{"taxonomy":"post_tag","embeddable":true,"href":"https:\/\/hudo.com\/si\/wp-json\/wp\/v2\/tags?post=254605"},{"taxonomy":"source","embeddable":true,"href":"https:\/\/hudo.com\/si\/wp-json\/wp\/v2\/source?post=254605"},{"taxonomy":"supertag","embeddable":true,"href":"https:\/\/hudo.com\/si\/wp-json\/wp\/v2\/supertag?post=254605"}],"curies":[{"name":"wp","href":"https:\/\/api.w.org\/{rel}","templated":true}]}}