{"id":254643,"date":"2017-05-12T23:10:00","date_gmt":"2017-05-12T21:10:00","guid":{"rendered":"http:\/\/hudo.com\/si\/2017\/05\/12\/s-koncertom-do-hise-za-brezdomce\/"},"modified":"2017-05-12T23:10:00","modified_gmt":"2017-05-12T21:10:00","slug":"s-koncertom-do-hise-za-brezdomce","status":"publish","type":"post","link":"https:\/\/hudo.com\/si\/aktualno\/s-koncertom-do-hise-za-brezdomce\/","title":{"rendered":"S koncertom do hi\u0161e za brezdomce"},"content":{"rendered":"<p>V \u0160portni dvorani v Benediktu bo to nedeljo ob 18. uri dobrodelni koncert Podari dlan upanja. Izkupi\u010dek od prodanih vstopnic bodo namenili dru\u0161tvu Beli tiger, ki ga ustanavljajo, da bi izvajal program zaveti\u0161\u010da za brezdomce na obmo\u010dju vzhodne Slovenije. Brezdomcem \u017eelijo ponuditi streho nad glavo, hrano, obla\u010dila, pa tudi psihosocialno pomo\u010d, in to pod 24-urnim nadzorom strokovnih delavcev. Po oceni ministrstva za delo, dru\u017eino, socialne zadeve in enake mo\u017enosti, je trenutno brez strehe nad glavo 2766 ljudi, ob tem pa varuh za \u010dlovekove pravice opozarja, da njihovo \u0161tevilo nara\u0161\u010da, prav tako je vse ve\u010d brezdomnih celotnih dru\u017ein, ne le posameznikov. Na nedeljski prireditvi v Benediktu bodo nastopili \u0160tajerski fakini, \u0160epet, Gadi, Novi spomini, Kvartopirci, Posko\u010dni muzikanti, Eros, Eva Boto, Nu\u0161a Rojs in \u017dan Ser\u010di\u010d. Ambasadorja projekta sta Glasbene storitve Ivan Fleisinger ter Sobodajalstvo S.J., medtem ko za organizacijo koncerta in za ustanavljanje dru\u0161tva skrbi Martin Pu\u010dko. Za Benedikt so se odlo\u010dili zaradi njihove \u0161portne dvorane in ker jih je benedi\u0161ki \u017eupan Milan Gumzar pri tem podprl. Dru\u0161tvo \u017eeli delovati v \u0161ir\u0161i regiji (Lenart, Benedikt, Cerkvenjak, Gornja Radgona, Radenci, vse do Ljutomera in Ptuja), so pa tik pred izbiro lokacije hi\u0161e za brezdomce, ki bo v Ljutomeru, oziroma kar je bolj verjetno, v Radencih.<\/p>\n","protected":false},"excerpt":{"rendered":"<p>V \u0160portni dvorani v Benediktu bo to nedeljo ob 18. uri dobrodelni koncert Podari dlan upanja. Izkupi\u010dek od prodanih vstopnic bodo namenili dru\u0161tvu Beli tiger, ki ga ustanavljajo, da bi izvajal program zaveti\u0161\u010da za brezdomce na obmo\u010dju vzhodne Slovenije. Brezdomcem \u017eelijo ponuditi streho nad glavo, hrano, obla\u010dila, pa tudi psihosocialno pomo\u010d, in to pod 24-urnim nadzorom strokovnih delavcev. Po oceni ministrstva za delo, dru\u017eino, socialne zadeve in enake mo\u017enosti, je trenutno brez strehe nad glavo 2766 ljudi, ob tem pa varuh za \u010dlovekove pravice opozarja, da njihovo \u0161tevilo nara\u0161\u010da, prav tako je vse ve\u010d brezdomnih celotnih dru\u017ein, ne le posameznikov. Na nedeljski prireditvi v Benediktu bodo nastopili \u0160tajerski fakini, \u0160epet, Gadi, Novi spomini, Kvartopirci, Posko\u010dni muzikanti, Eros, Eva Boto, Nu\u0161a Rojs in \u017dan Ser\u010di\u010d. Ambasadorja projekta sta Glasbene storitve Ivan Fleisinger ter Sobodajalstvo S.J., medtem ko za organizacijo koncerta in za ustanavljanje dru\u0161tva skrbi Martin Pu\u010dko. Za Benedikt so se odlo\u010dili zaradi njihove \u0161portne dvorane in ker jih je benedi\u0161ki \u017eupan Milan Gumzar pri tem podprl. Dru\u0161tvo \u017eeli delovati v \u0161ir\u0161i regiji (Lenart, Benedikt, Cerkvenjak, Gornja Radgona, Radenci, vse do Ljutomera in Ptuja), so pa tik pred izbiro lokacije hi\u0161e za brezdomce, ki bo v Ljutomeru, oziroma kar je bolj verjetno, v Radencih.<\/p>\n","protected":false},"author":1,"featured_media":0,"comment_status":"closed","ping_status":"closed","sticky":false,"template":"","format":"standard","meta":{"footnotes":""},"categories":[1179],"tags":[],"source":[1711],"supertag":[],"acf":[],"yoast_head":"<!-- This site is optimized with the Yoast SEO plugin v21.3 - https:\/\/yoast.com\/wordpress\/plugins\/seo\/ -->\n<title>S koncertom do hi\u0161e za brezdomce - Hudo Slovenija<\/title>\n<meta name=\"robots\" content=\"index, follow, max-snippet:-1, max-image-preview:large, max-video-preview:-1\" \/>\n<link rel=\"canonical\" href=\"https:\/\/hudo.com\/si\/aktualno\/s-koncertom-do-hise-za-brezdomce\/\" \/>\n<meta property=\"og:locale\" content=\"sl_SI\" \/>\n<meta property=\"og:type\" content=\"article\" \/>\n<meta property=\"og:title\" content=\"S koncertom do hi\u0161e za brezdomce - Hudo Slovenija\" \/>\n<meta property=\"og:description\" content=\"V \u0160portni dvorani v Benediktu bo to nedeljo ob 18. uri dobrodelni koncert Podari dlan upanja. Izkupi\u010dek od prodanih vstopnic bodo namenili dru\u0161tvu Beli tiger, ki ga ustanavljajo, da bi izvajal program zaveti\u0161\u010da za brezdomce na obmo\u010dju vzhodne Slovenije. Brezdomcem \u017eelijo ponuditi streho nad glavo, hrano, obla\u010dila, pa tudi psihosocialno pomo\u010d, in to pod 24-urnim nadzorom strokovnih delavcev. Po oceni ministrstva za delo, dru\u017eino, socialne zadeve in enake mo\u017enosti, je trenutno brez strehe nad glavo 2766 ljudi, ob tem pa varuh za \u010dlovekove pravice opozarja, da njihovo \u0161tevilo nara\u0161\u010da, prav tako je vse ve\u010d brezdomnih celotnih dru\u017ein, ne le posameznikov. Na nedeljski prireditvi v Benediktu bodo nastopili \u0160tajerski fakini, \u0160epet, Gadi, Novi spomini, Kvartopirci, Posko\u010dni muzikanti, Eros, Eva Boto, Nu\u0161a Rojs in \u017dan Ser\u010di\u010d. Ambasadorja projekta sta Glasbene storitve Ivan Fleisinger ter Sobodajalstvo S.J., medtem ko za organizacijo koncerta in za ustanavljanje dru\u0161tva skrbi Martin Pu\u010dko. Za Benedikt so se odlo\u010dili zaradi njihove \u0161portne dvorane in ker jih je benedi\u0161ki \u017eupan Milan Gumzar pri tem podprl. Dru\u0161tvo \u017eeli delovati v \u0161ir\u0161i regiji (Lenart, Benedikt, Cerkvenjak, Gornja Radgona, Radenci, vse do Ljutomera in Ptuja), so pa tik pred izbiro lokacije hi\u0161e za brezdomce, ki bo v Ljutomeru, oziroma kar je bolj verjetno, v Radencih.\" \/>\n<meta property=\"og:url\" content=\"https:\/\/hudo.com\/si\/aktualno\/s-koncertom-do-hise-za-brezdomce\/\" \/>\n<meta property=\"og:site_name\" content=\"Hudo Slovenija\" \/>\n<meta property=\"article:publisher\" content=\"https:\/\/www.facebook.com\/hudo.si\" \/>\n<meta property=\"article:published_time\" content=\"2017-05-12T21:10:00+00:00\" \/>\n<meta property=\"og:image\" content=\"https:\/\/hudo.com\/si\/wp-content\/uploads\/sites\/2\/2017\/05\/01110353F-300.jpg\" \/>\n\t<meta property=\"og:image:width\" content=\"450\" \/>\n\t<meta property=\"og:image:height\" content=\"338\" \/>\n\t<meta property=\"og:image:type\" content=\"image\/jpeg\" \/>\n<meta name=\"author\" content=\"hudo\" \/>\n<meta name=\"twitter:card\" content=\"summary_large_image\" \/>\n<meta name=\"twitter:creator\" content=\"@hudo_si\" \/>\n<meta name=\"twitter:site\" content=\"@hudo_si\" \/>\n<meta name=\"twitter:label1\" content=\"Written by\" \/>\n\t<meta name=\"twitter:data1\" content=\"hudo\" \/>\n\t<meta name=\"twitter:label2\" content=\"Est. reading time\" \/>\n\t<meta name=\"twitter:data2\" content=\"1 minuta\" \/>\n<script type=\"application\/ld+json\" class=\"yoast-schema-graph\">{\"@context\":\"https:\/\/schema.org\",\"@graph\":[{\"@type\":\"Article\",\"@id\":\"https:\/\/hudo.com\/si\/aktualno\/s-koncertom-do-hise-za-brezdomce\/#article\",\"isPartOf\":{\"@id\":\"https:\/\/hudo.com\/si\/aktualno\/s-koncertom-do-hise-za-brezdomce\/\"},\"author\":{\"name\":\"hudo\",\"@id\":\"https:\/\/hudo.com\/si\/#\/schema\/person\/601cf3379633985b20f7e50f2bb47707\"},\"headline\":\"S koncertom do hi\u0161e za brezdomce\",\"datePublished\":\"2017-05-12T21:10:00+00:00\",\"dateModified\":\"2017-05-12T21:10:00+00:00\",\"mainEntityOfPage\":{\"@id\":\"https:\/\/hudo.com\/si\/aktualno\/s-koncertom-do-hise-za-brezdomce\/\"},\"wordCount\":228,\"publisher\":{\"@id\":\"https:\/\/hudo.com\/si\/#organization\"},\"articleSection\":[\"Aktualno\"],\"inLanguage\":\"sl-SI\"},{\"@type\":\"WebPage\",\"@id\":\"https:\/\/hudo.com\/si\/aktualno\/s-koncertom-do-hise-za-brezdomce\/\",\"url\":\"https:\/\/hudo.com\/si\/aktualno\/s-koncertom-do-hise-za-brezdomce\/\",\"name\":\"S koncertom do hi\u0161e za brezdomce - Hudo Slovenija\",\"isPartOf\":{\"@id\":\"https:\/\/hudo.com\/si\/#website\"},\"datePublished\":\"2017-05-12T21:10:00+00:00\",\"dateModified\":\"2017-05-12T21:10:00+00:00\",\"breadcrumb\":{\"@id\":\"https:\/\/hudo.com\/si\/aktualno\/s-koncertom-do-hise-za-brezdomce\/#breadcrumb\"},\"inLanguage\":\"sl-SI\",\"potentialAction\":[{\"@type\":\"ReadAction\",\"target\":[\"https:\/\/hudo.com\/si\/aktualno\/s-koncertom-do-hise-za-brezdomce\/\"]}]},{\"@type\":\"BreadcrumbList\",\"@id\":\"https:\/\/hudo.com\/si\/aktualno\/s-koncertom-do-hise-za-brezdomce\/#breadcrumb\",\"itemListElement\":[{\"@type\":\"ListItem\",\"position\":1,\"name\":\"Home\",\"item\":\"https:\/\/hudo.com\/si\/\"},{\"@type\":\"ListItem\",\"position\":2,\"name\":\"S koncertom do hi\u0161e za brezdomce\"}]},{\"@type\":\"WebSite\",\"@id\":\"https:\/\/hudo.com\/si\/#website\",\"url\":\"https:\/\/hudo.com\/si\/\",\"name\":\"Hudo Slovenija\",\"description\":\"Vse novice iz Slovenije in sveta\",\"publisher\":{\"@id\":\"https:\/\/hudo.com\/si\/#organization\"},\"potentialAction\":[{\"@type\":\"SearchAction\",\"target\":{\"@type\":\"EntryPoint\",\"urlTemplate\":\"https:\/\/hudo.com\/si\/?s={search_term_string}\"},\"query-input\":\"required name=search_term_string\"}],\"inLanguage\":\"sl-SI\"},{\"@type\":\"Organization\",\"@id\":\"https:\/\/hudo.com\/si\/#organization\",\"name\":\"VSN Media\",\"url\":\"https:\/\/hudo.com\/si\/\",\"logo\":{\"@type\":\"ImageObject\",\"inLanguage\":\"sl-SI\",\"@id\":\"https:\/\/hudo.com\/si\/#\/schema\/logo\/image\/\",\"url\":\"https:\/\/hudo.com\/si\/wp-content\/uploads\/sites\/2\/2021\/03\/hudo-app-2.png\",\"contentUrl\":\"https:\/\/hudo.com\/si\/wp-content\/uploads\/sites\/2\/2021\/03\/hudo-app-2.png\",\"width\":2185,\"height\":2167,\"caption\":\"VSN Media\"},\"image\":{\"@id\":\"https:\/\/hudo.com\/si\/#\/schema\/logo\/image\/\"},\"sameAs\":[\"https:\/\/www.facebook.com\/hudo.si\",\"https:\/\/twitter.com\/hudo_si\"]},{\"@type\":\"Person\",\"@id\":\"https:\/\/hudo.com\/si\/#\/schema\/person\/601cf3379633985b20f7e50f2bb47707\",\"name\":\"hudo\",\"image\":{\"@type\":\"ImageObject\",\"inLanguage\":\"sl-SI\",\"@id\":\"https:\/\/hudo.com\/si\/#\/schema\/person\/image\/\",\"url\":\"https:\/\/secure.gravatar.com\/avatar\/c4ca25fa72cace7a696b52ff5db9e095?s=96&d=mm&r=g\",\"contentUrl\":\"https:\/\/secure.gravatar.com\/avatar\/c4ca25fa72cace7a696b52ff5db9e095?s=96&d=mm&r=g\",\"caption\":\"hudo\"},\"url\":\"https:\/\/hudo.com\/si\/author\/hudo\/\"}]}<\/script>\n<!-- \/ Yoast SEO plugin. -->","yoast_head_json":{"title":"S koncertom do hi\u0161e za brezdomce - Hudo Slovenija","robots":{"index":"index","follow":"follow","max-snippet":"max-snippet:-1","max-image-preview":"max-image-preview:large","max-video-preview":"max-video-preview:-1"},"canonical":"https:\/\/hudo.com\/si\/aktualno\/s-koncertom-do-hise-za-brezdomce\/","og_locale":"sl_SI","og_type":"article","og_title":"S koncertom do hi\u0161e za brezdomce - Hudo Slovenija","og_description":"V \u0160portni dvorani v Benediktu bo to nedeljo ob 18. uri dobrodelni koncert Podari dlan upanja. Izkupi\u010dek od prodanih vstopnic bodo namenili dru\u0161tvu Beli tiger, ki ga ustanavljajo, da bi izvajal program zaveti\u0161\u010da za brezdomce na obmo\u010dju vzhodne Slovenije. Brezdomcem \u017eelijo ponuditi streho nad glavo, hrano, obla\u010dila, pa tudi psihosocialno pomo\u010d, in to pod 24-urnim nadzorom strokovnih delavcev. Po oceni ministrstva za delo, dru\u017eino, socialne zadeve in enake mo\u017enosti, je trenutno brez strehe nad glavo 2766 ljudi, ob tem pa varuh za \u010dlovekove pravice opozarja, da njihovo \u0161tevilo nara\u0161\u010da, prav tako je vse ve\u010d brezdomnih celotnih dru\u017ein, ne le posameznikov. Na nedeljski prireditvi v Benediktu bodo nastopili \u0160tajerski fakini, \u0160epet, Gadi, Novi spomini, Kvartopirci, Posko\u010dni muzikanti, Eros, Eva Boto, Nu\u0161a Rojs in \u017dan Ser\u010di\u010d. Ambasadorja projekta sta Glasbene storitve Ivan Fleisinger ter Sobodajalstvo S.J., medtem ko za organizacijo koncerta in za ustanavljanje dru\u0161tva skrbi Martin Pu\u010dko. Za Benedikt so se odlo\u010dili zaradi njihove \u0161portne dvorane in ker jih je benedi\u0161ki \u017eupan Milan Gumzar pri tem podprl. Dru\u0161tvo \u017eeli delovati v \u0161ir\u0161i regiji (Lenart, Benedikt, Cerkvenjak, Gornja Radgona, Radenci, vse do Ljutomera in Ptuja), so pa tik pred izbiro lokacije hi\u0161e za brezdomce, ki bo v Ljutomeru, oziroma kar je bolj verjetno, v Radencih.","og_url":"https:\/\/hudo.com\/si\/aktualno\/s-koncertom-do-hise-za-brezdomce\/","og_site_name":"Hudo Slovenija","article_publisher":"https:\/\/www.facebook.com\/hudo.si","article_published_time":"2017-05-12T21:10:00+00:00","og_image":[{"width":450,"height":338,"url":"https:\/\/hudo.com\/si\/wp-content\/uploads\/sites\/2\/2017\/05\/01110353F-300.jpg","type":"image\/jpeg"}],"author":"hudo","twitter_card":"summary_large_image","twitter_creator":"@hudo_si","twitter_site":"@hudo_si","twitter_misc":{"Written by":"hudo","Est. reading time":"1 minuta"},"schema":{"@context":"https:\/\/schema.org","@graph":[{"@type":"Article","@id":"https:\/\/hudo.com\/si\/aktualno\/s-koncertom-do-hise-za-brezdomce\/#article","isPartOf":{"@id":"https:\/\/hudo.com\/si\/aktualno\/s-koncertom-do-hise-za-brezdomce\/"},"author":{"name":"hudo","@id":"https:\/\/hudo.com\/si\/#\/schema\/person\/601cf3379633985b20f7e50f2bb47707"},"headline":"S koncertom do hi\u0161e za brezdomce","datePublished":"2017-05-12T21:10:00+00:00","dateModified":"2017-05-12T21:10:00+00:00","mainEntityOfPage":{"@id":"https:\/\/hudo.com\/si\/aktualno\/s-koncertom-do-hise-za-brezdomce\/"},"wordCount":228,"publisher":{"@id":"https:\/\/hudo.com\/si\/#organization"},"articleSection":["Aktualno"],"inLanguage":"sl-SI"},{"@type":"WebPage","@id":"https:\/\/hudo.com\/si\/aktualno\/s-koncertom-do-hise-za-brezdomce\/","url":"https:\/\/hudo.com\/si\/aktualno\/s-koncertom-do-hise-za-brezdomce\/","name":"S koncertom do hi\u0161e za brezdomce - Hudo Slovenija","isPartOf":{"@id":"https:\/\/hudo.com\/si\/#website"},"datePublished":"2017-05-12T21:10:00+00:00","dateModified":"2017-05-12T21:10:00+00:00","breadcrumb":{"@id":"https:\/\/hudo.com\/si\/aktualno\/s-koncertom-do-hise-za-brezdomce\/#breadcrumb"},"inLanguage":"sl-SI","potentialAction":[{"@type":"ReadAction","target":["https:\/\/hudo.com\/si\/aktualno\/s-koncertom-do-hise-za-brezdomce\/"]}]},{"@type":"BreadcrumbList","@id":"https:\/\/hudo.com\/si\/aktualno\/s-koncertom-do-hise-za-brezdomce\/#breadcrumb","itemListElement":[{"@type":"ListItem","position":1,"name":"Home","item":"https:\/\/hudo.com\/si\/"},{"@type":"ListItem","position":2,"name":"S koncertom do hi\u0161e za brezdomce"}]},{"@type":"WebSite","@id":"https:\/\/hudo.com\/si\/#website","url":"https:\/\/hudo.com\/si\/","name":"Hudo Slovenija","description":"Vse novice iz Slovenije in sveta","publisher":{"@id":"https:\/\/hudo.com\/si\/#organization"},"potentialAction":[{"@type":"SearchAction","target":{"@type":"EntryPoint","urlTemplate":"https:\/\/hudo.com\/si\/?s={search_term_string}"},"query-input":"required name=search_term_string"}],"inLanguage":"sl-SI"},{"@type":"Organization","@id":"https:\/\/hudo.com\/si\/#organization","name":"VSN Media","url":"https:\/\/hudo.com\/si\/","logo":{"@type":"ImageObject","inLanguage":"sl-SI","@id":"https:\/\/hudo.com\/si\/#\/schema\/logo\/image\/","url":"https:\/\/hudo.com\/si\/wp-content\/uploads\/sites\/2\/2021\/03\/hudo-app-2.png","contentUrl":"https:\/\/hudo.com\/si\/wp-content\/uploads\/sites\/2\/2021\/03\/hudo-app-2.png","width":2185,"height":2167,"caption":"VSN Media"},"image":{"@id":"https:\/\/hudo.com\/si\/#\/schema\/logo\/image\/"},"sameAs":["https:\/\/www.facebook.com\/hudo.si","https:\/\/twitter.com\/hudo_si"]},{"@type":"Person","@id":"https:\/\/hudo.com\/si\/#\/schema\/person\/601cf3379633985b20f7e50f2bb47707","name":"hudo","image":{"@type":"ImageObject","inLanguage":"sl-SI","@id":"https:\/\/hudo.com\/si\/#\/schema\/person\/image\/","url":"https:\/\/secure.gravatar.com\/avatar\/c4ca25fa72cace7a696b52ff5db9e095?s=96&d=mm&r=g","contentUrl":"https:\/\/secure.gravatar.com\/avatar\/c4ca25fa72cace7a696b52ff5db9e095?s=96&d=mm&r=g","caption":"hudo"},"url":"https:\/\/hudo.com\/si\/author\/hudo\/"}]}},"amp_enabled":true,"_links":{"self":[{"href":"https:\/\/hudo.com\/si\/wp-json\/wp\/v2\/posts\/254643"}],"collection":[{"href":"https:\/\/hudo.com\/si\/wp-json\/wp\/v2\/posts"}],"about":[{"href":"https:\/\/hudo.com\/si\/wp-json\/wp\/v2\/types\/post"}],"author":[{"embeddable":true,"href":"https:\/\/hudo.com\/si\/wp-json\/wp\/v2\/users\/1"}],"replies":[{"embeddable":true,"href":"https:\/\/hudo.com\/si\/wp-json\/wp\/v2\/comments?post=254643"}],"version-history":[{"count":0,"href":"https:\/\/hudo.com\/si\/wp-json\/wp\/v2\/posts\/254643\/revisions"}],"wp:attachment":[{"href":"https:\/\/hudo.com\/si\/wp-json\/wp\/v2\/media?parent=254643"}],"wp:term":[{"taxonomy":"category","embeddable":true,"href":"https:\/\/hudo.com\/si\/wp-json\/wp\/v2\/categories?post=254643"},{"taxonomy":"post_tag","embeddable":true,"href":"https:\/\/hudo.com\/si\/wp-json\/wp\/v2\/tags?post=254643"},{"taxonomy":"source","embeddable":true,"href":"https:\/\/hudo.com\/si\/wp-json\/wp\/v2\/source?post=254643"},{"taxonomy":"supertag","embeddable":true,"href":"https:\/\/hudo.com\/si\/wp-json\/wp\/v2\/supertag?post=254643"}],"curies":[{"name":"wp","href":"https:\/\/api.w.org\/{rel}","templated":true}]}}