{"id":25477,"date":"2016-04-09T14:15:00","date_gmt":"2016-04-09T12:15:00","guid":{"rendered":"http:\/\/hudo.com\/si\/2016\/04\/09\/avstrijska-notranja-ministrica-mikl-leitnerjeva-naj-bi-odstopila\/"},"modified":"2016-04-10T12:11:30","modified_gmt":"2016-04-10T10:11:30","slug":"avstrijska-notranja-ministrica-mikl-leitnerjeva-naj-bi-odstopila","status":"publish","type":"post","link":"https:\/\/hudo.com\/si\/aktualno\/avstrijska-notranja-ministrica-mikl-leitnerjeva-naj-bi-odstopila\/","title":{"rendered":"Avstrijska notranja ministrica Mikl-Leitnerjeva naj bi odstopila"},"content":{"rendered":"<p>Avstrijska notranja ministrica Johanna Mikl-Leitner, gonilna sila nepopustljive politike do migrantov, naj bi po poro\u010danju medijev odstopila. Gre za potezo v sklopu reorganizacije njene stranke, postala pa naj bi de\u017eelna glavarka Spodnje Avstrije. Na polo\u017eaju ministra naj bi jo zamenjal namestnik de\u017eelnega glavarja te de\u017eele Wolfgang Sobotka. Po poro\u010danju francoske tiskovne agencije AFP \u0161e ni jasno, kdaj naj bi do zamenjave pri\u0161lo, bi pa jo lahko potrdili v nedeljo na ve\u010dernem sre\u010danju vodstva Ljudske stranke (\u00d6VP), ki je sicer v vladni koaliciji s socialnimi demokrati, so za avstrijsko tiskovno agencijo APA potrdili v krogih blizu stranke. &#8220;Nobena skrivnost ni, da ministrico srce vle\u010de nazaj v Spodnjo Avstrijo,&#8221; pa je dejal ministri\u010din predstavnik za stike z javnostmi Hermann Muhr, ve\u010d pa ni \u017eelel komentirati. Polo\u017eaj notranjega ministra bi bil za 60-letnega Sobotko prva politi\u010dna funkcija na dr\u017eavni ravni. Mikl-Leitnerjeva, ki je funkcijo notranje ministrice prevzela leta 2011, si je med drugim prizadevala za uvedbo ograj na meji in stro\u017eji mejni nadzor ter zaostritev azilne zakonodaje. Po dogovoru o zaprtju balkanske migrantske poti, ki je bil prav tako eden njenih ciljev, je svojo pozornost preusmerila na mejo z Italijo. Dr\u017eava je tako med drugim napovedala, da bo zaprla strate\u0161ko pomemben mejni prehod Brenner, v kolikor Rimu ne uspe zaustaviti ilegalnih migrantov.Svet<\/p>\n","protected":false},"excerpt":{"rendered":"<p>Avstrijska notranja ministrica Johanna Mikl-Leitner, gonilna sila nepopustljive politike do migrantov, naj bi po poro\u010danju medijev odstopila. Gre za potezo v sklopu reorganizacije njene stranke, postala pa naj bi de\u017eelna glavarka Spodnje Avstrije. Na polo\u017eaju ministra naj bi jo zamenjal namestnik de\u017eelnega glavarja te de\u017eele Wolfgang Sobotka. Po poro\u010danju francoske tiskovne agencije AFP \u0161e ni jasno, kdaj naj bi do zamenjave pri\u0161lo, bi pa jo lahko potrdili v nedeljo na ve\u010dernem sre\u010danju vodstva Ljudske stranke (\u00d6VP), ki je sicer v vladni koaliciji s socialnimi demokrati, so za avstrijsko tiskovno agencijo APA potrdili v krogih blizu stranke. &#8220;Nobena skrivnost ni, da ministrico srce vle\u010de nazaj v Spodnjo Avstrijo,&#8221; pa je dejal ministri\u010din predstavnik za stike z javnostmi Hermann Muhr, ve\u010d pa ni \u017eelel komentirati. Polo\u017eaj notranjega ministra bi bil za 60-letnega Sobotko prva politi\u010dna funkcija na dr\u017eavni ravni. Mikl-Leitnerjeva, ki je funkcijo notranje ministrice prevzela leta 2011, si je med drugim prizadevala za uvedbo ograj na meji in stro\u017eji mejni nadzor ter zaostritev azilne zakonodaje. Po dogovoru o zaprtju balkanske migrantske poti, ki je bil prav tako eden njenih ciljev, je svojo pozornost preusmerila na mejo z Italijo. Dr\u017eava je tako med drugim napovedala, da bo zaprla strate\u0161ko pomemben mejni prehod Brenner, v kolikor Rimu ne uspe zaustaviti ilegalnih migrantov.Svet<\/p>\n","protected":false},"author":1,"featured_media":0,"comment_status":"closed","ping_status":"closed","sticky":false,"template":"","format":"standard","meta":{"footnotes":""},"categories":[1179],"tags":[],"source":[1711],"supertag":[],"acf":[],"yoast_head":"<!-- This site is optimized with the Yoast SEO plugin v21.3 - https:\/\/yoast.com\/wordpress\/plugins\/seo\/ -->\n<title>Avstrijska notranja ministrica Mikl-Leitnerjeva naj bi odstopila - Hudo Slovenija<\/title>\n<meta name=\"robots\" content=\"index, follow, max-snippet:-1, max-image-preview:large, max-video-preview:-1\" \/>\n<link rel=\"canonical\" href=\"https:\/\/hudo.com\/si\/aktualno\/avstrijska-notranja-ministrica-mikl-leitnerjeva-naj-bi-odstopila\/\" \/>\n<meta property=\"og:locale\" content=\"sl_SI\" \/>\n<meta property=\"og:type\" content=\"article\" \/>\n<meta property=\"og:title\" content=\"Avstrijska notranja ministrica Mikl-Leitnerjeva naj bi odstopila - Hudo Slovenija\" \/>\n<meta property=\"og:description\" content=\"Avstrijska notranja ministrica Johanna Mikl-Leitner, gonilna sila nepopustljive politike do migrantov, naj bi po poro\u010danju medijev odstopila. Gre za potezo v sklopu reorganizacije njene stranke, postala pa naj bi de\u017eelna glavarka Spodnje Avstrije. Na polo\u017eaju ministra naj bi jo zamenjal namestnik de\u017eelnega glavarja te de\u017eele Wolfgang Sobotka. Po poro\u010danju francoske tiskovne agencije AFP \u0161e ni jasno, kdaj naj bi do zamenjave pri\u0161lo, bi pa jo lahko potrdili v nedeljo na ve\u010dernem sre\u010danju vodstva Ljudske stranke (\u00d6VP), ki je sicer v vladni koaliciji s socialnimi demokrati, so za avstrijsko tiskovno agencijo APA potrdili v krogih blizu stranke. &quot;Nobena skrivnost ni, da ministrico srce vle\u010de nazaj v Spodnjo Avstrijo,&quot; pa je dejal ministri\u010din predstavnik za stike z javnostmi Hermann Muhr, ve\u010d pa ni \u017eelel komentirati. Polo\u017eaj notranjega ministra bi bil za 60-letnega Sobotko prva politi\u010dna funkcija na dr\u017eavni ravni. Mikl-Leitnerjeva, ki je funkcijo notranje ministrice prevzela leta 2011, si je med drugim prizadevala za uvedbo ograj na meji in stro\u017eji mejni nadzor ter zaostritev azilne zakonodaje. Po dogovoru o zaprtju balkanske migrantske poti, ki je bil prav tako eden njenih ciljev, je svojo pozornost preusmerila na mejo z Italijo. Dr\u017eava je tako med drugim napovedala, da bo zaprla strate\u0161ko pomemben mejni prehod Brenner, v kolikor Rimu ne uspe zaustaviti ilegalnih migrantov.Svet\" \/>\n<meta property=\"og:url\" content=\"https:\/\/hudo.com\/si\/aktualno\/avstrijska-notranja-ministrica-mikl-leitnerjeva-naj-bi-odstopila\/\" \/>\n<meta property=\"og:site_name\" content=\"Hudo Slovenija\" \/>\n<meta property=\"article:publisher\" content=\"https:\/\/www.facebook.com\/hudo.si\" \/>\n<meta property=\"article:published_time\" content=\"2016-04-09T12:15:00+00:00\" \/>\n<meta property=\"article:modified_time\" content=\"2016-04-10T10:11:30+00:00\" \/>\n<meta property=\"og:image\" content=\"https:\/\/hudo.com\/si\/wp-content\/uploads\/sites\/2\/2016\/04\/MDF91305-300.jpg\" \/>\n\t<meta property=\"og:image:width\" content=\"450\" \/>\n\t<meta property=\"og:image:height\" content=\"305\" \/>\n\t<meta property=\"og:image:type\" content=\"image\/jpeg\" \/>\n<meta name=\"author\" content=\"hudo\" \/>\n<meta name=\"twitter:card\" content=\"summary_large_image\" \/>\n<meta name=\"twitter:creator\" content=\"@hudo_si\" \/>\n<meta name=\"twitter:site\" content=\"@hudo_si\" \/>\n<meta name=\"twitter:label1\" content=\"Written by\" \/>\n\t<meta name=\"twitter:data1\" content=\"hudo\" \/>\n\t<meta name=\"twitter:label2\" content=\"Est. reading time\" \/>\n\t<meta name=\"twitter:data2\" content=\"1 minuta\" \/>\n<script type=\"application\/ld+json\" class=\"yoast-schema-graph\">{\"@context\":\"https:\/\/schema.org\",\"@graph\":[{\"@type\":\"Article\",\"@id\":\"https:\/\/hudo.com\/si\/aktualno\/avstrijska-notranja-ministrica-mikl-leitnerjeva-naj-bi-odstopila\/#article\",\"isPartOf\":{\"@id\":\"https:\/\/hudo.com\/si\/aktualno\/avstrijska-notranja-ministrica-mikl-leitnerjeva-naj-bi-odstopila\/\"},\"author\":{\"name\":\"hudo\",\"@id\":\"https:\/\/hudo.com\/si\/#\/schema\/person\/601cf3379633985b20f7e50f2bb47707\"},\"headline\":\"Avstrijska notranja ministrica Mikl-Leitnerjeva naj bi odstopila\",\"datePublished\":\"2016-04-09T12:15:00+00:00\",\"dateModified\":\"2016-04-10T10:11:30+00:00\",\"mainEntityOfPage\":{\"@id\":\"https:\/\/hudo.com\/si\/aktualno\/avstrijska-notranja-ministrica-mikl-leitnerjeva-naj-bi-odstopila\/\"},\"wordCount\":233,\"publisher\":{\"@id\":\"https:\/\/hudo.com\/si\/#organization\"},\"articleSection\":[\"Aktualno\"],\"inLanguage\":\"sl-SI\"},{\"@type\":\"WebPage\",\"@id\":\"https:\/\/hudo.com\/si\/aktualno\/avstrijska-notranja-ministrica-mikl-leitnerjeva-naj-bi-odstopila\/\",\"url\":\"https:\/\/hudo.com\/si\/aktualno\/avstrijska-notranja-ministrica-mikl-leitnerjeva-naj-bi-odstopila\/\",\"name\":\"Avstrijska notranja ministrica Mikl-Leitnerjeva naj bi odstopila - Hudo Slovenija\",\"isPartOf\":{\"@id\":\"https:\/\/hudo.com\/si\/#website\"},\"datePublished\":\"2016-04-09T12:15:00+00:00\",\"dateModified\":\"2016-04-10T10:11:30+00:00\",\"breadcrumb\":{\"@id\":\"https:\/\/hudo.com\/si\/aktualno\/avstrijska-notranja-ministrica-mikl-leitnerjeva-naj-bi-odstopila\/#breadcrumb\"},\"inLanguage\":\"sl-SI\",\"potentialAction\":[{\"@type\":\"ReadAction\",\"target\":[\"https:\/\/hudo.com\/si\/aktualno\/avstrijska-notranja-ministrica-mikl-leitnerjeva-naj-bi-odstopila\/\"]}]},{\"@type\":\"BreadcrumbList\",\"@id\":\"https:\/\/hudo.com\/si\/aktualno\/avstrijska-notranja-ministrica-mikl-leitnerjeva-naj-bi-odstopila\/#breadcrumb\",\"itemListElement\":[{\"@type\":\"ListItem\",\"position\":1,\"name\":\"Home\",\"item\":\"https:\/\/hudo.com\/si\/\"},{\"@type\":\"ListItem\",\"position\":2,\"name\":\"Avstrijska notranja ministrica Mikl-Leitnerjeva naj bi odstopila\"}]},{\"@type\":\"WebSite\",\"@id\":\"https:\/\/hudo.com\/si\/#website\",\"url\":\"https:\/\/hudo.com\/si\/\",\"name\":\"Hudo Slovenija\",\"description\":\"Vse novice iz Slovenije in sveta\",\"publisher\":{\"@id\":\"https:\/\/hudo.com\/si\/#organization\"},\"potentialAction\":[{\"@type\":\"SearchAction\",\"target\":{\"@type\":\"EntryPoint\",\"urlTemplate\":\"https:\/\/hudo.com\/si\/?s={search_term_string}\"},\"query-input\":\"required name=search_term_string\"}],\"inLanguage\":\"sl-SI\"},{\"@type\":\"Organization\",\"@id\":\"https:\/\/hudo.com\/si\/#organization\",\"name\":\"VSN Media\",\"url\":\"https:\/\/hudo.com\/si\/\",\"logo\":{\"@type\":\"ImageObject\",\"inLanguage\":\"sl-SI\",\"@id\":\"https:\/\/hudo.com\/si\/#\/schema\/logo\/image\/\",\"url\":\"https:\/\/hudo.com\/si\/wp-content\/uploads\/sites\/2\/2021\/03\/hudo-app-2.png\",\"contentUrl\":\"https:\/\/hudo.com\/si\/wp-content\/uploads\/sites\/2\/2021\/03\/hudo-app-2.png\",\"width\":2185,\"height\":2167,\"caption\":\"VSN Media\"},\"image\":{\"@id\":\"https:\/\/hudo.com\/si\/#\/schema\/logo\/image\/\"},\"sameAs\":[\"https:\/\/www.facebook.com\/hudo.si\",\"https:\/\/twitter.com\/hudo_si\"]},{\"@type\":\"Person\",\"@id\":\"https:\/\/hudo.com\/si\/#\/schema\/person\/601cf3379633985b20f7e50f2bb47707\",\"name\":\"hudo\",\"image\":{\"@type\":\"ImageObject\",\"inLanguage\":\"sl-SI\",\"@id\":\"https:\/\/hudo.com\/si\/#\/schema\/person\/image\/\",\"url\":\"https:\/\/secure.gravatar.com\/avatar\/c4ca25fa72cace7a696b52ff5db9e095?s=96&d=mm&r=g\",\"contentUrl\":\"https:\/\/secure.gravatar.com\/avatar\/c4ca25fa72cace7a696b52ff5db9e095?s=96&d=mm&r=g\",\"caption\":\"hudo\"},\"url\":\"https:\/\/hudo.com\/si\/author\/hudo\/\"}]}<\/script>\n<!-- \/ Yoast SEO plugin. -->","yoast_head_json":{"title":"Avstrijska notranja ministrica Mikl-Leitnerjeva naj bi odstopila - Hudo Slovenija","robots":{"index":"index","follow":"follow","max-snippet":"max-snippet:-1","max-image-preview":"max-image-preview:large","max-video-preview":"max-video-preview:-1"},"canonical":"https:\/\/hudo.com\/si\/aktualno\/avstrijska-notranja-ministrica-mikl-leitnerjeva-naj-bi-odstopila\/","og_locale":"sl_SI","og_type":"article","og_title":"Avstrijska notranja ministrica Mikl-Leitnerjeva naj bi odstopila - Hudo Slovenija","og_description":"Avstrijska notranja ministrica Johanna Mikl-Leitner, gonilna sila nepopustljive politike do migrantov, naj bi po poro\u010danju medijev odstopila. Gre za potezo v sklopu reorganizacije njene stranke, postala pa naj bi de\u017eelna glavarka Spodnje Avstrije. Na polo\u017eaju ministra naj bi jo zamenjal namestnik de\u017eelnega glavarja te de\u017eele Wolfgang Sobotka. Po poro\u010danju francoske tiskovne agencije AFP \u0161e ni jasno, kdaj naj bi do zamenjave pri\u0161lo, bi pa jo lahko potrdili v nedeljo na ve\u010dernem sre\u010danju vodstva Ljudske stranke (\u00d6VP), ki je sicer v vladni koaliciji s socialnimi demokrati, so za avstrijsko tiskovno agencijo APA potrdili v krogih blizu stranke. \"Nobena skrivnost ni, da ministrico srce vle\u010de nazaj v Spodnjo Avstrijo,\" pa je dejal ministri\u010din predstavnik za stike z javnostmi Hermann Muhr, ve\u010d pa ni \u017eelel komentirati. Polo\u017eaj notranjega ministra bi bil za 60-letnega Sobotko prva politi\u010dna funkcija na dr\u017eavni ravni. Mikl-Leitnerjeva, ki je funkcijo notranje ministrice prevzela leta 2011, si je med drugim prizadevala za uvedbo ograj na meji in stro\u017eji mejni nadzor ter zaostritev azilne zakonodaje. Po dogovoru o zaprtju balkanske migrantske poti, ki je bil prav tako eden njenih ciljev, je svojo pozornost preusmerila na mejo z Italijo. Dr\u017eava je tako med drugim napovedala, da bo zaprla strate\u0161ko pomemben mejni prehod Brenner, v kolikor Rimu ne uspe zaustaviti ilegalnih migrantov.Svet","og_url":"https:\/\/hudo.com\/si\/aktualno\/avstrijska-notranja-ministrica-mikl-leitnerjeva-naj-bi-odstopila\/","og_site_name":"Hudo Slovenija","article_publisher":"https:\/\/www.facebook.com\/hudo.si","article_published_time":"2016-04-09T12:15:00+00:00","article_modified_time":"2016-04-10T10:11:30+00:00","og_image":[{"width":450,"height":305,"url":"https:\/\/hudo.com\/si\/wp-content\/uploads\/sites\/2\/2016\/04\/MDF91305-300.jpg","type":"image\/jpeg"}],"author":"hudo","twitter_card":"summary_large_image","twitter_creator":"@hudo_si","twitter_site":"@hudo_si","twitter_misc":{"Written by":"hudo","Est. reading time":"1 minuta"},"schema":{"@context":"https:\/\/schema.org","@graph":[{"@type":"Article","@id":"https:\/\/hudo.com\/si\/aktualno\/avstrijska-notranja-ministrica-mikl-leitnerjeva-naj-bi-odstopila\/#article","isPartOf":{"@id":"https:\/\/hudo.com\/si\/aktualno\/avstrijska-notranja-ministrica-mikl-leitnerjeva-naj-bi-odstopila\/"},"author":{"name":"hudo","@id":"https:\/\/hudo.com\/si\/#\/schema\/person\/601cf3379633985b20f7e50f2bb47707"},"headline":"Avstrijska notranja ministrica Mikl-Leitnerjeva naj bi odstopila","datePublished":"2016-04-09T12:15:00+00:00","dateModified":"2016-04-10T10:11:30+00:00","mainEntityOfPage":{"@id":"https:\/\/hudo.com\/si\/aktualno\/avstrijska-notranja-ministrica-mikl-leitnerjeva-naj-bi-odstopila\/"},"wordCount":233,"publisher":{"@id":"https:\/\/hudo.com\/si\/#organization"},"articleSection":["Aktualno"],"inLanguage":"sl-SI"},{"@type":"WebPage","@id":"https:\/\/hudo.com\/si\/aktualno\/avstrijska-notranja-ministrica-mikl-leitnerjeva-naj-bi-odstopila\/","url":"https:\/\/hudo.com\/si\/aktualno\/avstrijska-notranja-ministrica-mikl-leitnerjeva-naj-bi-odstopila\/","name":"Avstrijska notranja ministrica Mikl-Leitnerjeva naj bi odstopila - Hudo Slovenija","isPartOf":{"@id":"https:\/\/hudo.com\/si\/#website"},"datePublished":"2016-04-09T12:15:00+00:00","dateModified":"2016-04-10T10:11:30+00:00","breadcrumb":{"@id":"https:\/\/hudo.com\/si\/aktualno\/avstrijska-notranja-ministrica-mikl-leitnerjeva-naj-bi-odstopila\/#breadcrumb"},"inLanguage":"sl-SI","potentialAction":[{"@type":"ReadAction","target":["https:\/\/hudo.com\/si\/aktualno\/avstrijska-notranja-ministrica-mikl-leitnerjeva-naj-bi-odstopila\/"]}]},{"@type":"BreadcrumbList","@id":"https:\/\/hudo.com\/si\/aktualno\/avstrijska-notranja-ministrica-mikl-leitnerjeva-naj-bi-odstopila\/#breadcrumb","itemListElement":[{"@type":"ListItem","position":1,"name":"Home","item":"https:\/\/hudo.com\/si\/"},{"@type":"ListItem","position":2,"name":"Avstrijska notranja ministrica Mikl-Leitnerjeva naj bi odstopila"}]},{"@type":"WebSite","@id":"https:\/\/hudo.com\/si\/#website","url":"https:\/\/hudo.com\/si\/","name":"Hudo Slovenija","description":"Vse novice iz Slovenije in sveta","publisher":{"@id":"https:\/\/hudo.com\/si\/#organization"},"potentialAction":[{"@type":"SearchAction","target":{"@type":"EntryPoint","urlTemplate":"https:\/\/hudo.com\/si\/?s={search_term_string}"},"query-input":"required name=search_term_string"}],"inLanguage":"sl-SI"},{"@type":"Organization","@id":"https:\/\/hudo.com\/si\/#organization","name":"VSN Media","url":"https:\/\/hudo.com\/si\/","logo":{"@type":"ImageObject","inLanguage":"sl-SI","@id":"https:\/\/hudo.com\/si\/#\/schema\/logo\/image\/","url":"https:\/\/hudo.com\/si\/wp-content\/uploads\/sites\/2\/2021\/03\/hudo-app-2.png","contentUrl":"https:\/\/hudo.com\/si\/wp-content\/uploads\/sites\/2\/2021\/03\/hudo-app-2.png","width":2185,"height":2167,"caption":"VSN Media"},"image":{"@id":"https:\/\/hudo.com\/si\/#\/schema\/logo\/image\/"},"sameAs":["https:\/\/www.facebook.com\/hudo.si","https:\/\/twitter.com\/hudo_si"]},{"@type":"Person","@id":"https:\/\/hudo.com\/si\/#\/schema\/person\/601cf3379633985b20f7e50f2bb47707","name":"hudo","image":{"@type":"ImageObject","inLanguage":"sl-SI","@id":"https:\/\/hudo.com\/si\/#\/schema\/person\/image\/","url":"https:\/\/secure.gravatar.com\/avatar\/c4ca25fa72cace7a696b52ff5db9e095?s=96&d=mm&r=g","contentUrl":"https:\/\/secure.gravatar.com\/avatar\/c4ca25fa72cace7a696b52ff5db9e095?s=96&d=mm&r=g","caption":"hudo"},"url":"https:\/\/hudo.com\/si\/author\/hudo\/"}]}},"amp_enabled":true,"_links":{"self":[{"href":"https:\/\/hudo.com\/si\/wp-json\/wp\/v2\/posts\/25477"}],"collection":[{"href":"https:\/\/hudo.com\/si\/wp-json\/wp\/v2\/posts"}],"about":[{"href":"https:\/\/hudo.com\/si\/wp-json\/wp\/v2\/types\/post"}],"author":[{"embeddable":true,"href":"https:\/\/hudo.com\/si\/wp-json\/wp\/v2\/users\/1"}],"replies":[{"embeddable":true,"href":"https:\/\/hudo.com\/si\/wp-json\/wp\/v2\/comments?post=25477"}],"version-history":[{"count":1,"href":"https:\/\/hudo.com\/si\/wp-json\/wp\/v2\/posts\/25477\/revisions"}],"predecessor-version":[{"id":25522,"href":"https:\/\/hudo.com\/si\/wp-json\/wp\/v2\/posts\/25477\/revisions\/25522"}],"wp:attachment":[{"href":"https:\/\/hudo.com\/si\/wp-json\/wp\/v2\/media?parent=25477"}],"wp:term":[{"taxonomy":"category","embeddable":true,"href":"https:\/\/hudo.com\/si\/wp-json\/wp\/v2\/categories?post=25477"},{"taxonomy":"post_tag","embeddable":true,"href":"https:\/\/hudo.com\/si\/wp-json\/wp\/v2\/tags?post=25477"},{"taxonomy":"source","embeddable":true,"href":"https:\/\/hudo.com\/si\/wp-json\/wp\/v2\/source?post=25477"},{"taxonomy":"supertag","embeddable":true,"href":"https:\/\/hudo.com\/si\/wp-json\/wp\/v2\/supertag?post=25477"}],"curies":[{"name":"wp","href":"https:\/\/api.w.org\/{rel}","templated":true}]}}