{"id":254868,"date":"2017-05-13T17:14:00","date_gmt":"2017-05-13T15:14:00","guid":{"rendered":"http:\/\/hudo.com\/si\/2017\/05\/13\/na-pliberskem-polju-10-000-hrvatov-in-drugih\/"},"modified":"2017-05-13T17:14:00","modified_gmt":"2017-05-13T15:14:00","slug":"na-pliberskem-polju-10-000-hrvatov-in-drugih","status":"publish","type":"post","link":"https:\/\/hudo.com\/si\/aktualno\/na-pliberskem-polju-10-000-hrvatov-in-drugih\/","title":{"rendered":"Na Pliber\u0161kem polju 10.000 Hrvatov in drugih"},"content":{"rendered":"<p>Na Pliber\u0161kem polju na Koro\u0161kem v Avstriji se je po podatkih policije danes okoli 10.000 ljudi udele\u017eilo spominske slovesnosti ob obletnici poboja hrva\u0161kih usta\u0161ev kmalu po koncu druge svetovne vojne. Razen manj\u0161ih incidentov je dogodek minil mirno. Ve\u010dina udele\u017eencev je bila s Hrva\u0161ke, pri\u0161li so z okoli sto avtobusi, s 50 avtobusi pa iz BiH in drugih dr\u017eav. Kot je povedal predstavnik policije Rainer Dionisio, je policija proti trem Hrvatom vlo\u017eila prijave zaradi kr\u0161enja zakona o prepovedi poveli\u010devanja nacizma. Dva Hrvata sta pozdravljala z nacisti\u010dnim pozdravom, eden pa je imel na roki tetovirano svastiko. Organizator komemoracije je bil \u010dastni pliber\u0161ki vod, pokrovitelj predsednik hrva\u0161kega sabora Gordan Jandrokovi\u0107 iz HDZ, ki se je tudi udele\u017eil slovesnosti. Posebni odposlanec hrva\u0161ke predsednice je bil minister za dr\u017eavno premo\u017eenje Goran Mari\u0107, odposlanec hrva\u0161kega premierja minister za veterane Tomo Medved, HDZ-ja pa Milijan Brki\u0107. V Pliberku je bil tudi biv\u0161i minister za kulturo, ki je bil sporen zaradi svojih desni\u010darskih stali\u0161\u010d, b. Iz BiH je pri\u0161el biv\u0161i hrva\u0161ki \u010dlan predsedstva BiH Dragan \u010covi\u0107. Pred spominsko slovesnostjo je hrva\u0161ka dr\u017eavna delegacija pod vodstvom Jandrokovi\u0107a danes na Teznem v Mariboru kot vsako leto na ta dan polo\u017eila venec pri spomeniku hrva\u0161kim \u017ertvam povojnih pobojev. Pred soboto so razli\u010dne protifa\u0161isti\u010dne organizacije na avstrijskem Koro\u0161kem na de\u017eelno vlado naslovile zahtevo za prepoved slovesnosti. Kritizirala jo je tudi poslanska skupina Zelenih v de\u017eelnem zboru avstrijske Koro\u0161ke. Ozna\u010dili so jo za &#8220;najve\u010dje sre\u010danje revizionistov, neonacistov in prista\u0161ev fa\u0161isti\u010dne dr\u017eave&#8221;. 15. maja 1945 so pripadniki mednarodnih zavezni\u0161kih sil ve\u010d tiso\u010d pora\u017eenih hrva\u0161kih usta\u0161ev izro\u010dili jugoslovanskim partizanom. Po navedbah hrva\u0161kih virov se je zavezni\u0161kim silam predalo pribli\u017eno 95.000 ljudi, ve\u010dina vojakov. Na Pliber\u0161kem polju so jugoslovanski partizani ustrelili del ujetih hrva\u0161kih vojakov, ostale pa so nekaj mesecev v &#8220;kolonah smrt<\/p>\n","protected":false},"excerpt":{"rendered":"<p>Na Pliber\u0161kem polju na Koro\u0161kem v Avstriji se je po podatkih policije danes okoli 10.000 ljudi udele\u017eilo spominske slovesnosti ob obletnici poboja hrva\u0161kih usta\u0161ev kmalu po koncu druge svetovne vojne. Razen manj\u0161ih incidentov je dogodek minil mirno. Ve\u010dina udele\u017eencev je bila s Hrva\u0161ke, pri\u0161li so z okoli sto avtobusi, s 50 avtobusi pa iz BiH in drugih dr\u017eav. Kot je povedal predstavnik policije Rainer Dionisio, je policija proti trem Hrvatom vlo\u017eila prijave zaradi kr\u0161enja zakona o prepovedi poveli\u010devanja nacizma. Dva Hrvata sta pozdravljala z nacisti\u010dnim pozdravom, eden pa je imel na roki tetovirano svastiko. Organizator komemoracije je bil \u010dastni pliber\u0161ki vod, pokrovitelj predsednik hrva\u0161kega sabora Gordan Jandrokovi\u0107 iz HDZ, ki se je tudi udele\u017eil slovesnosti. Posebni odposlanec hrva\u0161ke predsednice je bil minister za dr\u017eavno premo\u017eenje Goran Mari\u0107, odposlanec hrva\u0161kega premierja minister za veterane Tomo Medved, HDZ-ja pa Milijan Brki\u0107. V Pliberku je bil tudi biv\u0161i minister za kulturo, ki je bil sporen zaradi svojih desni\u010darskih stali\u0161\u010d, b. Iz BiH je pri\u0161el biv\u0161i hrva\u0161ki \u010dlan predsedstva BiH Dragan \u010covi\u0107. Pred spominsko slovesnostjo je hrva\u0161ka dr\u017eavna delegacija pod vodstvom Jandrokovi\u0107a danes na Teznem v Mariboru kot vsako leto na ta dan polo\u017eila venec pri spomeniku hrva\u0161kim \u017ertvam povojnih pobojev. Pred soboto so razli\u010dne protifa\u0161isti\u010dne organizacije na avstrijskem Koro\u0161kem na de\u017eelno vlado naslovile zahtevo za prepoved slovesnosti. Kritizirala jo je tudi poslanska skupina Zelenih v de\u017eelnem zboru avstrijske Koro\u0161ke. Ozna\u010dili so jo za &#8220;najve\u010dje sre\u010danje revizionistov, neonacistov in prista\u0161ev fa\u0161isti\u010dne dr\u017eave&#8221;. 15. maja 1945 so pripadniki mednarodnih zavezni\u0161kih sil ve\u010d tiso\u010d pora\u017eenih hrva\u0161kih usta\u0161ev izro\u010dili jugoslovanskim partizanom. Po navedbah hrva\u0161kih virov se je zavezni\u0161kim silam predalo pribli\u017eno 95.000 ljudi, ve\u010dina vojakov. Na Pliber\u0161kem polju so jugoslovanski partizani ustrelili del ujetih hrva\u0161kih vojakov, ostale pa so nekaj mesecev v &#8220;kolonah smrt<\/p>\n","protected":false},"author":1,"featured_media":0,"comment_status":"closed","ping_status":"closed","sticky":false,"template":"","format":"standard","meta":{"footnotes":""},"categories":[1179],"tags":[],"source":[1711],"supertag":[],"acf":[],"yoast_head":"<!-- This site is optimized with the Yoast SEO plugin v21.3 - https:\/\/yoast.com\/wordpress\/plugins\/seo\/ -->\n<title>Na Pliber\u0161kem polju 10.000 Hrvatov in drugih - Hudo Slovenija<\/title>\n<meta name=\"robots\" content=\"index, follow, max-snippet:-1, max-image-preview:large, max-video-preview:-1\" \/>\n<link rel=\"canonical\" href=\"https:\/\/hudo.com\/si\/aktualno\/na-pliberskem-polju-10-000-hrvatov-in-drugih\/\" \/>\n<meta property=\"og:locale\" content=\"sl_SI\" \/>\n<meta property=\"og:type\" content=\"article\" \/>\n<meta property=\"og:title\" content=\"Na Pliber\u0161kem polju 10.000 Hrvatov in drugih - Hudo Slovenija\" \/>\n<meta property=\"og:description\" content=\"Na Pliber\u0161kem polju na Koro\u0161kem v Avstriji se je po podatkih policije danes okoli 10.000 ljudi udele\u017eilo spominske slovesnosti ob obletnici poboja hrva\u0161kih usta\u0161ev kmalu po koncu druge svetovne vojne. Razen manj\u0161ih incidentov je dogodek minil mirno. Ve\u010dina udele\u017eencev je bila s Hrva\u0161ke, pri\u0161li so z okoli sto avtobusi, s 50 avtobusi pa iz BiH in drugih dr\u017eav. Kot je povedal predstavnik policije Rainer Dionisio, je policija proti trem Hrvatom vlo\u017eila prijave zaradi kr\u0161enja zakona o prepovedi poveli\u010devanja nacizma. Dva Hrvata sta pozdravljala z nacisti\u010dnim pozdravom, eden pa je imel na roki tetovirano svastiko. Organizator komemoracije je bil \u010dastni pliber\u0161ki vod, pokrovitelj predsednik hrva\u0161kega sabora Gordan Jandrokovi\u0107 iz HDZ, ki se je tudi udele\u017eil slovesnosti. Posebni odposlanec hrva\u0161ke predsednice je bil minister za dr\u017eavno premo\u017eenje Goran Mari\u0107, odposlanec hrva\u0161kega premierja minister za veterane Tomo Medved, HDZ-ja pa Milijan Brki\u0107. V Pliberku je bil tudi biv\u0161i minister za kulturo, ki je bil sporen zaradi svojih desni\u010darskih stali\u0161\u010d, b. Iz BiH je pri\u0161el biv\u0161i hrva\u0161ki \u010dlan predsedstva BiH Dragan \u010covi\u0107. Pred spominsko slovesnostjo je hrva\u0161ka dr\u017eavna delegacija pod vodstvom Jandrokovi\u0107a danes na Teznem v Mariboru kot vsako leto na ta dan polo\u017eila venec pri spomeniku hrva\u0161kim \u017ertvam povojnih pobojev. Pred soboto so razli\u010dne protifa\u0161isti\u010dne organizacije na avstrijskem Koro\u0161kem na de\u017eelno vlado naslovile zahtevo za prepoved slovesnosti. Kritizirala jo je tudi poslanska skupina Zelenih v de\u017eelnem zboru avstrijske Koro\u0161ke. Ozna\u010dili so jo za &quot;najve\u010dje sre\u010danje revizionistov, neonacistov in prista\u0161ev fa\u0161isti\u010dne dr\u017eave&quot;. 15. maja 1945 so pripadniki mednarodnih zavezni\u0161kih sil ve\u010d tiso\u010d pora\u017eenih hrva\u0161kih usta\u0161ev izro\u010dili jugoslovanskim partizanom. Po navedbah hrva\u0161kih virov se je zavezni\u0161kim silam predalo pribli\u017eno 95.000 ljudi, ve\u010dina vojakov. Na Pliber\u0161kem polju so jugoslovanski partizani ustrelili del ujetih hrva\u0161kih vojakov, ostale pa so nekaj mesecev v &quot;kolonah smrt\" \/>\n<meta property=\"og:url\" content=\"https:\/\/hudo.com\/si\/aktualno\/na-pliberskem-polju-10-000-hrvatov-in-drugih\/\" \/>\n<meta property=\"og:site_name\" content=\"Hudo Slovenija\" \/>\n<meta property=\"article:publisher\" content=\"https:\/\/www.facebook.com\/hudo.si\" \/>\n<meta property=\"article:published_time\" content=\"2017-05-13T15:14:00+00:00\" \/>\n<meta property=\"og:image\" content=\"https:\/\/hudo.com\/si\/wp-content\/uploads\/sites\/2\/2017\/05\/01380990F-300.jpg\" \/>\n\t<meta property=\"og:image:width\" content=\"450\" \/>\n\t<meta property=\"og:image:height\" content=\"300\" \/>\n\t<meta property=\"og:image:type\" content=\"image\/jpeg\" \/>\n<meta name=\"author\" content=\"hudo\" \/>\n<meta name=\"twitter:card\" content=\"summary_large_image\" \/>\n<meta name=\"twitter:creator\" content=\"@hudo_si\" \/>\n<meta name=\"twitter:site\" content=\"@hudo_si\" \/>\n<meta name=\"twitter:label1\" content=\"Written by\" \/>\n\t<meta name=\"twitter:data1\" content=\"hudo\" \/>\n\t<meta name=\"twitter:label2\" content=\"Est. reading time\" \/>\n\t<meta name=\"twitter:data2\" content=\"2 minuti\" \/>\n<script type=\"application\/ld+json\" class=\"yoast-schema-graph\">{\"@context\":\"https:\/\/schema.org\",\"@graph\":[{\"@type\":\"Article\",\"@id\":\"https:\/\/hudo.com\/si\/aktualno\/na-pliberskem-polju-10-000-hrvatov-in-drugih\/#article\",\"isPartOf\":{\"@id\":\"https:\/\/hudo.com\/si\/aktualno\/na-pliberskem-polju-10-000-hrvatov-in-drugih\/\"},\"author\":{\"name\":\"hudo\",\"@id\":\"https:\/\/hudo.com\/si\/#\/schema\/person\/601cf3379633985b20f7e50f2bb47707\"},\"headline\":\"Na Pliber\u0161kem polju 10.000 Hrvatov in drugih\",\"datePublished\":\"2017-05-13T15:14:00+00:00\",\"dateModified\":\"2017-05-13T15:14:00+00:00\",\"mainEntityOfPage\":{\"@id\":\"https:\/\/hudo.com\/si\/aktualno\/na-pliberskem-polju-10-000-hrvatov-in-drugih\/\"},\"wordCount\":346,\"publisher\":{\"@id\":\"https:\/\/hudo.com\/si\/#organization\"},\"articleSection\":[\"Aktualno\"],\"inLanguage\":\"sl-SI\"},{\"@type\":\"WebPage\",\"@id\":\"https:\/\/hudo.com\/si\/aktualno\/na-pliberskem-polju-10-000-hrvatov-in-drugih\/\",\"url\":\"https:\/\/hudo.com\/si\/aktualno\/na-pliberskem-polju-10-000-hrvatov-in-drugih\/\",\"name\":\"Na Pliber\u0161kem polju 10.000 Hrvatov in drugih - Hudo Slovenija\",\"isPartOf\":{\"@id\":\"https:\/\/hudo.com\/si\/#website\"},\"datePublished\":\"2017-05-13T15:14:00+00:00\",\"dateModified\":\"2017-05-13T15:14:00+00:00\",\"breadcrumb\":{\"@id\":\"https:\/\/hudo.com\/si\/aktualno\/na-pliberskem-polju-10-000-hrvatov-in-drugih\/#breadcrumb\"},\"inLanguage\":\"sl-SI\",\"potentialAction\":[{\"@type\":\"ReadAction\",\"target\":[\"https:\/\/hudo.com\/si\/aktualno\/na-pliberskem-polju-10-000-hrvatov-in-drugih\/\"]}]},{\"@type\":\"BreadcrumbList\",\"@id\":\"https:\/\/hudo.com\/si\/aktualno\/na-pliberskem-polju-10-000-hrvatov-in-drugih\/#breadcrumb\",\"itemListElement\":[{\"@type\":\"ListItem\",\"position\":1,\"name\":\"Home\",\"item\":\"https:\/\/hudo.com\/si\/\"},{\"@type\":\"ListItem\",\"position\":2,\"name\":\"Na Pliber\u0161kem polju 10.000 Hrvatov in drugih\"}]},{\"@type\":\"WebSite\",\"@id\":\"https:\/\/hudo.com\/si\/#website\",\"url\":\"https:\/\/hudo.com\/si\/\",\"name\":\"Hudo Slovenija\",\"description\":\"Vse novice iz Slovenije in sveta\",\"publisher\":{\"@id\":\"https:\/\/hudo.com\/si\/#organization\"},\"potentialAction\":[{\"@type\":\"SearchAction\",\"target\":{\"@type\":\"EntryPoint\",\"urlTemplate\":\"https:\/\/hudo.com\/si\/?s={search_term_string}\"},\"query-input\":\"required name=search_term_string\"}],\"inLanguage\":\"sl-SI\"},{\"@type\":\"Organization\",\"@id\":\"https:\/\/hudo.com\/si\/#organization\",\"name\":\"VSN Media\",\"url\":\"https:\/\/hudo.com\/si\/\",\"logo\":{\"@type\":\"ImageObject\",\"inLanguage\":\"sl-SI\",\"@id\":\"https:\/\/hudo.com\/si\/#\/schema\/logo\/image\/\",\"url\":\"https:\/\/hudo.com\/si\/wp-content\/uploads\/sites\/2\/2021\/03\/hudo-app-2.png\",\"contentUrl\":\"https:\/\/hudo.com\/si\/wp-content\/uploads\/sites\/2\/2021\/03\/hudo-app-2.png\",\"width\":2185,\"height\":2167,\"caption\":\"VSN Media\"},\"image\":{\"@id\":\"https:\/\/hudo.com\/si\/#\/schema\/logo\/image\/\"},\"sameAs\":[\"https:\/\/www.facebook.com\/hudo.si\",\"https:\/\/twitter.com\/hudo_si\"]},{\"@type\":\"Person\",\"@id\":\"https:\/\/hudo.com\/si\/#\/schema\/person\/601cf3379633985b20f7e50f2bb47707\",\"name\":\"hudo\",\"image\":{\"@type\":\"ImageObject\",\"inLanguage\":\"sl-SI\",\"@id\":\"https:\/\/hudo.com\/si\/#\/schema\/person\/image\/\",\"url\":\"https:\/\/secure.gravatar.com\/avatar\/c4ca25fa72cace7a696b52ff5db9e095?s=96&d=mm&r=g\",\"contentUrl\":\"https:\/\/secure.gravatar.com\/avatar\/c4ca25fa72cace7a696b52ff5db9e095?s=96&d=mm&r=g\",\"caption\":\"hudo\"},\"url\":\"https:\/\/hudo.com\/si\/author\/hudo\/\"}]}<\/script>\n<!-- \/ Yoast SEO plugin. -->","yoast_head_json":{"title":"Na Pliber\u0161kem polju 10.000 Hrvatov in drugih - Hudo Slovenija","robots":{"index":"index","follow":"follow","max-snippet":"max-snippet:-1","max-image-preview":"max-image-preview:large","max-video-preview":"max-video-preview:-1"},"canonical":"https:\/\/hudo.com\/si\/aktualno\/na-pliberskem-polju-10-000-hrvatov-in-drugih\/","og_locale":"sl_SI","og_type":"article","og_title":"Na Pliber\u0161kem polju 10.000 Hrvatov in drugih - Hudo Slovenija","og_description":"Na Pliber\u0161kem polju na Koro\u0161kem v Avstriji se je po podatkih policije danes okoli 10.000 ljudi udele\u017eilo spominske slovesnosti ob obletnici poboja hrva\u0161kih usta\u0161ev kmalu po koncu druge svetovne vojne. Razen manj\u0161ih incidentov je dogodek minil mirno. Ve\u010dina udele\u017eencev je bila s Hrva\u0161ke, pri\u0161li so z okoli sto avtobusi, s 50 avtobusi pa iz BiH in drugih dr\u017eav. Kot je povedal predstavnik policije Rainer Dionisio, je policija proti trem Hrvatom vlo\u017eila prijave zaradi kr\u0161enja zakona o prepovedi poveli\u010devanja nacizma. Dva Hrvata sta pozdravljala z nacisti\u010dnim pozdravom, eden pa je imel na roki tetovirano svastiko. Organizator komemoracije je bil \u010dastni pliber\u0161ki vod, pokrovitelj predsednik hrva\u0161kega sabora Gordan Jandrokovi\u0107 iz HDZ, ki se je tudi udele\u017eil slovesnosti. Posebni odposlanec hrva\u0161ke predsednice je bil minister za dr\u017eavno premo\u017eenje Goran Mari\u0107, odposlanec hrva\u0161kega premierja minister za veterane Tomo Medved, HDZ-ja pa Milijan Brki\u0107. V Pliberku je bil tudi biv\u0161i minister za kulturo, ki je bil sporen zaradi svojih desni\u010darskih stali\u0161\u010d, b. Iz BiH je pri\u0161el biv\u0161i hrva\u0161ki \u010dlan predsedstva BiH Dragan \u010covi\u0107. Pred spominsko slovesnostjo je hrva\u0161ka dr\u017eavna delegacija pod vodstvom Jandrokovi\u0107a danes na Teznem v Mariboru kot vsako leto na ta dan polo\u017eila venec pri spomeniku hrva\u0161kim \u017ertvam povojnih pobojev. Pred soboto so razli\u010dne protifa\u0161isti\u010dne organizacije na avstrijskem Koro\u0161kem na de\u017eelno vlado naslovile zahtevo za prepoved slovesnosti. Kritizirala jo je tudi poslanska skupina Zelenih v de\u017eelnem zboru avstrijske Koro\u0161ke. Ozna\u010dili so jo za \"najve\u010dje sre\u010danje revizionistov, neonacistov in prista\u0161ev fa\u0161isti\u010dne dr\u017eave\". 15. maja 1945 so pripadniki mednarodnih zavezni\u0161kih sil ve\u010d tiso\u010d pora\u017eenih hrva\u0161kih usta\u0161ev izro\u010dili jugoslovanskim partizanom. Po navedbah hrva\u0161kih virov se je zavezni\u0161kim silam predalo pribli\u017eno 95.000 ljudi, ve\u010dina vojakov. Na Pliber\u0161kem polju so jugoslovanski partizani ustrelili del ujetih hrva\u0161kih vojakov, ostale pa so nekaj mesecev v \"kolonah smrt","og_url":"https:\/\/hudo.com\/si\/aktualno\/na-pliberskem-polju-10-000-hrvatov-in-drugih\/","og_site_name":"Hudo Slovenija","article_publisher":"https:\/\/www.facebook.com\/hudo.si","article_published_time":"2017-05-13T15:14:00+00:00","og_image":[{"width":450,"height":300,"url":"https:\/\/hudo.com\/si\/wp-content\/uploads\/sites\/2\/2017\/05\/01380990F-300.jpg","type":"image\/jpeg"}],"author":"hudo","twitter_card":"summary_large_image","twitter_creator":"@hudo_si","twitter_site":"@hudo_si","twitter_misc":{"Written by":"hudo","Est. reading time":"2 minuti"},"schema":{"@context":"https:\/\/schema.org","@graph":[{"@type":"Article","@id":"https:\/\/hudo.com\/si\/aktualno\/na-pliberskem-polju-10-000-hrvatov-in-drugih\/#article","isPartOf":{"@id":"https:\/\/hudo.com\/si\/aktualno\/na-pliberskem-polju-10-000-hrvatov-in-drugih\/"},"author":{"name":"hudo","@id":"https:\/\/hudo.com\/si\/#\/schema\/person\/601cf3379633985b20f7e50f2bb47707"},"headline":"Na Pliber\u0161kem polju 10.000 Hrvatov in drugih","datePublished":"2017-05-13T15:14:00+00:00","dateModified":"2017-05-13T15:14:00+00:00","mainEntityOfPage":{"@id":"https:\/\/hudo.com\/si\/aktualno\/na-pliberskem-polju-10-000-hrvatov-in-drugih\/"},"wordCount":346,"publisher":{"@id":"https:\/\/hudo.com\/si\/#organization"},"articleSection":["Aktualno"],"inLanguage":"sl-SI"},{"@type":"WebPage","@id":"https:\/\/hudo.com\/si\/aktualno\/na-pliberskem-polju-10-000-hrvatov-in-drugih\/","url":"https:\/\/hudo.com\/si\/aktualno\/na-pliberskem-polju-10-000-hrvatov-in-drugih\/","name":"Na Pliber\u0161kem polju 10.000 Hrvatov in drugih - Hudo Slovenija","isPartOf":{"@id":"https:\/\/hudo.com\/si\/#website"},"datePublished":"2017-05-13T15:14:00+00:00","dateModified":"2017-05-13T15:14:00+00:00","breadcrumb":{"@id":"https:\/\/hudo.com\/si\/aktualno\/na-pliberskem-polju-10-000-hrvatov-in-drugih\/#breadcrumb"},"inLanguage":"sl-SI","potentialAction":[{"@type":"ReadAction","target":["https:\/\/hudo.com\/si\/aktualno\/na-pliberskem-polju-10-000-hrvatov-in-drugih\/"]}]},{"@type":"BreadcrumbList","@id":"https:\/\/hudo.com\/si\/aktualno\/na-pliberskem-polju-10-000-hrvatov-in-drugih\/#breadcrumb","itemListElement":[{"@type":"ListItem","position":1,"name":"Home","item":"https:\/\/hudo.com\/si\/"},{"@type":"ListItem","position":2,"name":"Na Pliber\u0161kem polju 10.000 Hrvatov in drugih"}]},{"@type":"WebSite","@id":"https:\/\/hudo.com\/si\/#website","url":"https:\/\/hudo.com\/si\/","name":"Hudo Slovenija","description":"Vse novice iz Slovenije in sveta","publisher":{"@id":"https:\/\/hudo.com\/si\/#organization"},"potentialAction":[{"@type":"SearchAction","target":{"@type":"EntryPoint","urlTemplate":"https:\/\/hudo.com\/si\/?s={search_term_string}"},"query-input":"required name=search_term_string"}],"inLanguage":"sl-SI"},{"@type":"Organization","@id":"https:\/\/hudo.com\/si\/#organization","name":"VSN Media","url":"https:\/\/hudo.com\/si\/","logo":{"@type":"ImageObject","inLanguage":"sl-SI","@id":"https:\/\/hudo.com\/si\/#\/schema\/logo\/image\/","url":"https:\/\/hudo.com\/si\/wp-content\/uploads\/sites\/2\/2021\/03\/hudo-app-2.png","contentUrl":"https:\/\/hudo.com\/si\/wp-content\/uploads\/sites\/2\/2021\/03\/hudo-app-2.png","width":2185,"height":2167,"caption":"VSN Media"},"image":{"@id":"https:\/\/hudo.com\/si\/#\/schema\/logo\/image\/"},"sameAs":["https:\/\/www.facebook.com\/hudo.si","https:\/\/twitter.com\/hudo_si"]},{"@type":"Person","@id":"https:\/\/hudo.com\/si\/#\/schema\/person\/601cf3379633985b20f7e50f2bb47707","name":"hudo","image":{"@type":"ImageObject","inLanguage":"sl-SI","@id":"https:\/\/hudo.com\/si\/#\/schema\/person\/image\/","url":"https:\/\/secure.gravatar.com\/avatar\/c4ca25fa72cace7a696b52ff5db9e095?s=96&d=mm&r=g","contentUrl":"https:\/\/secure.gravatar.com\/avatar\/c4ca25fa72cace7a696b52ff5db9e095?s=96&d=mm&r=g","caption":"hudo"},"url":"https:\/\/hudo.com\/si\/author\/hudo\/"}]}},"amp_enabled":true,"_links":{"self":[{"href":"https:\/\/hudo.com\/si\/wp-json\/wp\/v2\/posts\/254868"}],"collection":[{"href":"https:\/\/hudo.com\/si\/wp-json\/wp\/v2\/posts"}],"about":[{"href":"https:\/\/hudo.com\/si\/wp-json\/wp\/v2\/types\/post"}],"author":[{"embeddable":true,"href":"https:\/\/hudo.com\/si\/wp-json\/wp\/v2\/users\/1"}],"replies":[{"embeddable":true,"href":"https:\/\/hudo.com\/si\/wp-json\/wp\/v2\/comments?post=254868"}],"version-history":[{"count":0,"href":"https:\/\/hudo.com\/si\/wp-json\/wp\/v2\/posts\/254868\/revisions"}],"wp:attachment":[{"href":"https:\/\/hudo.com\/si\/wp-json\/wp\/v2\/media?parent=254868"}],"wp:term":[{"taxonomy":"category","embeddable":true,"href":"https:\/\/hudo.com\/si\/wp-json\/wp\/v2\/categories?post=254868"},{"taxonomy":"post_tag","embeddable":true,"href":"https:\/\/hudo.com\/si\/wp-json\/wp\/v2\/tags?post=254868"},{"taxonomy":"source","embeddable":true,"href":"https:\/\/hudo.com\/si\/wp-json\/wp\/v2\/source?post=254868"},{"taxonomy":"supertag","embeddable":true,"href":"https:\/\/hudo.com\/si\/wp-json\/wp\/v2\/supertag?post=254868"}],"curies":[{"name":"wp","href":"https:\/\/api.w.org\/{rel}","templated":true}]}}