{"id":254935,"date":"2017-05-14T09:54:18","date_gmt":"2017-05-14T07:54:18","guid":{"rendered":"http:\/\/hudo.com\/si\/?p=254935"},"modified":"2017-05-14T09:54:18","modified_gmt":"2017-05-14T07:54:18","slug":"mocan-potres-v-iranu-terjal-najmanj-dve-smrtni-zrtvi-vec-sto-ranjenih","status":"publish","type":"post","link":"https:\/\/hudo.com\/si\/aktualno\/mocan-potres-v-iranu-terjal-najmanj-dve-smrtni-zrtvi-vec-sto-ranjenih\/","title":{"rendered":"Mo\u010dan potres v Iranu terjal najmanj dve smrtni \u017ertvi, ve\u010d sto ranjenih"},"content":{"rendered":"<div class=\"text\">\n<p>\u017dari\u0161\u010de potresa je bilo 12,5 kilometra pod zemeljskim povr\u0161jem kakih 50 kilometrov od iranske meje s Turkmenistanom, poro\u010da francoska tiskovna agencija AFP.<\/p>\n<p>Iran le\u017ei na potresno zelo aktivnem obmo\u010dju. Nazadnje je potres z mo\u010djo 6,1 stresel mesto Ma\u0161had jugovzhodno od Bojnurda, pri \u010demer sta umrla dva \u010dloveka. Leta 2003 je v katastrofalnem potresu v mestu Bam na jugovzhodu dr\u017eave umrlo najmanj 31.000 ljudi.<\/p>\n<\/div>\n","protected":false},"excerpt":{"rendered":"<p>Iransko mesto Bojnurd na severovzhodu dr\u017eave je v soboto zve\u010der prizadel potres z magnitudo 5,7, v katerem sta umrla najmanj dva \u010dloveka, ve\u010d sto pa je ranjenih, poro\u010dajo tamkaj\u0161nji mediji. Povzro\u010dil je tudi veliko gmotno \u0161kodo, saj je po prvih ocenah na obmo\u010dju po\u0161kodovanih okoli 40 odstotkov stavb.<\/p>\n","protected":false},"author":5,"featured_media":171591,"comment_status":"closed","ping_status":"closed","sticky":false,"template":"","format":"standard","meta":{"footnotes":""},"categories":[1179],"tags":[5704,3718],"source":[4511],"supertag":[6103],"acf":[],"yoast_head":"<!-- This site is optimized with the Yoast SEO plugin v21.3 - https:\/\/yoast.com\/wordpress\/plugins\/seo\/ -->\n<title>Mo\u010dan potres v Iranu terjal najmanj dve smrtni \u017ertvi, ve\u010d sto ranjenih - Hudo Slovenija<\/title>\n<meta name=\"robots\" content=\"index, follow, max-snippet:-1, max-image-preview:large, max-video-preview:-1\" \/>\n<link rel=\"canonical\" href=\"https:\/\/hudo.com\/si\/aktualno\/mocan-potres-v-iranu-terjal-najmanj-dve-smrtni-zrtvi-vec-sto-ranjenih\/\" \/>\n<meta property=\"og:locale\" content=\"sl_SI\" \/>\n<meta property=\"og:type\" content=\"article\" \/>\n<meta property=\"og:title\" content=\"Mo\u010dan potres v Iranu terjal najmanj dve smrtni \u017ertvi, ve\u010d sto ranjenih - Hudo Slovenija\" \/>\n<meta property=\"og:description\" content=\"Iransko mesto Bojnurd na severovzhodu dr\u017eave je v soboto zve\u010der prizadel potres z magnitudo 5,7, v katerem sta umrla najmanj dva \u010dloveka, ve\u010d sto pa je ranjenih, poro\u010dajo tamkaj\u0161nji mediji. Povzro\u010dil je tudi veliko gmotno \u0161kodo, saj je po prvih ocenah na obmo\u010dju po\u0161kodovanih okoli 40 odstotkov stavb.\" \/>\n<meta property=\"og:url\" content=\"https:\/\/hudo.com\/si\/aktualno\/mocan-potres-v-iranu-terjal-najmanj-dve-smrtni-zrtvi-vec-sto-ranjenih\/\" \/>\n<meta property=\"og:site_name\" content=\"Hudo Slovenija\" \/>\n<meta property=\"article:publisher\" content=\"https:\/\/www.facebook.com\/hudo.si\" \/>\n<meta property=\"article:published_time\" content=\"2017-05-14T07:54:18+00:00\" \/>\n<meta property=\"og:image\" content=\"https:\/\/hudo.com\/si\/wp-content\/uploads\/sites\/2\/2016\/11\/profimedia-0294275091.jpg\" \/>\n\t<meta property=\"og:image:width\" content=\"1250\" \/>\n\t<meta property=\"og:image:height\" content=\"786\" \/>\n\t<meta property=\"og:image:type\" content=\"image\/jpeg\" \/>\n<meta name=\"author\" content=\"A. G., STA\" \/>\n<meta name=\"twitter:card\" content=\"summary_large_image\" \/>\n<meta name=\"twitter:creator\" content=\"@hudo_si\" \/>\n<meta name=\"twitter:site\" content=\"@hudo_si\" \/>\n<meta name=\"twitter:label1\" content=\"Written by\" \/>\n\t<meta name=\"twitter:data1\" content=\"A. G., STA\" \/>\n<script type=\"application\/ld+json\" class=\"yoast-schema-graph\">{\"@context\":\"https:\/\/schema.org\",\"@graph\":[{\"@type\":\"Article\",\"@id\":\"https:\/\/hudo.com\/si\/aktualno\/mocan-potres-v-iranu-terjal-najmanj-dve-smrtni-zrtvi-vec-sto-ranjenih\/#article\",\"isPartOf\":{\"@id\":\"https:\/\/hudo.com\/si\/aktualno\/mocan-potres-v-iranu-terjal-najmanj-dve-smrtni-zrtvi-vec-sto-ranjenih\/\"},\"author\":{\"name\":\"A. G., STA\",\"@id\":\"https:\/\/hudo.com\/si\/#\/schema\/person\/2391667a63ea075ba94f2f2dc6b77537\"},\"headline\":\"Mo\u010dan potres v Iranu terjal najmanj dve smrtni \u017ertvi, ve\u010d sto ranjenih\",\"datePublished\":\"2017-05-14T07:54:18+00:00\",\"dateModified\":\"2017-05-14T07:54:18+00:00\",\"mainEntityOfPage\":{\"@id\":\"https:\/\/hudo.com\/si\/aktualno\/mocan-potres-v-iranu-terjal-najmanj-dve-smrtni-zrtvi-vec-sto-ranjenih\/\"},\"wordCount\":79,\"publisher\":{\"@id\":\"https:\/\/hudo.com\/si\/#organization\"},\"keywords\":[\"Iran\",\"potres\"],\"articleSection\":[\"Aktualno\"],\"inLanguage\":\"sl-SI\"},{\"@type\":\"WebPage\",\"@id\":\"https:\/\/hudo.com\/si\/aktualno\/mocan-potres-v-iranu-terjal-najmanj-dve-smrtni-zrtvi-vec-sto-ranjenih\/\",\"url\":\"https:\/\/hudo.com\/si\/aktualno\/mocan-potres-v-iranu-terjal-najmanj-dve-smrtni-zrtvi-vec-sto-ranjenih\/\",\"name\":\"Mo\u010dan potres v Iranu terjal najmanj dve smrtni \u017ertvi, ve\u010d sto ranjenih - Hudo Slovenija\",\"isPartOf\":{\"@id\":\"https:\/\/hudo.com\/si\/#website\"},\"datePublished\":\"2017-05-14T07:54:18+00:00\",\"dateModified\":\"2017-05-14T07:54:18+00:00\",\"breadcrumb\":{\"@id\":\"https:\/\/hudo.com\/si\/aktualno\/mocan-potres-v-iranu-terjal-najmanj-dve-smrtni-zrtvi-vec-sto-ranjenih\/#breadcrumb\"},\"inLanguage\":\"sl-SI\",\"potentialAction\":[{\"@type\":\"ReadAction\",\"target\":[\"https:\/\/hudo.com\/si\/aktualno\/mocan-potres-v-iranu-terjal-najmanj-dve-smrtni-zrtvi-vec-sto-ranjenih\/\"]}]},{\"@type\":\"BreadcrumbList\",\"@id\":\"https:\/\/hudo.com\/si\/aktualno\/mocan-potres-v-iranu-terjal-najmanj-dve-smrtni-zrtvi-vec-sto-ranjenih\/#breadcrumb\",\"itemListElement\":[{\"@type\":\"ListItem\",\"position\":1,\"name\":\"Home\",\"item\":\"https:\/\/hudo.com\/si\/\"},{\"@type\":\"ListItem\",\"position\":2,\"name\":\"Mo\u010dan potres v Iranu terjal najmanj dve smrtni \u017ertvi, ve\u010d sto ranjenih\"}]},{\"@type\":\"WebSite\",\"@id\":\"https:\/\/hudo.com\/si\/#website\",\"url\":\"https:\/\/hudo.com\/si\/\",\"name\":\"Hudo Slovenija\",\"description\":\"Vse novice iz Slovenije in sveta\",\"publisher\":{\"@id\":\"https:\/\/hudo.com\/si\/#organization\"},\"potentialAction\":[{\"@type\":\"SearchAction\",\"target\":{\"@type\":\"EntryPoint\",\"urlTemplate\":\"https:\/\/hudo.com\/si\/?s={search_term_string}\"},\"query-input\":\"required name=search_term_string\"}],\"inLanguage\":\"sl-SI\"},{\"@type\":\"Organization\",\"@id\":\"https:\/\/hudo.com\/si\/#organization\",\"name\":\"VSN Media\",\"url\":\"https:\/\/hudo.com\/si\/\",\"logo\":{\"@type\":\"ImageObject\",\"inLanguage\":\"sl-SI\",\"@id\":\"https:\/\/hudo.com\/si\/#\/schema\/logo\/image\/\",\"url\":\"https:\/\/hudo.com\/si\/wp-content\/uploads\/sites\/2\/2021\/03\/hudo-app-2.png\",\"contentUrl\":\"https:\/\/hudo.com\/si\/wp-content\/uploads\/sites\/2\/2021\/03\/hudo-app-2.png\",\"width\":2185,\"height\":2167,\"caption\":\"VSN Media\"},\"image\":{\"@id\":\"https:\/\/hudo.com\/si\/#\/schema\/logo\/image\/\"},\"sameAs\":[\"https:\/\/www.facebook.com\/hudo.si\",\"https:\/\/twitter.com\/hudo_si\"]},{\"@type\":\"Person\",\"@id\":\"https:\/\/hudo.com\/si\/#\/schema\/person\/2391667a63ea075ba94f2f2dc6b77537\",\"name\":\"A. G., STA\",\"image\":{\"@type\":\"ImageObject\",\"inLanguage\":\"sl-SI\",\"@id\":\"https:\/\/hudo.com\/si\/#\/schema\/person\/image\/\",\"url\":\"https:\/\/secure.gravatar.com\/avatar\/e13d22ac3e442658d5025fbbe6238a79?s=96&d=mm&r=g\",\"contentUrl\":\"https:\/\/secure.gravatar.com\/avatar\/e13d22ac3e442658d5025fbbe6238a79?s=96&d=mm&r=g\",\"caption\":\"A. G., STA\"},\"url\":\"https:\/\/hudo.com\/si\/author\/alenka\/\"}]}<\/script>\n<!-- \/ Yoast SEO plugin. -->","yoast_head_json":{"title":"Mo\u010dan potres v Iranu terjal najmanj dve smrtni \u017ertvi, ve\u010d sto ranjenih - Hudo Slovenija","robots":{"index":"index","follow":"follow","max-snippet":"max-snippet:-1","max-image-preview":"max-image-preview:large","max-video-preview":"max-video-preview:-1"},"canonical":"https:\/\/hudo.com\/si\/aktualno\/mocan-potres-v-iranu-terjal-najmanj-dve-smrtni-zrtvi-vec-sto-ranjenih\/","og_locale":"sl_SI","og_type":"article","og_title":"Mo\u010dan potres v Iranu terjal najmanj dve smrtni \u017ertvi, ve\u010d sto ranjenih - Hudo Slovenija","og_description":"Iransko mesto Bojnurd na severovzhodu dr\u017eave je v soboto zve\u010der prizadel potres z magnitudo 5,7, v katerem sta umrla najmanj dva \u010dloveka, ve\u010d sto pa je ranjenih, poro\u010dajo tamkaj\u0161nji mediji. Povzro\u010dil je tudi veliko gmotno \u0161kodo, saj je po prvih ocenah na obmo\u010dju po\u0161kodovanih okoli 40 odstotkov stavb.","og_url":"https:\/\/hudo.com\/si\/aktualno\/mocan-potres-v-iranu-terjal-najmanj-dve-smrtni-zrtvi-vec-sto-ranjenih\/","og_site_name":"Hudo Slovenija","article_publisher":"https:\/\/www.facebook.com\/hudo.si","article_published_time":"2017-05-14T07:54:18+00:00","og_image":[{"width":1250,"height":786,"url":"https:\/\/hudo.com\/si\/wp-content\/uploads\/sites\/2\/2016\/11\/profimedia-0294275091.jpg","type":"image\/jpeg"}],"author":"A. G., STA","twitter_card":"summary_large_image","twitter_creator":"@hudo_si","twitter_site":"@hudo_si","twitter_misc":{"Written by":"A. G., STA"},"schema":{"@context":"https:\/\/schema.org","@graph":[{"@type":"Article","@id":"https:\/\/hudo.com\/si\/aktualno\/mocan-potres-v-iranu-terjal-najmanj-dve-smrtni-zrtvi-vec-sto-ranjenih\/#article","isPartOf":{"@id":"https:\/\/hudo.com\/si\/aktualno\/mocan-potres-v-iranu-terjal-najmanj-dve-smrtni-zrtvi-vec-sto-ranjenih\/"},"author":{"name":"A. G., STA","@id":"https:\/\/hudo.com\/si\/#\/schema\/person\/2391667a63ea075ba94f2f2dc6b77537"},"headline":"Mo\u010dan potres v Iranu terjal najmanj dve smrtni \u017ertvi, ve\u010d sto ranjenih","datePublished":"2017-05-14T07:54:18+00:00","dateModified":"2017-05-14T07:54:18+00:00","mainEntityOfPage":{"@id":"https:\/\/hudo.com\/si\/aktualno\/mocan-potres-v-iranu-terjal-najmanj-dve-smrtni-zrtvi-vec-sto-ranjenih\/"},"wordCount":79,"publisher":{"@id":"https:\/\/hudo.com\/si\/#organization"},"keywords":["Iran","potres"],"articleSection":["Aktualno"],"inLanguage":"sl-SI"},{"@type":"WebPage","@id":"https:\/\/hudo.com\/si\/aktualno\/mocan-potres-v-iranu-terjal-najmanj-dve-smrtni-zrtvi-vec-sto-ranjenih\/","url":"https:\/\/hudo.com\/si\/aktualno\/mocan-potres-v-iranu-terjal-najmanj-dve-smrtni-zrtvi-vec-sto-ranjenih\/","name":"Mo\u010dan potres v Iranu terjal najmanj dve smrtni \u017ertvi, ve\u010d sto ranjenih - Hudo Slovenija","isPartOf":{"@id":"https:\/\/hudo.com\/si\/#website"},"datePublished":"2017-05-14T07:54:18+00:00","dateModified":"2017-05-14T07:54:18+00:00","breadcrumb":{"@id":"https:\/\/hudo.com\/si\/aktualno\/mocan-potres-v-iranu-terjal-najmanj-dve-smrtni-zrtvi-vec-sto-ranjenih\/#breadcrumb"},"inLanguage":"sl-SI","potentialAction":[{"@type":"ReadAction","target":["https:\/\/hudo.com\/si\/aktualno\/mocan-potres-v-iranu-terjal-najmanj-dve-smrtni-zrtvi-vec-sto-ranjenih\/"]}]},{"@type":"BreadcrumbList","@id":"https:\/\/hudo.com\/si\/aktualno\/mocan-potres-v-iranu-terjal-najmanj-dve-smrtni-zrtvi-vec-sto-ranjenih\/#breadcrumb","itemListElement":[{"@type":"ListItem","position":1,"name":"Home","item":"https:\/\/hudo.com\/si\/"},{"@type":"ListItem","position":2,"name":"Mo\u010dan potres v Iranu terjal najmanj dve smrtni \u017ertvi, ve\u010d sto ranjenih"}]},{"@type":"WebSite","@id":"https:\/\/hudo.com\/si\/#website","url":"https:\/\/hudo.com\/si\/","name":"Hudo Slovenija","description":"Vse novice iz Slovenije in sveta","publisher":{"@id":"https:\/\/hudo.com\/si\/#organization"},"potentialAction":[{"@type":"SearchAction","target":{"@type":"EntryPoint","urlTemplate":"https:\/\/hudo.com\/si\/?s={search_term_string}"},"query-input":"required name=search_term_string"}],"inLanguage":"sl-SI"},{"@type":"Organization","@id":"https:\/\/hudo.com\/si\/#organization","name":"VSN Media","url":"https:\/\/hudo.com\/si\/","logo":{"@type":"ImageObject","inLanguage":"sl-SI","@id":"https:\/\/hudo.com\/si\/#\/schema\/logo\/image\/","url":"https:\/\/hudo.com\/si\/wp-content\/uploads\/sites\/2\/2021\/03\/hudo-app-2.png","contentUrl":"https:\/\/hudo.com\/si\/wp-content\/uploads\/sites\/2\/2021\/03\/hudo-app-2.png","width":2185,"height":2167,"caption":"VSN Media"},"image":{"@id":"https:\/\/hudo.com\/si\/#\/schema\/logo\/image\/"},"sameAs":["https:\/\/www.facebook.com\/hudo.si","https:\/\/twitter.com\/hudo_si"]},{"@type":"Person","@id":"https:\/\/hudo.com\/si\/#\/schema\/person\/2391667a63ea075ba94f2f2dc6b77537","name":"A. G., STA","image":{"@type":"ImageObject","inLanguage":"sl-SI","@id":"https:\/\/hudo.com\/si\/#\/schema\/person\/image\/","url":"https:\/\/secure.gravatar.com\/avatar\/e13d22ac3e442658d5025fbbe6238a79?s=96&d=mm&r=g","contentUrl":"https:\/\/secure.gravatar.com\/avatar\/e13d22ac3e442658d5025fbbe6238a79?s=96&d=mm&r=g","caption":"A. G., STA"},"url":"https:\/\/hudo.com\/si\/author\/alenka\/"}]}},"amp_enabled":true,"_links":{"self":[{"href":"https:\/\/hudo.com\/si\/wp-json\/wp\/v2\/posts\/254935"}],"collection":[{"href":"https:\/\/hudo.com\/si\/wp-json\/wp\/v2\/posts"}],"about":[{"href":"https:\/\/hudo.com\/si\/wp-json\/wp\/v2\/types\/post"}],"author":[{"embeddable":true,"href":"https:\/\/hudo.com\/si\/wp-json\/wp\/v2\/users\/5"}],"replies":[{"embeddable":true,"href":"https:\/\/hudo.com\/si\/wp-json\/wp\/v2\/comments?post=254935"}],"version-history":[{"count":1,"href":"https:\/\/hudo.com\/si\/wp-json\/wp\/v2\/posts\/254935\/revisions"}],"predecessor-version":[{"id":254936,"href":"https:\/\/hudo.com\/si\/wp-json\/wp\/v2\/posts\/254935\/revisions\/254936"}],"wp:featuredmedia":[{"embeddable":true,"href":"https:\/\/hudo.com\/si\/wp-json\/wp\/v2\/media\/171591"}],"wp:attachment":[{"href":"https:\/\/hudo.com\/si\/wp-json\/wp\/v2\/media?parent=254935"}],"wp:term":[{"taxonomy":"category","embeddable":true,"href":"https:\/\/hudo.com\/si\/wp-json\/wp\/v2\/categories?post=254935"},{"taxonomy":"post_tag","embeddable":true,"href":"https:\/\/hudo.com\/si\/wp-json\/wp\/v2\/tags?post=254935"},{"taxonomy":"source","embeddable":true,"href":"https:\/\/hudo.com\/si\/wp-json\/wp\/v2\/source?post=254935"},{"taxonomy":"supertag","embeddable":true,"href":"https:\/\/hudo.com\/si\/wp-json\/wp\/v2\/supertag?post=254935"}],"curies":[{"name":"wp","href":"https:\/\/api.w.org\/{rel}","templated":true}]}}