{"id":255003,"date":"2017-05-14T10:00:00","date_gmt":"2017-05-14T08:00:00","guid":{"rendered":"http:\/\/hudo.com\/si\/2017\/05\/14\/najprej-za-uho-in-oko-nato-upam-se-vsebina\/"},"modified":"2017-05-14T10:00:00","modified_gmt":"2017-05-14T08:00:00","slug":"najprej-za-uho-in-oko-nato-upam-se-vsebina","status":"publish","type":"post","link":"https:\/\/hudo.com\/si\/aktualno\/najprej-za-uho-in-oko-nato-upam-se-vsebina\/","title":{"rendered":"Najprej za uho in oko, nato, upam, \u0161e vsebina"},"content":{"rendered":"<p>Kategorija: Kolumne Sun, 14 May 2017 12:00:00 +0200  Na eni strani pompozno napovedovanje kadrovskih okrepitev v voditeljsko-komentatorskem mo\u0161tvu, na drugi bole\u010de razkritje, da izgubljajo bitko s \u010dasom in trendi. Ampak dogaja se. Tudi to nekaj \u0161teje. Priznam, tudi mene so po\u0161teno vznemirili premiki\u00a0na televizijskem boji\u0161\u010du, na katerem se \u0161portno merijo\u00a0komercialke (POP TV, Sport klub, Sport TV) in nacionalka (RTV SLO). Novi prvi mo\u017e na\u0161e \u00bbjavne hi\u0161e\u00ab se je nekako \u017ee sprijaznil s tem, da je izgubil\u00a0bitko, ki je bila sicer izgubljena \u017ee davno prej. Samo vpra\u0161anje \u010dasa je bilo, kdaj bo najmo\u010dnej\u0161a komercialka pod svoje okrilje spravila vse, kar je zanimivega, predvsem tr\u017eno donosnega.\u00a0Toda je bilo nacionalkino izhodi\u0161\u010de ob njenem opravljenem poslanstvu resni\u010dno tako slabo, da ne bi mogla izvle\u010di ve\u010d in si \u0161e za nekaj let zagotoviti ekskluzive ter v tem obdobju dodobra spremeniti programskih izhodi\u0161\u010d in\u00a0&#8230;<\/p>\n","protected":false},"excerpt":{"rendered":"<p>Kategorija: Kolumne Sun, 14 May 2017 12:00:00 +0200  Na eni strani pompozno napovedovanje kadrovskih okrepitev v voditeljsko-komentatorskem mo\u0161tvu, na drugi bole\u010de razkritje, da izgubljajo bitko s \u010dasom in trendi. Ampak dogaja se. Tudi to nekaj \u0161teje. Priznam, tudi mene so po\u0161teno vznemirili premiki\u00a0na televizijskem boji\u0161\u010du, na katerem se \u0161portno merijo\u00a0komercialke (POP TV, Sport klub, Sport TV) in nacionalka (RTV SLO). Novi prvi mo\u017e na\u0161e \u00bbjavne hi\u0161e\u00ab se je nekako \u017ee sprijaznil s tem, da je izgubil\u00a0bitko, ki je bila sicer izgubljena \u017ee davno prej. Samo vpra\u0161anje \u010dasa je bilo, kdaj bo najmo\u010dnej\u0161a komercialka pod svoje okrilje spravila vse, kar je zanimivega, predvsem tr\u017eno donosnega.\u00a0Toda je bilo nacionalkino izhodi\u0161\u010de ob njenem opravljenem poslanstvu resni\u010dno tako slabo, da ne bi mogla izvle\u010di ve\u010d in si \u0161e za nekaj let zagotoviti ekskluzive ter v tem obdobju dodobra spremeniti programskih izhodi\u0161\u010d in\u00a0&#8230;<\/p>\n","protected":false},"author":1,"featured_media":0,"comment_status":"closed","ping_status":"closed","sticky":false,"template":"","format":"standard","meta":{"footnotes":""},"categories":[1179],"tags":[],"source":[1703],"supertag":[],"acf":[],"yoast_head":"<!-- This site is optimized with the Yoast SEO plugin v21.3 - https:\/\/yoast.com\/wordpress\/plugins\/seo\/ -->\n<title>Najprej za uho in oko, nato, upam, \u0161e vsebina - Hudo Slovenija<\/title>\n<meta name=\"robots\" content=\"index, follow, max-snippet:-1, max-image-preview:large, max-video-preview:-1\" \/>\n<link rel=\"canonical\" href=\"https:\/\/hudo.com\/si\/aktualno\/najprej-za-uho-in-oko-nato-upam-se-vsebina\/\" \/>\n<meta property=\"og:locale\" content=\"sl_SI\" \/>\n<meta property=\"og:type\" content=\"article\" \/>\n<meta property=\"og:title\" content=\"Najprej za uho in oko, nato, upam, \u0161e vsebina - Hudo Slovenija\" \/>\n<meta property=\"og:description\" content=\"Kategorija: Kolumne Sun, 14 May 2017 12:00:00 +0200 Na eni strani pompozno napovedovanje kadrovskih okrepitev v voditeljsko-komentatorskem mo\u0161tvu, na drugi bole\u010de razkritje, da izgubljajo bitko s \u010dasom in trendi. Ampak dogaja se. Tudi to nekaj \u0161teje. Priznam, tudi mene so po\u0161teno vznemirili premiki\u00a0na televizijskem boji\u0161\u010du, na katerem se \u0161portno merijo\u00a0komercialke (POP TV, Sport klub, Sport TV) in nacionalka (RTV SLO). Novi prvi mo\u017e na\u0161e \u00bbjavne hi\u0161e\u00ab se je nekako \u017ee sprijaznil s tem, da je izgubil\u00a0bitko, ki je bila sicer izgubljena \u017ee davno prej. Samo vpra\u0161anje \u010dasa je bilo, kdaj bo najmo\u010dnej\u0161a komercialka pod svoje okrilje spravila vse, kar je zanimivega, predvsem tr\u017eno donosnega.\u00a0Toda je bilo nacionalkino izhodi\u0161\u010de ob njenem opravljenem poslanstvu resni\u010dno tako slabo, da ne bi mogla izvle\u010di ve\u010d in si \u0161e za nekaj let zagotoviti ekskluzive ter v tem obdobju dodobra spremeniti programskih izhodi\u0161\u010d in\u00a0...\" \/>\n<meta property=\"og:url\" content=\"https:\/\/hudo.com\/si\/aktualno\/najprej-za-uho-in-oko-nato-upam-se-vsebina\/\" \/>\n<meta property=\"og:site_name\" content=\"Hudo Slovenija\" \/>\n<meta property=\"article:publisher\" content=\"https:\/\/www.facebook.com\/hudo.si\" \/>\n<meta property=\"article:published_time\" content=\"2017-05-14T08:00:00+00:00\" \/>\n<meta property=\"og:image\" content=\"https:\/\/hudo.com\/si\/wp-content\/uploads\/sites\/2\/2017\/05\/480x290_Nedelo__djvu_1126965_janezp_hires1.jpeg\" \/>\n\t<meta property=\"og:image:width\" content=\"480\" \/>\n\t<meta property=\"og:image:height\" content=\"290\" \/>\n\t<meta property=\"og:image:type\" content=\"image\/jpeg\" \/>\n<meta name=\"author\" content=\"hudo\" \/>\n<meta name=\"twitter:card\" content=\"summary_large_image\" \/>\n<meta name=\"twitter:creator\" content=\"@hudo_si\" \/>\n<meta name=\"twitter:site\" content=\"@hudo_si\" \/>\n<meta name=\"twitter:label1\" content=\"Written by\" \/>\n\t<meta name=\"twitter:data1\" content=\"hudo\" \/>\n\t<meta name=\"twitter:label2\" content=\"Est. reading time\" \/>\n\t<meta name=\"twitter:data2\" content=\"1 minuta\" \/>\n<script type=\"application\/ld+json\" class=\"yoast-schema-graph\">{\"@context\":\"https:\/\/schema.org\",\"@graph\":[{\"@type\":\"Article\",\"@id\":\"https:\/\/hudo.com\/si\/aktualno\/najprej-za-uho-in-oko-nato-upam-se-vsebina\/#article\",\"isPartOf\":{\"@id\":\"https:\/\/hudo.com\/si\/aktualno\/najprej-za-uho-in-oko-nato-upam-se-vsebina\/\"},\"author\":{\"name\":\"hudo\",\"@id\":\"https:\/\/hudo.com\/si\/#\/schema\/person\/601cf3379633985b20f7e50f2bb47707\"},\"headline\":\"Najprej za uho in oko, nato, upam, \u0161e vsebina\",\"datePublished\":\"2017-05-14T08:00:00+00:00\",\"dateModified\":\"2017-05-14T08:00:00+00:00\",\"mainEntityOfPage\":{\"@id\":\"https:\/\/hudo.com\/si\/aktualno\/najprej-za-uho-in-oko-nato-upam-se-vsebina\/\"},\"wordCount\":160,\"publisher\":{\"@id\":\"https:\/\/hudo.com\/si\/#organization\"},\"articleSection\":[\"Aktualno\"],\"inLanguage\":\"sl-SI\"},{\"@type\":\"WebPage\",\"@id\":\"https:\/\/hudo.com\/si\/aktualno\/najprej-za-uho-in-oko-nato-upam-se-vsebina\/\",\"url\":\"https:\/\/hudo.com\/si\/aktualno\/najprej-za-uho-in-oko-nato-upam-se-vsebina\/\",\"name\":\"Najprej za uho in oko, nato, upam, \u0161e vsebina - Hudo Slovenija\",\"isPartOf\":{\"@id\":\"https:\/\/hudo.com\/si\/#website\"},\"datePublished\":\"2017-05-14T08:00:00+00:00\",\"dateModified\":\"2017-05-14T08:00:00+00:00\",\"breadcrumb\":{\"@id\":\"https:\/\/hudo.com\/si\/aktualno\/najprej-za-uho-in-oko-nato-upam-se-vsebina\/#breadcrumb\"},\"inLanguage\":\"sl-SI\",\"potentialAction\":[{\"@type\":\"ReadAction\",\"target\":[\"https:\/\/hudo.com\/si\/aktualno\/najprej-za-uho-in-oko-nato-upam-se-vsebina\/\"]}]},{\"@type\":\"BreadcrumbList\",\"@id\":\"https:\/\/hudo.com\/si\/aktualno\/najprej-za-uho-in-oko-nato-upam-se-vsebina\/#breadcrumb\",\"itemListElement\":[{\"@type\":\"ListItem\",\"position\":1,\"name\":\"Home\",\"item\":\"https:\/\/hudo.com\/si\/\"},{\"@type\":\"ListItem\",\"position\":2,\"name\":\"Najprej za uho in oko, nato, upam, \u0161e vsebina\"}]},{\"@type\":\"WebSite\",\"@id\":\"https:\/\/hudo.com\/si\/#website\",\"url\":\"https:\/\/hudo.com\/si\/\",\"name\":\"Hudo Slovenija\",\"description\":\"Vse novice iz Slovenije in sveta\",\"publisher\":{\"@id\":\"https:\/\/hudo.com\/si\/#organization\"},\"potentialAction\":[{\"@type\":\"SearchAction\",\"target\":{\"@type\":\"EntryPoint\",\"urlTemplate\":\"https:\/\/hudo.com\/si\/?s={search_term_string}\"},\"query-input\":\"required name=search_term_string\"}],\"inLanguage\":\"sl-SI\"},{\"@type\":\"Organization\",\"@id\":\"https:\/\/hudo.com\/si\/#organization\",\"name\":\"VSN Media\",\"url\":\"https:\/\/hudo.com\/si\/\",\"logo\":{\"@type\":\"ImageObject\",\"inLanguage\":\"sl-SI\",\"@id\":\"https:\/\/hudo.com\/si\/#\/schema\/logo\/image\/\",\"url\":\"https:\/\/hudo.com\/si\/wp-content\/uploads\/sites\/2\/2021\/03\/hudo-app-2.png\",\"contentUrl\":\"https:\/\/hudo.com\/si\/wp-content\/uploads\/sites\/2\/2021\/03\/hudo-app-2.png\",\"width\":2185,\"height\":2167,\"caption\":\"VSN Media\"},\"image\":{\"@id\":\"https:\/\/hudo.com\/si\/#\/schema\/logo\/image\/\"},\"sameAs\":[\"https:\/\/www.facebook.com\/hudo.si\",\"https:\/\/twitter.com\/hudo_si\"]},{\"@type\":\"Person\",\"@id\":\"https:\/\/hudo.com\/si\/#\/schema\/person\/601cf3379633985b20f7e50f2bb47707\",\"name\":\"hudo\",\"image\":{\"@type\":\"ImageObject\",\"inLanguage\":\"sl-SI\",\"@id\":\"https:\/\/hudo.com\/si\/#\/schema\/person\/image\/\",\"url\":\"https:\/\/secure.gravatar.com\/avatar\/c4ca25fa72cace7a696b52ff5db9e095?s=96&d=mm&r=g\",\"contentUrl\":\"https:\/\/secure.gravatar.com\/avatar\/c4ca25fa72cace7a696b52ff5db9e095?s=96&d=mm&r=g\",\"caption\":\"hudo\"},\"url\":\"https:\/\/hudo.com\/si\/author\/hudo\/\"}]}<\/script>\n<!-- \/ Yoast SEO plugin. -->","yoast_head_json":{"title":"Najprej za uho in oko, nato, upam, \u0161e vsebina - Hudo Slovenija","robots":{"index":"index","follow":"follow","max-snippet":"max-snippet:-1","max-image-preview":"max-image-preview:large","max-video-preview":"max-video-preview:-1"},"canonical":"https:\/\/hudo.com\/si\/aktualno\/najprej-za-uho-in-oko-nato-upam-se-vsebina\/","og_locale":"sl_SI","og_type":"article","og_title":"Najprej za uho in oko, nato, upam, \u0161e vsebina - Hudo Slovenija","og_description":"Kategorija: Kolumne Sun, 14 May 2017 12:00:00 +0200 Na eni strani pompozno napovedovanje kadrovskih okrepitev v voditeljsko-komentatorskem mo\u0161tvu, na drugi bole\u010de razkritje, da izgubljajo bitko s \u010dasom in trendi. Ampak dogaja se. Tudi to nekaj \u0161teje. Priznam, tudi mene so po\u0161teno vznemirili premiki\u00a0na televizijskem boji\u0161\u010du, na katerem se \u0161portno merijo\u00a0komercialke (POP TV, Sport klub, Sport TV) in nacionalka (RTV SLO). Novi prvi mo\u017e na\u0161e \u00bbjavne hi\u0161e\u00ab se je nekako \u017ee sprijaznil s tem, da je izgubil\u00a0bitko, ki je bila sicer izgubljena \u017ee davno prej. Samo vpra\u0161anje \u010dasa je bilo, kdaj bo najmo\u010dnej\u0161a komercialka pod svoje okrilje spravila vse, kar je zanimivega, predvsem tr\u017eno donosnega.\u00a0Toda je bilo nacionalkino izhodi\u0161\u010de ob njenem opravljenem poslanstvu resni\u010dno tako slabo, da ne bi mogla izvle\u010di ve\u010d in si \u0161e za nekaj let zagotoviti ekskluzive ter v tem obdobju dodobra spremeniti programskih izhodi\u0161\u010d in\u00a0...","og_url":"https:\/\/hudo.com\/si\/aktualno\/najprej-za-uho-in-oko-nato-upam-se-vsebina\/","og_site_name":"Hudo Slovenija","article_publisher":"https:\/\/www.facebook.com\/hudo.si","article_published_time":"2017-05-14T08:00:00+00:00","og_image":[{"width":480,"height":290,"url":"https:\/\/hudo.com\/si\/wp-content\/uploads\/sites\/2\/2017\/05\/480x290_Nedelo__djvu_1126965_janezp_hires1.jpeg","type":"image\/jpeg"}],"author":"hudo","twitter_card":"summary_large_image","twitter_creator":"@hudo_si","twitter_site":"@hudo_si","twitter_misc":{"Written by":"hudo","Est. reading time":"1 minuta"},"schema":{"@context":"https:\/\/schema.org","@graph":[{"@type":"Article","@id":"https:\/\/hudo.com\/si\/aktualno\/najprej-za-uho-in-oko-nato-upam-se-vsebina\/#article","isPartOf":{"@id":"https:\/\/hudo.com\/si\/aktualno\/najprej-za-uho-in-oko-nato-upam-se-vsebina\/"},"author":{"name":"hudo","@id":"https:\/\/hudo.com\/si\/#\/schema\/person\/601cf3379633985b20f7e50f2bb47707"},"headline":"Najprej za uho in oko, nato, upam, \u0161e vsebina","datePublished":"2017-05-14T08:00:00+00:00","dateModified":"2017-05-14T08:00:00+00:00","mainEntityOfPage":{"@id":"https:\/\/hudo.com\/si\/aktualno\/najprej-za-uho-in-oko-nato-upam-se-vsebina\/"},"wordCount":160,"publisher":{"@id":"https:\/\/hudo.com\/si\/#organization"},"articleSection":["Aktualno"],"inLanguage":"sl-SI"},{"@type":"WebPage","@id":"https:\/\/hudo.com\/si\/aktualno\/najprej-za-uho-in-oko-nato-upam-se-vsebina\/","url":"https:\/\/hudo.com\/si\/aktualno\/najprej-za-uho-in-oko-nato-upam-se-vsebina\/","name":"Najprej za uho in oko, nato, upam, \u0161e vsebina - Hudo Slovenija","isPartOf":{"@id":"https:\/\/hudo.com\/si\/#website"},"datePublished":"2017-05-14T08:00:00+00:00","dateModified":"2017-05-14T08:00:00+00:00","breadcrumb":{"@id":"https:\/\/hudo.com\/si\/aktualno\/najprej-za-uho-in-oko-nato-upam-se-vsebina\/#breadcrumb"},"inLanguage":"sl-SI","potentialAction":[{"@type":"ReadAction","target":["https:\/\/hudo.com\/si\/aktualno\/najprej-za-uho-in-oko-nato-upam-se-vsebina\/"]}]},{"@type":"BreadcrumbList","@id":"https:\/\/hudo.com\/si\/aktualno\/najprej-za-uho-in-oko-nato-upam-se-vsebina\/#breadcrumb","itemListElement":[{"@type":"ListItem","position":1,"name":"Home","item":"https:\/\/hudo.com\/si\/"},{"@type":"ListItem","position":2,"name":"Najprej za uho in oko, nato, upam, \u0161e vsebina"}]},{"@type":"WebSite","@id":"https:\/\/hudo.com\/si\/#website","url":"https:\/\/hudo.com\/si\/","name":"Hudo Slovenija","description":"Vse novice iz Slovenije in sveta","publisher":{"@id":"https:\/\/hudo.com\/si\/#organization"},"potentialAction":[{"@type":"SearchAction","target":{"@type":"EntryPoint","urlTemplate":"https:\/\/hudo.com\/si\/?s={search_term_string}"},"query-input":"required name=search_term_string"}],"inLanguage":"sl-SI"},{"@type":"Organization","@id":"https:\/\/hudo.com\/si\/#organization","name":"VSN Media","url":"https:\/\/hudo.com\/si\/","logo":{"@type":"ImageObject","inLanguage":"sl-SI","@id":"https:\/\/hudo.com\/si\/#\/schema\/logo\/image\/","url":"https:\/\/hudo.com\/si\/wp-content\/uploads\/sites\/2\/2021\/03\/hudo-app-2.png","contentUrl":"https:\/\/hudo.com\/si\/wp-content\/uploads\/sites\/2\/2021\/03\/hudo-app-2.png","width":2185,"height":2167,"caption":"VSN Media"},"image":{"@id":"https:\/\/hudo.com\/si\/#\/schema\/logo\/image\/"},"sameAs":["https:\/\/www.facebook.com\/hudo.si","https:\/\/twitter.com\/hudo_si"]},{"@type":"Person","@id":"https:\/\/hudo.com\/si\/#\/schema\/person\/601cf3379633985b20f7e50f2bb47707","name":"hudo","image":{"@type":"ImageObject","inLanguage":"sl-SI","@id":"https:\/\/hudo.com\/si\/#\/schema\/person\/image\/","url":"https:\/\/secure.gravatar.com\/avatar\/c4ca25fa72cace7a696b52ff5db9e095?s=96&d=mm&r=g","contentUrl":"https:\/\/secure.gravatar.com\/avatar\/c4ca25fa72cace7a696b52ff5db9e095?s=96&d=mm&r=g","caption":"hudo"},"url":"https:\/\/hudo.com\/si\/author\/hudo\/"}]}},"amp_enabled":true,"_links":{"self":[{"href":"https:\/\/hudo.com\/si\/wp-json\/wp\/v2\/posts\/255003"}],"collection":[{"href":"https:\/\/hudo.com\/si\/wp-json\/wp\/v2\/posts"}],"about":[{"href":"https:\/\/hudo.com\/si\/wp-json\/wp\/v2\/types\/post"}],"author":[{"embeddable":true,"href":"https:\/\/hudo.com\/si\/wp-json\/wp\/v2\/users\/1"}],"replies":[{"embeddable":true,"href":"https:\/\/hudo.com\/si\/wp-json\/wp\/v2\/comments?post=255003"}],"version-history":[{"count":0,"href":"https:\/\/hudo.com\/si\/wp-json\/wp\/v2\/posts\/255003\/revisions"}],"wp:attachment":[{"href":"https:\/\/hudo.com\/si\/wp-json\/wp\/v2\/media?parent=255003"}],"wp:term":[{"taxonomy":"category","embeddable":true,"href":"https:\/\/hudo.com\/si\/wp-json\/wp\/v2\/categories?post=255003"},{"taxonomy":"post_tag","embeddable":true,"href":"https:\/\/hudo.com\/si\/wp-json\/wp\/v2\/tags?post=255003"},{"taxonomy":"source","embeddable":true,"href":"https:\/\/hudo.com\/si\/wp-json\/wp\/v2\/source?post=255003"},{"taxonomy":"supertag","embeddable":true,"href":"https:\/\/hudo.com\/si\/wp-json\/wp\/v2\/supertag?post=255003"}],"curies":[{"name":"wp","href":"https:\/\/api.w.org\/{rel}","templated":true}]}}