{"id":25505,"date":"2016-04-09T15:15:00","date_gmt":"2016-04-09T13:15:00","guid":{"rendered":"http:\/\/hudo.com\/si\/2016\/04\/09\/belgijsko-tozilstvo-abrinija-obtozilo-zaradi-terorizma\/"},"modified":"2016-04-09T20:11:19","modified_gmt":"2016-04-09T18:11:19","slug":"belgijsko-tozilstvo-abrinija-obtozilo-zaradi-terorizma","status":"publish","type":"post","link":"https:\/\/hudo.com\/si\/aktualno\/belgijsko-tozilstvo-abrinija-obtozilo-zaradi-terorizma\/","title":{"rendered":"Belgijsko to\u017eilstvo Abrinija obto\u017eilo zaradi terorizma"},"content":{"rendered":"<p>elgijsko to\u017eilstvo je enega klju\u010dnih osumljencev za teroristi\u010dne napade v Parizu Mohameda Abrinija danes obto\u017eilo zaradi &#8220;sodelovanja v dejavnostih teroristi\u010dne skupine in teroristi\u010dnih umorov&#8221; v napadih v Parizu novembra lani. Ni pa \u0161e moglo potrditi, da je zagotovo tretji napadalec z bruseljskega letali\u0161\u010da oziroma &#8220;mo\u0161ki s klobukom&#8221;. Kot so sporo\u010dili s to\u017eilstva, &#8220;\u0161e ne morejo potrditi, da je bil Abrini dejansko tretji osumljenec&#8221; za terorist\u010dni napad na bruseljskem letali\u0161\u010du 22. marca. Ta je dobil vzdevek &#8220;mo\u0161ki s klobukom&#8221; zaradi fotografije s posnetka nadzorne kamere, na kateri ima na glavi pokrivalo, poro\u010da francoska tiskovna agencija AFP. Abrinija, ki je Belgijec maro\u0161kega izvora, so videli dva dni pred pari\u0161kimi napadi na bencinski \u010drpalki severno od Pariza z drugim glavnim osumljencem Salahom Abdeslamom, ki je vozil avtomobile, ki so jih teroristi t. i. Islamske dr\u017eave uporabili v napadih 13. novembra v Parizu in so zahtevali 130 \u017eivljenj. Abdeslama so nato prijeli 18. marca v Bruslju. Abrinija so v petek prijeli v bruseljski \u010detrti Anderlecht s \u0161e dvema osumljencema, ki so ju po &#8220;podrobnem zasli\u0161anju&#8221; danes izpustili, so sporo\u010dili s to\u017eilstva. To\u017eilstvo je tako zaradi terorizma danes obto\u017eilo \u0161tiri od skupno \u0161estih osumljencev, ki so jih prijeli v protiteroristi\u010dni operaciji v petek. Osamo K., za katerega mediji pravijo, da je Osama Krayem, je to\u017eilstvo danes prav tako obto\u017eilo sodelovanja v teroristi\u010dni skupini in teroristi\u010dnih umorih, vendar v povezavi s teroristi\u010dnimi napadi 22. marca v Bruslju. Identificirali so ga kot mo\u0161kega, ki je bil pred napadom na postaji bruseljske podzemne \u017eeleznice Maalbeek v dru\u017ebi s Khalidom El Bakraouijem, ki se je nato na postaji razstrelil. Kupil pa je tudi torbe, v katerih so skrili eksploziv napadalci na bruseljskem letali\u0161\u010du. 25-letnega dr\u017eavljana Ruande Herveja B.M. so obto\u017eili zaradi suma, da je pomagal Abriniju in Osami K. Obto\u017een je zaradi sodelovanje v teroristi\u010dni skupini in sokrivdo v teroristi\u010dnih umorih. Enake<\/p>\n","protected":false},"excerpt":{"rendered":"<p>elgijsko to\u017eilstvo je enega klju\u010dnih osumljencev za teroristi\u010dne napade v Parizu Mohameda Abrinija danes obto\u017eilo zaradi &#8220;sodelovanja v dejavnostih teroristi\u010dne skupine in teroristi\u010dnih umorov&#8221; v napadih v Parizu novembra lani. Ni pa \u0161e moglo potrditi, da je zagotovo tretji napadalec z bruseljskega letali\u0161\u010da oziroma &#8220;mo\u0161ki s klobukom&#8221;. Kot so sporo\u010dili s to\u017eilstva, &#8220;\u0161e ne morejo potrditi, da je bil Abrini dejansko tretji osumljenec&#8221; za terorist\u010dni napad na bruseljskem letali\u0161\u010du 22. marca. Ta je dobil vzdevek &#8220;mo\u0161ki s klobukom&#8221; zaradi fotografije s posnetka nadzorne kamere, na kateri ima na glavi pokrivalo, poro\u010da francoska tiskovna agencija AFP. Abrinija, ki je Belgijec maro\u0161kega izvora, so videli dva dni pred pari\u0161kimi napadi na bencinski \u010drpalki severno od Pariza z drugim glavnim osumljencem Salahom Abdeslamom, ki je vozil avtomobile, ki so jih teroristi t. i. Islamske dr\u017eave uporabili v napadih 13. novembra v Parizu in so zahtevali 130 \u017eivljenj. Abdeslama so nato prijeli 18. marca v Bruslju. Abrinija so v petek prijeli v bruseljski \u010detrti Anderlecht s \u0161e dvema osumljencema, ki so ju po &#8220;podrobnem zasli\u0161anju&#8221; danes izpustili, so sporo\u010dili s to\u017eilstva. To\u017eilstvo je tako zaradi terorizma danes obto\u017eilo \u0161tiri od skupno \u0161estih osumljencev, ki so jih prijeli v protiteroristi\u010dni operaciji v petek. Osamo K., za katerega mediji pravijo, da je Osama Krayem, je to\u017eilstvo danes prav tako obto\u017eilo sodelovanja v teroristi\u010dni skupini in teroristi\u010dnih umorih, vendar v povezavi s teroristi\u010dnimi napadi 22. marca v Bruslju. Identificirali so ga kot mo\u0161kega, ki je bil pred napadom na postaji bruseljske podzemne \u017eeleznice Maalbeek v dru\u017ebi s Khalidom El Bakraouijem, ki se je nato na postaji razstrelil. Kupil pa je tudi torbe, v katerih so skrili eksploziv napadalci na bruseljskem letali\u0161\u010du. 25-letnega dr\u017eavljana Ruande Herveja B.M. so obto\u017eili zaradi suma, da je pomagal Abriniju in Osami K. Obto\u017een je zaradi sodelovanje v teroristi\u010dni skupini in sokrivdo v teroristi\u010dnih umorih. Enake<\/p>\n","protected":false},"author":1,"featured_media":0,"comment_status":"closed","ping_status":"closed","sticky":false,"template":"","format":"standard","meta":{"footnotes":""},"categories":[1179],"tags":[],"source":[1711],"supertag":[],"acf":[],"yoast_head":"<!-- This site is optimized with the Yoast SEO plugin v21.3 - https:\/\/yoast.com\/wordpress\/plugins\/seo\/ -->\n<title>Belgijsko to\u017eilstvo Abrinija obto\u017eilo zaradi terorizma - Hudo Slovenija<\/title>\n<meta name=\"robots\" content=\"index, follow, max-snippet:-1, max-image-preview:large, max-video-preview:-1\" \/>\n<link rel=\"canonical\" href=\"https:\/\/hudo.com\/si\/aktualno\/belgijsko-tozilstvo-abrinija-obtozilo-zaradi-terorizma\/\" \/>\n<meta property=\"og:locale\" content=\"sl_SI\" \/>\n<meta property=\"og:type\" content=\"article\" \/>\n<meta property=\"og:title\" content=\"Belgijsko to\u017eilstvo Abrinija obto\u017eilo zaradi terorizma - Hudo Slovenija\" \/>\n<meta property=\"og:description\" content=\"elgijsko to\u017eilstvo je enega klju\u010dnih osumljencev za teroristi\u010dne napade v Parizu Mohameda Abrinija danes obto\u017eilo zaradi &quot;sodelovanja v dejavnostih teroristi\u010dne skupine in teroristi\u010dnih umorov&quot; v napadih v Parizu novembra lani. Ni pa \u0161e moglo potrditi, da je zagotovo tretji napadalec z bruseljskega letali\u0161\u010da oziroma &quot;mo\u0161ki s klobukom&quot;. Kot so sporo\u010dili s to\u017eilstva, &quot;\u0161e ne morejo potrditi, da je bil Abrini dejansko tretji osumljenec&quot; za terorist\u010dni napad na bruseljskem letali\u0161\u010du 22. marca. Ta je dobil vzdevek &quot;mo\u0161ki s klobukom&quot; zaradi fotografije s posnetka nadzorne kamere, na kateri ima na glavi pokrivalo, poro\u010da francoska tiskovna agencija AFP. Abrinija, ki je Belgijec maro\u0161kega izvora, so videli dva dni pred pari\u0161kimi napadi na bencinski \u010drpalki severno od Pariza z drugim glavnim osumljencem Salahom Abdeslamom, ki je vozil avtomobile, ki so jih teroristi t. i. Islamske dr\u017eave uporabili v napadih 13. novembra v Parizu in so zahtevali 130 \u017eivljenj. Abdeslama so nato prijeli 18. marca v Bruslju. Abrinija so v petek prijeli v bruseljski \u010detrti Anderlecht s \u0161e dvema osumljencema, ki so ju po &quot;podrobnem zasli\u0161anju&quot; danes izpustili, so sporo\u010dili s to\u017eilstva. To\u017eilstvo je tako zaradi terorizma danes obto\u017eilo \u0161tiri od skupno \u0161estih osumljencev, ki so jih prijeli v protiteroristi\u010dni operaciji v petek. Osamo K., za katerega mediji pravijo, da je Osama Krayem, je to\u017eilstvo danes prav tako obto\u017eilo sodelovanja v teroristi\u010dni skupini in teroristi\u010dnih umorih, vendar v povezavi s teroristi\u010dnimi napadi 22. marca v Bruslju. Identificirali so ga kot mo\u0161kega, ki je bil pred napadom na postaji bruseljske podzemne \u017eeleznice Maalbeek v dru\u017ebi s Khalidom El Bakraouijem, ki se je nato na postaji razstrelil. Kupil pa je tudi torbe, v katerih so skrili eksploziv napadalci na bruseljskem letali\u0161\u010du. 25-letnega dr\u017eavljana Ruande Herveja B.M. so obto\u017eili zaradi suma, da je pomagal Abriniju in Osami K. Obto\u017een je zaradi sodelovanje v teroristi\u010dni skupini in sokrivdo v teroristi\u010dnih umorih. Enake\" \/>\n<meta property=\"og:url\" content=\"https:\/\/hudo.com\/si\/aktualno\/belgijsko-tozilstvo-abrinija-obtozilo-zaradi-terorizma\/\" \/>\n<meta property=\"og:site_name\" content=\"Hudo Slovenija\" \/>\n<meta property=\"article:publisher\" content=\"https:\/\/www.facebook.com\/hudo.si\" \/>\n<meta property=\"article:published_time\" content=\"2016-04-09T13:15:00+00:00\" \/>\n<meta property=\"article:modified_time\" content=\"2016-04-09T18:11:19+00:00\" \/>\n<meta property=\"og:image\" content=\"https:\/\/hudo.com\/si\/wp-content\/uploads\/sites\/2\/2016\/04\/05249802-300.jpg\" \/>\n\t<meta property=\"og:image:width\" content=\"450\" \/>\n\t<meta property=\"og:image:height\" content=\"450\" \/>\n\t<meta property=\"og:image:type\" content=\"image\/jpeg\" \/>\n<meta name=\"author\" content=\"hudo\" \/>\n<meta name=\"twitter:card\" content=\"summary_large_image\" \/>\n<meta name=\"twitter:creator\" content=\"@hudo_si\" \/>\n<meta name=\"twitter:site\" content=\"@hudo_si\" \/>\n<meta name=\"twitter:label1\" content=\"Written by\" \/>\n\t<meta name=\"twitter:data1\" content=\"hudo\" \/>\n\t<meta name=\"twitter:label2\" content=\"Est. reading time\" \/>\n\t<meta name=\"twitter:data2\" content=\"2 minuti\" \/>\n<script type=\"application\/ld+json\" class=\"yoast-schema-graph\">{\"@context\":\"https:\/\/schema.org\",\"@graph\":[{\"@type\":\"Article\",\"@id\":\"https:\/\/hudo.com\/si\/aktualno\/belgijsko-tozilstvo-abrinija-obtozilo-zaradi-terorizma\/#article\",\"isPartOf\":{\"@id\":\"https:\/\/hudo.com\/si\/aktualno\/belgijsko-tozilstvo-abrinija-obtozilo-zaradi-terorizma\/\"},\"author\":{\"name\":\"hudo\",\"@id\":\"https:\/\/hudo.com\/si\/#\/schema\/person\/601cf3379633985b20f7e50f2bb47707\"},\"headline\":\"Belgijsko to\u017eilstvo Abrinija obto\u017eilo zaradi terorizma\",\"datePublished\":\"2016-04-09T13:15:00+00:00\",\"dateModified\":\"2016-04-09T18:11:19+00:00\",\"mainEntityOfPage\":{\"@id\":\"https:\/\/hudo.com\/si\/aktualno\/belgijsko-tozilstvo-abrinija-obtozilo-zaradi-terorizma\/\"},\"wordCount\":343,\"publisher\":{\"@id\":\"https:\/\/hudo.com\/si\/#organization\"},\"articleSection\":[\"Aktualno\"],\"inLanguage\":\"sl-SI\"},{\"@type\":\"WebPage\",\"@id\":\"https:\/\/hudo.com\/si\/aktualno\/belgijsko-tozilstvo-abrinija-obtozilo-zaradi-terorizma\/\",\"url\":\"https:\/\/hudo.com\/si\/aktualno\/belgijsko-tozilstvo-abrinija-obtozilo-zaradi-terorizma\/\",\"name\":\"Belgijsko to\u017eilstvo Abrinija obto\u017eilo zaradi terorizma - Hudo Slovenija\",\"isPartOf\":{\"@id\":\"https:\/\/hudo.com\/si\/#website\"},\"datePublished\":\"2016-04-09T13:15:00+00:00\",\"dateModified\":\"2016-04-09T18:11:19+00:00\",\"breadcrumb\":{\"@id\":\"https:\/\/hudo.com\/si\/aktualno\/belgijsko-tozilstvo-abrinija-obtozilo-zaradi-terorizma\/#breadcrumb\"},\"inLanguage\":\"sl-SI\",\"potentialAction\":[{\"@type\":\"ReadAction\",\"target\":[\"https:\/\/hudo.com\/si\/aktualno\/belgijsko-tozilstvo-abrinija-obtozilo-zaradi-terorizma\/\"]}]},{\"@type\":\"BreadcrumbList\",\"@id\":\"https:\/\/hudo.com\/si\/aktualno\/belgijsko-tozilstvo-abrinija-obtozilo-zaradi-terorizma\/#breadcrumb\",\"itemListElement\":[{\"@type\":\"ListItem\",\"position\":1,\"name\":\"Home\",\"item\":\"https:\/\/hudo.com\/si\/\"},{\"@type\":\"ListItem\",\"position\":2,\"name\":\"Belgijsko to\u017eilstvo Abrinija obto\u017eilo zaradi terorizma\"}]},{\"@type\":\"WebSite\",\"@id\":\"https:\/\/hudo.com\/si\/#website\",\"url\":\"https:\/\/hudo.com\/si\/\",\"name\":\"Hudo Slovenija\",\"description\":\"Vse novice iz Slovenije in sveta\",\"publisher\":{\"@id\":\"https:\/\/hudo.com\/si\/#organization\"},\"potentialAction\":[{\"@type\":\"SearchAction\",\"target\":{\"@type\":\"EntryPoint\",\"urlTemplate\":\"https:\/\/hudo.com\/si\/?s={search_term_string}\"},\"query-input\":\"required name=search_term_string\"}],\"inLanguage\":\"sl-SI\"},{\"@type\":\"Organization\",\"@id\":\"https:\/\/hudo.com\/si\/#organization\",\"name\":\"VSN Media\",\"url\":\"https:\/\/hudo.com\/si\/\",\"logo\":{\"@type\":\"ImageObject\",\"inLanguage\":\"sl-SI\",\"@id\":\"https:\/\/hudo.com\/si\/#\/schema\/logo\/image\/\",\"url\":\"https:\/\/hudo.com\/si\/wp-content\/uploads\/sites\/2\/2021\/03\/hudo-app-2.png\",\"contentUrl\":\"https:\/\/hudo.com\/si\/wp-content\/uploads\/sites\/2\/2021\/03\/hudo-app-2.png\",\"width\":2185,\"height\":2167,\"caption\":\"VSN Media\"},\"image\":{\"@id\":\"https:\/\/hudo.com\/si\/#\/schema\/logo\/image\/\"},\"sameAs\":[\"https:\/\/www.facebook.com\/hudo.si\",\"https:\/\/twitter.com\/hudo_si\"]},{\"@type\":\"Person\",\"@id\":\"https:\/\/hudo.com\/si\/#\/schema\/person\/601cf3379633985b20f7e50f2bb47707\",\"name\":\"hudo\",\"image\":{\"@type\":\"ImageObject\",\"inLanguage\":\"sl-SI\",\"@id\":\"https:\/\/hudo.com\/si\/#\/schema\/person\/image\/\",\"url\":\"https:\/\/secure.gravatar.com\/avatar\/c4ca25fa72cace7a696b52ff5db9e095?s=96&d=mm&r=g\",\"contentUrl\":\"https:\/\/secure.gravatar.com\/avatar\/c4ca25fa72cace7a696b52ff5db9e095?s=96&d=mm&r=g\",\"caption\":\"hudo\"},\"url\":\"https:\/\/hudo.com\/si\/author\/hudo\/\"}]}<\/script>\n<!-- \/ Yoast SEO plugin. -->","yoast_head_json":{"title":"Belgijsko to\u017eilstvo Abrinija obto\u017eilo zaradi terorizma - Hudo Slovenija","robots":{"index":"index","follow":"follow","max-snippet":"max-snippet:-1","max-image-preview":"max-image-preview:large","max-video-preview":"max-video-preview:-1"},"canonical":"https:\/\/hudo.com\/si\/aktualno\/belgijsko-tozilstvo-abrinija-obtozilo-zaradi-terorizma\/","og_locale":"sl_SI","og_type":"article","og_title":"Belgijsko to\u017eilstvo Abrinija obto\u017eilo zaradi terorizma - Hudo Slovenija","og_description":"elgijsko to\u017eilstvo je enega klju\u010dnih osumljencev za teroristi\u010dne napade v Parizu Mohameda Abrinija danes obto\u017eilo zaradi \"sodelovanja v dejavnostih teroristi\u010dne skupine in teroristi\u010dnih umorov\" v napadih v Parizu novembra lani. Ni pa \u0161e moglo potrditi, da je zagotovo tretji napadalec z bruseljskega letali\u0161\u010da oziroma \"mo\u0161ki s klobukom\". Kot so sporo\u010dili s to\u017eilstva, \"\u0161e ne morejo potrditi, da je bil Abrini dejansko tretji osumljenec\" za terorist\u010dni napad na bruseljskem letali\u0161\u010du 22. marca. Ta je dobil vzdevek \"mo\u0161ki s klobukom\" zaradi fotografije s posnetka nadzorne kamere, na kateri ima na glavi pokrivalo, poro\u010da francoska tiskovna agencija AFP. Abrinija, ki je Belgijec maro\u0161kega izvora, so videli dva dni pred pari\u0161kimi napadi na bencinski \u010drpalki severno od Pariza z drugim glavnim osumljencem Salahom Abdeslamom, ki je vozil avtomobile, ki so jih teroristi t. i. Islamske dr\u017eave uporabili v napadih 13. novembra v Parizu in so zahtevali 130 \u017eivljenj. Abdeslama so nato prijeli 18. marca v Bruslju. Abrinija so v petek prijeli v bruseljski \u010detrti Anderlecht s \u0161e dvema osumljencema, ki so ju po \"podrobnem zasli\u0161anju\" danes izpustili, so sporo\u010dili s to\u017eilstva. To\u017eilstvo je tako zaradi terorizma danes obto\u017eilo \u0161tiri od skupno \u0161estih osumljencev, ki so jih prijeli v protiteroristi\u010dni operaciji v petek. Osamo K., za katerega mediji pravijo, da je Osama Krayem, je to\u017eilstvo danes prav tako obto\u017eilo sodelovanja v teroristi\u010dni skupini in teroristi\u010dnih umorih, vendar v povezavi s teroristi\u010dnimi napadi 22. marca v Bruslju. Identificirali so ga kot mo\u0161kega, ki je bil pred napadom na postaji bruseljske podzemne \u017eeleznice Maalbeek v dru\u017ebi s Khalidom El Bakraouijem, ki se je nato na postaji razstrelil. Kupil pa je tudi torbe, v katerih so skrili eksploziv napadalci na bruseljskem letali\u0161\u010du. 25-letnega dr\u017eavljana Ruande Herveja B.M. so obto\u017eili zaradi suma, da je pomagal Abriniju in Osami K. Obto\u017een je zaradi sodelovanje v teroristi\u010dni skupini in sokrivdo v teroristi\u010dnih umorih. Enake","og_url":"https:\/\/hudo.com\/si\/aktualno\/belgijsko-tozilstvo-abrinija-obtozilo-zaradi-terorizma\/","og_site_name":"Hudo Slovenija","article_publisher":"https:\/\/www.facebook.com\/hudo.si","article_published_time":"2016-04-09T13:15:00+00:00","article_modified_time":"2016-04-09T18:11:19+00:00","og_image":[{"width":450,"height":450,"url":"https:\/\/hudo.com\/si\/wp-content\/uploads\/sites\/2\/2016\/04\/05249802-300.jpg","type":"image\/jpeg"}],"author":"hudo","twitter_card":"summary_large_image","twitter_creator":"@hudo_si","twitter_site":"@hudo_si","twitter_misc":{"Written by":"hudo","Est. reading time":"2 minuti"},"schema":{"@context":"https:\/\/schema.org","@graph":[{"@type":"Article","@id":"https:\/\/hudo.com\/si\/aktualno\/belgijsko-tozilstvo-abrinija-obtozilo-zaradi-terorizma\/#article","isPartOf":{"@id":"https:\/\/hudo.com\/si\/aktualno\/belgijsko-tozilstvo-abrinija-obtozilo-zaradi-terorizma\/"},"author":{"name":"hudo","@id":"https:\/\/hudo.com\/si\/#\/schema\/person\/601cf3379633985b20f7e50f2bb47707"},"headline":"Belgijsko to\u017eilstvo Abrinija obto\u017eilo zaradi terorizma","datePublished":"2016-04-09T13:15:00+00:00","dateModified":"2016-04-09T18:11:19+00:00","mainEntityOfPage":{"@id":"https:\/\/hudo.com\/si\/aktualno\/belgijsko-tozilstvo-abrinija-obtozilo-zaradi-terorizma\/"},"wordCount":343,"publisher":{"@id":"https:\/\/hudo.com\/si\/#organization"},"articleSection":["Aktualno"],"inLanguage":"sl-SI"},{"@type":"WebPage","@id":"https:\/\/hudo.com\/si\/aktualno\/belgijsko-tozilstvo-abrinija-obtozilo-zaradi-terorizma\/","url":"https:\/\/hudo.com\/si\/aktualno\/belgijsko-tozilstvo-abrinija-obtozilo-zaradi-terorizma\/","name":"Belgijsko to\u017eilstvo Abrinija obto\u017eilo zaradi terorizma - Hudo Slovenija","isPartOf":{"@id":"https:\/\/hudo.com\/si\/#website"},"datePublished":"2016-04-09T13:15:00+00:00","dateModified":"2016-04-09T18:11:19+00:00","breadcrumb":{"@id":"https:\/\/hudo.com\/si\/aktualno\/belgijsko-tozilstvo-abrinija-obtozilo-zaradi-terorizma\/#breadcrumb"},"inLanguage":"sl-SI","potentialAction":[{"@type":"ReadAction","target":["https:\/\/hudo.com\/si\/aktualno\/belgijsko-tozilstvo-abrinija-obtozilo-zaradi-terorizma\/"]}]},{"@type":"BreadcrumbList","@id":"https:\/\/hudo.com\/si\/aktualno\/belgijsko-tozilstvo-abrinija-obtozilo-zaradi-terorizma\/#breadcrumb","itemListElement":[{"@type":"ListItem","position":1,"name":"Home","item":"https:\/\/hudo.com\/si\/"},{"@type":"ListItem","position":2,"name":"Belgijsko to\u017eilstvo Abrinija obto\u017eilo zaradi terorizma"}]},{"@type":"WebSite","@id":"https:\/\/hudo.com\/si\/#website","url":"https:\/\/hudo.com\/si\/","name":"Hudo Slovenija","description":"Vse novice iz Slovenije in sveta","publisher":{"@id":"https:\/\/hudo.com\/si\/#organization"},"potentialAction":[{"@type":"SearchAction","target":{"@type":"EntryPoint","urlTemplate":"https:\/\/hudo.com\/si\/?s={search_term_string}"},"query-input":"required name=search_term_string"}],"inLanguage":"sl-SI"},{"@type":"Organization","@id":"https:\/\/hudo.com\/si\/#organization","name":"VSN Media","url":"https:\/\/hudo.com\/si\/","logo":{"@type":"ImageObject","inLanguage":"sl-SI","@id":"https:\/\/hudo.com\/si\/#\/schema\/logo\/image\/","url":"https:\/\/hudo.com\/si\/wp-content\/uploads\/sites\/2\/2021\/03\/hudo-app-2.png","contentUrl":"https:\/\/hudo.com\/si\/wp-content\/uploads\/sites\/2\/2021\/03\/hudo-app-2.png","width":2185,"height":2167,"caption":"VSN Media"},"image":{"@id":"https:\/\/hudo.com\/si\/#\/schema\/logo\/image\/"},"sameAs":["https:\/\/www.facebook.com\/hudo.si","https:\/\/twitter.com\/hudo_si"]},{"@type":"Person","@id":"https:\/\/hudo.com\/si\/#\/schema\/person\/601cf3379633985b20f7e50f2bb47707","name":"hudo","image":{"@type":"ImageObject","inLanguage":"sl-SI","@id":"https:\/\/hudo.com\/si\/#\/schema\/person\/image\/","url":"https:\/\/secure.gravatar.com\/avatar\/c4ca25fa72cace7a696b52ff5db9e095?s=96&d=mm&r=g","contentUrl":"https:\/\/secure.gravatar.com\/avatar\/c4ca25fa72cace7a696b52ff5db9e095?s=96&d=mm&r=g","caption":"hudo"},"url":"https:\/\/hudo.com\/si\/author\/hudo\/"}]}},"amp_enabled":true,"_links":{"self":[{"href":"https:\/\/hudo.com\/si\/wp-json\/wp\/v2\/posts\/25505"}],"collection":[{"href":"https:\/\/hudo.com\/si\/wp-json\/wp\/v2\/posts"}],"about":[{"href":"https:\/\/hudo.com\/si\/wp-json\/wp\/v2\/types\/post"}],"author":[{"embeddable":true,"href":"https:\/\/hudo.com\/si\/wp-json\/wp\/v2\/users\/1"}],"replies":[{"embeddable":true,"href":"https:\/\/hudo.com\/si\/wp-json\/wp\/v2\/comments?post=25505"}],"version-history":[{"count":1,"href":"https:\/\/hudo.com\/si\/wp-json\/wp\/v2\/posts\/25505\/revisions"}],"predecessor-version":[{"id":25553,"href":"https:\/\/hudo.com\/si\/wp-json\/wp\/v2\/posts\/25505\/revisions\/25553"}],"wp:attachment":[{"href":"https:\/\/hudo.com\/si\/wp-json\/wp\/v2\/media?parent=25505"}],"wp:term":[{"taxonomy":"category","embeddable":true,"href":"https:\/\/hudo.com\/si\/wp-json\/wp\/v2\/categories?post=25505"},{"taxonomy":"post_tag","embeddable":true,"href":"https:\/\/hudo.com\/si\/wp-json\/wp\/v2\/tags?post=25505"},{"taxonomy":"source","embeddable":true,"href":"https:\/\/hudo.com\/si\/wp-json\/wp\/v2\/source?post=25505"},{"taxonomy":"supertag","embeddable":true,"href":"https:\/\/hudo.com\/si\/wp-json\/wp\/v2\/supertag?post=25505"}],"curies":[{"name":"wp","href":"https:\/\/api.w.org\/{rel}","templated":true}]}}