{"id":25507,"date":"2016-04-09T15:06:00","date_gmt":"2016-04-09T13:06:00","guid":{"rendered":"http:\/\/hudo.com\/si\/2016\/04\/09\/mediji-mikl-leitnerjeva-bo-odstopila\/"},"modified":"2016-04-10T10:16:29","modified_gmt":"2016-04-10T08:16:29","slug":"mediji-mikl-leitnerjeva-bo-odstopila","status":"publish","type":"post","link":"https:\/\/hudo.com\/si\/aktualno\/mediji-mikl-leitnerjeva-bo-odstopila\/","title":{"rendered":"Mediji: Mikl-Leitnerjeva bo odstopila"},"content":{"rendered":"<p>Kategorija: Sose\u0161\u010dina Sat, 09 Apr 2016 17:06:00 +0200  Dunaj\u00a0\u2212 Zaradi reorganizacije stranke bo po navedbah avstrijskih medijev odstopila avstrijska notranja ministrica Johanna Mikl-Leitner, gonilna sila avstrijske nepopustljive politike do prebe\u017enikov. \u010clanica konservativne Ljudske stranke (\u00d6VP), ki skupaj s socialnimi demokrati sestavlja vladno koalicijo, bo po avstrijske tiskovne agencije APA postala de\u017eelna glavarka Spodnje Avstrije, na ministrskem polo\u017eaju pa naj bi jo zamenjal namestnik de\u017eelnega glavarja te de\u017eele Wolfgang Sobotka. Kdaj naj bi do zamenjave pri\u0161lo, \u0161e ni znano, a predvidoma se bo to zgodilo na nedeljskem sre\u010danju stranke \u00d6VP. Mikl-Leitnerjeva, ki je funkcijo notranje ministrice prevzela leta 2011, velja za eno klju\u010dnih snovalk vse stro\u017eje avstrijske politike do iskalcev azila\u00a0\u2212 med drugim si je prizadevala za uvedbo ograj na meji in stro\u017eji mejni nadzor ter zaostritev azilnih pravil. Po dogovoru o zaprtju balkanske begunske poti, ki je bil prav tako\u00a0&#8230;<\/p>\n","protected":false},"excerpt":{"rendered":"<p>Kategorija: Sose\u0161\u010dina Sat, 09 Apr 2016 17:06:00 +0200  Dunaj\u00a0\u2212 Zaradi reorganizacije stranke bo po navedbah avstrijskih medijev odstopila avstrijska notranja ministrica Johanna Mikl-Leitner, gonilna sila avstrijske nepopustljive politike do prebe\u017enikov. \u010clanica konservativne Ljudske stranke (\u00d6VP), ki skupaj s socialnimi demokrati sestavlja vladno koalicijo, bo po avstrijske tiskovne agencije APA postala de\u017eelna glavarka Spodnje Avstrije, na ministrskem polo\u017eaju pa naj bi jo zamenjal namestnik de\u017eelnega glavarja te de\u017eele Wolfgang Sobotka. Kdaj naj bi do zamenjave pri\u0161lo, \u0161e ni znano, a predvidoma se bo to zgodilo na nedeljskem sre\u010danju stranke \u00d6VP. Mikl-Leitnerjeva, ki je funkcijo notranje ministrice prevzela leta 2011, velja za eno klju\u010dnih snovalk vse stro\u017eje avstrijske politike do iskalcev azila\u00a0\u2212 med drugim si je prizadevala za uvedbo ograj na meji in stro\u017eji mejni nadzor ter zaostritev azilnih pravil. Po dogovoru o zaprtju balkanske begunske poti, ki je bil prav tako\u00a0&#8230;<\/p>\n","protected":false},"author":1,"featured_media":0,"comment_status":"closed","ping_status":"closed","sticky":false,"template":"","format":"standard","meta":{"footnotes":""},"categories":[1179],"tags":[],"source":[4511],"supertag":[],"acf":[],"yoast_head":"<!-- This site is optimized with the Yoast SEO plugin v21.3 - https:\/\/yoast.com\/wordpress\/plugins\/seo\/ -->\n<title>Mediji: Mikl-Leitnerjeva bo odstopila - Hudo Slovenija<\/title>\n<meta name=\"robots\" content=\"index, follow, max-snippet:-1, max-image-preview:large, max-video-preview:-1\" \/>\n<link rel=\"canonical\" href=\"https:\/\/hudo.com\/si\/aktualno\/mediji-mikl-leitnerjeva-bo-odstopila\/\" \/>\n<meta property=\"og:locale\" content=\"sl_SI\" \/>\n<meta property=\"og:type\" content=\"article\" \/>\n<meta property=\"og:title\" content=\"Mediji: Mikl-Leitnerjeva bo odstopila - Hudo Slovenija\" \/>\n<meta property=\"og:description\" content=\"Kategorija: Sose\u0161\u010dina Sat, 09 Apr 2016 17:06:00 +0200 Dunaj\u00a0\u2212 Zaradi reorganizacije stranke bo po navedbah avstrijskih medijev odstopila avstrijska notranja ministrica Johanna Mikl-Leitner, gonilna sila avstrijske nepopustljive politike do prebe\u017enikov. \u010clanica konservativne Ljudske stranke (\u00d6VP), ki skupaj s socialnimi demokrati sestavlja vladno koalicijo, bo po avstrijske tiskovne agencije APA postala de\u017eelna glavarka Spodnje Avstrije, na ministrskem polo\u017eaju pa naj bi jo zamenjal namestnik de\u017eelnega glavarja te de\u017eele Wolfgang Sobotka. Kdaj naj bi do zamenjave pri\u0161lo, \u0161e ni znano, a predvidoma se bo to zgodilo na nedeljskem sre\u010danju stranke \u00d6VP. Mikl-Leitnerjeva, ki je funkcijo notranje ministrice prevzela leta 2011, velja za eno klju\u010dnih snovalk vse stro\u017eje avstrijske politike do iskalcev azila\u00a0\u2212 med drugim si je prizadevala za uvedbo ograj na meji in stro\u017eji mejni nadzor ter zaostritev azilnih pravil. Po dogovoru o zaprtju balkanske begunske poti, ki je bil prav tako\u00a0...\" \/>\n<meta property=\"og:url\" content=\"https:\/\/hudo.com\/si\/aktualno\/mediji-mikl-leitnerjeva-bo-odstopila\/\" \/>\n<meta property=\"og:site_name\" content=\"Hudo Slovenija\" \/>\n<meta property=\"article:publisher\" content=\"https:\/\/www.facebook.com\/hudo.si\" \/>\n<meta property=\"article:published_time\" content=\"2016-04-09T13:06:00+00:00\" \/>\n<meta property=\"article:modified_time\" content=\"2016-04-10T08:16:29+00:00\" \/>\n<meta property=\"og:image\" content=\"https:\/\/hudo.com\/si\/wp-content\/uploads\/sites\/2\/2016\/04\/480x290_Reuters_Pictures-20160409143522-32853400.jpeg\" \/>\n\t<meta property=\"og:image:width\" content=\"480\" \/>\n\t<meta property=\"og:image:height\" content=\"290\" \/>\n\t<meta property=\"og:image:type\" content=\"image\/jpeg\" \/>\n<meta name=\"author\" content=\"hudo\" \/>\n<meta name=\"twitter:card\" content=\"summary_large_image\" \/>\n<meta name=\"twitter:creator\" content=\"@hudo_si\" \/>\n<meta name=\"twitter:site\" content=\"@hudo_si\" \/>\n<meta name=\"twitter:label1\" content=\"Written by\" \/>\n\t<meta name=\"twitter:data1\" content=\"hudo\" \/>\n\t<meta name=\"twitter:label2\" content=\"Est. reading time\" \/>\n\t<meta name=\"twitter:data2\" content=\"1 minuta\" \/>\n<script type=\"application\/ld+json\" class=\"yoast-schema-graph\">{\"@context\":\"https:\/\/schema.org\",\"@graph\":[{\"@type\":\"Article\",\"@id\":\"https:\/\/hudo.com\/si\/aktualno\/mediji-mikl-leitnerjeva-bo-odstopila\/#article\",\"isPartOf\":{\"@id\":\"https:\/\/hudo.com\/si\/aktualno\/mediji-mikl-leitnerjeva-bo-odstopila\/\"},\"author\":{\"name\":\"hudo\",\"@id\":\"https:\/\/hudo.com\/si\/#\/schema\/person\/601cf3379633985b20f7e50f2bb47707\"},\"headline\":\"Mediji: Mikl-Leitnerjeva bo odstopila\",\"datePublished\":\"2016-04-09T13:06:00+00:00\",\"dateModified\":\"2016-04-10T08:16:29+00:00\",\"mainEntityOfPage\":{\"@id\":\"https:\/\/hudo.com\/si\/aktualno\/mediji-mikl-leitnerjeva-bo-odstopila\/\"},\"wordCount\":150,\"publisher\":{\"@id\":\"https:\/\/hudo.com\/si\/#organization\"},\"articleSection\":[\"Aktualno\"],\"inLanguage\":\"sl-SI\"},{\"@type\":\"WebPage\",\"@id\":\"https:\/\/hudo.com\/si\/aktualno\/mediji-mikl-leitnerjeva-bo-odstopila\/\",\"url\":\"https:\/\/hudo.com\/si\/aktualno\/mediji-mikl-leitnerjeva-bo-odstopila\/\",\"name\":\"Mediji: Mikl-Leitnerjeva bo odstopila - Hudo Slovenija\",\"isPartOf\":{\"@id\":\"https:\/\/hudo.com\/si\/#website\"},\"datePublished\":\"2016-04-09T13:06:00+00:00\",\"dateModified\":\"2016-04-10T08:16:29+00:00\",\"breadcrumb\":{\"@id\":\"https:\/\/hudo.com\/si\/aktualno\/mediji-mikl-leitnerjeva-bo-odstopila\/#breadcrumb\"},\"inLanguage\":\"sl-SI\",\"potentialAction\":[{\"@type\":\"ReadAction\",\"target\":[\"https:\/\/hudo.com\/si\/aktualno\/mediji-mikl-leitnerjeva-bo-odstopila\/\"]}]},{\"@type\":\"BreadcrumbList\",\"@id\":\"https:\/\/hudo.com\/si\/aktualno\/mediji-mikl-leitnerjeva-bo-odstopila\/#breadcrumb\",\"itemListElement\":[{\"@type\":\"ListItem\",\"position\":1,\"name\":\"Home\",\"item\":\"https:\/\/hudo.com\/si\/\"},{\"@type\":\"ListItem\",\"position\":2,\"name\":\"Mediji: Mikl-Leitnerjeva bo odstopila\"}]},{\"@type\":\"WebSite\",\"@id\":\"https:\/\/hudo.com\/si\/#website\",\"url\":\"https:\/\/hudo.com\/si\/\",\"name\":\"Hudo Slovenija\",\"description\":\"Vse novice iz Slovenije in sveta\",\"publisher\":{\"@id\":\"https:\/\/hudo.com\/si\/#organization\"},\"potentialAction\":[{\"@type\":\"SearchAction\",\"target\":{\"@type\":\"EntryPoint\",\"urlTemplate\":\"https:\/\/hudo.com\/si\/?s={search_term_string}\"},\"query-input\":\"required name=search_term_string\"}],\"inLanguage\":\"sl-SI\"},{\"@type\":\"Organization\",\"@id\":\"https:\/\/hudo.com\/si\/#organization\",\"name\":\"VSN Media\",\"url\":\"https:\/\/hudo.com\/si\/\",\"logo\":{\"@type\":\"ImageObject\",\"inLanguage\":\"sl-SI\",\"@id\":\"https:\/\/hudo.com\/si\/#\/schema\/logo\/image\/\",\"url\":\"https:\/\/hudo.com\/si\/wp-content\/uploads\/sites\/2\/2021\/03\/hudo-app-2.png\",\"contentUrl\":\"https:\/\/hudo.com\/si\/wp-content\/uploads\/sites\/2\/2021\/03\/hudo-app-2.png\",\"width\":2185,\"height\":2167,\"caption\":\"VSN Media\"},\"image\":{\"@id\":\"https:\/\/hudo.com\/si\/#\/schema\/logo\/image\/\"},\"sameAs\":[\"https:\/\/www.facebook.com\/hudo.si\",\"https:\/\/twitter.com\/hudo_si\"]},{\"@type\":\"Person\",\"@id\":\"https:\/\/hudo.com\/si\/#\/schema\/person\/601cf3379633985b20f7e50f2bb47707\",\"name\":\"hudo\",\"image\":{\"@type\":\"ImageObject\",\"inLanguage\":\"sl-SI\",\"@id\":\"https:\/\/hudo.com\/si\/#\/schema\/person\/image\/\",\"url\":\"https:\/\/secure.gravatar.com\/avatar\/c4ca25fa72cace7a696b52ff5db9e095?s=96&d=mm&r=g\",\"contentUrl\":\"https:\/\/secure.gravatar.com\/avatar\/c4ca25fa72cace7a696b52ff5db9e095?s=96&d=mm&r=g\",\"caption\":\"hudo\"},\"url\":\"https:\/\/hudo.com\/si\/author\/hudo\/\"}]}<\/script>\n<!-- \/ Yoast SEO plugin. -->","yoast_head_json":{"title":"Mediji: Mikl-Leitnerjeva bo odstopila - Hudo Slovenija","robots":{"index":"index","follow":"follow","max-snippet":"max-snippet:-1","max-image-preview":"max-image-preview:large","max-video-preview":"max-video-preview:-1"},"canonical":"https:\/\/hudo.com\/si\/aktualno\/mediji-mikl-leitnerjeva-bo-odstopila\/","og_locale":"sl_SI","og_type":"article","og_title":"Mediji: Mikl-Leitnerjeva bo odstopila - Hudo Slovenija","og_description":"Kategorija: Sose\u0161\u010dina Sat, 09 Apr 2016 17:06:00 +0200 Dunaj\u00a0\u2212 Zaradi reorganizacije stranke bo po navedbah avstrijskih medijev odstopila avstrijska notranja ministrica Johanna Mikl-Leitner, gonilna sila avstrijske nepopustljive politike do prebe\u017enikov. \u010clanica konservativne Ljudske stranke (\u00d6VP), ki skupaj s socialnimi demokrati sestavlja vladno koalicijo, bo po avstrijske tiskovne agencije APA postala de\u017eelna glavarka Spodnje Avstrije, na ministrskem polo\u017eaju pa naj bi jo zamenjal namestnik de\u017eelnega glavarja te de\u017eele Wolfgang Sobotka. Kdaj naj bi do zamenjave pri\u0161lo, \u0161e ni znano, a predvidoma se bo to zgodilo na nedeljskem sre\u010danju stranke \u00d6VP. Mikl-Leitnerjeva, ki je funkcijo notranje ministrice prevzela leta 2011, velja za eno klju\u010dnih snovalk vse stro\u017eje avstrijske politike do iskalcev azila\u00a0\u2212 med drugim si je prizadevala za uvedbo ograj na meji in stro\u017eji mejni nadzor ter zaostritev azilnih pravil. Po dogovoru o zaprtju balkanske begunske poti, ki je bil prav tako\u00a0...","og_url":"https:\/\/hudo.com\/si\/aktualno\/mediji-mikl-leitnerjeva-bo-odstopila\/","og_site_name":"Hudo Slovenija","article_publisher":"https:\/\/www.facebook.com\/hudo.si","article_published_time":"2016-04-09T13:06:00+00:00","article_modified_time":"2016-04-10T08:16:29+00:00","og_image":[{"width":480,"height":290,"url":"https:\/\/hudo.com\/si\/wp-content\/uploads\/sites\/2\/2016\/04\/480x290_Reuters_Pictures-20160409143522-32853400.jpeg","type":"image\/jpeg"}],"author":"hudo","twitter_card":"summary_large_image","twitter_creator":"@hudo_si","twitter_site":"@hudo_si","twitter_misc":{"Written by":"hudo","Est. reading time":"1 minuta"},"schema":{"@context":"https:\/\/schema.org","@graph":[{"@type":"Article","@id":"https:\/\/hudo.com\/si\/aktualno\/mediji-mikl-leitnerjeva-bo-odstopila\/#article","isPartOf":{"@id":"https:\/\/hudo.com\/si\/aktualno\/mediji-mikl-leitnerjeva-bo-odstopila\/"},"author":{"name":"hudo","@id":"https:\/\/hudo.com\/si\/#\/schema\/person\/601cf3379633985b20f7e50f2bb47707"},"headline":"Mediji: Mikl-Leitnerjeva bo odstopila","datePublished":"2016-04-09T13:06:00+00:00","dateModified":"2016-04-10T08:16:29+00:00","mainEntityOfPage":{"@id":"https:\/\/hudo.com\/si\/aktualno\/mediji-mikl-leitnerjeva-bo-odstopila\/"},"wordCount":150,"publisher":{"@id":"https:\/\/hudo.com\/si\/#organization"},"articleSection":["Aktualno"],"inLanguage":"sl-SI"},{"@type":"WebPage","@id":"https:\/\/hudo.com\/si\/aktualno\/mediji-mikl-leitnerjeva-bo-odstopila\/","url":"https:\/\/hudo.com\/si\/aktualno\/mediji-mikl-leitnerjeva-bo-odstopila\/","name":"Mediji: Mikl-Leitnerjeva bo odstopila - Hudo Slovenija","isPartOf":{"@id":"https:\/\/hudo.com\/si\/#website"},"datePublished":"2016-04-09T13:06:00+00:00","dateModified":"2016-04-10T08:16:29+00:00","breadcrumb":{"@id":"https:\/\/hudo.com\/si\/aktualno\/mediji-mikl-leitnerjeva-bo-odstopila\/#breadcrumb"},"inLanguage":"sl-SI","potentialAction":[{"@type":"ReadAction","target":["https:\/\/hudo.com\/si\/aktualno\/mediji-mikl-leitnerjeva-bo-odstopila\/"]}]},{"@type":"BreadcrumbList","@id":"https:\/\/hudo.com\/si\/aktualno\/mediji-mikl-leitnerjeva-bo-odstopila\/#breadcrumb","itemListElement":[{"@type":"ListItem","position":1,"name":"Home","item":"https:\/\/hudo.com\/si\/"},{"@type":"ListItem","position":2,"name":"Mediji: Mikl-Leitnerjeva bo odstopila"}]},{"@type":"WebSite","@id":"https:\/\/hudo.com\/si\/#website","url":"https:\/\/hudo.com\/si\/","name":"Hudo Slovenija","description":"Vse novice iz Slovenije in sveta","publisher":{"@id":"https:\/\/hudo.com\/si\/#organization"},"potentialAction":[{"@type":"SearchAction","target":{"@type":"EntryPoint","urlTemplate":"https:\/\/hudo.com\/si\/?s={search_term_string}"},"query-input":"required name=search_term_string"}],"inLanguage":"sl-SI"},{"@type":"Organization","@id":"https:\/\/hudo.com\/si\/#organization","name":"VSN Media","url":"https:\/\/hudo.com\/si\/","logo":{"@type":"ImageObject","inLanguage":"sl-SI","@id":"https:\/\/hudo.com\/si\/#\/schema\/logo\/image\/","url":"https:\/\/hudo.com\/si\/wp-content\/uploads\/sites\/2\/2021\/03\/hudo-app-2.png","contentUrl":"https:\/\/hudo.com\/si\/wp-content\/uploads\/sites\/2\/2021\/03\/hudo-app-2.png","width":2185,"height":2167,"caption":"VSN Media"},"image":{"@id":"https:\/\/hudo.com\/si\/#\/schema\/logo\/image\/"},"sameAs":["https:\/\/www.facebook.com\/hudo.si","https:\/\/twitter.com\/hudo_si"]},{"@type":"Person","@id":"https:\/\/hudo.com\/si\/#\/schema\/person\/601cf3379633985b20f7e50f2bb47707","name":"hudo","image":{"@type":"ImageObject","inLanguage":"sl-SI","@id":"https:\/\/hudo.com\/si\/#\/schema\/person\/image\/","url":"https:\/\/secure.gravatar.com\/avatar\/c4ca25fa72cace7a696b52ff5db9e095?s=96&d=mm&r=g","contentUrl":"https:\/\/secure.gravatar.com\/avatar\/c4ca25fa72cace7a696b52ff5db9e095?s=96&d=mm&r=g","caption":"hudo"},"url":"https:\/\/hudo.com\/si\/author\/hudo\/"}]}},"amp_enabled":true,"_links":{"self":[{"href":"https:\/\/hudo.com\/si\/wp-json\/wp\/v2\/posts\/25507"}],"collection":[{"href":"https:\/\/hudo.com\/si\/wp-json\/wp\/v2\/posts"}],"about":[{"href":"https:\/\/hudo.com\/si\/wp-json\/wp\/v2\/types\/post"}],"author":[{"embeddable":true,"href":"https:\/\/hudo.com\/si\/wp-json\/wp\/v2\/users\/1"}],"replies":[{"embeddable":true,"href":"https:\/\/hudo.com\/si\/wp-json\/wp\/v2\/comments?post=25507"}],"version-history":[{"count":1,"href":"https:\/\/hudo.com\/si\/wp-json\/wp\/v2\/posts\/25507\/revisions"}],"predecessor-version":[{"id":25554,"href":"https:\/\/hudo.com\/si\/wp-json\/wp\/v2\/posts\/25507\/revisions\/25554"}],"wp:attachment":[{"href":"https:\/\/hudo.com\/si\/wp-json\/wp\/v2\/media?parent=25507"}],"wp:term":[{"taxonomy":"category","embeddable":true,"href":"https:\/\/hudo.com\/si\/wp-json\/wp\/v2\/categories?post=25507"},{"taxonomy":"post_tag","embeddable":true,"href":"https:\/\/hudo.com\/si\/wp-json\/wp\/v2\/tags?post=25507"},{"taxonomy":"source","embeddable":true,"href":"https:\/\/hudo.com\/si\/wp-json\/wp\/v2\/source?post=25507"},{"taxonomy":"supertag","embeddable":true,"href":"https:\/\/hudo.com\/si\/wp-json\/wp\/v2\/supertag?post=25507"}],"curies":[{"name":"wp","href":"https:\/\/api.w.org\/{rel}","templated":true}]}}