{"id":255178,"date":"2017-05-15T07:00:00","date_gmt":"2017-05-15T05:00:00","guid":{"rendered":"http:\/\/hudo.com\/si\/2017\/05\/15\/cenejsi-nacrt-za-umiritev-divje-savinje\/"},"modified":"2017-05-15T07:00:00","modified_gmt":"2017-05-15T05:00:00","slug":"cenejsi-nacrt-za-umiritev-divje-savinje","status":"publish","type":"post","link":"https:\/\/hudo.com\/si\/aktualno\/cenejsi-nacrt-za-umiritev-divje-savinje\/","title":{"rendered":"Cenej\u0161i na\u010drt za umiritev divje Savinje"},"content":{"rendered":"<p>Kategorija: Slovenija Mon, 15 May 2017 09:00:00 +0200  \u017dalec \u2013 Namesto ocenjenih 110 milijonov evrov za zadr\u017eevalnike visokih voda v Spodnji Savinjski dolini, ki jih dr\u017eavi nikakor ne uspe za\u010deti ume\u0161\u010dati v prostor, bi nadaljevanje protipoplavnih ukrepov v pore\u010dju Savinje lahko stalo le 50 milijonov evrov. \u017dupan \u017dalca Janko Kos je v dogovoru z \u017eupani sosednjih ob\u010din ministrici za okolje in prostor Ireni Majcen predstavil nove strokovne podlage in na\u010drte, ministrica pa je pobudo sprejela. Dejala je celo, da z izvedbo tako morda ne bo treba \u010dakati na evropsko finan\u010dno perspektivo po letu 2020, saj Slovenija zadr\u017eevalnike Savinje lahko financira iz vodnega sklada. To ni prvi primer, da lokalne skupnosti jemljejo zmanj\u0161anje poplavne ogro\u017eenosti v svoje roke. \u017de pred letom 2010 sta \u017eupan Celja Bojan \u0160rot in poobla\u0161\u010denec za protipoplavne ukrepe Roman Kramer pri vladi dobila dovoljenje, da je Celje\u00a0&#8230;<\/p>\n","protected":false},"excerpt":{"rendered":"<p>Kategorija: Slovenija Mon, 15 May 2017 09:00:00 +0200  \u017dalec \u2013 Namesto ocenjenih 110 milijonov evrov za zadr\u017eevalnike visokih voda v Spodnji Savinjski dolini, ki jih dr\u017eavi nikakor ne uspe za\u010deti ume\u0161\u010dati v prostor, bi nadaljevanje protipoplavnih ukrepov v pore\u010dju Savinje lahko stalo le 50 milijonov evrov. \u017dupan \u017dalca Janko Kos je v dogovoru z \u017eupani sosednjih ob\u010din ministrici za okolje in prostor Ireni Majcen predstavil nove strokovne podlage in na\u010drte, ministrica pa je pobudo sprejela. Dejala je celo, da z izvedbo tako morda ne bo treba \u010dakati na evropsko finan\u010dno perspektivo po letu 2020, saj Slovenija zadr\u017eevalnike Savinje lahko financira iz vodnega sklada. To ni prvi primer, da lokalne skupnosti jemljejo zmanj\u0161anje poplavne ogro\u017eenosti v svoje roke. \u017de pred letom 2010 sta \u017eupan Celja Bojan \u0160rot in poobla\u0161\u010denec za protipoplavne ukrepe Roman Kramer pri vladi dobila dovoljenje, da je Celje\u00a0&#8230;<\/p>\n","protected":false},"author":1,"featured_media":0,"comment_status":"closed","ping_status":"closed","sticky":false,"template":"","format":"standard","meta":{"footnotes":""},"categories":[1179],"tags":[],"source":[1703],"supertag":[],"acf":[],"yoast_head":"<!-- This site is optimized with the Yoast SEO plugin v21.3 - https:\/\/yoast.com\/wordpress\/plugins\/seo\/ -->\n<title>Cenej\u0161i na\u010drt za umiritev divje Savinje - Hudo Slovenija<\/title>\n<meta name=\"robots\" content=\"index, follow, max-snippet:-1, max-image-preview:large, max-video-preview:-1\" \/>\n<link rel=\"canonical\" href=\"https:\/\/hudo.com\/si\/aktualno\/cenejsi-nacrt-za-umiritev-divje-savinje\/\" \/>\n<meta property=\"og:locale\" content=\"sl_SI\" \/>\n<meta property=\"og:type\" content=\"article\" \/>\n<meta property=\"og:title\" content=\"Cenej\u0161i na\u010drt za umiritev divje Savinje - Hudo Slovenija\" \/>\n<meta property=\"og:description\" content=\"Kategorija: Slovenija Mon, 15 May 2017 09:00:00 +0200 \u017dalec \u2013 Namesto ocenjenih 110 milijonov evrov za zadr\u017eevalnike visokih voda v Spodnji Savinjski dolini, ki jih dr\u017eavi nikakor ne uspe za\u010deti ume\u0161\u010dati v prostor, bi nadaljevanje protipoplavnih ukrepov v pore\u010dju Savinje lahko stalo le 50 milijonov evrov. \u017dupan \u017dalca Janko Kos je v dogovoru z \u017eupani sosednjih ob\u010din ministrici za okolje in prostor Ireni Majcen predstavil nove strokovne podlage in na\u010drte, ministrica pa je pobudo sprejela. Dejala je celo, da z izvedbo tako morda ne bo treba \u010dakati na evropsko finan\u010dno perspektivo po letu 2020, saj Slovenija zadr\u017eevalnike Savinje lahko financira iz vodnega sklada. To ni prvi primer, da lokalne skupnosti jemljejo zmanj\u0161anje poplavne ogro\u017eenosti v svoje roke. \u017de pred letom 2010 sta \u017eupan Celja Bojan \u0160rot in poobla\u0161\u010denec za protipoplavne ukrepe Roman Kramer pri vladi dobila dovoljenje, da je Celje\u00a0...\" \/>\n<meta property=\"og:url\" content=\"https:\/\/hudo.com\/si\/aktualno\/cenejsi-nacrt-za-umiritev-divje-savinje\/\" \/>\n<meta property=\"og:site_name\" content=\"Hudo Slovenija\" \/>\n<meta property=\"article:publisher\" content=\"https:\/\/www.facebook.com\/hudo.si\" \/>\n<meta property=\"article:published_time\" content=\"2017-05-15T05:00:00+00:00\" \/>\n<meta property=\"og:image\" content=\"https:\/\/hudo.com\/si\/wp-content\/uploads\/sites\/2\/2017\/05\/480x290_4_stran__djvu_1230733_arkom.jpeg\" \/>\n\t<meta property=\"og:image:width\" content=\"480\" \/>\n\t<meta property=\"og:image:height\" content=\"290\" \/>\n\t<meta property=\"og:image:type\" content=\"image\/jpeg\" \/>\n<meta name=\"author\" content=\"hudo\" \/>\n<meta name=\"twitter:card\" content=\"summary_large_image\" \/>\n<meta name=\"twitter:creator\" content=\"@hudo_si\" \/>\n<meta name=\"twitter:site\" content=\"@hudo_si\" \/>\n<meta name=\"twitter:label1\" content=\"Written by\" \/>\n\t<meta name=\"twitter:data1\" content=\"hudo\" \/>\n\t<meta name=\"twitter:label2\" content=\"Est. reading time\" \/>\n\t<meta name=\"twitter:data2\" content=\"1 minuta\" \/>\n<script type=\"application\/ld+json\" class=\"yoast-schema-graph\">{\"@context\":\"https:\/\/schema.org\",\"@graph\":[{\"@type\":\"Article\",\"@id\":\"https:\/\/hudo.com\/si\/aktualno\/cenejsi-nacrt-za-umiritev-divje-savinje\/#article\",\"isPartOf\":{\"@id\":\"https:\/\/hudo.com\/si\/aktualno\/cenejsi-nacrt-za-umiritev-divje-savinje\/\"},\"author\":{\"name\":\"hudo\",\"@id\":\"https:\/\/hudo.com\/si\/#\/schema\/person\/601cf3379633985b20f7e50f2bb47707\"},\"headline\":\"Cenej\u0161i na\u010drt za umiritev divje Savinje\",\"datePublished\":\"2017-05-15T05:00:00+00:00\",\"dateModified\":\"2017-05-15T05:00:00+00:00\",\"mainEntityOfPage\":{\"@id\":\"https:\/\/hudo.com\/si\/aktualno\/cenejsi-nacrt-za-umiritev-divje-savinje\/\"},\"wordCount\":151,\"publisher\":{\"@id\":\"https:\/\/hudo.com\/si\/#organization\"},\"articleSection\":[\"Aktualno\"],\"inLanguage\":\"sl-SI\"},{\"@type\":\"WebPage\",\"@id\":\"https:\/\/hudo.com\/si\/aktualno\/cenejsi-nacrt-za-umiritev-divje-savinje\/\",\"url\":\"https:\/\/hudo.com\/si\/aktualno\/cenejsi-nacrt-za-umiritev-divje-savinje\/\",\"name\":\"Cenej\u0161i na\u010drt za umiritev divje Savinje - Hudo Slovenija\",\"isPartOf\":{\"@id\":\"https:\/\/hudo.com\/si\/#website\"},\"datePublished\":\"2017-05-15T05:00:00+00:00\",\"dateModified\":\"2017-05-15T05:00:00+00:00\",\"breadcrumb\":{\"@id\":\"https:\/\/hudo.com\/si\/aktualno\/cenejsi-nacrt-za-umiritev-divje-savinje\/#breadcrumb\"},\"inLanguage\":\"sl-SI\",\"potentialAction\":[{\"@type\":\"ReadAction\",\"target\":[\"https:\/\/hudo.com\/si\/aktualno\/cenejsi-nacrt-za-umiritev-divje-savinje\/\"]}]},{\"@type\":\"BreadcrumbList\",\"@id\":\"https:\/\/hudo.com\/si\/aktualno\/cenejsi-nacrt-za-umiritev-divje-savinje\/#breadcrumb\",\"itemListElement\":[{\"@type\":\"ListItem\",\"position\":1,\"name\":\"Home\",\"item\":\"https:\/\/hudo.com\/si\/\"},{\"@type\":\"ListItem\",\"position\":2,\"name\":\"Cenej\u0161i na\u010drt za umiritev divje Savinje\"}]},{\"@type\":\"WebSite\",\"@id\":\"https:\/\/hudo.com\/si\/#website\",\"url\":\"https:\/\/hudo.com\/si\/\",\"name\":\"Hudo Slovenija\",\"description\":\"Vse novice iz Slovenije in sveta\",\"publisher\":{\"@id\":\"https:\/\/hudo.com\/si\/#organization\"},\"potentialAction\":[{\"@type\":\"SearchAction\",\"target\":{\"@type\":\"EntryPoint\",\"urlTemplate\":\"https:\/\/hudo.com\/si\/?s={search_term_string}\"},\"query-input\":\"required name=search_term_string\"}],\"inLanguage\":\"sl-SI\"},{\"@type\":\"Organization\",\"@id\":\"https:\/\/hudo.com\/si\/#organization\",\"name\":\"VSN Media\",\"url\":\"https:\/\/hudo.com\/si\/\",\"logo\":{\"@type\":\"ImageObject\",\"inLanguage\":\"sl-SI\",\"@id\":\"https:\/\/hudo.com\/si\/#\/schema\/logo\/image\/\",\"url\":\"https:\/\/hudo.com\/si\/wp-content\/uploads\/sites\/2\/2021\/03\/hudo-app-2.png\",\"contentUrl\":\"https:\/\/hudo.com\/si\/wp-content\/uploads\/sites\/2\/2021\/03\/hudo-app-2.png\",\"width\":2185,\"height\":2167,\"caption\":\"VSN Media\"},\"image\":{\"@id\":\"https:\/\/hudo.com\/si\/#\/schema\/logo\/image\/\"},\"sameAs\":[\"https:\/\/www.facebook.com\/hudo.si\",\"https:\/\/twitter.com\/hudo_si\"]},{\"@type\":\"Person\",\"@id\":\"https:\/\/hudo.com\/si\/#\/schema\/person\/601cf3379633985b20f7e50f2bb47707\",\"name\":\"hudo\",\"image\":{\"@type\":\"ImageObject\",\"inLanguage\":\"sl-SI\",\"@id\":\"https:\/\/hudo.com\/si\/#\/schema\/person\/image\/\",\"url\":\"https:\/\/secure.gravatar.com\/avatar\/c4ca25fa72cace7a696b52ff5db9e095?s=96&d=mm&r=g\",\"contentUrl\":\"https:\/\/secure.gravatar.com\/avatar\/c4ca25fa72cace7a696b52ff5db9e095?s=96&d=mm&r=g\",\"caption\":\"hudo\"},\"url\":\"https:\/\/hudo.com\/si\/author\/hudo\/\"}]}<\/script>\n<!-- \/ Yoast SEO plugin. -->","yoast_head_json":{"title":"Cenej\u0161i na\u010drt za umiritev divje Savinje - Hudo Slovenija","robots":{"index":"index","follow":"follow","max-snippet":"max-snippet:-1","max-image-preview":"max-image-preview:large","max-video-preview":"max-video-preview:-1"},"canonical":"https:\/\/hudo.com\/si\/aktualno\/cenejsi-nacrt-za-umiritev-divje-savinje\/","og_locale":"sl_SI","og_type":"article","og_title":"Cenej\u0161i na\u010drt za umiritev divje Savinje - Hudo Slovenija","og_description":"Kategorija: Slovenija Mon, 15 May 2017 09:00:00 +0200 \u017dalec \u2013 Namesto ocenjenih 110 milijonov evrov za zadr\u017eevalnike visokih voda v Spodnji Savinjski dolini, ki jih dr\u017eavi nikakor ne uspe za\u010deti ume\u0161\u010dati v prostor, bi nadaljevanje protipoplavnih ukrepov v pore\u010dju Savinje lahko stalo le 50 milijonov evrov. \u017dupan \u017dalca Janko Kos je v dogovoru z \u017eupani sosednjih ob\u010din ministrici za okolje in prostor Ireni Majcen predstavil nove strokovne podlage in na\u010drte, ministrica pa je pobudo sprejela. Dejala je celo, da z izvedbo tako morda ne bo treba \u010dakati na evropsko finan\u010dno perspektivo po letu 2020, saj Slovenija zadr\u017eevalnike Savinje lahko financira iz vodnega sklada. To ni prvi primer, da lokalne skupnosti jemljejo zmanj\u0161anje poplavne ogro\u017eenosti v svoje roke. \u017de pred letom 2010 sta \u017eupan Celja Bojan \u0160rot in poobla\u0161\u010denec za protipoplavne ukrepe Roman Kramer pri vladi dobila dovoljenje, da je Celje\u00a0...","og_url":"https:\/\/hudo.com\/si\/aktualno\/cenejsi-nacrt-za-umiritev-divje-savinje\/","og_site_name":"Hudo Slovenija","article_publisher":"https:\/\/www.facebook.com\/hudo.si","article_published_time":"2017-05-15T05:00:00+00:00","og_image":[{"width":480,"height":290,"url":"https:\/\/hudo.com\/si\/wp-content\/uploads\/sites\/2\/2017\/05\/480x290_4_stran__djvu_1230733_arkom.jpeg","type":"image\/jpeg"}],"author":"hudo","twitter_card":"summary_large_image","twitter_creator":"@hudo_si","twitter_site":"@hudo_si","twitter_misc":{"Written by":"hudo","Est. reading time":"1 minuta"},"schema":{"@context":"https:\/\/schema.org","@graph":[{"@type":"Article","@id":"https:\/\/hudo.com\/si\/aktualno\/cenejsi-nacrt-za-umiritev-divje-savinje\/#article","isPartOf":{"@id":"https:\/\/hudo.com\/si\/aktualno\/cenejsi-nacrt-za-umiritev-divje-savinje\/"},"author":{"name":"hudo","@id":"https:\/\/hudo.com\/si\/#\/schema\/person\/601cf3379633985b20f7e50f2bb47707"},"headline":"Cenej\u0161i na\u010drt za umiritev divje Savinje","datePublished":"2017-05-15T05:00:00+00:00","dateModified":"2017-05-15T05:00:00+00:00","mainEntityOfPage":{"@id":"https:\/\/hudo.com\/si\/aktualno\/cenejsi-nacrt-za-umiritev-divje-savinje\/"},"wordCount":151,"publisher":{"@id":"https:\/\/hudo.com\/si\/#organization"},"articleSection":["Aktualno"],"inLanguage":"sl-SI"},{"@type":"WebPage","@id":"https:\/\/hudo.com\/si\/aktualno\/cenejsi-nacrt-za-umiritev-divje-savinje\/","url":"https:\/\/hudo.com\/si\/aktualno\/cenejsi-nacrt-za-umiritev-divje-savinje\/","name":"Cenej\u0161i na\u010drt za umiritev divje Savinje - Hudo Slovenija","isPartOf":{"@id":"https:\/\/hudo.com\/si\/#website"},"datePublished":"2017-05-15T05:00:00+00:00","dateModified":"2017-05-15T05:00:00+00:00","breadcrumb":{"@id":"https:\/\/hudo.com\/si\/aktualno\/cenejsi-nacrt-za-umiritev-divje-savinje\/#breadcrumb"},"inLanguage":"sl-SI","potentialAction":[{"@type":"ReadAction","target":["https:\/\/hudo.com\/si\/aktualno\/cenejsi-nacrt-za-umiritev-divje-savinje\/"]}]},{"@type":"BreadcrumbList","@id":"https:\/\/hudo.com\/si\/aktualno\/cenejsi-nacrt-za-umiritev-divje-savinje\/#breadcrumb","itemListElement":[{"@type":"ListItem","position":1,"name":"Home","item":"https:\/\/hudo.com\/si\/"},{"@type":"ListItem","position":2,"name":"Cenej\u0161i na\u010drt za umiritev divje Savinje"}]},{"@type":"WebSite","@id":"https:\/\/hudo.com\/si\/#website","url":"https:\/\/hudo.com\/si\/","name":"Hudo Slovenija","description":"Vse novice iz Slovenije in sveta","publisher":{"@id":"https:\/\/hudo.com\/si\/#organization"},"potentialAction":[{"@type":"SearchAction","target":{"@type":"EntryPoint","urlTemplate":"https:\/\/hudo.com\/si\/?s={search_term_string}"},"query-input":"required name=search_term_string"}],"inLanguage":"sl-SI"},{"@type":"Organization","@id":"https:\/\/hudo.com\/si\/#organization","name":"VSN Media","url":"https:\/\/hudo.com\/si\/","logo":{"@type":"ImageObject","inLanguage":"sl-SI","@id":"https:\/\/hudo.com\/si\/#\/schema\/logo\/image\/","url":"https:\/\/hudo.com\/si\/wp-content\/uploads\/sites\/2\/2021\/03\/hudo-app-2.png","contentUrl":"https:\/\/hudo.com\/si\/wp-content\/uploads\/sites\/2\/2021\/03\/hudo-app-2.png","width":2185,"height":2167,"caption":"VSN Media"},"image":{"@id":"https:\/\/hudo.com\/si\/#\/schema\/logo\/image\/"},"sameAs":["https:\/\/www.facebook.com\/hudo.si","https:\/\/twitter.com\/hudo_si"]},{"@type":"Person","@id":"https:\/\/hudo.com\/si\/#\/schema\/person\/601cf3379633985b20f7e50f2bb47707","name":"hudo","image":{"@type":"ImageObject","inLanguage":"sl-SI","@id":"https:\/\/hudo.com\/si\/#\/schema\/person\/image\/","url":"https:\/\/secure.gravatar.com\/avatar\/c4ca25fa72cace7a696b52ff5db9e095?s=96&d=mm&r=g","contentUrl":"https:\/\/secure.gravatar.com\/avatar\/c4ca25fa72cace7a696b52ff5db9e095?s=96&d=mm&r=g","caption":"hudo"},"url":"https:\/\/hudo.com\/si\/author\/hudo\/"}]}},"amp_enabled":true,"_links":{"self":[{"href":"https:\/\/hudo.com\/si\/wp-json\/wp\/v2\/posts\/255178"}],"collection":[{"href":"https:\/\/hudo.com\/si\/wp-json\/wp\/v2\/posts"}],"about":[{"href":"https:\/\/hudo.com\/si\/wp-json\/wp\/v2\/types\/post"}],"author":[{"embeddable":true,"href":"https:\/\/hudo.com\/si\/wp-json\/wp\/v2\/users\/1"}],"replies":[{"embeddable":true,"href":"https:\/\/hudo.com\/si\/wp-json\/wp\/v2\/comments?post=255178"}],"version-history":[{"count":0,"href":"https:\/\/hudo.com\/si\/wp-json\/wp\/v2\/posts\/255178\/revisions"}],"wp:attachment":[{"href":"https:\/\/hudo.com\/si\/wp-json\/wp\/v2\/media?parent=255178"}],"wp:term":[{"taxonomy":"category","embeddable":true,"href":"https:\/\/hudo.com\/si\/wp-json\/wp\/v2\/categories?post=255178"},{"taxonomy":"post_tag","embeddable":true,"href":"https:\/\/hudo.com\/si\/wp-json\/wp\/v2\/tags?post=255178"},{"taxonomy":"source","embeddable":true,"href":"https:\/\/hudo.com\/si\/wp-json\/wp\/v2\/source?post=255178"},{"taxonomy":"supertag","embeddable":true,"href":"https:\/\/hudo.com\/si\/wp-json\/wp\/v2\/supertag?post=255178"}],"curies":[{"name":"wp","href":"https:\/\/api.w.org\/{rel}","templated":true}]}}