{"id":255278,"date":"2017-05-15T07:09:00","date_gmt":"2017-05-15T05:09:00","guid":{"rendered":"http:\/\/hudo.com\/si\/2017\/05\/15\/nove-kadrovske-rosade-v-slovenski-industriji-jekla-umik-clanov-uprave\/"},"modified":"2017-05-15T07:09:00","modified_gmt":"2017-05-15T05:09:00","slug":"nove-kadrovske-rosade-v-slovenski-industriji-jekla-umik-clanov-uprave","status":"publish","type":"post","link":"https:\/\/hudo.com\/si\/aktualno\/nove-kadrovske-rosade-v-slovenski-industriji-jekla-umik-clanov-uprave\/","title":{"rendered":"Nove kadrovske ro\u0161ade v Slovenski industriji jekla: umik \u010dlanov uprave"},"content":{"rendered":"<p>Potem ko je vrh Slovenske industrije jekla &#8211; SIJ v za\u010detku leta zamajala hitra zamenjava predsednika uprave Antona \u010cerniha in ko je jeklarsko skupino pred dobrima dvema mesecema zapustil \u0161e direktor Acronija in pred tem direktor dru\u017ebe SIJ Ravne Sytems Peter \u010cas, je zdaj napo\u010dila \u0161e ena pomenljiva sprememba v upravi &#8211; umik obeh \u010dlanov uprave, ki jo \u0161e naprej vodi Andrej Zubitski. Iz jeklarske skupine v ve\u010dinski lasti ruske dru\u017eine Zubitski zdaj odhajata \u0161e Denis Mancevi\u010d, glavni izvr\u0161ni direktor in \u010dlan uprave, pred tem pa direktor za korporativno komuniciranje in nadzornik, in Igor Malevanov, izvr\u0161ni direktor za finance in \u010dlan uprave SIJ. Uradno pojasnilo iz SIJ je, da sta \u010dlana uprave odstopila, in sicer iz osebnih razlogov, in da bosta pot nadaljevala izven skupine, do izteka zaposlitvenih pogodb v juniju pa opravljata le \u0161e teko\u010de posle. V SIJ izpostavljajo tudi, da sta oba \u010dlana uprave pripomogla k uspe\u0161nim rezultatom v zadnjih letih &#8211; Mancevi\u010d je bil v skupini zaposlen od leta 2014, Malevanov pa \u017ee od leta 2007, torej vse od ruskega prevzema.        Andrej Petelin\u0161ek Denis Mancevi\u010d &#8211; \u0161e nedavno klju\u010dni akter, zdaj pa odhaja iz SIJ.    Vse ve\u010d pa se ob nizu kadrovskih sprememb poraja vpra\u0161anj, kaj se dejansko dogaja v skupini in kako to, da se nenadoma poslavlja \u0161e Mancevi\u010d, za katerega je \u0161e nedavno veljalo, da u\u017eiva zaupanje lastnika in tudi suvereno vle\u010de odlo\u010devalske niti. O tem, kaj to\u010dno se je zdaj zamajalo, se neuradno pojavlja ve\u010d razlag, ve\u010dinoma so povezane z nezadovoljstvom in vse ve\u010djimi zahtevami ruskega lastnika. Ne glede na razloge za razhajanja pa vse ka\u017ee, da klju\u010dni akter iz dru\u017eine Zubitski Evgenij Zubitski preko holdinga IMH vse bolj vodi celotne posle, potem ko je v zadnjem obdobju prek posebne ruske delegacije iz holdinga \u017ee nekaj \u010dasa pregledoval poslovanje SIJ-evih dru\u017eb pod taktirko brata Andreja Zubitskega. Po nekaterih virih je zdaj omenjen ali ustavljen del nalo\u017eb, ki niso opredeljene kot klju\u010dne, kr\u010dijo pa tudi vire za vzdr\u017eevanje<\/p>\n","protected":false},"excerpt":{"rendered":"<p>Potem ko je vrh Slovenske industrije jekla &#8211; SIJ v za\u010detku leta zamajala hitra zamenjava predsednika uprave Antona \u010cerniha in ko je jeklarsko skupino pred dobrima dvema mesecema zapustil \u0161e direktor Acronija in pred tem direktor dru\u017ebe SIJ Ravne Sytems Peter \u010cas, je zdaj napo\u010dila \u0161e ena pomenljiva sprememba v upravi &#8211; umik obeh \u010dlanov uprave, ki jo \u0161e naprej vodi Andrej Zubitski. Iz jeklarske skupine v ve\u010dinski lasti ruske dru\u017eine Zubitski zdaj odhajata \u0161e Denis Mancevi\u010d, glavni izvr\u0161ni direktor in \u010dlan uprave, pred tem pa direktor za korporativno komuniciranje in nadzornik, in Igor Malevanov, izvr\u0161ni direktor za finance in \u010dlan uprave SIJ. Uradno pojasnilo iz SIJ je, da sta \u010dlana uprave odstopila, in sicer iz osebnih razlogov, in da bosta pot nadaljevala izven skupine, do izteka zaposlitvenih pogodb v juniju pa opravljata le \u0161e teko\u010de posle. V SIJ izpostavljajo tudi, da sta oba \u010dlana uprave pripomogla k uspe\u0161nim rezultatom v zadnjih letih &#8211; Mancevi\u010d je bil v skupini zaposlen od leta 2014, Malevanov pa \u017ee od leta 2007, torej vse od ruskega prevzema.        Andrej Petelin\u0161ek Denis Mancevi\u010d &#8211; \u0161e nedavno klju\u010dni akter, zdaj pa odhaja iz SIJ.    Vse ve\u010d pa se ob nizu kadrovskih sprememb poraja vpra\u0161anj, kaj se dejansko dogaja v skupini in kako to, da se nenadoma poslavlja \u0161e Mancevi\u010d, za katerega je \u0161e nedavno veljalo, da u\u017eiva zaupanje lastnika in tudi suvereno vle\u010de odlo\u010devalske niti. O tem, kaj to\u010dno se je zdaj zamajalo, se neuradno pojavlja ve\u010d razlag, ve\u010dinoma so povezane z nezadovoljstvom in vse ve\u010djimi zahtevami ruskega lastnika. Ne glede na razloge za razhajanja pa vse ka\u017ee, da klju\u010dni akter iz dru\u017eine Zubitski Evgenij Zubitski preko holdinga IMH vse bolj vodi celotne posle, potem ko je v zadnjem obdobju prek posebne ruske delegacije iz holdinga \u017ee nekaj \u010dasa pregledoval poslovanje SIJ-evih dru\u017eb pod taktirko brata Andreja Zubitskega. Po nekaterih virih je zdaj omenjen ali ustavljen del nalo\u017eb, ki niso opredeljene kot klju\u010dne, kr\u010dijo pa tudi vire za vzdr\u017eevanje<\/p>\n","protected":false},"author":1,"featured_media":0,"comment_status":"closed","ping_status":"closed","sticky":false,"template":"","format":"standard","meta":{"footnotes":""},"categories":[1179],"tags":[],"source":[1711],"supertag":[],"acf":[],"yoast_head":"<!-- This site is optimized with the Yoast SEO plugin v21.3 - https:\/\/yoast.com\/wordpress\/plugins\/seo\/ -->\n<title>Nove kadrovske ro\u0161ade v Slovenski industriji jekla: umik \u010dlanov uprave - Hudo Slovenija<\/title>\n<meta name=\"robots\" content=\"index, follow, max-snippet:-1, max-image-preview:large, max-video-preview:-1\" \/>\n<link rel=\"canonical\" href=\"https:\/\/hudo.com\/si\/aktualno\/nove-kadrovske-rosade-v-slovenski-industriji-jekla-umik-clanov-uprave\/\" \/>\n<meta property=\"og:locale\" content=\"sl_SI\" \/>\n<meta property=\"og:type\" content=\"article\" \/>\n<meta property=\"og:title\" content=\"Nove kadrovske ro\u0161ade v Slovenski industriji jekla: umik \u010dlanov uprave - Hudo Slovenija\" \/>\n<meta property=\"og:description\" content=\"Potem ko je vrh Slovenske industrije jekla - SIJ v za\u010detku leta zamajala hitra zamenjava predsednika uprave Antona \u010cerniha in ko je jeklarsko skupino pred dobrima dvema mesecema zapustil \u0161e direktor Acronija in pred tem direktor dru\u017ebe SIJ Ravne Sytems Peter \u010cas, je zdaj napo\u010dila \u0161e ena pomenljiva sprememba v upravi - umik obeh \u010dlanov uprave, ki jo \u0161e naprej vodi Andrej Zubitski. Iz jeklarske skupine v ve\u010dinski lasti ruske dru\u017eine Zubitski zdaj odhajata \u0161e Denis Mancevi\u010d, glavni izvr\u0161ni direktor in \u010dlan uprave, pred tem pa direktor za korporativno komuniciranje in nadzornik, in Igor Malevanov, izvr\u0161ni direktor za finance in \u010dlan uprave SIJ. Uradno pojasnilo iz SIJ je, da sta \u010dlana uprave odstopila, in sicer iz osebnih razlogov, in da bosta pot nadaljevala izven skupine, do izteka zaposlitvenih pogodb v juniju pa opravljata le \u0161e teko\u010de posle. V SIJ izpostavljajo tudi, da sta oba \u010dlana uprave pripomogla k uspe\u0161nim rezultatom v zadnjih letih - Mancevi\u010d je bil v skupini zaposlen od leta 2014, Malevanov pa \u017ee od leta 2007, torej vse od ruskega prevzema.    Andrej Petelin\u0161ek Denis Mancevi\u010d - \u0161e nedavno klju\u010dni akter, zdaj pa odhaja iz SIJ.  Vse ve\u010d pa se ob nizu kadrovskih sprememb poraja vpra\u0161anj, kaj se dejansko dogaja v skupini in kako to, da se nenadoma poslavlja \u0161e Mancevi\u010d, za katerega je \u0161e nedavno veljalo, da u\u017eiva zaupanje lastnika in tudi suvereno vle\u010de odlo\u010devalske niti. O tem, kaj to\u010dno se je zdaj zamajalo, se neuradno pojavlja ve\u010d razlag, ve\u010dinoma so povezane z nezadovoljstvom in vse ve\u010djimi zahtevami ruskega lastnika. Ne glede na razloge za razhajanja pa vse ka\u017ee, da klju\u010dni akter iz dru\u017eine Zubitski Evgenij Zubitski preko holdinga IMH vse bolj vodi celotne posle, potem ko je v zadnjem obdobju prek posebne ruske delegacije iz holdinga \u017ee nekaj \u010dasa pregledoval poslovanje SIJ-evih dru\u017eb pod taktirko brata Andreja Zubitskega. Po nekaterih virih je zdaj omenjen ali ustavljen del nalo\u017eb, ki niso opredeljene kot klju\u010dne, kr\u010dijo pa tudi vire za vzdr\u017eevanje\" \/>\n<meta property=\"og:url\" content=\"https:\/\/hudo.com\/si\/aktualno\/nove-kadrovske-rosade-v-slovenski-industriji-jekla-umik-clanov-uprave\/\" \/>\n<meta property=\"og:site_name\" content=\"Hudo Slovenija\" \/>\n<meta property=\"article:publisher\" content=\"https:\/\/www.facebook.com\/hudo.si\" \/>\n<meta property=\"article:published_time\" content=\"2017-05-15T05:09:00+00:00\" \/>\n<meta property=\"og:image\" content=\"https:\/\/hudo.com\/si\/wp-content\/uploads\/sites\/2\/2017\/05\/01277024F-300.jpg\" \/>\n\t<meta property=\"og:image:width\" content=\"450\" \/>\n\t<meta property=\"og:image:height\" content=\"293\" \/>\n\t<meta property=\"og:image:type\" content=\"image\/jpeg\" \/>\n<meta name=\"author\" content=\"hudo\" \/>\n<meta name=\"twitter:card\" content=\"summary_large_image\" \/>\n<meta name=\"twitter:creator\" content=\"@hudo_si\" \/>\n<meta name=\"twitter:site\" content=\"@hudo_si\" \/>\n<meta name=\"twitter:label1\" content=\"Written by\" \/>\n\t<meta name=\"twitter:data1\" content=\"hudo\" \/>\n\t<meta name=\"twitter:label2\" content=\"Est. reading time\" \/>\n\t<meta name=\"twitter:data2\" content=\"2 minuti\" \/>\n<script type=\"application\/ld+json\" class=\"yoast-schema-graph\">{\"@context\":\"https:\/\/schema.org\",\"@graph\":[{\"@type\":\"Article\",\"@id\":\"https:\/\/hudo.com\/si\/aktualno\/nove-kadrovske-rosade-v-slovenski-industriji-jekla-umik-clanov-uprave\/#article\",\"isPartOf\":{\"@id\":\"https:\/\/hudo.com\/si\/aktualno\/nove-kadrovske-rosade-v-slovenski-industriji-jekla-umik-clanov-uprave\/\"},\"author\":{\"name\":\"hudo\",\"@id\":\"https:\/\/hudo.com\/si\/#\/schema\/person\/601cf3379633985b20f7e50f2bb47707\"},\"headline\":\"Nove kadrovske ro\u0161ade v Slovenski industriji jekla: umik \u010dlanov uprave\",\"datePublished\":\"2017-05-15T05:09:00+00:00\",\"dateModified\":\"2017-05-15T05:09:00+00:00\",\"mainEntityOfPage\":{\"@id\":\"https:\/\/hudo.com\/si\/aktualno\/nove-kadrovske-rosade-v-slovenski-industriji-jekla-umik-clanov-uprave\/\"},\"wordCount\":358,\"publisher\":{\"@id\":\"https:\/\/hudo.com\/si\/#organization\"},\"articleSection\":[\"Aktualno\"],\"inLanguage\":\"sl-SI\"},{\"@type\":\"WebPage\",\"@id\":\"https:\/\/hudo.com\/si\/aktualno\/nove-kadrovske-rosade-v-slovenski-industriji-jekla-umik-clanov-uprave\/\",\"url\":\"https:\/\/hudo.com\/si\/aktualno\/nove-kadrovske-rosade-v-slovenski-industriji-jekla-umik-clanov-uprave\/\",\"name\":\"Nove kadrovske ro\u0161ade v Slovenski industriji jekla: umik \u010dlanov uprave - Hudo Slovenija\",\"isPartOf\":{\"@id\":\"https:\/\/hudo.com\/si\/#website\"},\"datePublished\":\"2017-05-15T05:09:00+00:00\",\"dateModified\":\"2017-05-15T05:09:00+00:00\",\"breadcrumb\":{\"@id\":\"https:\/\/hudo.com\/si\/aktualno\/nove-kadrovske-rosade-v-slovenski-industriji-jekla-umik-clanov-uprave\/#breadcrumb\"},\"inLanguage\":\"sl-SI\",\"potentialAction\":[{\"@type\":\"ReadAction\",\"target\":[\"https:\/\/hudo.com\/si\/aktualno\/nove-kadrovske-rosade-v-slovenski-industriji-jekla-umik-clanov-uprave\/\"]}]},{\"@type\":\"BreadcrumbList\",\"@id\":\"https:\/\/hudo.com\/si\/aktualno\/nove-kadrovske-rosade-v-slovenski-industriji-jekla-umik-clanov-uprave\/#breadcrumb\",\"itemListElement\":[{\"@type\":\"ListItem\",\"position\":1,\"name\":\"Home\",\"item\":\"https:\/\/hudo.com\/si\/\"},{\"@type\":\"ListItem\",\"position\":2,\"name\":\"Nove kadrovske ro\u0161ade v Slovenski industriji jekla: umik \u010dlanov uprave\"}]},{\"@type\":\"WebSite\",\"@id\":\"https:\/\/hudo.com\/si\/#website\",\"url\":\"https:\/\/hudo.com\/si\/\",\"name\":\"Hudo Slovenija\",\"description\":\"Vse novice iz Slovenije in sveta\",\"publisher\":{\"@id\":\"https:\/\/hudo.com\/si\/#organization\"},\"potentialAction\":[{\"@type\":\"SearchAction\",\"target\":{\"@type\":\"EntryPoint\",\"urlTemplate\":\"https:\/\/hudo.com\/si\/?s={search_term_string}\"},\"query-input\":\"required name=search_term_string\"}],\"inLanguage\":\"sl-SI\"},{\"@type\":\"Organization\",\"@id\":\"https:\/\/hudo.com\/si\/#organization\",\"name\":\"VSN Media\",\"url\":\"https:\/\/hudo.com\/si\/\",\"logo\":{\"@type\":\"ImageObject\",\"inLanguage\":\"sl-SI\",\"@id\":\"https:\/\/hudo.com\/si\/#\/schema\/logo\/image\/\",\"url\":\"https:\/\/hudo.com\/si\/wp-content\/uploads\/sites\/2\/2021\/03\/hudo-app-2.png\",\"contentUrl\":\"https:\/\/hudo.com\/si\/wp-content\/uploads\/sites\/2\/2021\/03\/hudo-app-2.png\",\"width\":2185,\"height\":2167,\"caption\":\"VSN Media\"},\"image\":{\"@id\":\"https:\/\/hudo.com\/si\/#\/schema\/logo\/image\/\"},\"sameAs\":[\"https:\/\/www.facebook.com\/hudo.si\",\"https:\/\/twitter.com\/hudo_si\"]},{\"@type\":\"Person\",\"@id\":\"https:\/\/hudo.com\/si\/#\/schema\/person\/601cf3379633985b20f7e50f2bb47707\",\"name\":\"hudo\",\"image\":{\"@type\":\"ImageObject\",\"inLanguage\":\"sl-SI\",\"@id\":\"https:\/\/hudo.com\/si\/#\/schema\/person\/image\/\",\"url\":\"https:\/\/secure.gravatar.com\/avatar\/c4ca25fa72cace7a696b52ff5db9e095?s=96&d=mm&r=g\",\"contentUrl\":\"https:\/\/secure.gravatar.com\/avatar\/c4ca25fa72cace7a696b52ff5db9e095?s=96&d=mm&r=g\",\"caption\":\"hudo\"},\"url\":\"https:\/\/hudo.com\/si\/author\/hudo\/\"}]}<\/script>\n<!-- \/ Yoast SEO plugin. -->","yoast_head_json":{"title":"Nove kadrovske ro\u0161ade v Slovenski industriji jekla: umik \u010dlanov uprave - Hudo Slovenija","robots":{"index":"index","follow":"follow","max-snippet":"max-snippet:-1","max-image-preview":"max-image-preview:large","max-video-preview":"max-video-preview:-1"},"canonical":"https:\/\/hudo.com\/si\/aktualno\/nove-kadrovske-rosade-v-slovenski-industriji-jekla-umik-clanov-uprave\/","og_locale":"sl_SI","og_type":"article","og_title":"Nove kadrovske ro\u0161ade v Slovenski industriji jekla: umik \u010dlanov uprave - Hudo Slovenija","og_description":"Potem ko je vrh Slovenske industrije jekla - SIJ v za\u010detku leta zamajala hitra zamenjava predsednika uprave Antona \u010cerniha in ko je jeklarsko skupino pred dobrima dvema mesecema zapustil \u0161e direktor Acronija in pred tem direktor dru\u017ebe SIJ Ravne Sytems Peter \u010cas, je zdaj napo\u010dila \u0161e ena pomenljiva sprememba v upravi - umik obeh \u010dlanov uprave, ki jo \u0161e naprej vodi Andrej Zubitski. Iz jeklarske skupine v ve\u010dinski lasti ruske dru\u017eine Zubitski zdaj odhajata \u0161e Denis Mancevi\u010d, glavni izvr\u0161ni direktor in \u010dlan uprave, pred tem pa direktor za korporativno komuniciranje in nadzornik, in Igor Malevanov, izvr\u0161ni direktor za finance in \u010dlan uprave SIJ. Uradno pojasnilo iz SIJ je, da sta \u010dlana uprave odstopila, in sicer iz osebnih razlogov, in da bosta pot nadaljevala izven skupine, do izteka zaposlitvenih pogodb v juniju pa opravljata le \u0161e teko\u010de posle. V SIJ izpostavljajo tudi, da sta oba \u010dlana uprave pripomogla k uspe\u0161nim rezultatom v zadnjih letih - Mancevi\u010d je bil v skupini zaposlen od leta 2014, Malevanov pa \u017ee od leta 2007, torej vse od ruskega prevzema.    Andrej Petelin\u0161ek Denis Mancevi\u010d - \u0161e nedavno klju\u010dni akter, zdaj pa odhaja iz SIJ.  Vse ve\u010d pa se ob nizu kadrovskih sprememb poraja vpra\u0161anj, kaj se dejansko dogaja v skupini in kako to, da se nenadoma poslavlja \u0161e Mancevi\u010d, za katerega je \u0161e nedavno veljalo, da u\u017eiva zaupanje lastnika in tudi suvereno vle\u010de odlo\u010devalske niti. O tem, kaj to\u010dno se je zdaj zamajalo, se neuradno pojavlja ve\u010d razlag, ve\u010dinoma so povezane z nezadovoljstvom in vse ve\u010djimi zahtevami ruskega lastnika. Ne glede na razloge za razhajanja pa vse ka\u017ee, da klju\u010dni akter iz dru\u017eine Zubitski Evgenij Zubitski preko holdinga IMH vse bolj vodi celotne posle, potem ko je v zadnjem obdobju prek posebne ruske delegacije iz holdinga \u017ee nekaj \u010dasa pregledoval poslovanje SIJ-evih dru\u017eb pod taktirko brata Andreja Zubitskega. Po nekaterih virih je zdaj omenjen ali ustavljen del nalo\u017eb, ki niso opredeljene kot klju\u010dne, kr\u010dijo pa tudi vire za vzdr\u017eevanje","og_url":"https:\/\/hudo.com\/si\/aktualno\/nove-kadrovske-rosade-v-slovenski-industriji-jekla-umik-clanov-uprave\/","og_site_name":"Hudo Slovenija","article_publisher":"https:\/\/www.facebook.com\/hudo.si","article_published_time":"2017-05-15T05:09:00+00:00","og_image":[{"width":450,"height":293,"url":"https:\/\/hudo.com\/si\/wp-content\/uploads\/sites\/2\/2017\/05\/01277024F-300.jpg","type":"image\/jpeg"}],"author":"hudo","twitter_card":"summary_large_image","twitter_creator":"@hudo_si","twitter_site":"@hudo_si","twitter_misc":{"Written by":"hudo","Est. reading time":"2 minuti"},"schema":{"@context":"https:\/\/schema.org","@graph":[{"@type":"Article","@id":"https:\/\/hudo.com\/si\/aktualno\/nove-kadrovske-rosade-v-slovenski-industriji-jekla-umik-clanov-uprave\/#article","isPartOf":{"@id":"https:\/\/hudo.com\/si\/aktualno\/nove-kadrovske-rosade-v-slovenski-industriji-jekla-umik-clanov-uprave\/"},"author":{"name":"hudo","@id":"https:\/\/hudo.com\/si\/#\/schema\/person\/601cf3379633985b20f7e50f2bb47707"},"headline":"Nove kadrovske ro\u0161ade v Slovenski industriji jekla: umik \u010dlanov uprave","datePublished":"2017-05-15T05:09:00+00:00","dateModified":"2017-05-15T05:09:00+00:00","mainEntityOfPage":{"@id":"https:\/\/hudo.com\/si\/aktualno\/nove-kadrovske-rosade-v-slovenski-industriji-jekla-umik-clanov-uprave\/"},"wordCount":358,"publisher":{"@id":"https:\/\/hudo.com\/si\/#organization"},"articleSection":["Aktualno"],"inLanguage":"sl-SI"},{"@type":"WebPage","@id":"https:\/\/hudo.com\/si\/aktualno\/nove-kadrovske-rosade-v-slovenski-industriji-jekla-umik-clanov-uprave\/","url":"https:\/\/hudo.com\/si\/aktualno\/nove-kadrovske-rosade-v-slovenski-industriji-jekla-umik-clanov-uprave\/","name":"Nove kadrovske ro\u0161ade v Slovenski industriji jekla: umik \u010dlanov uprave - Hudo Slovenija","isPartOf":{"@id":"https:\/\/hudo.com\/si\/#website"},"datePublished":"2017-05-15T05:09:00+00:00","dateModified":"2017-05-15T05:09:00+00:00","breadcrumb":{"@id":"https:\/\/hudo.com\/si\/aktualno\/nove-kadrovske-rosade-v-slovenski-industriji-jekla-umik-clanov-uprave\/#breadcrumb"},"inLanguage":"sl-SI","potentialAction":[{"@type":"ReadAction","target":["https:\/\/hudo.com\/si\/aktualno\/nove-kadrovske-rosade-v-slovenski-industriji-jekla-umik-clanov-uprave\/"]}]},{"@type":"BreadcrumbList","@id":"https:\/\/hudo.com\/si\/aktualno\/nove-kadrovske-rosade-v-slovenski-industriji-jekla-umik-clanov-uprave\/#breadcrumb","itemListElement":[{"@type":"ListItem","position":1,"name":"Home","item":"https:\/\/hudo.com\/si\/"},{"@type":"ListItem","position":2,"name":"Nove kadrovske ro\u0161ade v Slovenski industriji jekla: umik \u010dlanov uprave"}]},{"@type":"WebSite","@id":"https:\/\/hudo.com\/si\/#website","url":"https:\/\/hudo.com\/si\/","name":"Hudo Slovenija","description":"Vse novice iz Slovenije in sveta","publisher":{"@id":"https:\/\/hudo.com\/si\/#organization"},"potentialAction":[{"@type":"SearchAction","target":{"@type":"EntryPoint","urlTemplate":"https:\/\/hudo.com\/si\/?s={search_term_string}"},"query-input":"required name=search_term_string"}],"inLanguage":"sl-SI"},{"@type":"Organization","@id":"https:\/\/hudo.com\/si\/#organization","name":"VSN Media","url":"https:\/\/hudo.com\/si\/","logo":{"@type":"ImageObject","inLanguage":"sl-SI","@id":"https:\/\/hudo.com\/si\/#\/schema\/logo\/image\/","url":"https:\/\/hudo.com\/si\/wp-content\/uploads\/sites\/2\/2021\/03\/hudo-app-2.png","contentUrl":"https:\/\/hudo.com\/si\/wp-content\/uploads\/sites\/2\/2021\/03\/hudo-app-2.png","width":2185,"height":2167,"caption":"VSN Media"},"image":{"@id":"https:\/\/hudo.com\/si\/#\/schema\/logo\/image\/"},"sameAs":["https:\/\/www.facebook.com\/hudo.si","https:\/\/twitter.com\/hudo_si"]},{"@type":"Person","@id":"https:\/\/hudo.com\/si\/#\/schema\/person\/601cf3379633985b20f7e50f2bb47707","name":"hudo","image":{"@type":"ImageObject","inLanguage":"sl-SI","@id":"https:\/\/hudo.com\/si\/#\/schema\/person\/image\/","url":"https:\/\/secure.gravatar.com\/avatar\/c4ca25fa72cace7a696b52ff5db9e095?s=96&d=mm&r=g","contentUrl":"https:\/\/secure.gravatar.com\/avatar\/c4ca25fa72cace7a696b52ff5db9e095?s=96&d=mm&r=g","caption":"hudo"},"url":"https:\/\/hudo.com\/si\/author\/hudo\/"}]}},"amp_enabled":true,"_links":{"self":[{"href":"https:\/\/hudo.com\/si\/wp-json\/wp\/v2\/posts\/255278"}],"collection":[{"href":"https:\/\/hudo.com\/si\/wp-json\/wp\/v2\/posts"}],"about":[{"href":"https:\/\/hudo.com\/si\/wp-json\/wp\/v2\/types\/post"}],"author":[{"embeddable":true,"href":"https:\/\/hudo.com\/si\/wp-json\/wp\/v2\/users\/1"}],"replies":[{"embeddable":true,"href":"https:\/\/hudo.com\/si\/wp-json\/wp\/v2\/comments?post=255278"}],"version-history":[{"count":0,"href":"https:\/\/hudo.com\/si\/wp-json\/wp\/v2\/posts\/255278\/revisions"}],"wp:attachment":[{"href":"https:\/\/hudo.com\/si\/wp-json\/wp\/v2\/media?parent=255278"}],"wp:term":[{"taxonomy":"category","embeddable":true,"href":"https:\/\/hudo.com\/si\/wp-json\/wp\/v2\/categories?post=255278"},{"taxonomy":"post_tag","embeddable":true,"href":"https:\/\/hudo.com\/si\/wp-json\/wp\/v2\/tags?post=255278"},{"taxonomy":"source","embeddable":true,"href":"https:\/\/hudo.com\/si\/wp-json\/wp\/v2\/source?post=255278"},{"taxonomy":"supertag","embeddable":true,"href":"https:\/\/hudo.com\/si\/wp-json\/wp\/v2\/supertag?post=255278"}],"curies":[{"name":"wp","href":"https:\/\/api.w.org\/{rel}","templated":true}]}}