{"id":255328,"date":"2017-05-15T08:00:00","date_gmt":"2017-05-15T06:00:00","guid":{"rendered":"http:\/\/hudo.com\/si\/2017\/05\/15\/peter-grasek-ocetje-osamosvojitve-si-taksne-drzave-niso-zamislili\/"},"modified":"2017-05-15T08:00:00","modified_gmt":"2017-05-15T06:00:00","slug":"peter-grasek-ocetje-osamosvojitve-si-taksne-drzave-niso-zamislili","status":"publish","type":"post","link":"https:\/\/hudo.com\/si\/aktualno\/peter-grasek-ocetje-osamosvojitve-si-taksne-drzave-niso-zamislili\/","title":{"rendered":"Peter Gra\u0161ek: O\u010detje osamosvojitve si tak\u0161ne dr\u017eave niso zamislili"},"content":{"rendered":"<p>Kategorija: Ozadja Mon, 15 May 2017 10:00:00 +0200  Pravnik z bogato profesionalno kariero. Med drugim je bil predsednik uprav Adrie Airways, Telekoma Slovenije in Deloitte &#038; Touche ter nadzornik v \u0161tevilnih podjetjih, ni pa se mu uspelo prebiti med nadzornike Telekoma v nedavnem skorajda epskem zakulisnem kadrovskem boju, ki je odnesel Boruta Jamnika, predsednika uprave Modre zavarovalnice in enega najmo\u010dnej\u0161ih igralcev v slovenski dru\u017ebi v zadnjem desetletju. Trenutno vodi nadzorni svet javne RTV in nadzoruje Merkur Trgovino. Nazadnje sva govorila pred imenovanjem novega direktorja javne RTV Igorja Kadunca, ko ste napovedali, da prihaja za RTV trenutek resnice, saj finan\u010dnih rezerv ni ve\u010d; z odkritimi besedami ste vznejevoljili nekatere kolege v nadzornem svetu. Nih\u010de mi tega ni o\u010dital v obraz. Odkritost je moj na\u010din delovanja, vedno sem neposreden in povem, kar se mi zdi pomembno, \u010detudi ni v\u0161e\u010dno. To sem\u00a0&#8230;<\/p>\n","protected":false},"excerpt":{"rendered":"<p>Kategorija: Ozadja Mon, 15 May 2017 10:00:00 +0200  Pravnik z bogato profesionalno kariero. Med drugim je bil predsednik uprav Adrie Airways, Telekoma Slovenije in Deloitte &#038; Touche ter nadzornik v \u0161tevilnih podjetjih, ni pa se mu uspelo prebiti med nadzornike Telekoma v nedavnem skorajda epskem zakulisnem kadrovskem boju, ki je odnesel Boruta Jamnika, predsednika uprave Modre zavarovalnice in enega najmo\u010dnej\u0161ih igralcev v slovenski dru\u017ebi v zadnjem desetletju. Trenutno vodi nadzorni svet javne RTV in nadzoruje Merkur Trgovino. Nazadnje sva govorila pred imenovanjem novega direktorja javne RTV Igorja Kadunca, ko ste napovedali, da prihaja za RTV trenutek resnice, saj finan\u010dnih rezerv ni ve\u010d; z odkritimi besedami ste vznejevoljili nekatere kolege v nadzornem svetu. Nih\u010de mi tega ni o\u010dital v obraz. Odkritost je moj na\u010din delovanja, vedno sem neposreden in povem, kar se mi zdi pomembno, \u010detudi ni v\u0161e\u010dno. To sem\u00a0&#8230;<\/p>\n","protected":false},"author":1,"featured_media":0,"comment_status":"closed","ping_status":"closed","sticky":false,"template":"","format":"standard","meta":{"footnotes":""},"categories":[1179],"tags":[],"source":[1703],"supertag":[],"acf":[],"yoast_head":"<!-- This site is optimized with the Yoast SEO plugin v21.3 - https:\/\/yoast.com\/wordpress\/plugins\/seo\/ -->\n<title>Peter Gra\u0161ek: O\u010detje osamosvojitve si tak\u0161ne dr\u017eave niso zamislili - Hudo Slovenija<\/title>\n<meta name=\"robots\" content=\"index, follow, max-snippet:-1, max-image-preview:large, max-video-preview:-1\" \/>\n<link rel=\"canonical\" href=\"https:\/\/hudo.com\/si\/aktualno\/peter-grasek-ocetje-osamosvojitve-si-taksne-drzave-niso-zamislili\/\" \/>\n<meta property=\"og:locale\" content=\"sl_SI\" \/>\n<meta property=\"og:type\" content=\"article\" \/>\n<meta property=\"og:title\" content=\"Peter Gra\u0161ek: O\u010detje osamosvojitve si tak\u0161ne dr\u017eave niso zamislili - Hudo Slovenija\" \/>\n<meta property=\"og:description\" content=\"Kategorija: Ozadja Mon, 15 May 2017 10:00:00 +0200 Pravnik z bogato profesionalno kariero. Med drugim je bil predsednik uprav Adrie Airways, Telekoma Slovenije in Deloitte &amp; Touche ter nadzornik v \u0161tevilnih podjetjih, ni pa se mu uspelo prebiti med nadzornike Telekoma v nedavnem skorajda epskem zakulisnem kadrovskem boju, ki je odnesel Boruta Jamnika, predsednika uprave Modre zavarovalnice in enega najmo\u010dnej\u0161ih igralcev v slovenski dru\u017ebi v zadnjem desetletju. Trenutno vodi nadzorni svet javne RTV in nadzoruje Merkur Trgovino. Nazadnje sva govorila pred imenovanjem novega direktorja javne RTV Igorja Kadunca, ko ste napovedali, da prihaja za RTV trenutek resnice, saj finan\u010dnih rezerv ni ve\u010d; z odkritimi besedami ste vznejevoljili nekatere kolege v nadzornem svetu. Nih\u010de mi tega ni o\u010dital v obraz. Odkritost je moj na\u010din delovanja, vedno sem neposreden in povem, kar se mi zdi pomembno, \u010detudi ni v\u0161e\u010dno. To sem\u00a0...\" \/>\n<meta property=\"og:url\" content=\"https:\/\/hudo.com\/si\/aktualno\/peter-grasek-ocetje-osamosvojitve-si-taksne-drzave-niso-zamislili\/\" \/>\n<meta property=\"og:site_name\" content=\"Hudo Slovenija\" \/>\n<meta property=\"article:publisher\" content=\"https:\/\/www.facebook.com\/hudo.si\" \/>\n<meta property=\"article:published_time\" content=\"2017-05-15T06:00:00+00:00\" \/>\n<meta property=\"og:image\" content=\"https:\/\/hudo.com\/si\/wp-content\/uploads\/sites\/2\/2017\/05\/480x290_Ozadja__Delo_Foto_201705111.1.jpeg\" \/>\n\t<meta property=\"og:image:width\" content=\"480\" \/>\n\t<meta property=\"og:image:height\" content=\"290\" \/>\n\t<meta property=\"og:image:type\" content=\"image\/jpeg\" \/>\n<meta name=\"author\" content=\"hudo\" \/>\n<meta name=\"twitter:card\" content=\"summary_large_image\" \/>\n<meta name=\"twitter:creator\" content=\"@hudo_si\" \/>\n<meta name=\"twitter:site\" content=\"@hudo_si\" \/>\n<meta name=\"twitter:label1\" content=\"Written by\" \/>\n\t<meta name=\"twitter:data1\" content=\"hudo\" \/>\n\t<meta name=\"twitter:label2\" content=\"Est. reading time\" \/>\n\t<meta name=\"twitter:data2\" content=\"1 minuta\" \/>\n<script type=\"application\/ld+json\" class=\"yoast-schema-graph\">{\"@context\":\"https:\/\/schema.org\",\"@graph\":[{\"@type\":\"Article\",\"@id\":\"https:\/\/hudo.com\/si\/aktualno\/peter-grasek-ocetje-osamosvojitve-si-taksne-drzave-niso-zamislili\/#article\",\"isPartOf\":{\"@id\":\"https:\/\/hudo.com\/si\/aktualno\/peter-grasek-ocetje-osamosvojitve-si-taksne-drzave-niso-zamislili\/\"},\"author\":{\"name\":\"hudo\",\"@id\":\"https:\/\/hudo.com\/si\/#\/schema\/person\/601cf3379633985b20f7e50f2bb47707\"},\"headline\":\"Peter Gra\u0161ek: O\u010detje osamosvojitve si tak\u0161ne dr\u017eave niso zamislili\",\"datePublished\":\"2017-05-15T06:00:00+00:00\",\"dateModified\":\"2017-05-15T06:00:00+00:00\",\"mainEntityOfPage\":{\"@id\":\"https:\/\/hudo.com\/si\/aktualno\/peter-grasek-ocetje-osamosvojitve-si-taksne-drzave-niso-zamislili\/\"},\"wordCount\":156,\"publisher\":{\"@id\":\"https:\/\/hudo.com\/si\/#organization\"},\"articleSection\":[\"Aktualno\"],\"inLanguage\":\"sl-SI\"},{\"@type\":\"WebPage\",\"@id\":\"https:\/\/hudo.com\/si\/aktualno\/peter-grasek-ocetje-osamosvojitve-si-taksne-drzave-niso-zamislili\/\",\"url\":\"https:\/\/hudo.com\/si\/aktualno\/peter-grasek-ocetje-osamosvojitve-si-taksne-drzave-niso-zamislili\/\",\"name\":\"Peter Gra\u0161ek: O\u010detje osamosvojitve si tak\u0161ne dr\u017eave niso zamislili - Hudo Slovenija\",\"isPartOf\":{\"@id\":\"https:\/\/hudo.com\/si\/#website\"},\"datePublished\":\"2017-05-15T06:00:00+00:00\",\"dateModified\":\"2017-05-15T06:00:00+00:00\",\"breadcrumb\":{\"@id\":\"https:\/\/hudo.com\/si\/aktualno\/peter-grasek-ocetje-osamosvojitve-si-taksne-drzave-niso-zamislili\/#breadcrumb\"},\"inLanguage\":\"sl-SI\",\"potentialAction\":[{\"@type\":\"ReadAction\",\"target\":[\"https:\/\/hudo.com\/si\/aktualno\/peter-grasek-ocetje-osamosvojitve-si-taksne-drzave-niso-zamislili\/\"]}]},{\"@type\":\"BreadcrumbList\",\"@id\":\"https:\/\/hudo.com\/si\/aktualno\/peter-grasek-ocetje-osamosvojitve-si-taksne-drzave-niso-zamislili\/#breadcrumb\",\"itemListElement\":[{\"@type\":\"ListItem\",\"position\":1,\"name\":\"Home\",\"item\":\"https:\/\/hudo.com\/si\/\"},{\"@type\":\"ListItem\",\"position\":2,\"name\":\"Peter Gra\u0161ek: O\u010detje osamosvojitve si tak\u0161ne dr\u017eave niso zamislili\"}]},{\"@type\":\"WebSite\",\"@id\":\"https:\/\/hudo.com\/si\/#website\",\"url\":\"https:\/\/hudo.com\/si\/\",\"name\":\"Hudo Slovenija\",\"description\":\"Vse novice iz Slovenije in sveta\",\"publisher\":{\"@id\":\"https:\/\/hudo.com\/si\/#organization\"},\"potentialAction\":[{\"@type\":\"SearchAction\",\"target\":{\"@type\":\"EntryPoint\",\"urlTemplate\":\"https:\/\/hudo.com\/si\/?s={search_term_string}\"},\"query-input\":\"required name=search_term_string\"}],\"inLanguage\":\"sl-SI\"},{\"@type\":\"Organization\",\"@id\":\"https:\/\/hudo.com\/si\/#organization\",\"name\":\"VSN Media\",\"url\":\"https:\/\/hudo.com\/si\/\",\"logo\":{\"@type\":\"ImageObject\",\"inLanguage\":\"sl-SI\",\"@id\":\"https:\/\/hudo.com\/si\/#\/schema\/logo\/image\/\",\"url\":\"https:\/\/hudo.com\/si\/wp-content\/uploads\/sites\/2\/2021\/03\/hudo-app-2.png\",\"contentUrl\":\"https:\/\/hudo.com\/si\/wp-content\/uploads\/sites\/2\/2021\/03\/hudo-app-2.png\",\"width\":2185,\"height\":2167,\"caption\":\"VSN Media\"},\"image\":{\"@id\":\"https:\/\/hudo.com\/si\/#\/schema\/logo\/image\/\"},\"sameAs\":[\"https:\/\/www.facebook.com\/hudo.si\",\"https:\/\/twitter.com\/hudo_si\"]},{\"@type\":\"Person\",\"@id\":\"https:\/\/hudo.com\/si\/#\/schema\/person\/601cf3379633985b20f7e50f2bb47707\",\"name\":\"hudo\",\"image\":{\"@type\":\"ImageObject\",\"inLanguage\":\"sl-SI\",\"@id\":\"https:\/\/hudo.com\/si\/#\/schema\/person\/image\/\",\"url\":\"https:\/\/secure.gravatar.com\/avatar\/c4ca25fa72cace7a696b52ff5db9e095?s=96&d=mm&r=g\",\"contentUrl\":\"https:\/\/secure.gravatar.com\/avatar\/c4ca25fa72cace7a696b52ff5db9e095?s=96&d=mm&r=g\",\"caption\":\"hudo\"},\"url\":\"https:\/\/hudo.com\/si\/author\/hudo\/\"}]}<\/script>\n<!-- \/ Yoast SEO plugin. -->","yoast_head_json":{"title":"Peter Gra\u0161ek: O\u010detje osamosvojitve si tak\u0161ne dr\u017eave niso zamislili - Hudo Slovenija","robots":{"index":"index","follow":"follow","max-snippet":"max-snippet:-1","max-image-preview":"max-image-preview:large","max-video-preview":"max-video-preview:-1"},"canonical":"https:\/\/hudo.com\/si\/aktualno\/peter-grasek-ocetje-osamosvojitve-si-taksne-drzave-niso-zamislili\/","og_locale":"sl_SI","og_type":"article","og_title":"Peter Gra\u0161ek: O\u010detje osamosvojitve si tak\u0161ne dr\u017eave niso zamislili - Hudo Slovenija","og_description":"Kategorija: Ozadja Mon, 15 May 2017 10:00:00 +0200 Pravnik z bogato profesionalno kariero. Med drugim je bil predsednik uprav Adrie Airways, Telekoma Slovenije in Deloitte & Touche ter nadzornik v \u0161tevilnih podjetjih, ni pa se mu uspelo prebiti med nadzornike Telekoma v nedavnem skorajda epskem zakulisnem kadrovskem boju, ki je odnesel Boruta Jamnika, predsednika uprave Modre zavarovalnice in enega najmo\u010dnej\u0161ih igralcev v slovenski dru\u017ebi v zadnjem desetletju. Trenutno vodi nadzorni svet javne RTV in nadzoruje Merkur Trgovino. Nazadnje sva govorila pred imenovanjem novega direktorja javne RTV Igorja Kadunca, ko ste napovedali, da prihaja za RTV trenutek resnice, saj finan\u010dnih rezerv ni ve\u010d; z odkritimi besedami ste vznejevoljili nekatere kolege v nadzornem svetu. Nih\u010de mi tega ni o\u010dital v obraz. Odkritost je moj na\u010din delovanja, vedno sem neposreden in povem, kar se mi zdi pomembno, \u010detudi ni v\u0161e\u010dno. To sem\u00a0...","og_url":"https:\/\/hudo.com\/si\/aktualno\/peter-grasek-ocetje-osamosvojitve-si-taksne-drzave-niso-zamislili\/","og_site_name":"Hudo Slovenija","article_publisher":"https:\/\/www.facebook.com\/hudo.si","article_published_time":"2017-05-15T06:00:00+00:00","og_image":[{"width":480,"height":290,"url":"https:\/\/hudo.com\/si\/wp-content\/uploads\/sites\/2\/2017\/05\/480x290_Ozadja__Delo_Foto_201705111.1.jpeg","type":"image\/jpeg"}],"author":"hudo","twitter_card":"summary_large_image","twitter_creator":"@hudo_si","twitter_site":"@hudo_si","twitter_misc":{"Written by":"hudo","Est. reading time":"1 minuta"},"schema":{"@context":"https:\/\/schema.org","@graph":[{"@type":"Article","@id":"https:\/\/hudo.com\/si\/aktualno\/peter-grasek-ocetje-osamosvojitve-si-taksne-drzave-niso-zamislili\/#article","isPartOf":{"@id":"https:\/\/hudo.com\/si\/aktualno\/peter-grasek-ocetje-osamosvojitve-si-taksne-drzave-niso-zamislili\/"},"author":{"name":"hudo","@id":"https:\/\/hudo.com\/si\/#\/schema\/person\/601cf3379633985b20f7e50f2bb47707"},"headline":"Peter Gra\u0161ek: O\u010detje osamosvojitve si tak\u0161ne dr\u017eave niso zamislili","datePublished":"2017-05-15T06:00:00+00:00","dateModified":"2017-05-15T06:00:00+00:00","mainEntityOfPage":{"@id":"https:\/\/hudo.com\/si\/aktualno\/peter-grasek-ocetje-osamosvojitve-si-taksne-drzave-niso-zamislili\/"},"wordCount":156,"publisher":{"@id":"https:\/\/hudo.com\/si\/#organization"},"articleSection":["Aktualno"],"inLanguage":"sl-SI"},{"@type":"WebPage","@id":"https:\/\/hudo.com\/si\/aktualno\/peter-grasek-ocetje-osamosvojitve-si-taksne-drzave-niso-zamislili\/","url":"https:\/\/hudo.com\/si\/aktualno\/peter-grasek-ocetje-osamosvojitve-si-taksne-drzave-niso-zamislili\/","name":"Peter Gra\u0161ek: O\u010detje osamosvojitve si tak\u0161ne dr\u017eave niso zamislili - Hudo Slovenija","isPartOf":{"@id":"https:\/\/hudo.com\/si\/#website"},"datePublished":"2017-05-15T06:00:00+00:00","dateModified":"2017-05-15T06:00:00+00:00","breadcrumb":{"@id":"https:\/\/hudo.com\/si\/aktualno\/peter-grasek-ocetje-osamosvojitve-si-taksne-drzave-niso-zamislili\/#breadcrumb"},"inLanguage":"sl-SI","potentialAction":[{"@type":"ReadAction","target":["https:\/\/hudo.com\/si\/aktualno\/peter-grasek-ocetje-osamosvojitve-si-taksne-drzave-niso-zamislili\/"]}]},{"@type":"BreadcrumbList","@id":"https:\/\/hudo.com\/si\/aktualno\/peter-grasek-ocetje-osamosvojitve-si-taksne-drzave-niso-zamislili\/#breadcrumb","itemListElement":[{"@type":"ListItem","position":1,"name":"Home","item":"https:\/\/hudo.com\/si\/"},{"@type":"ListItem","position":2,"name":"Peter Gra\u0161ek: O\u010detje osamosvojitve si tak\u0161ne dr\u017eave niso zamislili"}]},{"@type":"WebSite","@id":"https:\/\/hudo.com\/si\/#website","url":"https:\/\/hudo.com\/si\/","name":"Hudo Slovenija","description":"Vse novice iz Slovenije in sveta","publisher":{"@id":"https:\/\/hudo.com\/si\/#organization"},"potentialAction":[{"@type":"SearchAction","target":{"@type":"EntryPoint","urlTemplate":"https:\/\/hudo.com\/si\/?s={search_term_string}"},"query-input":"required name=search_term_string"}],"inLanguage":"sl-SI"},{"@type":"Organization","@id":"https:\/\/hudo.com\/si\/#organization","name":"VSN Media","url":"https:\/\/hudo.com\/si\/","logo":{"@type":"ImageObject","inLanguage":"sl-SI","@id":"https:\/\/hudo.com\/si\/#\/schema\/logo\/image\/","url":"https:\/\/hudo.com\/si\/wp-content\/uploads\/sites\/2\/2021\/03\/hudo-app-2.png","contentUrl":"https:\/\/hudo.com\/si\/wp-content\/uploads\/sites\/2\/2021\/03\/hudo-app-2.png","width":2185,"height":2167,"caption":"VSN Media"},"image":{"@id":"https:\/\/hudo.com\/si\/#\/schema\/logo\/image\/"},"sameAs":["https:\/\/www.facebook.com\/hudo.si","https:\/\/twitter.com\/hudo_si"]},{"@type":"Person","@id":"https:\/\/hudo.com\/si\/#\/schema\/person\/601cf3379633985b20f7e50f2bb47707","name":"hudo","image":{"@type":"ImageObject","inLanguage":"sl-SI","@id":"https:\/\/hudo.com\/si\/#\/schema\/person\/image\/","url":"https:\/\/secure.gravatar.com\/avatar\/c4ca25fa72cace7a696b52ff5db9e095?s=96&d=mm&r=g","contentUrl":"https:\/\/secure.gravatar.com\/avatar\/c4ca25fa72cace7a696b52ff5db9e095?s=96&d=mm&r=g","caption":"hudo"},"url":"https:\/\/hudo.com\/si\/author\/hudo\/"}]}},"amp_enabled":true,"_links":{"self":[{"href":"https:\/\/hudo.com\/si\/wp-json\/wp\/v2\/posts\/255328"}],"collection":[{"href":"https:\/\/hudo.com\/si\/wp-json\/wp\/v2\/posts"}],"about":[{"href":"https:\/\/hudo.com\/si\/wp-json\/wp\/v2\/types\/post"}],"author":[{"embeddable":true,"href":"https:\/\/hudo.com\/si\/wp-json\/wp\/v2\/users\/1"}],"replies":[{"embeddable":true,"href":"https:\/\/hudo.com\/si\/wp-json\/wp\/v2\/comments?post=255328"}],"version-history":[{"count":0,"href":"https:\/\/hudo.com\/si\/wp-json\/wp\/v2\/posts\/255328\/revisions"}],"wp:attachment":[{"href":"https:\/\/hudo.com\/si\/wp-json\/wp\/v2\/media?parent=255328"}],"wp:term":[{"taxonomy":"category","embeddable":true,"href":"https:\/\/hudo.com\/si\/wp-json\/wp\/v2\/categories?post=255328"},{"taxonomy":"post_tag","embeddable":true,"href":"https:\/\/hudo.com\/si\/wp-json\/wp\/v2\/tags?post=255328"},{"taxonomy":"source","embeddable":true,"href":"https:\/\/hudo.com\/si\/wp-json\/wp\/v2\/source?post=255328"},{"taxonomy":"supertag","embeddable":true,"href":"https:\/\/hudo.com\/si\/wp-json\/wp\/v2\/supertag?post=255328"}],"curies":[{"name":"wp","href":"https:\/\/api.w.org\/{rel}","templated":true}]}}