{"id":25543,"date":"2016-04-09T16:00:00","date_gmt":"2016-04-09T14:00:00","guid":{"rendered":"http:\/\/hudo.com\/si\/2016\/04\/09\/foto-na-poljskem-demonstracije-proti-omejitvi-pravice-do-splava\/"},"modified":"2016-04-09T21:11:15","modified_gmt":"2016-04-09T19:11:15","slug":"foto-na-poljskem-demonstracije-proti-omejitvi-pravice-do-splava","status":"publish","type":"post","link":"https:\/\/hudo.com\/si\/aktualno\/foto-na-poljskem-demonstracije-proti-omejitvi-pravice-do-splava\/","title":{"rendered":"FOTO: Na Poljskem demonstracije proti omejitvi pravice do splava"},"content":{"rendered":"<p>V Var\u0161avi se je na protestih proti na\u010drtom poljske vlade o omejitvi pravice do splava danes zbralo ve\u010d tiso\u010d ljudi. Protestniki so pred parlamentom izrazili nasprotovanje na\u010drtom konservativne vlade premierke Beate Szydlo, ki razmi\u0161lja o popolni prepovedi splava na Poljskem, \u010deprav je \u017ee zdaj pravica do njega mo\u010dno omejena. Protestniki nosijo plakate in transparente s slogani, kot je &#8220;Moje telo. Moja izbira.&#8221;, med njimi pa je po poro\u010danju nem\u0161ke tiskovne agencije dpa \u0161e posebej veliko mladih \u017eensk. Po poro\u010danju \u010dasnika Financial Times sta Szydlova in vodja vladajo\u010de stranke Zakon in Pravi\u010dnost Jaroslaw Kaczynski, ki sta podprla popolno prepoved splava, ta teden sicer nekoliko omilila stali\u0161\u010da in dejala, da je o predlogu katoli\u0161ke cerkve na Poljskem o popolni prepovedi potrebno razmisliti in razpravljati. Kot je poudarila Szydlova, vlada ne dela v smeri tak\u0161nih sprememb, zato jo je buren odziv javnosti presenetil. Poljska katoli\u0161ka cerkev je minuli mesec napovedala, da bo s pomo\u010djo dr\u017eavljanske pobude zbrala 100.000 podpisov pod peticijo za spremembo zakonodaje, ki z novimi predpisi ne bi ve\u010d dovoljevala splava. Po poljski zakonodaji mora namre\u010d parlament razpravljati o pobudah z najmanj 100.000 podpisi dr\u017eavljanov, zbranimi v treh mesecih. Sedanja zakonodaja splav dopu\u0161\u010da v primeru posilstva, hudih okvar zarodka ali ko je ogro\u017eeno \u017eivljenje matere. Po mnenju poljskih \u0161kofov in nasprotnikov splava pa tudi tak\u0161ni razlogi ne morejo upravi\u010diti splava. Na Poljskem so po podatkih dpa lani zabele\u017eili ve\u010d kot 900 splavov. Tiste, ki si to lahko privo\u0161\u010dijo, se na poseg odpravijo v tujino, ilegalne splave v domovini pa spremlja visoka stopnja zdravstvenega tveganja.Svet<\/p>\n","protected":false},"excerpt":{"rendered":"<p>V Var\u0161avi se je na protestih proti na\u010drtom poljske vlade o omejitvi pravice do splava danes zbralo ve\u010d tiso\u010d ljudi. Protestniki so pred parlamentom izrazili nasprotovanje na\u010drtom konservativne vlade premierke Beate Szydlo, ki razmi\u0161lja o popolni prepovedi splava na Poljskem, \u010deprav je \u017ee zdaj pravica do njega mo\u010dno omejena. Protestniki nosijo plakate in transparente s slogani, kot je &#8220;Moje telo. Moja izbira.&#8221;, med njimi pa je po poro\u010danju nem\u0161ke tiskovne agencije dpa \u0161e posebej veliko mladih \u017eensk. Po poro\u010danju \u010dasnika Financial Times sta Szydlova in vodja vladajo\u010de stranke Zakon in Pravi\u010dnost Jaroslaw Kaczynski, ki sta podprla popolno prepoved splava, ta teden sicer nekoliko omilila stali\u0161\u010da in dejala, da je o predlogu katoli\u0161ke cerkve na Poljskem o popolni prepovedi potrebno razmisliti in razpravljati. Kot je poudarila Szydlova, vlada ne dela v smeri tak\u0161nih sprememb, zato jo je buren odziv javnosti presenetil. Poljska katoli\u0161ka cerkev je minuli mesec napovedala, da bo s pomo\u010djo dr\u017eavljanske pobude zbrala 100.000 podpisov pod peticijo za spremembo zakonodaje, ki z novimi predpisi ne bi ve\u010d dovoljevala splava. Po poljski zakonodaji mora namre\u010d parlament razpravljati o pobudah z najmanj 100.000 podpisi dr\u017eavljanov, zbranimi v treh mesecih. Sedanja zakonodaja splav dopu\u0161\u010da v primeru posilstva, hudih okvar zarodka ali ko je ogro\u017eeno \u017eivljenje matere. Po mnenju poljskih \u0161kofov in nasprotnikov splava pa tudi tak\u0161ni razlogi ne morejo upravi\u010diti splava. Na Poljskem so po podatkih dpa lani zabele\u017eili ve\u010d kot 900 splavov. Tiste, ki si to lahko privo\u0161\u010dijo, se na poseg odpravijo v tujino, ilegalne splave v domovini pa spremlja visoka stopnja zdravstvenega tveganja.Svet<\/p>\n","protected":false},"author":1,"featured_media":0,"comment_status":"closed","ping_status":"closed","sticky":false,"template":"","format":"standard","meta":{"footnotes":""},"categories":[1179],"tags":[],"source":[1711],"supertag":[],"acf":[],"yoast_head":"<!-- This site is optimized with the Yoast SEO plugin v21.3 - https:\/\/yoast.com\/wordpress\/plugins\/seo\/ -->\n<title>FOTO: Na Poljskem demonstracije proti omejitvi pravice do splava - Hudo Slovenija<\/title>\n<meta name=\"robots\" content=\"index, follow, max-snippet:-1, max-image-preview:large, max-video-preview:-1\" \/>\n<link rel=\"canonical\" href=\"https:\/\/hudo.com\/si\/aktualno\/foto-na-poljskem-demonstracije-proti-omejitvi-pravice-do-splava\/\" \/>\n<meta property=\"og:locale\" content=\"sl_SI\" \/>\n<meta property=\"og:type\" content=\"article\" \/>\n<meta property=\"og:title\" content=\"FOTO: Na Poljskem demonstracije proti omejitvi pravice do splava - Hudo Slovenija\" \/>\n<meta property=\"og:description\" content=\"V Var\u0161avi se je na protestih proti na\u010drtom poljske vlade o omejitvi pravice do splava danes zbralo ve\u010d tiso\u010d ljudi. Protestniki so pred parlamentom izrazili nasprotovanje na\u010drtom konservativne vlade premierke Beate Szydlo, ki razmi\u0161lja o popolni prepovedi splava na Poljskem, \u010deprav je \u017ee zdaj pravica do njega mo\u010dno omejena. Protestniki nosijo plakate in transparente s slogani, kot je &quot;Moje telo. Moja izbira.&quot;, med njimi pa je po poro\u010danju nem\u0161ke tiskovne agencije dpa \u0161e posebej veliko mladih \u017eensk. Po poro\u010danju \u010dasnika Financial Times sta Szydlova in vodja vladajo\u010de stranke Zakon in Pravi\u010dnost Jaroslaw Kaczynski, ki sta podprla popolno prepoved splava, ta teden sicer nekoliko omilila stali\u0161\u010da in dejala, da je o predlogu katoli\u0161ke cerkve na Poljskem o popolni prepovedi potrebno razmisliti in razpravljati. Kot je poudarila Szydlova, vlada ne dela v smeri tak\u0161nih sprememb, zato jo je buren odziv javnosti presenetil. Poljska katoli\u0161ka cerkev je minuli mesec napovedala, da bo s pomo\u010djo dr\u017eavljanske pobude zbrala 100.000 podpisov pod peticijo za spremembo zakonodaje, ki z novimi predpisi ne bi ve\u010d dovoljevala splava. Po poljski zakonodaji mora namre\u010d parlament razpravljati o pobudah z najmanj 100.000 podpisi dr\u017eavljanov, zbranimi v treh mesecih. Sedanja zakonodaja splav dopu\u0161\u010da v primeru posilstva, hudih okvar zarodka ali ko je ogro\u017eeno \u017eivljenje matere. Po mnenju poljskih \u0161kofov in nasprotnikov splava pa tudi tak\u0161ni razlogi ne morejo upravi\u010diti splava. Na Poljskem so po podatkih dpa lani zabele\u017eili ve\u010d kot 900 splavov. Tiste, ki si to lahko privo\u0161\u010dijo, se na poseg odpravijo v tujino, ilegalne splave v domovini pa spremlja visoka stopnja zdravstvenega tveganja.Svet\" \/>\n<meta property=\"og:url\" content=\"https:\/\/hudo.com\/si\/aktualno\/foto-na-poljskem-demonstracije-proti-omejitvi-pravice-do-splava\/\" \/>\n<meta property=\"og:site_name\" content=\"Hudo Slovenija\" \/>\n<meta property=\"article:publisher\" content=\"https:\/\/www.facebook.com\/hudo.si\" \/>\n<meta property=\"article:published_time\" content=\"2016-04-09T14:00:00+00:00\" \/>\n<meta property=\"article:modified_time\" content=\"2016-04-09T19:11:15+00:00\" \/>\n<meta property=\"og:image\" content=\"https:\/\/hudo.com\/si\/wp-content\/uploads\/sites\/2\/2016\/04\/05250896-300.jpg\" \/>\n\t<meta property=\"og:image:width\" content=\"450\" \/>\n\t<meta property=\"og:image:height\" content=\"300\" \/>\n\t<meta property=\"og:image:type\" content=\"image\/jpeg\" \/>\n<meta name=\"author\" content=\"hudo\" \/>\n<meta name=\"twitter:card\" content=\"summary_large_image\" \/>\n<meta name=\"twitter:creator\" content=\"@hudo_si\" \/>\n<meta name=\"twitter:site\" content=\"@hudo_si\" \/>\n<meta name=\"twitter:label1\" content=\"Written by\" \/>\n\t<meta name=\"twitter:data1\" content=\"hudo\" \/>\n\t<meta name=\"twitter:label2\" content=\"Est. reading time\" \/>\n\t<meta name=\"twitter:data2\" content=\"1 minuta\" \/>\n<script type=\"application\/ld+json\" class=\"yoast-schema-graph\">{\"@context\":\"https:\/\/schema.org\",\"@graph\":[{\"@type\":\"Article\",\"@id\":\"https:\/\/hudo.com\/si\/aktualno\/foto-na-poljskem-demonstracije-proti-omejitvi-pravice-do-splava\/#article\",\"isPartOf\":{\"@id\":\"https:\/\/hudo.com\/si\/aktualno\/foto-na-poljskem-demonstracije-proti-omejitvi-pravice-do-splava\/\"},\"author\":{\"name\":\"hudo\",\"@id\":\"https:\/\/hudo.com\/si\/#\/schema\/person\/601cf3379633985b20f7e50f2bb47707\"},\"headline\":\"FOTO: Na Poljskem demonstracije proti omejitvi pravice do splava\",\"datePublished\":\"2016-04-09T14:00:00+00:00\",\"dateModified\":\"2016-04-09T19:11:15+00:00\",\"mainEntityOfPage\":{\"@id\":\"https:\/\/hudo.com\/si\/aktualno\/foto-na-poljskem-demonstracije-proti-omejitvi-pravice-do-splava\/\"},\"wordCount\":283,\"publisher\":{\"@id\":\"https:\/\/hudo.com\/si\/#organization\"},\"articleSection\":[\"Aktualno\"],\"inLanguage\":\"sl-SI\"},{\"@type\":\"WebPage\",\"@id\":\"https:\/\/hudo.com\/si\/aktualno\/foto-na-poljskem-demonstracije-proti-omejitvi-pravice-do-splava\/\",\"url\":\"https:\/\/hudo.com\/si\/aktualno\/foto-na-poljskem-demonstracije-proti-omejitvi-pravice-do-splava\/\",\"name\":\"FOTO: Na Poljskem demonstracije proti omejitvi pravice do splava - Hudo Slovenija\",\"isPartOf\":{\"@id\":\"https:\/\/hudo.com\/si\/#website\"},\"datePublished\":\"2016-04-09T14:00:00+00:00\",\"dateModified\":\"2016-04-09T19:11:15+00:00\",\"breadcrumb\":{\"@id\":\"https:\/\/hudo.com\/si\/aktualno\/foto-na-poljskem-demonstracije-proti-omejitvi-pravice-do-splava\/#breadcrumb\"},\"inLanguage\":\"sl-SI\",\"potentialAction\":[{\"@type\":\"ReadAction\",\"target\":[\"https:\/\/hudo.com\/si\/aktualno\/foto-na-poljskem-demonstracije-proti-omejitvi-pravice-do-splava\/\"]}]},{\"@type\":\"BreadcrumbList\",\"@id\":\"https:\/\/hudo.com\/si\/aktualno\/foto-na-poljskem-demonstracije-proti-omejitvi-pravice-do-splava\/#breadcrumb\",\"itemListElement\":[{\"@type\":\"ListItem\",\"position\":1,\"name\":\"Home\",\"item\":\"https:\/\/hudo.com\/si\/\"},{\"@type\":\"ListItem\",\"position\":2,\"name\":\"FOTO: Na Poljskem demonstracije proti omejitvi pravice do splava\"}]},{\"@type\":\"WebSite\",\"@id\":\"https:\/\/hudo.com\/si\/#website\",\"url\":\"https:\/\/hudo.com\/si\/\",\"name\":\"Hudo Slovenija\",\"description\":\"Vse novice iz Slovenije in sveta\",\"publisher\":{\"@id\":\"https:\/\/hudo.com\/si\/#organization\"},\"potentialAction\":[{\"@type\":\"SearchAction\",\"target\":{\"@type\":\"EntryPoint\",\"urlTemplate\":\"https:\/\/hudo.com\/si\/?s={search_term_string}\"},\"query-input\":\"required name=search_term_string\"}],\"inLanguage\":\"sl-SI\"},{\"@type\":\"Organization\",\"@id\":\"https:\/\/hudo.com\/si\/#organization\",\"name\":\"VSN Media\",\"url\":\"https:\/\/hudo.com\/si\/\",\"logo\":{\"@type\":\"ImageObject\",\"inLanguage\":\"sl-SI\",\"@id\":\"https:\/\/hudo.com\/si\/#\/schema\/logo\/image\/\",\"url\":\"https:\/\/hudo.com\/si\/wp-content\/uploads\/sites\/2\/2021\/03\/hudo-app-2.png\",\"contentUrl\":\"https:\/\/hudo.com\/si\/wp-content\/uploads\/sites\/2\/2021\/03\/hudo-app-2.png\",\"width\":2185,\"height\":2167,\"caption\":\"VSN Media\"},\"image\":{\"@id\":\"https:\/\/hudo.com\/si\/#\/schema\/logo\/image\/\"},\"sameAs\":[\"https:\/\/www.facebook.com\/hudo.si\",\"https:\/\/twitter.com\/hudo_si\"]},{\"@type\":\"Person\",\"@id\":\"https:\/\/hudo.com\/si\/#\/schema\/person\/601cf3379633985b20f7e50f2bb47707\",\"name\":\"hudo\",\"image\":{\"@type\":\"ImageObject\",\"inLanguage\":\"sl-SI\",\"@id\":\"https:\/\/hudo.com\/si\/#\/schema\/person\/image\/\",\"url\":\"https:\/\/secure.gravatar.com\/avatar\/c4ca25fa72cace7a696b52ff5db9e095?s=96&d=mm&r=g\",\"contentUrl\":\"https:\/\/secure.gravatar.com\/avatar\/c4ca25fa72cace7a696b52ff5db9e095?s=96&d=mm&r=g\",\"caption\":\"hudo\"},\"url\":\"https:\/\/hudo.com\/si\/author\/hudo\/\"}]}<\/script>\n<!-- \/ Yoast SEO plugin. -->","yoast_head_json":{"title":"FOTO: Na Poljskem demonstracije proti omejitvi pravice do splava - Hudo Slovenija","robots":{"index":"index","follow":"follow","max-snippet":"max-snippet:-1","max-image-preview":"max-image-preview:large","max-video-preview":"max-video-preview:-1"},"canonical":"https:\/\/hudo.com\/si\/aktualno\/foto-na-poljskem-demonstracije-proti-omejitvi-pravice-do-splava\/","og_locale":"sl_SI","og_type":"article","og_title":"FOTO: Na Poljskem demonstracije proti omejitvi pravice do splava - Hudo Slovenija","og_description":"V Var\u0161avi se je na protestih proti na\u010drtom poljske vlade o omejitvi pravice do splava danes zbralo ve\u010d tiso\u010d ljudi. Protestniki so pred parlamentom izrazili nasprotovanje na\u010drtom konservativne vlade premierke Beate Szydlo, ki razmi\u0161lja o popolni prepovedi splava na Poljskem, \u010deprav je \u017ee zdaj pravica do njega mo\u010dno omejena. Protestniki nosijo plakate in transparente s slogani, kot je \"Moje telo. Moja izbira.\", med njimi pa je po poro\u010danju nem\u0161ke tiskovne agencije dpa \u0161e posebej veliko mladih \u017eensk. Po poro\u010danju \u010dasnika Financial Times sta Szydlova in vodja vladajo\u010de stranke Zakon in Pravi\u010dnost Jaroslaw Kaczynski, ki sta podprla popolno prepoved splava, ta teden sicer nekoliko omilila stali\u0161\u010da in dejala, da je o predlogu katoli\u0161ke cerkve na Poljskem o popolni prepovedi potrebno razmisliti in razpravljati. Kot je poudarila Szydlova, vlada ne dela v smeri tak\u0161nih sprememb, zato jo je buren odziv javnosti presenetil. Poljska katoli\u0161ka cerkev je minuli mesec napovedala, da bo s pomo\u010djo dr\u017eavljanske pobude zbrala 100.000 podpisov pod peticijo za spremembo zakonodaje, ki z novimi predpisi ne bi ve\u010d dovoljevala splava. Po poljski zakonodaji mora namre\u010d parlament razpravljati o pobudah z najmanj 100.000 podpisi dr\u017eavljanov, zbranimi v treh mesecih. Sedanja zakonodaja splav dopu\u0161\u010da v primeru posilstva, hudih okvar zarodka ali ko je ogro\u017eeno \u017eivljenje matere. Po mnenju poljskih \u0161kofov in nasprotnikov splava pa tudi tak\u0161ni razlogi ne morejo upravi\u010diti splava. Na Poljskem so po podatkih dpa lani zabele\u017eili ve\u010d kot 900 splavov. Tiste, ki si to lahko privo\u0161\u010dijo, se na poseg odpravijo v tujino, ilegalne splave v domovini pa spremlja visoka stopnja zdravstvenega tveganja.Svet","og_url":"https:\/\/hudo.com\/si\/aktualno\/foto-na-poljskem-demonstracije-proti-omejitvi-pravice-do-splava\/","og_site_name":"Hudo Slovenija","article_publisher":"https:\/\/www.facebook.com\/hudo.si","article_published_time":"2016-04-09T14:00:00+00:00","article_modified_time":"2016-04-09T19:11:15+00:00","og_image":[{"width":450,"height":300,"url":"https:\/\/hudo.com\/si\/wp-content\/uploads\/sites\/2\/2016\/04\/05250896-300.jpg","type":"image\/jpeg"}],"author":"hudo","twitter_card":"summary_large_image","twitter_creator":"@hudo_si","twitter_site":"@hudo_si","twitter_misc":{"Written by":"hudo","Est. reading time":"1 minuta"},"schema":{"@context":"https:\/\/schema.org","@graph":[{"@type":"Article","@id":"https:\/\/hudo.com\/si\/aktualno\/foto-na-poljskem-demonstracije-proti-omejitvi-pravice-do-splava\/#article","isPartOf":{"@id":"https:\/\/hudo.com\/si\/aktualno\/foto-na-poljskem-demonstracije-proti-omejitvi-pravice-do-splava\/"},"author":{"name":"hudo","@id":"https:\/\/hudo.com\/si\/#\/schema\/person\/601cf3379633985b20f7e50f2bb47707"},"headline":"FOTO: Na Poljskem demonstracije proti omejitvi pravice do splava","datePublished":"2016-04-09T14:00:00+00:00","dateModified":"2016-04-09T19:11:15+00:00","mainEntityOfPage":{"@id":"https:\/\/hudo.com\/si\/aktualno\/foto-na-poljskem-demonstracije-proti-omejitvi-pravice-do-splava\/"},"wordCount":283,"publisher":{"@id":"https:\/\/hudo.com\/si\/#organization"},"articleSection":["Aktualno"],"inLanguage":"sl-SI"},{"@type":"WebPage","@id":"https:\/\/hudo.com\/si\/aktualno\/foto-na-poljskem-demonstracije-proti-omejitvi-pravice-do-splava\/","url":"https:\/\/hudo.com\/si\/aktualno\/foto-na-poljskem-demonstracije-proti-omejitvi-pravice-do-splava\/","name":"FOTO: Na Poljskem demonstracije proti omejitvi pravice do splava - Hudo Slovenija","isPartOf":{"@id":"https:\/\/hudo.com\/si\/#website"},"datePublished":"2016-04-09T14:00:00+00:00","dateModified":"2016-04-09T19:11:15+00:00","breadcrumb":{"@id":"https:\/\/hudo.com\/si\/aktualno\/foto-na-poljskem-demonstracije-proti-omejitvi-pravice-do-splava\/#breadcrumb"},"inLanguage":"sl-SI","potentialAction":[{"@type":"ReadAction","target":["https:\/\/hudo.com\/si\/aktualno\/foto-na-poljskem-demonstracije-proti-omejitvi-pravice-do-splava\/"]}]},{"@type":"BreadcrumbList","@id":"https:\/\/hudo.com\/si\/aktualno\/foto-na-poljskem-demonstracije-proti-omejitvi-pravice-do-splava\/#breadcrumb","itemListElement":[{"@type":"ListItem","position":1,"name":"Home","item":"https:\/\/hudo.com\/si\/"},{"@type":"ListItem","position":2,"name":"FOTO: Na Poljskem demonstracije proti omejitvi pravice do splava"}]},{"@type":"WebSite","@id":"https:\/\/hudo.com\/si\/#website","url":"https:\/\/hudo.com\/si\/","name":"Hudo Slovenija","description":"Vse novice iz Slovenije in sveta","publisher":{"@id":"https:\/\/hudo.com\/si\/#organization"},"potentialAction":[{"@type":"SearchAction","target":{"@type":"EntryPoint","urlTemplate":"https:\/\/hudo.com\/si\/?s={search_term_string}"},"query-input":"required name=search_term_string"}],"inLanguage":"sl-SI"},{"@type":"Organization","@id":"https:\/\/hudo.com\/si\/#organization","name":"VSN Media","url":"https:\/\/hudo.com\/si\/","logo":{"@type":"ImageObject","inLanguage":"sl-SI","@id":"https:\/\/hudo.com\/si\/#\/schema\/logo\/image\/","url":"https:\/\/hudo.com\/si\/wp-content\/uploads\/sites\/2\/2021\/03\/hudo-app-2.png","contentUrl":"https:\/\/hudo.com\/si\/wp-content\/uploads\/sites\/2\/2021\/03\/hudo-app-2.png","width":2185,"height":2167,"caption":"VSN Media"},"image":{"@id":"https:\/\/hudo.com\/si\/#\/schema\/logo\/image\/"},"sameAs":["https:\/\/www.facebook.com\/hudo.si","https:\/\/twitter.com\/hudo_si"]},{"@type":"Person","@id":"https:\/\/hudo.com\/si\/#\/schema\/person\/601cf3379633985b20f7e50f2bb47707","name":"hudo","image":{"@type":"ImageObject","inLanguage":"sl-SI","@id":"https:\/\/hudo.com\/si\/#\/schema\/person\/image\/","url":"https:\/\/secure.gravatar.com\/avatar\/c4ca25fa72cace7a696b52ff5db9e095?s=96&d=mm&r=g","contentUrl":"https:\/\/secure.gravatar.com\/avatar\/c4ca25fa72cace7a696b52ff5db9e095?s=96&d=mm&r=g","caption":"hudo"},"url":"https:\/\/hudo.com\/si\/author\/hudo\/"}]}},"amp_enabled":true,"_links":{"self":[{"href":"https:\/\/hudo.com\/si\/wp-json\/wp\/v2\/posts\/25543"}],"collection":[{"href":"https:\/\/hudo.com\/si\/wp-json\/wp\/v2\/posts"}],"about":[{"href":"https:\/\/hudo.com\/si\/wp-json\/wp\/v2\/types\/post"}],"author":[{"embeddable":true,"href":"https:\/\/hudo.com\/si\/wp-json\/wp\/v2\/users\/1"}],"replies":[{"embeddable":true,"href":"https:\/\/hudo.com\/si\/wp-json\/wp\/v2\/comments?post=25543"}],"version-history":[{"count":1,"href":"https:\/\/hudo.com\/si\/wp-json\/wp\/v2\/posts\/25543\/revisions"}],"predecessor-version":[{"id":25574,"href":"https:\/\/hudo.com\/si\/wp-json\/wp\/v2\/posts\/25543\/revisions\/25574"}],"wp:attachment":[{"href":"https:\/\/hudo.com\/si\/wp-json\/wp\/v2\/media?parent=25543"}],"wp:term":[{"taxonomy":"category","embeddable":true,"href":"https:\/\/hudo.com\/si\/wp-json\/wp\/v2\/categories?post=25543"},{"taxonomy":"post_tag","embeddable":true,"href":"https:\/\/hudo.com\/si\/wp-json\/wp\/v2\/tags?post=25543"},{"taxonomy":"source","embeddable":true,"href":"https:\/\/hudo.com\/si\/wp-json\/wp\/v2\/source?post=25543"},{"taxonomy":"supertag","embeddable":true,"href":"https:\/\/hudo.com\/si\/wp-json\/wp\/v2\/supertag?post=25543"}],"curies":[{"name":"wp","href":"https:\/\/api.w.org\/{rel}","templated":true}]}}