{"id":256170,"date":"2017-05-17T08:57:00","date_gmt":"2017-05-17T06:57:00","guid":{"rendered":"http:\/\/hudo.com\/si\/2017\/05\/17\/juznokorejski-predsednik-svari-pred-verjetnim-vojaskim-spopadom\/"},"modified":"2017-05-17T08:57:00","modified_gmt":"2017-05-17T06:57:00","slug":"juznokorejski-predsednik-svari-pred-verjetnim-vojaskim-spopadom","status":"publish","type":"post","link":"https:\/\/hudo.com\/si\/aktualno\/juznokorejski-predsednik-svari-pred-verjetnim-vojaskim-spopadom\/","title":{"rendered":"Ju\u017enokorejski predsednik svari pred verjetnim voja\u0161kim spopadom"},"content":{"rendered":"<p>Kategorija: Globalno Wed, 17 May 2017 10:57:00 +0200  Novi ju\u017enokorejski predsednik Mun D\u017ee In, ki je ob izvolitvi obetal, da bo s politiko dialoga morda sprostil napetost na Korejskem polotoku, je danes posvaril, da obstaja \u00bbvelika verjetnost\u00ab voja\u0161kega spopada na meji med Severno in Ju\u017eno Korejo. Predsednik, ki je polo\u017eaj prevzel prej\u0161nji teden, je dejal, da se severnokorejski jedrski in raketni program hitro razvija. \u00bbNikoli ne bom toleriral severnokorejskih provokacij in jedrskih gro\u017eenj. \u017divimo v tak\u0161ni realnosti, v kateri je voja\u0161ki spopad zelo mogo\u010d,\u00ab je povedal ob obisku obrambnega ministrstva. \u00a0 Ju\u017enokorejsko vojsko je pri tem pozval, naj zavzame \u00bbobrambno pozo\u00ab. Razmere na Korejskem polotoku so se dodobra zaostrile, ko so iz administracije ameri\u0161kega predsednika Donalda Trumpa sporo\u010dili, da je na mizi odslej tudi voja\u0161ko ukrepanje proti severnokorejskim gro\u017enjam. Mun je pred in ob izvolitvi napovedoval, da je bolj naklonjen dialogu s\u00a0&#8230;<\/p>\n","protected":false},"excerpt":{"rendered":"<p>Kategorija: Globalno Wed, 17 May 2017 10:57:00 +0200  Novi ju\u017enokorejski predsednik Mun D\u017ee In, ki je ob izvolitvi obetal, da bo s politiko dialoga morda sprostil napetost na Korejskem polotoku, je danes posvaril, da obstaja \u00bbvelika verjetnost\u00ab voja\u0161kega spopada na meji med Severno in Ju\u017eno Korejo. Predsednik, ki je polo\u017eaj prevzel prej\u0161nji teden, je dejal, da se severnokorejski jedrski in raketni program hitro razvija. \u00bbNikoli ne bom toleriral severnokorejskih provokacij in jedrskih gro\u017eenj. \u017divimo v tak\u0161ni realnosti, v kateri je voja\u0161ki spopad zelo mogo\u010d,\u00ab je povedal ob obisku obrambnega ministrstva. \u00a0 Ju\u017enokorejsko vojsko je pri tem pozval, naj zavzame \u00bbobrambno pozo\u00ab. Razmere na Korejskem polotoku so se dodobra zaostrile, ko so iz administracije ameri\u0161kega predsednika Donalda Trumpa sporo\u010dili, da je na mizi odslej tudi voja\u0161ko ukrepanje proti severnokorejskim gro\u017enjam. Mun je pred in ob izvolitvi napovedoval, da je bolj naklonjen dialogu s\u00a0&#8230;<\/p>\n","protected":false},"author":1,"featured_media":0,"comment_status":"closed","ping_status":"closed","sticky":false,"template":"","format":"standard","meta":{"footnotes":""},"categories":[1179],"tags":[],"source":[1703],"supertag":[],"acf":[],"yoast_head":"<!-- This site is optimized with the Yoast SEO plugin v21.3 - https:\/\/yoast.com\/wordpress\/plugins\/seo\/ -->\n<title>Ju\u017enokorejski predsednik svari pred verjetnim voja\u0161kim spopadom - Hudo Slovenija<\/title>\n<meta name=\"robots\" content=\"index, follow, max-snippet:-1, max-image-preview:large, max-video-preview:-1\" \/>\n<link rel=\"canonical\" href=\"https:\/\/hudo.com\/si\/aktualno\/juznokorejski-predsednik-svari-pred-verjetnim-vojaskim-spopadom\/\" \/>\n<meta property=\"og:locale\" content=\"sl_SI\" \/>\n<meta property=\"og:type\" content=\"article\" \/>\n<meta property=\"og:title\" content=\"Ju\u017enokorejski predsednik svari pred verjetnim voja\u0161kim spopadom - Hudo Slovenija\" \/>\n<meta property=\"og:description\" content=\"Kategorija: Globalno Wed, 17 May 2017 10:57:00 +0200 Novi ju\u017enokorejski predsednik Mun D\u017ee In, ki je ob izvolitvi obetal, da bo s politiko dialoga morda sprostil napetost na Korejskem polotoku, je danes posvaril, da obstaja \u00bbvelika verjetnost\u00ab voja\u0161kega spopada na meji med Severno in Ju\u017eno Korejo. Predsednik, ki je polo\u017eaj prevzel prej\u0161nji teden, je dejal, da se severnokorejski jedrski in raketni program hitro razvija. \u00bbNikoli ne bom toleriral severnokorejskih provokacij in jedrskih gro\u017eenj. \u017divimo v tak\u0161ni realnosti, v kateri je voja\u0161ki spopad zelo mogo\u010d,\u00ab je povedal ob obisku obrambnega ministrstva. \u00a0 Ju\u017enokorejsko vojsko je pri tem pozval, naj zavzame \u00bbobrambno pozo\u00ab. Razmere na Korejskem polotoku so se dodobra zaostrile, ko so iz administracije ameri\u0161kega predsednika Donalda Trumpa sporo\u010dili, da je na mizi odslej tudi voja\u0161ko ukrepanje proti severnokorejskim gro\u017enjam. Mun je pred in ob izvolitvi napovedoval, da je bolj naklonjen dialogu s\u00a0...\" \/>\n<meta property=\"og:url\" content=\"https:\/\/hudo.com\/si\/aktualno\/juznokorejski-predsednik-svari-pred-verjetnim-vojaskim-spopadom\/\" \/>\n<meta property=\"og:site_name\" content=\"Hudo Slovenija\" \/>\n<meta property=\"article:publisher\" content=\"https:\/\/www.facebook.com\/hudo.si\" \/>\n<meta property=\"article:published_time\" content=\"2017-05-17T06:57:00+00:00\" \/>\n<meta property=\"og:image\" content=\"https:\/\/hudo.com\/si\/wp-content\/uploads\/sites\/2\/2017\/05\/480x290_AFP_Photo-20170515123804-25588500.jpeg\" \/>\n\t<meta property=\"og:image:width\" content=\"480\" \/>\n\t<meta property=\"og:image:height\" content=\"290\" \/>\n\t<meta property=\"og:image:type\" content=\"image\/jpeg\" \/>\n<meta name=\"author\" content=\"hudo\" \/>\n<meta name=\"twitter:card\" content=\"summary_large_image\" \/>\n<meta name=\"twitter:creator\" content=\"@hudo_si\" \/>\n<meta name=\"twitter:site\" content=\"@hudo_si\" \/>\n<meta name=\"twitter:label1\" content=\"Written by\" \/>\n\t<meta name=\"twitter:data1\" content=\"hudo\" \/>\n\t<meta name=\"twitter:label2\" content=\"Est. reading time\" \/>\n\t<meta name=\"twitter:data2\" content=\"1 minuta\" \/>\n<script type=\"application\/ld+json\" class=\"yoast-schema-graph\">{\"@context\":\"https:\/\/schema.org\",\"@graph\":[{\"@type\":\"Article\",\"@id\":\"https:\/\/hudo.com\/si\/aktualno\/juznokorejski-predsednik-svari-pred-verjetnim-vojaskim-spopadom\/#article\",\"isPartOf\":{\"@id\":\"https:\/\/hudo.com\/si\/aktualno\/juznokorejski-predsednik-svari-pred-verjetnim-vojaskim-spopadom\/\"},\"author\":{\"name\":\"hudo\",\"@id\":\"https:\/\/hudo.com\/si\/#\/schema\/person\/601cf3379633985b20f7e50f2bb47707\"},\"headline\":\"Ju\u017enokorejski predsednik svari pred verjetnim voja\u0161kim spopadom\",\"datePublished\":\"2017-05-17T06:57:00+00:00\",\"dateModified\":\"2017-05-17T06:57:00+00:00\",\"mainEntityOfPage\":{\"@id\":\"https:\/\/hudo.com\/si\/aktualno\/juznokorejski-predsednik-svari-pred-verjetnim-vojaskim-spopadom\/\"},\"wordCount\":160,\"publisher\":{\"@id\":\"https:\/\/hudo.com\/si\/#organization\"},\"articleSection\":[\"Aktualno\"],\"inLanguage\":\"sl-SI\"},{\"@type\":\"WebPage\",\"@id\":\"https:\/\/hudo.com\/si\/aktualno\/juznokorejski-predsednik-svari-pred-verjetnim-vojaskim-spopadom\/\",\"url\":\"https:\/\/hudo.com\/si\/aktualno\/juznokorejski-predsednik-svari-pred-verjetnim-vojaskim-spopadom\/\",\"name\":\"Ju\u017enokorejski predsednik svari pred verjetnim voja\u0161kim spopadom - Hudo Slovenija\",\"isPartOf\":{\"@id\":\"https:\/\/hudo.com\/si\/#website\"},\"datePublished\":\"2017-05-17T06:57:00+00:00\",\"dateModified\":\"2017-05-17T06:57:00+00:00\",\"breadcrumb\":{\"@id\":\"https:\/\/hudo.com\/si\/aktualno\/juznokorejski-predsednik-svari-pred-verjetnim-vojaskim-spopadom\/#breadcrumb\"},\"inLanguage\":\"sl-SI\",\"potentialAction\":[{\"@type\":\"ReadAction\",\"target\":[\"https:\/\/hudo.com\/si\/aktualno\/juznokorejski-predsednik-svari-pred-verjetnim-vojaskim-spopadom\/\"]}]},{\"@type\":\"BreadcrumbList\",\"@id\":\"https:\/\/hudo.com\/si\/aktualno\/juznokorejski-predsednik-svari-pred-verjetnim-vojaskim-spopadom\/#breadcrumb\",\"itemListElement\":[{\"@type\":\"ListItem\",\"position\":1,\"name\":\"Home\",\"item\":\"https:\/\/hudo.com\/si\/\"},{\"@type\":\"ListItem\",\"position\":2,\"name\":\"Ju\u017enokorejski predsednik svari pred verjetnim voja\u0161kim spopadom\"}]},{\"@type\":\"WebSite\",\"@id\":\"https:\/\/hudo.com\/si\/#website\",\"url\":\"https:\/\/hudo.com\/si\/\",\"name\":\"Hudo Slovenija\",\"description\":\"Vse novice iz Slovenije in sveta\",\"publisher\":{\"@id\":\"https:\/\/hudo.com\/si\/#organization\"},\"potentialAction\":[{\"@type\":\"SearchAction\",\"target\":{\"@type\":\"EntryPoint\",\"urlTemplate\":\"https:\/\/hudo.com\/si\/?s={search_term_string}\"},\"query-input\":\"required name=search_term_string\"}],\"inLanguage\":\"sl-SI\"},{\"@type\":\"Organization\",\"@id\":\"https:\/\/hudo.com\/si\/#organization\",\"name\":\"VSN Media\",\"url\":\"https:\/\/hudo.com\/si\/\",\"logo\":{\"@type\":\"ImageObject\",\"inLanguage\":\"sl-SI\",\"@id\":\"https:\/\/hudo.com\/si\/#\/schema\/logo\/image\/\",\"url\":\"https:\/\/hudo.com\/si\/wp-content\/uploads\/sites\/2\/2021\/03\/hudo-app-2.png\",\"contentUrl\":\"https:\/\/hudo.com\/si\/wp-content\/uploads\/sites\/2\/2021\/03\/hudo-app-2.png\",\"width\":2185,\"height\":2167,\"caption\":\"VSN Media\"},\"image\":{\"@id\":\"https:\/\/hudo.com\/si\/#\/schema\/logo\/image\/\"},\"sameAs\":[\"https:\/\/www.facebook.com\/hudo.si\",\"https:\/\/twitter.com\/hudo_si\"]},{\"@type\":\"Person\",\"@id\":\"https:\/\/hudo.com\/si\/#\/schema\/person\/601cf3379633985b20f7e50f2bb47707\",\"name\":\"hudo\",\"image\":{\"@type\":\"ImageObject\",\"inLanguage\":\"sl-SI\",\"@id\":\"https:\/\/hudo.com\/si\/#\/schema\/person\/image\/\",\"url\":\"https:\/\/secure.gravatar.com\/avatar\/c4ca25fa72cace7a696b52ff5db9e095?s=96&d=mm&r=g\",\"contentUrl\":\"https:\/\/secure.gravatar.com\/avatar\/c4ca25fa72cace7a696b52ff5db9e095?s=96&d=mm&r=g\",\"caption\":\"hudo\"},\"url\":\"https:\/\/hudo.com\/si\/author\/hudo\/\"}]}<\/script>\n<!-- \/ Yoast SEO plugin. -->","yoast_head_json":{"title":"Ju\u017enokorejski predsednik svari pred verjetnim voja\u0161kim spopadom - Hudo Slovenija","robots":{"index":"index","follow":"follow","max-snippet":"max-snippet:-1","max-image-preview":"max-image-preview:large","max-video-preview":"max-video-preview:-1"},"canonical":"https:\/\/hudo.com\/si\/aktualno\/juznokorejski-predsednik-svari-pred-verjetnim-vojaskim-spopadom\/","og_locale":"sl_SI","og_type":"article","og_title":"Ju\u017enokorejski predsednik svari pred verjetnim voja\u0161kim spopadom - Hudo Slovenija","og_description":"Kategorija: Globalno Wed, 17 May 2017 10:57:00 +0200 Novi ju\u017enokorejski predsednik Mun D\u017ee In, ki je ob izvolitvi obetal, da bo s politiko dialoga morda sprostil napetost na Korejskem polotoku, je danes posvaril, da obstaja \u00bbvelika verjetnost\u00ab voja\u0161kega spopada na meji med Severno in Ju\u017eno Korejo. Predsednik, ki je polo\u017eaj prevzel prej\u0161nji teden, je dejal, da se severnokorejski jedrski in raketni program hitro razvija. \u00bbNikoli ne bom toleriral severnokorejskih provokacij in jedrskih gro\u017eenj. \u017divimo v tak\u0161ni realnosti, v kateri je voja\u0161ki spopad zelo mogo\u010d,\u00ab je povedal ob obisku obrambnega ministrstva. \u00a0 Ju\u017enokorejsko vojsko je pri tem pozval, naj zavzame \u00bbobrambno pozo\u00ab. Razmere na Korejskem polotoku so se dodobra zaostrile, ko so iz administracije ameri\u0161kega predsednika Donalda Trumpa sporo\u010dili, da je na mizi odslej tudi voja\u0161ko ukrepanje proti severnokorejskim gro\u017enjam. Mun je pred in ob izvolitvi napovedoval, da je bolj naklonjen dialogu s\u00a0...","og_url":"https:\/\/hudo.com\/si\/aktualno\/juznokorejski-predsednik-svari-pred-verjetnim-vojaskim-spopadom\/","og_site_name":"Hudo Slovenija","article_publisher":"https:\/\/www.facebook.com\/hudo.si","article_published_time":"2017-05-17T06:57:00+00:00","og_image":[{"width":480,"height":290,"url":"https:\/\/hudo.com\/si\/wp-content\/uploads\/sites\/2\/2017\/05\/480x290_AFP_Photo-20170515123804-25588500.jpeg","type":"image\/jpeg"}],"author":"hudo","twitter_card":"summary_large_image","twitter_creator":"@hudo_si","twitter_site":"@hudo_si","twitter_misc":{"Written by":"hudo","Est. reading time":"1 minuta"},"schema":{"@context":"https:\/\/schema.org","@graph":[{"@type":"Article","@id":"https:\/\/hudo.com\/si\/aktualno\/juznokorejski-predsednik-svari-pred-verjetnim-vojaskim-spopadom\/#article","isPartOf":{"@id":"https:\/\/hudo.com\/si\/aktualno\/juznokorejski-predsednik-svari-pred-verjetnim-vojaskim-spopadom\/"},"author":{"name":"hudo","@id":"https:\/\/hudo.com\/si\/#\/schema\/person\/601cf3379633985b20f7e50f2bb47707"},"headline":"Ju\u017enokorejski predsednik svari pred verjetnim voja\u0161kim spopadom","datePublished":"2017-05-17T06:57:00+00:00","dateModified":"2017-05-17T06:57:00+00:00","mainEntityOfPage":{"@id":"https:\/\/hudo.com\/si\/aktualno\/juznokorejski-predsednik-svari-pred-verjetnim-vojaskim-spopadom\/"},"wordCount":160,"publisher":{"@id":"https:\/\/hudo.com\/si\/#organization"},"articleSection":["Aktualno"],"inLanguage":"sl-SI"},{"@type":"WebPage","@id":"https:\/\/hudo.com\/si\/aktualno\/juznokorejski-predsednik-svari-pred-verjetnim-vojaskim-spopadom\/","url":"https:\/\/hudo.com\/si\/aktualno\/juznokorejski-predsednik-svari-pred-verjetnim-vojaskim-spopadom\/","name":"Ju\u017enokorejski predsednik svari pred verjetnim voja\u0161kim spopadom - Hudo Slovenija","isPartOf":{"@id":"https:\/\/hudo.com\/si\/#website"},"datePublished":"2017-05-17T06:57:00+00:00","dateModified":"2017-05-17T06:57:00+00:00","breadcrumb":{"@id":"https:\/\/hudo.com\/si\/aktualno\/juznokorejski-predsednik-svari-pred-verjetnim-vojaskim-spopadom\/#breadcrumb"},"inLanguage":"sl-SI","potentialAction":[{"@type":"ReadAction","target":["https:\/\/hudo.com\/si\/aktualno\/juznokorejski-predsednik-svari-pred-verjetnim-vojaskim-spopadom\/"]}]},{"@type":"BreadcrumbList","@id":"https:\/\/hudo.com\/si\/aktualno\/juznokorejski-predsednik-svari-pred-verjetnim-vojaskim-spopadom\/#breadcrumb","itemListElement":[{"@type":"ListItem","position":1,"name":"Home","item":"https:\/\/hudo.com\/si\/"},{"@type":"ListItem","position":2,"name":"Ju\u017enokorejski predsednik svari pred verjetnim voja\u0161kim spopadom"}]},{"@type":"WebSite","@id":"https:\/\/hudo.com\/si\/#website","url":"https:\/\/hudo.com\/si\/","name":"Hudo Slovenija","description":"Vse novice iz Slovenije in sveta","publisher":{"@id":"https:\/\/hudo.com\/si\/#organization"},"potentialAction":[{"@type":"SearchAction","target":{"@type":"EntryPoint","urlTemplate":"https:\/\/hudo.com\/si\/?s={search_term_string}"},"query-input":"required name=search_term_string"}],"inLanguage":"sl-SI"},{"@type":"Organization","@id":"https:\/\/hudo.com\/si\/#organization","name":"VSN Media","url":"https:\/\/hudo.com\/si\/","logo":{"@type":"ImageObject","inLanguage":"sl-SI","@id":"https:\/\/hudo.com\/si\/#\/schema\/logo\/image\/","url":"https:\/\/hudo.com\/si\/wp-content\/uploads\/sites\/2\/2021\/03\/hudo-app-2.png","contentUrl":"https:\/\/hudo.com\/si\/wp-content\/uploads\/sites\/2\/2021\/03\/hudo-app-2.png","width":2185,"height":2167,"caption":"VSN Media"},"image":{"@id":"https:\/\/hudo.com\/si\/#\/schema\/logo\/image\/"},"sameAs":["https:\/\/www.facebook.com\/hudo.si","https:\/\/twitter.com\/hudo_si"]},{"@type":"Person","@id":"https:\/\/hudo.com\/si\/#\/schema\/person\/601cf3379633985b20f7e50f2bb47707","name":"hudo","image":{"@type":"ImageObject","inLanguage":"sl-SI","@id":"https:\/\/hudo.com\/si\/#\/schema\/person\/image\/","url":"https:\/\/secure.gravatar.com\/avatar\/c4ca25fa72cace7a696b52ff5db9e095?s=96&d=mm&r=g","contentUrl":"https:\/\/secure.gravatar.com\/avatar\/c4ca25fa72cace7a696b52ff5db9e095?s=96&d=mm&r=g","caption":"hudo"},"url":"https:\/\/hudo.com\/si\/author\/hudo\/"}]}},"amp_enabled":true,"_links":{"self":[{"href":"https:\/\/hudo.com\/si\/wp-json\/wp\/v2\/posts\/256170"}],"collection":[{"href":"https:\/\/hudo.com\/si\/wp-json\/wp\/v2\/posts"}],"about":[{"href":"https:\/\/hudo.com\/si\/wp-json\/wp\/v2\/types\/post"}],"author":[{"embeddable":true,"href":"https:\/\/hudo.com\/si\/wp-json\/wp\/v2\/users\/1"}],"replies":[{"embeddable":true,"href":"https:\/\/hudo.com\/si\/wp-json\/wp\/v2\/comments?post=256170"}],"version-history":[{"count":0,"href":"https:\/\/hudo.com\/si\/wp-json\/wp\/v2\/posts\/256170\/revisions"}],"wp:attachment":[{"href":"https:\/\/hudo.com\/si\/wp-json\/wp\/v2\/media?parent=256170"}],"wp:term":[{"taxonomy":"category","embeddable":true,"href":"https:\/\/hudo.com\/si\/wp-json\/wp\/v2\/categories?post=256170"},{"taxonomy":"post_tag","embeddable":true,"href":"https:\/\/hudo.com\/si\/wp-json\/wp\/v2\/tags?post=256170"},{"taxonomy":"source","embeddable":true,"href":"https:\/\/hudo.com\/si\/wp-json\/wp\/v2\/source?post=256170"},{"taxonomy":"supertag","embeddable":true,"href":"https:\/\/hudo.com\/si\/wp-json\/wp\/v2\/supertag?post=256170"}],"curies":[{"name":"wp","href":"https:\/\/api.w.org\/{rel}","templated":true}]}}