{"id":25631,"date":"2016-04-09T22:00:00","date_gmt":"2016-04-09T20:00:00","guid":{"rendered":"http:\/\/hudo.com\/si\/2016\/04\/09\/v-mestu-strahov\/"},"modified":"2016-04-10T19:16:31","modified_gmt":"2016-04-10T17:16:31","slug":"v-mestu-strahov","status":"publish","type":"post","link":"https:\/\/hudo.com\/si\/aktualno\/v-mestu-strahov\/","title":{"rendered":"V mestu strahov"},"content":{"rendered":"<p>\u017dena bi si za dvajseto obletnico poroke zaslu\u017eila, da bi jo peljal na romanti\u010den izlet, dale\u010d stran od slu\u017ebe, otrok in krpe za brisanje praha. Morda v Pariz, da bi spila en po\u0161ten konjak na Elizejskih poljanah? Lahko bi se z vlakom peljala na bruseljsko \u017eelezni\u0161ko postajo na pene\u010dega se duvela. Ali pa posrkala mo\u010den \u010drni tur\u0161ki \u010daj na starodavnem carigrajskem bazarju in vmes \u0161e malo barantala za najlonke? Naj neham na\u0161tevati, mi je naveli\u010dano dejala. A da ne vem, da so tam doma bombe, eksplozije, mrtvi. Strah. Zatorej bova romantiko prestavila za naslednjih deset let in otroka spet peljala na en lep hrva\u0161ki otok na na\u0161e najlep\u0161e morje. No, vsaj ena od \u017eelja v sklopu mini obletnice se ji bo julija uresni\u010dila &#8211; cunja bo za osem dni ostala v predalu.Strah nara\u0161\u010da sorazmerno s starostjo, opa\u017eam. Najbolj nas je strah, da bomo umrli. Ampak tu gre bolj za neko neotipljivo halucinacijo, spremlja nas od trenutka, ko nam prere\u017eejo popkovino in nas medicinska sestra na\u0161e\u0161ka po ritki. Prah si in v prah se povrne\u0161. Pustimo ob strani filozofsko in religiozno plat na\u0161ega stra\u0161ljivo kratkega postanka na Zemlji. Konkretni strah nam je bli\u017ee. Tisti za prvim vogalom. Pri prvi reki. Mimo \u0160tuka me je zadnje dni in mesece strah iti. Ko grem ob Dravi, mi v glavi tol\u010dejo trije nesre\u010dni mladeni\u010di, ki so kon\u010dali v reki. Katastrofa. Tam pri Koro\u0161kem mostu bi moral biti kraj na\u0161ih najlep\u0161ih do\u017eivetij. Tam smo se s &#8220;franci&#8221; v \u017eivo, za plo\u0161\u010do, drli, da bomo &#8220;po vseh predpisih zajebali vse, kar se bo zajebat\u2018 dalo&#8221;. Pili pivo do jutra, jedli travo in se s Koro\u0161icami, ki ne znajo re\u010di ne, preganjali po \u0161tudentskih domovih. Pri\u010dakoval sem, nekoliko naivno, da bo dana\u0161nja \u0161tudentarija po\u010dela pribli\u017eno enake neumnosti in se bo \u010dez trideset let s svojimi otroki nostalgi\u010dno spominjala, kak\u0161ne nor\u010dije je uganjala.Potem pa na vsem lepem zare\u017ee grdo. Eksplodira v Parizu, raznese Bruselj\u010dane in pomori Turke. Pri \u0160tuku pa umrejo trije, ki so komaj prav za\u010deli \u017eiveti. Bizarno, da se o mojem mestu govori sam<\/p>\n","protected":false},"excerpt":{"rendered":"<p>\u017dena bi si za dvajseto obletnico poroke zaslu\u017eila, da bi jo peljal na romanti\u010den izlet, dale\u010d stran od slu\u017ebe, otrok in krpe za brisanje praha. Morda v Pariz, da bi spila en po\u0161ten konjak na Elizejskih poljanah? Lahko bi se z vlakom peljala na bruseljsko \u017eelezni\u0161ko postajo na pene\u010dega se duvela. Ali pa posrkala mo\u010den \u010drni tur\u0161ki \u010daj na starodavnem carigrajskem bazarju in vmes \u0161e malo barantala za najlonke? Naj neham na\u0161tevati, mi je naveli\u010dano dejala. A da ne vem, da so tam doma bombe, eksplozije, mrtvi. Strah. Zatorej bova romantiko prestavila za naslednjih deset let in otroka spet peljala na en lep hrva\u0161ki otok na na\u0161e najlep\u0161e morje. No, vsaj ena od \u017eelja v sklopu mini obletnice se ji bo julija uresni\u010dila &#8211; cunja bo za osem dni ostala v predalu.Strah nara\u0161\u010da sorazmerno s starostjo, opa\u017eam. Najbolj nas je strah, da bomo umrli. Ampak tu gre bolj za neko neotipljivo halucinacijo, spremlja nas od trenutka, ko nam prere\u017eejo popkovino in nas medicinska sestra na\u0161e\u0161ka po ritki. Prah si in v prah se povrne\u0161. Pustimo ob strani filozofsko in religiozno plat na\u0161ega stra\u0161ljivo kratkega postanka na Zemlji. Konkretni strah nam je bli\u017ee. Tisti za prvim vogalom. Pri prvi reki. Mimo \u0160tuka me je zadnje dni in mesece strah iti. Ko grem ob Dravi, mi v glavi tol\u010dejo trije nesre\u010dni mladeni\u010di, ki so kon\u010dali v reki. Katastrofa. Tam pri Koro\u0161kem mostu bi moral biti kraj na\u0161ih najlep\u0161ih do\u017eivetij. Tam smo se s &#8220;franci&#8221; v \u017eivo, za plo\u0161\u010do, drli, da bomo &#8220;po vseh predpisih zajebali vse, kar se bo zajebat\u2018 dalo&#8221;. Pili pivo do jutra, jedli travo in se s Koro\u0161icami, ki ne znajo re\u010di ne, preganjali po \u0161tudentskih domovih. Pri\u010dakoval sem, nekoliko naivno, da bo dana\u0161nja \u0161tudentarija po\u010dela pribli\u017eno enake neumnosti in se bo \u010dez trideset let s svojimi otroki nostalgi\u010dno spominjala, kak\u0161ne nor\u010dije je uganjala.Potem pa na vsem lepem zare\u017ee grdo. Eksplodira v Parizu, raznese Bruselj\u010dane in pomori Turke. Pri \u0160tuku pa umrejo trije, ki so komaj prav za\u010deli \u017eiveti. Bizarno, da se o mojem mestu govori sam<\/p>\n","protected":false},"author":1,"featured_media":0,"comment_status":"closed","ping_status":"closed","sticky":false,"template":"","format":"standard","meta":{"footnotes":""},"categories":[1179],"tags":[],"source":[1711],"supertag":[],"acf":[],"yoast_head":"<!-- This site is optimized with the Yoast SEO plugin v21.3 - https:\/\/yoast.com\/wordpress\/plugins\/seo\/ -->\n<title>V mestu strahov - Hudo Slovenija<\/title>\n<meta name=\"robots\" content=\"index, follow, max-snippet:-1, max-image-preview:large, max-video-preview:-1\" \/>\n<link rel=\"canonical\" href=\"https:\/\/hudo.com\/si\/aktualno\/v-mestu-strahov\/\" \/>\n<meta property=\"og:locale\" content=\"sl_SI\" \/>\n<meta property=\"og:type\" content=\"article\" \/>\n<meta property=\"og:title\" content=\"V mestu strahov - Hudo Slovenija\" \/>\n<meta property=\"og:description\" content=\"\u017dena bi si za dvajseto obletnico poroke zaslu\u017eila, da bi jo peljal na romanti\u010den izlet, dale\u010d stran od slu\u017ebe, otrok in krpe za brisanje praha. Morda v Pariz, da bi spila en po\u0161ten konjak na Elizejskih poljanah? Lahko bi se z vlakom peljala na bruseljsko \u017eelezni\u0161ko postajo na pene\u010dega se duvela. Ali pa posrkala mo\u010den \u010drni tur\u0161ki \u010daj na starodavnem carigrajskem bazarju in vmes \u0161e malo barantala za najlonke? Naj neham na\u0161tevati, mi je naveli\u010dano dejala. A da ne vem, da so tam doma bombe, eksplozije, mrtvi. Strah. Zatorej bova romantiko prestavila za naslednjih deset let in otroka spet peljala na en lep hrva\u0161ki otok na na\u0161e najlep\u0161e morje. No, vsaj ena od \u017eelja v sklopu mini obletnice se ji bo julija uresni\u010dila - cunja bo za osem dni ostala v predalu.Strah nara\u0161\u010da sorazmerno s starostjo, opa\u017eam. Najbolj nas je strah, da bomo umrli. Ampak tu gre bolj za neko neotipljivo halucinacijo, spremlja nas od trenutka, ko nam prere\u017eejo popkovino in nas medicinska sestra na\u0161e\u0161ka po ritki. Prah si in v prah se povrne\u0161. Pustimo ob strani filozofsko in religiozno plat na\u0161ega stra\u0161ljivo kratkega postanka na Zemlji. Konkretni strah nam je bli\u017ee. Tisti za prvim vogalom. Pri prvi reki. Mimo \u0160tuka me je zadnje dni in mesece strah iti. Ko grem ob Dravi, mi v glavi tol\u010dejo trije nesre\u010dni mladeni\u010di, ki so kon\u010dali v reki. Katastrofa. Tam pri Koro\u0161kem mostu bi moral biti kraj na\u0161ih najlep\u0161ih do\u017eivetij. Tam smo se s &quot;franci&quot; v \u017eivo, za plo\u0161\u010do, drli, da bomo &quot;po vseh predpisih zajebali vse, kar se bo zajebat\u2018 dalo&quot;. Pili pivo do jutra, jedli travo in se s Koro\u0161icami, ki ne znajo re\u010di ne, preganjali po \u0161tudentskih domovih. Pri\u010dakoval sem, nekoliko naivno, da bo dana\u0161nja \u0161tudentarija po\u010dela pribli\u017eno enake neumnosti in se bo \u010dez trideset let s svojimi otroki nostalgi\u010dno spominjala, kak\u0161ne nor\u010dije je uganjala.Potem pa na vsem lepem zare\u017ee grdo. Eksplodira v Parizu, raznese Bruselj\u010dane in pomori Turke. Pri \u0160tuku pa umrejo trije, ki so komaj prav za\u010deli \u017eiveti. Bizarno, da se o mojem mestu govori sam\" \/>\n<meta property=\"og:url\" content=\"https:\/\/hudo.com\/si\/aktualno\/v-mestu-strahov\/\" \/>\n<meta property=\"og:site_name\" content=\"Hudo Slovenija\" \/>\n<meta property=\"article:publisher\" content=\"https:\/\/www.facebook.com\/hudo.si\" \/>\n<meta property=\"article:published_time\" content=\"2016-04-09T20:00:00+00:00\" \/>\n<meta property=\"article:modified_time\" content=\"2016-04-10T17:16:31+00:00\" \/>\n<meta property=\"og:image\" content=\"https:\/\/hudo.com\/si\/wp-content\/uploads\/sites\/2\/2016\/04\/aljosa-300.jpg\" \/>\n\t<meta property=\"og:image:width\" content=\"450\" \/>\n\t<meta property=\"og:image:height\" content=\"334\" \/>\n\t<meta property=\"og:image:type\" content=\"image\/jpeg\" \/>\n<meta name=\"author\" content=\"hudo\" \/>\n<meta name=\"twitter:card\" content=\"summary_large_image\" \/>\n<meta name=\"twitter:creator\" content=\"@hudo_si\" \/>\n<meta name=\"twitter:site\" content=\"@hudo_si\" \/>\n<meta name=\"twitter:label1\" content=\"Written by\" \/>\n\t<meta name=\"twitter:data1\" content=\"hudo\" \/>\n\t<meta name=\"twitter:label2\" content=\"Est. reading time\" \/>\n\t<meta name=\"twitter:data2\" content=\"2 minuti\" \/>\n<script type=\"application\/ld+json\" class=\"yoast-schema-graph\">{\"@context\":\"https:\/\/schema.org\",\"@graph\":[{\"@type\":\"Article\",\"@id\":\"https:\/\/hudo.com\/si\/aktualno\/v-mestu-strahov\/#article\",\"isPartOf\":{\"@id\":\"https:\/\/hudo.com\/si\/aktualno\/v-mestu-strahov\/\"},\"author\":{\"name\":\"hudo\",\"@id\":\"https:\/\/hudo.com\/si\/#\/schema\/person\/601cf3379633985b20f7e50f2bb47707\"},\"headline\":\"V mestu strahov\",\"datePublished\":\"2016-04-09T20:00:00+00:00\",\"dateModified\":\"2016-04-10T17:16:31+00:00\",\"mainEntityOfPage\":{\"@id\":\"https:\/\/hudo.com\/si\/aktualno\/v-mestu-strahov\/\"},\"wordCount\":386,\"publisher\":{\"@id\":\"https:\/\/hudo.com\/si\/#organization\"},\"articleSection\":[\"Aktualno\"],\"inLanguage\":\"sl-SI\"},{\"@type\":\"WebPage\",\"@id\":\"https:\/\/hudo.com\/si\/aktualno\/v-mestu-strahov\/\",\"url\":\"https:\/\/hudo.com\/si\/aktualno\/v-mestu-strahov\/\",\"name\":\"V mestu strahov - Hudo Slovenija\",\"isPartOf\":{\"@id\":\"https:\/\/hudo.com\/si\/#website\"},\"datePublished\":\"2016-04-09T20:00:00+00:00\",\"dateModified\":\"2016-04-10T17:16:31+00:00\",\"breadcrumb\":{\"@id\":\"https:\/\/hudo.com\/si\/aktualno\/v-mestu-strahov\/#breadcrumb\"},\"inLanguage\":\"sl-SI\",\"potentialAction\":[{\"@type\":\"ReadAction\",\"target\":[\"https:\/\/hudo.com\/si\/aktualno\/v-mestu-strahov\/\"]}]},{\"@type\":\"BreadcrumbList\",\"@id\":\"https:\/\/hudo.com\/si\/aktualno\/v-mestu-strahov\/#breadcrumb\",\"itemListElement\":[{\"@type\":\"ListItem\",\"position\":1,\"name\":\"Home\",\"item\":\"https:\/\/hudo.com\/si\/\"},{\"@type\":\"ListItem\",\"position\":2,\"name\":\"V mestu strahov\"}]},{\"@type\":\"WebSite\",\"@id\":\"https:\/\/hudo.com\/si\/#website\",\"url\":\"https:\/\/hudo.com\/si\/\",\"name\":\"Hudo Slovenija\",\"description\":\"Vse novice iz Slovenije in sveta\",\"publisher\":{\"@id\":\"https:\/\/hudo.com\/si\/#organization\"},\"potentialAction\":[{\"@type\":\"SearchAction\",\"target\":{\"@type\":\"EntryPoint\",\"urlTemplate\":\"https:\/\/hudo.com\/si\/?s={search_term_string}\"},\"query-input\":\"required name=search_term_string\"}],\"inLanguage\":\"sl-SI\"},{\"@type\":\"Organization\",\"@id\":\"https:\/\/hudo.com\/si\/#organization\",\"name\":\"VSN Media\",\"url\":\"https:\/\/hudo.com\/si\/\",\"logo\":{\"@type\":\"ImageObject\",\"inLanguage\":\"sl-SI\",\"@id\":\"https:\/\/hudo.com\/si\/#\/schema\/logo\/image\/\",\"url\":\"https:\/\/hudo.com\/si\/wp-content\/uploads\/sites\/2\/2021\/03\/hudo-app-2.png\",\"contentUrl\":\"https:\/\/hudo.com\/si\/wp-content\/uploads\/sites\/2\/2021\/03\/hudo-app-2.png\",\"width\":2185,\"height\":2167,\"caption\":\"VSN Media\"},\"image\":{\"@id\":\"https:\/\/hudo.com\/si\/#\/schema\/logo\/image\/\"},\"sameAs\":[\"https:\/\/www.facebook.com\/hudo.si\",\"https:\/\/twitter.com\/hudo_si\"]},{\"@type\":\"Person\",\"@id\":\"https:\/\/hudo.com\/si\/#\/schema\/person\/601cf3379633985b20f7e50f2bb47707\",\"name\":\"hudo\",\"image\":{\"@type\":\"ImageObject\",\"inLanguage\":\"sl-SI\",\"@id\":\"https:\/\/hudo.com\/si\/#\/schema\/person\/image\/\",\"url\":\"https:\/\/secure.gravatar.com\/avatar\/c4ca25fa72cace7a696b52ff5db9e095?s=96&d=mm&r=g\",\"contentUrl\":\"https:\/\/secure.gravatar.com\/avatar\/c4ca25fa72cace7a696b52ff5db9e095?s=96&d=mm&r=g\",\"caption\":\"hudo\"},\"url\":\"https:\/\/hudo.com\/si\/author\/hudo\/\"}]}<\/script>\n<!-- \/ Yoast SEO plugin. -->","yoast_head_json":{"title":"V mestu strahov - Hudo Slovenija","robots":{"index":"index","follow":"follow","max-snippet":"max-snippet:-1","max-image-preview":"max-image-preview:large","max-video-preview":"max-video-preview:-1"},"canonical":"https:\/\/hudo.com\/si\/aktualno\/v-mestu-strahov\/","og_locale":"sl_SI","og_type":"article","og_title":"V mestu strahov - Hudo Slovenija","og_description":"\u017dena bi si za dvajseto obletnico poroke zaslu\u017eila, da bi jo peljal na romanti\u010den izlet, dale\u010d stran od slu\u017ebe, otrok in krpe za brisanje praha. Morda v Pariz, da bi spila en po\u0161ten konjak na Elizejskih poljanah? Lahko bi se z vlakom peljala na bruseljsko \u017eelezni\u0161ko postajo na pene\u010dega se duvela. Ali pa posrkala mo\u010den \u010drni tur\u0161ki \u010daj na starodavnem carigrajskem bazarju in vmes \u0161e malo barantala za najlonke? Naj neham na\u0161tevati, mi je naveli\u010dano dejala. A da ne vem, da so tam doma bombe, eksplozije, mrtvi. Strah. Zatorej bova romantiko prestavila za naslednjih deset let in otroka spet peljala na en lep hrva\u0161ki otok na na\u0161e najlep\u0161e morje. No, vsaj ena od \u017eelja v sklopu mini obletnice se ji bo julija uresni\u010dila - cunja bo za osem dni ostala v predalu.Strah nara\u0161\u010da sorazmerno s starostjo, opa\u017eam. Najbolj nas je strah, da bomo umrli. Ampak tu gre bolj za neko neotipljivo halucinacijo, spremlja nas od trenutka, ko nam prere\u017eejo popkovino in nas medicinska sestra na\u0161e\u0161ka po ritki. Prah si in v prah se povrne\u0161. Pustimo ob strani filozofsko in religiozno plat na\u0161ega stra\u0161ljivo kratkega postanka na Zemlji. Konkretni strah nam je bli\u017ee. Tisti za prvim vogalom. Pri prvi reki. Mimo \u0160tuka me je zadnje dni in mesece strah iti. Ko grem ob Dravi, mi v glavi tol\u010dejo trije nesre\u010dni mladeni\u010di, ki so kon\u010dali v reki. Katastrofa. Tam pri Koro\u0161kem mostu bi moral biti kraj na\u0161ih najlep\u0161ih do\u017eivetij. Tam smo se s \"franci\" v \u017eivo, za plo\u0161\u010do, drli, da bomo \"po vseh predpisih zajebali vse, kar se bo zajebat\u2018 dalo\". Pili pivo do jutra, jedli travo in se s Koro\u0161icami, ki ne znajo re\u010di ne, preganjali po \u0161tudentskih domovih. Pri\u010dakoval sem, nekoliko naivno, da bo dana\u0161nja \u0161tudentarija po\u010dela pribli\u017eno enake neumnosti in se bo \u010dez trideset let s svojimi otroki nostalgi\u010dno spominjala, kak\u0161ne nor\u010dije je uganjala.Potem pa na vsem lepem zare\u017ee grdo. Eksplodira v Parizu, raznese Bruselj\u010dane in pomori Turke. Pri \u0160tuku pa umrejo trije, ki so komaj prav za\u010deli \u017eiveti. Bizarno, da se o mojem mestu govori sam","og_url":"https:\/\/hudo.com\/si\/aktualno\/v-mestu-strahov\/","og_site_name":"Hudo Slovenija","article_publisher":"https:\/\/www.facebook.com\/hudo.si","article_published_time":"2016-04-09T20:00:00+00:00","article_modified_time":"2016-04-10T17:16:31+00:00","og_image":[{"width":450,"height":334,"url":"https:\/\/hudo.com\/si\/wp-content\/uploads\/sites\/2\/2016\/04\/aljosa-300.jpg","type":"image\/jpeg"}],"author":"hudo","twitter_card":"summary_large_image","twitter_creator":"@hudo_si","twitter_site":"@hudo_si","twitter_misc":{"Written by":"hudo","Est. reading time":"2 minuti"},"schema":{"@context":"https:\/\/schema.org","@graph":[{"@type":"Article","@id":"https:\/\/hudo.com\/si\/aktualno\/v-mestu-strahov\/#article","isPartOf":{"@id":"https:\/\/hudo.com\/si\/aktualno\/v-mestu-strahov\/"},"author":{"name":"hudo","@id":"https:\/\/hudo.com\/si\/#\/schema\/person\/601cf3379633985b20f7e50f2bb47707"},"headline":"V mestu strahov","datePublished":"2016-04-09T20:00:00+00:00","dateModified":"2016-04-10T17:16:31+00:00","mainEntityOfPage":{"@id":"https:\/\/hudo.com\/si\/aktualno\/v-mestu-strahov\/"},"wordCount":386,"publisher":{"@id":"https:\/\/hudo.com\/si\/#organization"},"articleSection":["Aktualno"],"inLanguage":"sl-SI"},{"@type":"WebPage","@id":"https:\/\/hudo.com\/si\/aktualno\/v-mestu-strahov\/","url":"https:\/\/hudo.com\/si\/aktualno\/v-mestu-strahov\/","name":"V mestu strahov - Hudo Slovenija","isPartOf":{"@id":"https:\/\/hudo.com\/si\/#website"},"datePublished":"2016-04-09T20:00:00+00:00","dateModified":"2016-04-10T17:16:31+00:00","breadcrumb":{"@id":"https:\/\/hudo.com\/si\/aktualno\/v-mestu-strahov\/#breadcrumb"},"inLanguage":"sl-SI","potentialAction":[{"@type":"ReadAction","target":["https:\/\/hudo.com\/si\/aktualno\/v-mestu-strahov\/"]}]},{"@type":"BreadcrumbList","@id":"https:\/\/hudo.com\/si\/aktualno\/v-mestu-strahov\/#breadcrumb","itemListElement":[{"@type":"ListItem","position":1,"name":"Home","item":"https:\/\/hudo.com\/si\/"},{"@type":"ListItem","position":2,"name":"V mestu strahov"}]},{"@type":"WebSite","@id":"https:\/\/hudo.com\/si\/#website","url":"https:\/\/hudo.com\/si\/","name":"Hudo Slovenija","description":"Vse novice iz Slovenije in sveta","publisher":{"@id":"https:\/\/hudo.com\/si\/#organization"},"potentialAction":[{"@type":"SearchAction","target":{"@type":"EntryPoint","urlTemplate":"https:\/\/hudo.com\/si\/?s={search_term_string}"},"query-input":"required name=search_term_string"}],"inLanguage":"sl-SI"},{"@type":"Organization","@id":"https:\/\/hudo.com\/si\/#organization","name":"VSN Media","url":"https:\/\/hudo.com\/si\/","logo":{"@type":"ImageObject","inLanguage":"sl-SI","@id":"https:\/\/hudo.com\/si\/#\/schema\/logo\/image\/","url":"https:\/\/hudo.com\/si\/wp-content\/uploads\/sites\/2\/2021\/03\/hudo-app-2.png","contentUrl":"https:\/\/hudo.com\/si\/wp-content\/uploads\/sites\/2\/2021\/03\/hudo-app-2.png","width":2185,"height":2167,"caption":"VSN Media"},"image":{"@id":"https:\/\/hudo.com\/si\/#\/schema\/logo\/image\/"},"sameAs":["https:\/\/www.facebook.com\/hudo.si","https:\/\/twitter.com\/hudo_si"]},{"@type":"Person","@id":"https:\/\/hudo.com\/si\/#\/schema\/person\/601cf3379633985b20f7e50f2bb47707","name":"hudo","image":{"@type":"ImageObject","inLanguage":"sl-SI","@id":"https:\/\/hudo.com\/si\/#\/schema\/person\/image\/","url":"https:\/\/secure.gravatar.com\/avatar\/c4ca25fa72cace7a696b52ff5db9e095?s=96&d=mm&r=g","contentUrl":"https:\/\/secure.gravatar.com\/avatar\/c4ca25fa72cace7a696b52ff5db9e095?s=96&d=mm&r=g","caption":"hudo"},"url":"https:\/\/hudo.com\/si\/author\/hudo\/"}]}},"amp_enabled":true,"_links":{"self":[{"href":"https:\/\/hudo.com\/si\/wp-json\/wp\/v2\/posts\/25631"}],"collection":[{"href":"https:\/\/hudo.com\/si\/wp-json\/wp\/v2\/posts"}],"about":[{"href":"https:\/\/hudo.com\/si\/wp-json\/wp\/v2\/types\/post"}],"author":[{"embeddable":true,"href":"https:\/\/hudo.com\/si\/wp-json\/wp\/v2\/users\/1"}],"replies":[{"embeddable":true,"href":"https:\/\/hudo.com\/si\/wp-json\/wp\/v2\/comments?post=25631"}],"version-history":[{"count":1,"href":"https:\/\/hudo.com\/si\/wp-json\/wp\/v2\/posts\/25631\/revisions"}],"predecessor-version":[{"id":25682,"href":"https:\/\/hudo.com\/si\/wp-json\/wp\/v2\/posts\/25631\/revisions\/25682"}],"wp:attachment":[{"href":"https:\/\/hudo.com\/si\/wp-json\/wp\/v2\/media?parent=25631"}],"wp:term":[{"taxonomy":"category","embeddable":true,"href":"https:\/\/hudo.com\/si\/wp-json\/wp\/v2\/categories?post=25631"},{"taxonomy":"post_tag","embeddable":true,"href":"https:\/\/hudo.com\/si\/wp-json\/wp\/v2\/tags?post=25631"},{"taxonomy":"source","embeddable":true,"href":"https:\/\/hudo.com\/si\/wp-json\/wp\/v2\/source?post=25631"},{"taxonomy":"supertag","embeddable":true,"href":"https:\/\/hudo.com\/si\/wp-json\/wp\/v2\/supertag?post=25631"}],"curies":[{"name":"wp","href":"https:\/\/api.w.org\/{rel}","templated":true}]}}